{"id":9384,"date":"2022-03-07T19:55:57","date_gmt":"2022-03-07T19:55:57","guid":{"rendered":"https:\/\/portugalexpo2020dubai.pt\/?p=9384"},"modified":"2022-03-08T20:06:54","modified_gmt":"2022-03-08T20:06:54","slug":"pavilhao-de-portugal-recebe-espetaculo-do-mentalista-joao-blumel","status":"publish","type":"post","link":"https:\/\/portugalexpo2020dubai.pt\/index.php\/2022\/03\/07\/pavilhao-de-portugal-recebe-espetaculo-do-mentalista-joao-blumel\/?lang=pt-pt","title":{"rendered":"Pavilh\u00e3o de Portugal recebe espet\u00e1culo do mentalista Jo\u00e3o Bl\u00fcmel"},"content":{"rendered":"<p>[vc_row][vc_column][vc_empty_space height=&#8221;50px&#8221;][vc_column_text]<strong>O Pavilh\u00e3o de Portugal na Expo 2020 Dubai recebeu, de 1 a 7 de mar\u00e7o, mais de 20 atua\u00e7\u00f5es do mentalista portugu\u00eas Jo\u00e3o <\/strong><strong>Bl\u00fcmel<\/strong><strong>, <\/strong><strong>que proporcionou uma incr\u00edvel experi\u00eancia imersiva a todos os visitantes.<\/strong><\/p>\n<p>&nbsp;<\/p>\n<p>Com o seu novo espet\u00e1culo, \u201cThe True Influencer\u201d, Jo\u00e3o Bl\u00fcmel apresenta um trabalho disruptivo e original que alia o mentalismo \u00e0 mais alta tecnologia. Ao longo da semana, o artista apresentou tr\u00eas espet\u00e1culos di\u00e1rios no anfiteatro do pavilh\u00e3o portugu\u00eas.<\/p>\n<p>&nbsp;<\/p>\n<p>Atrav\u00e9s de um conjunto de experi\u00eancias psicol\u00f3gicas, e recorrendo \u00e0 realidade virtual, realidade aumentada, redes sociais, <em>gadgets<\/em> tecnol\u00f3gicos e ainda uma <em>app<\/em> pr\u00f3pria, o mentalista convidou os visitantes a participar em palco, com ou sem \u00f3culos de realidade virtual.<\/p>\n<p>&nbsp;<\/p>\n<p>Este espet\u00e1culo estreou em 2020, em plena pandemia, com quatro salas esgotadas no Teatro Villaret. Contando j\u00e1 com in\u00fameras atua\u00e7\u00f5es internacionais, dos EUA ao Brasil, e salas esgotadas de norte a sul do pa\u00eds, Jo\u00e3o Bl\u00fcmel trouxe agora o mentalismo e a alta tecnologia ao Dubai, onde leu a mente e surpreendeu os visitantes do Pavilh\u00e3o de Portugal com uma experi\u00eancia \u00fanica, impactante e altamente imersiva.[\/vc_column_text][vc_empty_space height=&#8221;50px&#8221;][vc_images_carousel images=&#8221;9417,9419,9405,9395,9389,9391,9393,9401,9403&#8243; img_size=&#8221;full&#8221;][vc_empty_space height=&#8221;100px&#8221;][vc_column_text]<\/p>\n<h6><strong>JO\u00c3O BLUMEL CONTA A EXPERI\u00caNCIA NA EXPO 2020 DUBAI<\/strong><\/h6>\n<p>[\/vc_column_text][vc_empty_space height=&#8221;50px&#8221;][vc_video link=&#8221;https:\/\/vimeo.com\/684752692&#8243;][\/vc_column][\/vc_row]<\/p>\n","protected":false},"excerpt":{"rendered":"<p>O Pavilh\u00e3o de Portugal na Expo 2020 Dubai recebeu, de 1 a 7 de mar\u00e7o, mais de 20 atua\u00e7\u00f5es do mentalista portugu\u00eas Jo\u00e3o Bl\u00fcmel, que proporcionou uma incr\u00edvel experi\u00eancia imersiva a todos os visitantes.<\/p>\n","protected":false},"author":2,"featured_media":9415,"comment_status":"closed","ping_status":"closed","sticky":false,"template":"","format":"standard","meta":{"_monsterinsights_skip_tracking":false,"_monsterinsights_sitenote_active":false,"_monsterinsights_sitenote_note":"","_monsterinsights_sitenote_category":0,"footnotes":""},"categories":[71],"tags":[],"class_list":["post-9384","post","type-post","status-publish","format-standard","has-post-thumbnail","hentry","category-news-pt-pt"],"yoast_head":"<!-- This site is optimized with the Yoast SEO plugin v27.5 - https:\/\/yoast.com\/product\/yoast-seo-wordpress\/ -->\n<title>Pavilh\u00e3o de Portugal recebe espet\u00e1culo do mentalista Jo\u00e3o Bl\u00fcmel - Portugal Expo 2020 Dubai<\/title>\n<meta name=\"description\" content=\"O Pavilh\u00e3o de Portugal na Expo 2020 Dubai recebeu, de 1 a 7 de mar\u00e7o, mais de 20 atua\u00e7\u00f5es do mentalista portugu\u00eas Jo\u00e3o Bl\u00fcmel, que proporcionou uma incr\u00edvel experi\u00eancia imersiva a todos os visitantes.\" \/>\n<meta name=\"robots\" content=\"index, follow, max-snippet:-1, max-image-preview:large, max-video-preview:-1\" \/>\n<link rel=\"canonical\" href=\"https:\/\/portugalexpo2020dubai.pt\/index.php\/2022\/03\/07\/pavilhao-de-portugal-recebe-espetaculo-do-mentalista-joao-blumel\/\" \/>\n<meta property=\"og:locale\" content=\"en_US\" \/>\n<meta property=\"og:type\" content=\"article\" \/>\n<meta property=\"og:title\" content=\"Pavilh\u00e3o de Portugal recebe espet\u00e1culo do mentalista Jo\u00e3o Bl\u00fcmel - Portugal Expo 2020 Dubai\" \/>\n<meta property=\"og:description\" content=\"O Pavilh\u00e3o de Portugal na Expo 2020 Dubai recebeu, de 1 a 7 de mar\u00e7o, mais de 20 atua\u00e7\u00f5es do mentalista portugu\u00eas Jo\u00e3o Bl\u00fcmel, que proporcionou uma incr\u00edvel experi\u00eancia imersiva a todos os visitantes.\" \/>\n<meta property=\"og:url\" content=\"https:\/\/portugalexpo2020dubai.pt\/index.php\/2022\/03\/07\/pavilhao-de-portugal-recebe-espetaculo-do-mentalista-joao-blumel\/?lang=pt-pt\" \/>\n<meta property=\"og:site_name\" content=\"Portugal Expo 2020 Dubai\" \/>\n<meta property=\"article:publisher\" content=\"https:\/\/www.facebook.com\/portugalexpo2020\" \/>\n<meta property=\"article:published_time\" content=\"2022-03-07T19:55:57+00:00\" \/>\n<meta property=\"article:modified_time\" content=\"2022-03-08T20:06:54+00:00\" \/>\n<meta property=\"og:image\" content=\"https:\/\/portugalexpo2020dubai.pt\/wp-content\/uploads\/2022\/03\/Portuguese-mentalist-Joao-Blumel-performs-at-the-Portugal-Pavilion-amphitheatre_m57765-scaled.jpg\" \/>\n\t<meta property=\"og:image:width\" content=\"2560\" \/>\n\t<meta property=\"og:image:height\" content=\"1679\" \/>\n\t<meta property=\"og:image:type\" content=\"image\/jpeg\" \/>\n<meta name=\"author\" content=\"Catarina Beija\" \/>\n<meta name=\"twitter:card\" content=\"summary_large_image\" \/>\n<meta name=\"twitter:creator\" content=\"@PTexpo2020\" \/>\n<meta name=\"twitter:site\" content=\"@PTexpo2020\" \/>\n<meta name=\"twitter:label1\" content=\"Written by\" \/>\n\t<meta name=\"twitter:data1\" content=\"Catarina Beija\" \/>\n\t<meta name=\"twitter:label2\" content=\"Est. reading time\" \/>\n\t<meta name=\"twitter:data2\" content=\"2 minutes\" \/>\n<script type=\"application\/ld+json\" class=\"yoast-schema-graph\">{\"@context\":\"https:\\\/\\\/schema.org\",\"@graph\":[{\"@type\":\"Article\",\"@id\":\"https:\\\/\\\/portugalexpo2020dubai.pt\\\/index.php\\\/2022\\\/03\\\/07\\\/pavilhao-de-portugal-recebe-espetaculo-do-mentalista-joao-blumel\\\/?lang=pt-pt#article\",\"isPartOf\":{\"@id\":\"https:\\\/\\\/portugalexpo2020dubai.pt\\\/index.php\\\/2022\\\/03\\\/07\\\/pavilhao-de-portugal-recebe-espetaculo-do-mentalista-joao-blumel\\\/?lang=pt-pt\"},\"author\":{\"name\":\"Catarina Beija\",\"@id\":\"https:\\\/\\\/portugalexpo2020dubai.pt\\\/#\\\/schema\\\/person\\\/b3a886f492d6f9451dd81753e22488f9\"},\"headline\":\"Pavilh\u00e3o de Portugal recebe espet\u00e1culo do mentalista Jo\u00e3o Bl\u00fcmel\",\"datePublished\":\"2022-03-07T19:55:57+00:00\",\"dateModified\":\"2022-03-08T20:06:54+00:00\",\"mainEntityOfPage\":{\"@id\":\"https:\\\/\\\/portugalexpo2020dubai.pt\\\/index.php\\\/2022\\\/03\\\/07\\\/pavilhao-de-portugal-recebe-espetaculo-do-mentalista-joao-blumel\\\/?lang=pt-pt\"},\"wordCount\":279,\"publisher\":{\"@id\":\"https:\\\/\\\/portugalexpo2020dubai.pt\\\/#organization\"},\"image\":{\"@id\":\"https:\\\/\\\/portugalexpo2020dubai.pt\\\/index.php\\\/2022\\\/03\\\/07\\\/pavilhao-de-portugal-recebe-espetaculo-do-mentalista-joao-blumel\\\/?lang=pt-pt#primaryimage\"},\"thumbnailUrl\":\"https:\\\/\\\/portugalexpo2020dubai.pt\\\/wp-content\\\/uploads\\\/2022\\\/03\\\/Portuguese-mentalist-Joao-Blumel-performs-at-the-Portugal-Pavilion-amphitheatre_m57765-scaled.jpg\",\"articleSection\":[\"Not\u00edcias\"],\"inLanguage\":\"en-US\"},{\"@type\":\"WebPage\",\"@id\":\"https:\\\/\\\/portugalexpo2020dubai.pt\\\/index.php\\\/2022\\\/03\\\/07\\\/pavilhao-de-portugal-recebe-espetaculo-do-mentalista-joao-blumel\\\/?lang=pt-pt\",\"url\":\"https:\\\/\\\/portugalexpo2020dubai.pt\\\/index.php\\\/2022\\\/03\\\/07\\\/pavilhao-de-portugal-recebe-espetaculo-do-mentalista-joao-blumel\\\/?lang=pt-pt\",\"name\":\"Pavilh\u00e3o de Portugal recebe espet\u00e1culo do mentalista Jo\u00e3o Bl\u00fcmel - Portugal Expo 2020 Dubai\",\"isPartOf\":{\"@id\":\"https:\\\/\\\/portugalexpo2020dubai.pt\\\/#website\"},\"primaryImageOfPage\":{\"@id\":\"https:\\\/\\\/portugalexpo2020dubai.pt\\\/index.php\\\/2022\\\/03\\\/07\\\/pavilhao-de-portugal-recebe-espetaculo-do-mentalista-joao-blumel\\\/?lang=pt-pt#primaryimage\"},\"image\":{\"@id\":\"https:\\\/\\\/portugalexpo2020dubai.pt\\\/index.php\\\/2022\\\/03\\\/07\\\/pavilhao-de-portugal-recebe-espetaculo-do-mentalista-joao-blumel\\\/?lang=pt-pt#primaryimage\"},\"thumbnailUrl\":\"https:\\\/\\\/portugalexpo2020dubai.pt\\\/wp-content\\\/uploads\\\/2022\\\/03\\\/Portuguese-mentalist-Joao-Blumel-performs-at-the-Portugal-Pavilion-amphitheatre_m57765-scaled.jpg\",\"datePublished\":\"2022-03-07T19:55:57+00:00\",\"dateModified\":\"2022-03-08T20:06:54+00:00\",\"description\":\"O Pavilh\u00e3o de Portugal na Expo 2020 Dubai recebeu, de 1 a 7 de mar\u00e7o, mais de 20 atua\u00e7\u00f5es do mentalista portugu\u00eas Jo\u00e3o Bl\u00fcmel, que proporcionou uma incr\u00edvel experi\u00eancia imersiva a todos os visitantes.\",\"breadcrumb\":{\"@id\":\"https:\\\/\\\/portugalexpo2020dubai.pt\\\/index.php\\\/2022\\\/03\\\/07\\\/pavilhao-de-portugal-recebe-espetaculo-do-mentalista-joao-blumel\\\/?lang=pt-pt#breadcrumb\"},\"inLanguage\":\"en-US\",\"potentialAction\":[{\"@type\":\"ReadAction\",\"target\":[\"https:\\\/\\\/portugalexpo2020dubai.pt\\\/index.php\\\/2022\\\/03\\\/07\\\/pavilhao-de-portugal-recebe-espetaculo-do-mentalista-joao-blumel\\\/?lang=pt-pt\"]}]},{\"@type\":\"ImageObject\",\"inLanguage\":\"en-US\",\"@id\":\"https:\\\/\\\/portugalexpo2020dubai.pt\\\/index.php\\\/2022\\\/03\\\/07\\\/pavilhao-de-portugal-recebe-espetaculo-do-mentalista-joao-blumel\\\/?lang=pt-pt#primaryimage\",\"url\":\"https:\\\/\\\/portugalexpo2020dubai.pt\\\/wp-content\\\/uploads\\\/2022\\\/03\\\/Portuguese-mentalist-Joao-Blumel-performs-at-the-Portugal-Pavilion-amphitheatre_m57765-scaled.jpg\",\"contentUrl\":\"https:\\\/\\\/portugalexpo2020dubai.pt\\\/wp-content\\\/uploads\\\/2022\\\/03\\\/Portuguese-mentalist-Joao-Blumel-performs-at-the-Portugal-Pavilion-amphitheatre_m57765-scaled.jpg\",\"width\":2560,\"height\":1679,\"caption\":\"DUBAI, 02 March 2022. Portuguese mentalist Joao Blumel performs at the Portugal Pavilion amphitheatre, Expo 2020 Dubai. (Photo by David Gray\\\/Expo 2020 Dubai)\"},{\"@type\":\"BreadcrumbList\",\"@id\":\"https:\\\/\\\/portugalexpo2020dubai.pt\\\/index.php\\\/2022\\\/03\\\/07\\\/pavilhao-de-portugal-recebe-espetaculo-do-mentalista-joao-blumel\\\/?lang=pt-pt#breadcrumb\",\"itemListElement\":[{\"@type\":\"ListItem\",\"position\":1,\"name\":\"Home\",\"item\":\"https:\\\/\\\/portugalexpo2020dubai.pt\\\/\"},{\"@type\":\"ListItem\",\"position\":2,\"name\":\"Pavilh\u00e3o de Portugal recebe espet\u00e1culo do mentalista Jo\u00e3o Bl\u00fcmel\"}]},{\"@type\":\"WebSite\",\"@id\":\"https:\\\/\\\/portugalexpo2020dubai.pt\\\/#website\",\"url\":\"https:\\\/\\\/portugalexpo2020dubai.pt\\\/\",\"name\":\"Portugal Expo 2020 Dubai\",\"description\":\"Portugal Expo 2020 Dubai\",\"publisher\":{\"@id\":\"https:\\\/\\\/portugalexpo2020dubai.pt\\\/#organization\"},\"potentialAction\":[{\"@type\":\"SearchAction\",\"target\":{\"@type\":\"EntryPoint\",\"urlTemplate\":\"https:\\\/\\\/portugalexpo2020dubai.pt\\\/?s={search_term_string}\"},\"query-input\":{\"@type\":\"PropertyValueSpecification\",\"valueRequired\":true,\"valueName\":\"search_term_string\"}}],\"inLanguage\":\"en-US\"},{\"@type\":\"Organization\",\"@id\":\"https:\\\/\\\/portugalexpo2020dubai.pt\\\/#organization\",\"name\":\"Portugal Expo 2020 Dubai\",\"url\":\"https:\\\/\\\/portugalexpo2020dubai.pt\\\/\",\"logo\":{\"@type\":\"ImageObject\",\"inLanguage\":\"en-US\",\"@id\":\"https:\\\/\\\/portugalexpo2020dubai.pt\\\/#\\\/schema\\\/logo\\\/image\\\/\",\"url\":\"https:\\\/\\\/portugalexpo2020dubai.pt\\\/wp-content\\\/uploads\\\/2021\\\/09\\\/logo_aicep.png\",\"contentUrl\":\"https:\\\/\\\/portugalexpo2020dubai.pt\\\/wp-content\\\/uploads\\\/2021\\\/09\\\/logo_aicep.png\",\"width\":830,\"height\":200,\"caption\":\"Portugal Expo 2020 Dubai\"},\"image\":{\"@id\":\"https:\\\/\\\/portugalexpo2020dubai.pt\\\/#\\\/schema\\\/logo\\\/image\\\/\"},\"sameAs\":[\"https:\\\/\\\/www.facebook.com\\\/portugalexpo2020\",\"https:\\\/\\\/x.com\\\/PTexpo2020\",\"https:\\\/\\\/www.instagram.com\\\/portugalexpo2020\\\/\"]},{\"@type\":\"Person\",\"@id\":\"https:\\\/\\\/portugalexpo2020dubai.pt\\\/#\\\/schema\\\/person\\\/b3a886f492d6f9451dd81753e22488f9\",\"name\":\"Catarina Beija\",\"image\":{\"@type\":\"ImageObject\",\"inLanguage\":\"en-US\",\"@id\":\"https:\\\/\\\/secure.gravatar.com\\\/avatar\\\/4c9f1d7d0df92294044bdecb88b912257abbbac65d788bc499eb2cceb120941a?s=96&d=mm&r=g\",\"url\":\"https:\\\/\\\/secure.gravatar.com\\\/avatar\\\/4c9f1d7d0df92294044bdecb88b912257abbbac65d788bc499eb2cceb120941a?s=96&d=mm&r=g\",\"contentUrl\":\"https:\\\/\\\/secure.gravatar.com\\\/avatar\\\/4c9f1d7d0df92294044bdecb88b912257abbbac65d788bc499eb2cceb120941a?s=96&d=mm&r=g\",\"caption\":\"Catarina Beija\"},\"url\":\"https:\\\/\\\/portugalexpo2020dubai.pt\\\/index.php\\\/author\\\/catarina-beijaportugalglobal-pt\\\/\"}]}<\/script>\n<!-- \/ Yoast SEO plugin. -->","yoast_head_json":{"title":"Pavilh\u00e3o de Portugal recebe espet\u00e1culo do mentalista Jo\u00e3o Bl\u00fcmel - Portugal Expo 2020 Dubai","description":"O Pavilh\u00e3o de Portugal na Expo 2020 Dubai recebeu, de 1 a 7 de mar\u00e7o, mais de 20 atua\u00e7\u00f5es do mentalista portugu\u00eas Jo\u00e3o Bl\u00fcmel, que proporcionou uma incr\u00edvel experi\u00eancia imersiva a todos os visitantes.","robots":{"index":"index","follow":"follow","max-snippet":"max-snippet:-1","max-image-preview":"max-image-preview:large","max-video-preview":"max-video-preview:-1"},"canonical":"https:\/\/portugalexpo2020dubai.pt\/index.php\/2022\/03\/07\/pavilhao-de-portugal-recebe-espetaculo-do-mentalista-joao-blumel\/","og_locale":"en_US","og_type":"article","og_title":"Pavilh\u00e3o de Portugal recebe espet\u00e1culo do mentalista Jo\u00e3o Bl\u00fcmel - Portugal Expo 2020 Dubai","og_description":"O Pavilh\u00e3o de Portugal na Expo 2020 Dubai recebeu, de 1 a 7 de mar\u00e7o, mais de 20 atua\u00e7\u00f5es do mentalista portugu\u00eas Jo\u00e3o Bl\u00fcmel, que proporcionou uma incr\u00edvel experi\u00eancia imersiva a todos os visitantes.","og_url":"https:\/\/portugalexpo2020dubai.pt\/index.php\/2022\/03\/07\/pavilhao-de-portugal-recebe-espetaculo-do-mentalista-joao-blumel\/?lang=pt-pt","og_site_name":"Portugal Expo 2020 Dubai","article_publisher":"https:\/\/www.facebook.com\/portugalexpo2020","article_published_time":"2022-03-07T19:55:57+00:00","article_modified_time":"2022-03-08T20:06:54+00:00","og_image":[{"width":2560,"height":1679,"url":"https:\/\/portugalexpo2020dubai.pt\/wp-content\/uploads\/2022\/03\/Portuguese-mentalist-Joao-Blumel-performs-at-the-Portugal-Pavilion-amphitheatre_m57765-scaled.jpg","type":"image\/jpeg"}],"author":"Catarina Beija","twitter_card":"summary_large_image","twitter_creator":"@PTexpo2020","twitter_site":"@PTexpo2020","twitter_misc":{"Written by":"Catarina Beija","Est. reading time":"2 minutes"},"schema":{"@context":"https:\/\/schema.org","@graph":[{"@type":"Article","@id":"https:\/\/portugalexpo2020dubai.pt\/index.php\/2022\/03\/07\/pavilhao-de-portugal-recebe-espetaculo-do-mentalista-joao-blumel\/?lang=pt-pt#article","isPartOf":{"@id":"https:\/\/portugalexpo2020dubai.pt\/index.php\/2022\/03\/07\/pavilhao-de-portugal-recebe-espetaculo-do-mentalista-joao-blumel\/?lang=pt-pt"},"author":{"name":"Catarina Beija","@id":"https:\/\/portugalexpo2020dubai.pt\/#\/schema\/person\/b3a886f492d6f9451dd81753e22488f9"},"headline":"Pavilh\u00e3o de Portugal recebe espet\u00e1culo do mentalista Jo\u00e3o Bl\u00fcmel","datePublished":"2022-03-07T19:55:57+00:00","dateModified":"2022-03-08T20:06:54+00:00","mainEntityOfPage":{"@id":"https:\/\/portugalexpo2020dubai.pt\/index.php\/2022\/03\/07\/pavilhao-de-portugal-recebe-espetaculo-do-mentalista-joao-blumel\/?lang=pt-pt"},"wordCount":279,"publisher":{"@id":"https:\/\/portugalexpo2020dubai.pt\/#organization"},"image":{"@id":"https:\/\/portugalexpo2020dubai.pt\/index.php\/2022\/03\/07\/pavilhao-de-portugal-recebe-espetaculo-do-mentalista-joao-blumel\/?lang=pt-pt#primaryimage"},"thumbnailUrl":"https:\/\/portugalexpo2020dubai.pt\/wp-content\/uploads\/2022\/03\/Portuguese-mentalist-Joao-Blumel-performs-at-the-Portugal-Pavilion-amphitheatre_m57765-scaled.jpg","articleSection":["Not\u00edcias"],"inLanguage":"en-US"},{"@type":"WebPage","@id":"https:\/\/portugalexpo2020dubai.pt\/index.php\/2022\/03\/07\/pavilhao-de-portugal-recebe-espetaculo-do-mentalista-joao-blumel\/?lang=pt-pt","url":"https:\/\/portugalexpo2020dubai.pt\/index.php\/2022\/03\/07\/pavilhao-de-portugal-recebe-espetaculo-do-mentalista-joao-blumel\/?lang=pt-pt","name":"Pavilh\u00e3o de Portugal recebe espet\u00e1culo do mentalista Jo\u00e3o Bl\u00fcmel - Portugal Expo 2020 Dubai","isPartOf":{"@id":"https:\/\/portugalexpo2020dubai.pt\/#website"},"primaryImageOfPage":{"@id":"https:\/\/portugalexpo2020dubai.pt\/index.php\/2022\/03\/07\/pavilhao-de-portugal-recebe-espetaculo-do-mentalista-joao-blumel\/?lang=pt-pt#primaryimage"},"image":{"@id":"https:\/\/portugalexpo2020dubai.pt\/index.php\/2022\/03\/07\/pavilhao-de-portugal-recebe-espetaculo-do-mentalista-joao-blumel\/?lang=pt-pt#primaryimage"},"thumbnailUrl":"https:\/\/portugalexpo2020dubai.pt\/wp-content\/uploads\/2022\/03\/Portuguese-mentalist-Joao-Blumel-performs-at-the-Portugal-Pavilion-amphitheatre_m57765-scaled.jpg","datePublished":"2022-03-07T19:55:57+00:00","dateModified":"2022-03-08T20:06:54+00:00","description":"O Pavilh\u00e3o de Portugal na Expo 2020 Dubai recebeu, de 1 a 7 de mar\u00e7o, mais de 20 atua\u00e7\u00f5es do mentalista portugu\u00eas Jo\u00e3o Bl\u00fcmel, que proporcionou uma incr\u00edvel experi\u00eancia imersiva a todos os visitantes.","breadcrumb":{"@id":"https:\/\/portugalexpo2020dubai.pt\/index.php\/2022\/03\/07\/pavilhao-de-portugal-recebe-espetaculo-do-mentalista-joao-blumel\/?lang=pt-pt#breadcrumb"},"inLanguage":"en-US","potentialAction":[{"@type":"ReadAction","target":["https:\/\/portugalexpo2020dubai.pt\/index.php\/2022\/03\/07\/pavilhao-de-portugal-recebe-espetaculo-do-mentalista-joao-blumel\/?lang=pt-pt"]}]},{"@type":"ImageObject","inLanguage":"en-US","@id":"https:\/\/portugalexpo2020dubai.pt\/index.php\/2022\/03\/07\/pavilhao-de-portugal-recebe-espetaculo-do-mentalista-joao-blumel\/?lang=pt-pt#primaryimage","url":"https:\/\/portugalexpo2020dubai.pt\/wp-content\/uploads\/2022\/03\/Portuguese-mentalist-Joao-Blumel-performs-at-the-Portugal-Pavilion-amphitheatre_m57765-scaled.jpg","contentUrl":"https:\/\/portugalexpo2020dubai.pt\/wp-content\/uploads\/2022\/03\/Portuguese-mentalist-Joao-Blumel-performs-at-the-Portugal-Pavilion-amphitheatre_m57765-scaled.jpg","width":2560,"height":1679,"caption":"DUBAI, 02 March 2022. Portuguese mentalist Joao Blumel performs at the Portugal Pavilion amphitheatre, Expo 2020 Dubai. (Photo by David Gray\/Expo 2020 Dubai)"},{"@type":"BreadcrumbList","@id":"https:\/\/portugalexpo2020dubai.pt\/index.php\/2022\/03\/07\/pavilhao-de-portugal-recebe-espetaculo-do-mentalista-joao-blumel\/?lang=pt-pt#breadcrumb","itemListElement":[{"@type":"ListItem","position":1,"name":"Home","item":"https:\/\/portugalexpo2020dubai.pt\/"},{"@type":"ListItem","position":2,"name":"Pavilh\u00e3o de Portugal recebe espet\u00e1culo do mentalista Jo\u00e3o Bl\u00fcmel"}]},{"@type":"WebSite","@id":"https:\/\/portugalexpo2020dubai.pt\/#website","url":"https:\/\/portugalexpo2020dubai.pt\/","name":"Portugal Expo 2020 Dubai","description":"Portugal Expo 2020 Dubai","publisher":{"@id":"https:\/\/portugalexpo2020dubai.pt\/#organization"},"potentialAction":[{"@type":"SearchAction","target":{"@type":"EntryPoint","urlTemplate":"https:\/\/portugalexpo2020dubai.pt\/?s={search_term_string}"},"query-input":{"@type":"PropertyValueSpecification","valueRequired":true,"valueName":"search_term_string"}}],"inLanguage":"en-US"},{"@type":"Organization","@id":"https:\/\/portugalexpo2020dubai.pt\/#organization","name":"Portugal Expo 2020 Dubai","url":"https:\/\/portugalexpo2020dubai.pt\/","logo":{"@type":"ImageObject","inLanguage":"en-US","@id":"https:\/\/portugalexpo2020dubai.pt\/#\/schema\/logo\/image\/","url":"https:\/\/portugalexpo2020dubai.pt\/wp-content\/uploads\/2021\/09\/logo_aicep.png","contentUrl":"https:\/\/portugalexpo2020dubai.pt\/wp-content\/uploads\/2021\/09\/logo_aicep.png","width":830,"height":200,"caption":"Portugal Expo 2020 Dubai"},"image":{"@id":"https:\/\/portugalexpo2020dubai.pt\/#\/schema\/logo\/image\/"},"sameAs":["https:\/\/www.facebook.com\/portugalexpo2020","https:\/\/x.com\/PTexpo2020","https:\/\/www.instagram.com\/portugalexpo2020\/"]},{"@type":"Person","@id":"https:\/\/portugalexpo2020dubai.pt\/#\/schema\/person\/b3a886f492d6f9451dd81753e22488f9","name":"Catarina Beija","image":{"@type":"ImageObject","inLanguage":"en-US","@id":"https:\/\/secure.gravatar.com\/avatar\/4c9f1d7d0df92294044bdecb88b912257abbbac65d788bc499eb2cceb120941a?s=96&d=mm&r=g","url":"https:\/\/secure.gravatar.com\/avatar\/4c9f1d7d0df92294044bdecb88b912257abbbac65d788bc499eb2cceb120941a?s=96&d=mm&r=g","contentUrl":"https:\/\/secure.gravatar.com\/avatar\/4c9f1d7d0df92294044bdecb88b912257abbbac65d788bc499eb2cceb120941a?s=96&d=mm&r=g","caption":"Catarina Beija"},"url":"https:\/\/portugalexpo2020dubai.pt\/index.php\/author\/catarina-beijaportugalglobal-pt\/"}]}},"cc_featured_image_caption":{"caption_text":"","source_text":"","source_url":""},"_links":{"self":[{"href":"https:\/\/portugalexpo2020dubai.pt\/index.php\/wp-json\/wp\/v2\/posts\/9384","targetHints":{"allow":["GET"]}}],"collection":[{"href":"https:\/\/portugalexpo2020dubai.pt\/index.php\/wp-json\/wp\/v2\/posts"}],"about":[{"href":"https:\/\/portugalexpo2020dubai.pt\/index.php\/wp-json\/wp\/v2\/types\/post"}],"author":[{"embeddable":true,"href":"https:\/\/portugalexpo2020dubai.pt\/index.php\/wp-json\/wp\/v2\/users\/2"}],"replies":[{"embeddable":true,"href":"https:\/\/portugalexpo2020dubai.pt\/index.php\/wp-json\/wp\/v2\/comments?post=9384"}],"version-history":[{"count":2,"href":"https:\/\/portugalexpo2020dubai.pt\/index.php\/wp-json\/wp\/v2\/posts\/9384\/revisions"}],"predecessor-version":[{"id":9445,"href":"https:\/\/portugalexpo2020dubai.pt\/index.php\/wp-json\/wp\/v2\/posts\/9384\/revisions\/9445"}],"wp:featuredmedia":[{"embeddable":true,"href":"https:\/\/portugalexpo2020dubai.pt\/index.php\/wp-json\/wp\/v2\/media\/9415"}],"wp:attachment":[{"href":"https:\/\/portugalexpo2020dubai.pt\/index.php\/wp-json\/wp\/v2\/media?parent=9384"}],"wp:term":[{"taxonomy":"category","embeddable":true,"href":"https:\/\/portugalexpo2020dubai.pt\/index.php\/wp-json\/wp\/v2\/categories?post=9384"},{"taxonomy":"post_tag","embeddable":true,"href":"https:\/\/portugalexpo2020dubai.pt\/index.php\/wp-json\/wp\/v2\/tags?post=9384"}],"curies":[{"name":"wp","href":"https:\/\/api.w.org\/{rel}","templated":true}]}}