{"id":8776,"date":"2022-02-03T22:40:15","date_gmt":"2022-02-03T22:40:15","guid":{"rendered":"https:\/\/portugalexpo2020dubai.pt\/?p=8776"},"modified":"2022-02-03T22:41:12","modified_gmt":"2022-02-03T22:41:12","slug":"tres-municipios-do-douro-superior-marcam-presenca-na-expo-entre-12-e-13-de-fevereiro","status":"publish","type":"post","link":"https:\/\/portugalexpo2020dubai.pt\/index.php\/2022\/02\/03\/tres-municipios-do-douro-superior-marcam-presenca-na-expo-entre-12-e-13-de-fevereiro\/?lang=pt-pt","title":{"rendered":"Tr\u00eas munic\u00edpios do Douro Superior marcam presen\u00e7a na Expo entre 12 e 13 de fevereiro"},"content":{"rendered":"<p>[vc_row][vc_column][vc_empty_space height=&#8221;50px&#8221;][vc_column_text]<strong>Os munic\u00edpios de Freixo de Espada \u00e0 Cinta, Moncorvo e Carrazeda de Ansi\u00e3es, integrados na sub-regi\u00e3o do Douro Superior, participam no dia aberto na Expo 2020 Dubai, para mostrar as potencialidades do territ\u00f3rio.<\/strong><\/p>\n<p>&nbsp;<\/p>\n<p>De acordo com uma nota divulgada pelo munic\u00edpio de Freixo de Espada \u00e0 Cinta, na sua p\u00e1gina oficial na internet, durante os dias 12 e 13 de fevereiro v\u00e3o decorrer semin\u00e1rios de promo\u00e7\u00e3o do territ\u00f3rio sob o lema &#8216;Freixo de Espada \u00e0 Cinta &amp; Douro Superior Days&#8217;.<\/p>\n<p>&nbsp;<\/p>\n<p>Segundo a mesma nota, durante estes dois dias ser\u00e3o apresentadas as potencialidades da regi\u00e3o a n\u00edvel tur\u00edstico, cultural e econ\u00f3mico, aliados \u00e0 divulga\u00e7\u00e3o e exposi\u00e7\u00e3o de pe\u00e7as de seda 100% natural e \u00e0 degusta\u00e7\u00e3o dos produtos end\u00f3genos que\u00a0caracterizam este concelho, como o azeite, a azeitona &#8220;negrinha de Freixo&#8221;, a laranja e am\u00eandoa.<\/p>\n<p>&nbsp;<\/p>\n<p>\u201c\u00c9 com muito orgulho, e cientes das suas potencialidades \u00fanicas, que vemos Freixo de Espada \u00e0 Cinta representado no Pavilh\u00e3o de Portugal na Expo Dubai, a primeira exposi\u00e7\u00e3o mundial a realizar-se no M\u00e9dio Oriente, considerado um dos mercados mais atrativos para a capta\u00e7\u00e3o de investimento estrangeiro\u201d, indica a autarquia presidida pelo socialista, Nuno Ferreira.<\/p>\n<p>&nbsp;<\/p>\n<p>A participa\u00e7\u00e3o do munic\u00edpio de Freixo de Espada \u00e0 Cinta, num evento de grande envergadura como a Expo 2020 Dubai, onde est\u00e3o representados 192 pa\u00edses, \u201cvem consolidar o compromisso do executivo municipal de Freixo de Espada \u00e0 Cinta em levar o nome do concelho al\u00e9m fronteiras\u201d.<\/p>\n<p>&nbsp;<\/p>\n<p>\u201cSomos considerados um territ\u00f3rio singular, talhado com distintas caracter\u00edsticas f\u00edsicas e humanas, que reflete grande diversidade cultural e gastron\u00f3mica, o que nos torna um destino tur\u00edstico por excel\u00eancia que vale a pena visitar\u201d, indicou aquele munic\u00edpio do distrito de Bragan\u00e7a.<\/p>\n<p>&nbsp;<\/p>\n<p>Outro dos objetivos \u00e9 colocar o concelho de Freixo de Espada \u00e0 Cinta\u00a0na mira de neg\u00f3cios atrativos em distintos mercados internacionais, servindo tamb\u00e9m para a troca de experi\u00eancias e observa\u00e7\u00e3o das melhores e mais avan\u00e7adas pr\u00e1ticas em vigor no setor do turismo internacional e do desenvolvimento econ\u00f3mico, indica aquela autarquia na mesma publica\u00e7\u00e3o.<\/p>\n<p>&nbsp;<\/p>\n<p>Haver\u00e1 ainda ao longos dos dois dias de participa\u00e7\u00e3o\u00a0neste\u00a0certame a decorrer no Dubai, nos Emirados\u00a0\u00c1rabes\u00a0Unidos, uma degusta\u00e7\u00e3o de produtos no restaurante do Pavilh\u00e3o de Portugal, tais como o vinho, a ma\u00e7\u00e3, oriundos do concelho de Carrazeda e Ansi\u00e3es.\u00a0J\u00e1 o concelho de Freixo de Espada \u00e0 Cinta vai demonstrar o potencial da azeitona negrinha de Freixo (DOP) e do seu azeite . Torre de Moncorvo aposta na sua am\u00eandoa coberta, tamb\u00e9m um produto DOP, nos seus vinhos.<\/p>\n<p>&nbsp;<\/p>\n<p>Estes tr\u00eas concelhos transmontanos est\u00e3o integrados da Regi\u00e3o Demarcada do Douro.<\/p>\n<p>&nbsp;<\/p>\n<p><strong>Lusa<\/strong>[\/vc_column_text][\/vc_column][\/vc_row]<\/p>\n","protected":false},"excerpt":{"rendered":"<p>Os munic\u00edpios de Freixo de Espada \u00e0 Cinta, Moncorvo e Carrazeda de Ansi\u00e3es, integrados na sub-regi\u00e3o do Douro Superior, participam no dia aberto na Expo 2020 Dubai, para mostrar as potencialidades do territ\u00f3rio.<\/p>\n","protected":false},"author":2,"featured_media":8631,"comment_status":"closed","ping_status":"closed","sticky":false,"template":"","format":"standard","meta":{"_monsterinsights_skip_tracking":false,"_monsterinsights_sitenote_active":false,"_monsterinsights_sitenote_note":"","_monsterinsights_sitenote_category":0,"footnotes":""},"categories":[71],"tags":[],"class_list":["post-8776","post","type-post","status-publish","format-standard","has-post-thumbnail","hentry","category-news-pt-pt"],"yoast_head":"<!-- This site is optimized with the Yoast SEO plugin v27.5 - https:\/\/yoast.com\/product\/yoast-seo-wordpress\/ -->\n<title>Tr\u00eas munic\u00edpios do Douro Superior marcam presen\u00e7a na Expo entre 12 e 13 de fevereiro - Portugal Expo 2020 Dubai<\/title>\n<meta name=\"description\" content=\"Os munic\u00edpios de Freixo de Espada \u00e0 Cinta, Moncorvo e Carrazeda de Ansi\u00e3es, integrados na sub-regi\u00e3o do Douro Superior, participam no dia aberto na Expo 2020 Dubai, para mostrar as potencialidades do territ\u00f3rio.\" \/>\n<meta name=\"robots\" content=\"index, follow, max-snippet:-1, max-image-preview:large, max-video-preview:-1\" \/>\n<link rel=\"canonical\" href=\"https:\/\/portugalexpo2020dubai.pt\/index.php\/2022\/02\/03\/tres-municipios-do-douro-superior-marcam-presenca-na-expo-entre-12-e-13-de-fevereiro\/\" \/>\n<meta property=\"og:locale\" content=\"en_US\" \/>\n<meta property=\"og:type\" content=\"article\" \/>\n<meta property=\"og:title\" content=\"Tr\u00eas munic\u00edpios do Douro Superior marcam presen\u00e7a na Expo entre 12 e 13 de fevereiro - Portugal Expo 2020 Dubai\" \/>\n<meta property=\"og:description\" content=\"Os munic\u00edpios de Freixo de Espada \u00e0 Cinta, Moncorvo e Carrazeda de Ansi\u00e3es, integrados na sub-regi\u00e3o do Douro Superior, participam no dia aberto na Expo 2020 Dubai, para mostrar as potencialidades do territ\u00f3rio.\" \/>\n<meta property=\"og:url\" content=\"https:\/\/portugalexpo2020dubai.pt\/index.php\/2022\/02\/03\/tres-municipios-do-douro-superior-marcam-presenca-na-expo-entre-12-e-13-de-fevereiro\/?lang=pt-pt\" \/>\n<meta property=\"og:site_name\" content=\"Portugal Expo 2020 Dubai\" \/>\n<meta property=\"article:publisher\" content=\"https:\/\/www.facebook.com\/portugalexpo2020\" \/>\n<meta property=\"article:published_time\" content=\"2022-02-03T22:40:15+00:00\" \/>\n<meta property=\"article:modified_time\" content=\"2022-02-03T22:41:12+00:00\" \/>\n<meta property=\"og:image\" content=\"https:\/\/portugalexpo2020dubai.pt\/wp-content\/uploads\/2022\/01\/Douro.png\" \/>\n\t<meta property=\"og:image:width\" content=\"1440\" \/>\n\t<meta property=\"og:image:height\" content=\"740\" \/>\n\t<meta property=\"og:image:type\" content=\"image\/png\" \/>\n<meta name=\"author\" content=\"Catarina Beija\" \/>\n<meta name=\"twitter:card\" content=\"summary_large_image\" \/>\n<meta name=\"twitter:creator\" content=\"@PTexpo2020\" \/>\n<meta name=\"twitter:site\" content=\"@PTexpo2020\" \/>\n<meta name=\"twitter:label1\" content=\"Written by\" \/>\n\t<meta name=\"twitter:data1\" content=\"Catarina Beija\" \/>\n\t<meta name=\"twitter:label2\" content=\"Est. reading time\" \/>\n\t<meta name=\"twitter:data2\" content=\"2 minutes\" \/>\n<script type=\"application\/ld+json\" class=\"yoast-schema-graph\">{\"@context\":\"https:\\\/\\\/schema.org\",\"@graph\":[{\"@type\":\"Article\",\"@id\":\"https:\\\/\\\/portugalexpo2020dubai.pt\\\/index.php\\\/2022\\\/02\\\/03\\\/tres-municipios-do-douro-superior-marcam-presenca-na-expo-entre-12-e-13-de-fevereiro\\\/?lang=pt-pt#article\",\"isPartOf\":{\"@id\":\"https:\\\/\\\/portugalexpo2020dubai.pt\\\/index.php\\\/2022\\\/02\\\/03\\\/tres-municipios-do-douro-superior-marcam-presenca-na-expo-entre-12-e-13-de-fevereiro\\\/?lang=pt-pt\"},\"author\":{\"name\":\"Catarina Beija\",\"@id\":\"https:\\\/\\\/portugalexpo2020dubai.pt\\\/#\\\/schema\\\/person\\\/b3a886f492d6f9451dd81753e22488f9\"},\"headline\":\"Tr\u00eas munic\u00edpios do Douro Superior marcam presen\u00e7a na Expo entre 12 e 13 de fevereiro\",\"datePublished\":\"2022-02-03T22:40:15+00:00\",\"dateModified\":\"2022-02-03T22:41:12+00:00\",\"mainEntityOfPage\":{\"@id\":\"https:\\\/\\\/portugalexpo2020dubai.pt\\\/index.php\\\/2022\\\/02\\\/03\\\/tres-municipios-do-douro-superior-marcam-presenca-na-expo-entre-12-e-13-de-fevereiro\\\/?lang=pt-pt\"},\"wordCount\":500,\"publisher\":{\"@id\":\"https:\\\/\\\/portugalexpo2020dubai.pt\\\/#organization\"},\"image\":{\"@id\":\"https:\\\/\\\/portugalexpo2020dubai.pt\\\/index.php\\\/2022\\\/02\\\/03\\\/tres-municipios-do-douro-superior-marcam-presenca-na-expo-entre-12-e-13-de-fevereiro\\\/?lang=pt-pt#primaryimage\"},\"thumbnailUrl\":\"https:\\\/\\\/portugalexpo2020dubai.pt\\\/wp-content\\\/uploads\\\/2022\\\/01\\\/Douro.png\",\"articleSection\":[\"Not\u00edcias\"],\"inLanguage\":\"en-US\"},{\"@type\":\"WebPage\",\"@id\":\"https:\\\/\\\/portugalexpo2020dubai.pt\\\/index.php\\\/2022\\\/02\\\/03\\\/tres-municipios-do-douro-superior-marcam-presenca-na-expo-entre-12-e-13-de-fevereiro\\\/?lang=pt-pt\",\"url\":\"https:\\\/\\\/portugalexpo2020dubai.pt\\\/index.php\\\/2022\\\/02\\\/03\\\/tres-municipios-do-douro-superior-marcam-presenca-na-expo-entre-12-e-13-de-fevereiro\\\/?lang=pt-pt\",\"name\":\"Tr\u00eas munic\u00edpios do Douro Superior marcam presen\u00e7a na Expo entre 12 e 13 de fevereiro - Portugal Expo 2020 Dubai\",\"isPartOf\":{\"@id\":\"https:\\\/\\\/portugalexpo2020dubai.pt\\\/#website\"},\"primaryImageOfPage\":{\"@id\":\"https:\\\/\\\/portugalexpo2020dubai.pt\\\/index.php\\\/2022\\\/02\\\/03\\\/tres-municipios-do-douro-superior-marcam-presenca-na-expo-entre-12-e-13-de-fevereiro\\\/?lang=pt-pt#primaryimage\"},\"image\":{\"@id\":\"https:\\\/\\\/portugalexpo2020dubai.pt\\\/index.php\\\/2022\\\/02\\\/03\\\/tres-municipios-do-douro-superior-marcam-presenca-na-expo-entre-12-e-13-de-fevereiro\\\/?lang=pt-pt#primaryimage\"},\"thumbnailUrl\":\"https:\\\/\\\/portugalexpo2020dubai.pt\\\/wp-content\\\/uploads\\\/2022\\\/01\\\/Douro.png\",\"datePublished\":\"2022-02-03T22:40:15+00:00\",\"dateModified\":\"2022-02-03T22:41:12+00:00\",\"description\":\"Os munic\u00edpios de Freixo de Espada \u00e0 Cinta, Moncorvo e Carrazeda de Ansi\u00e3es, integrados na sub-regi\u00e3o do Douro Superior, participam no dia aberto na Expo 2020 Dubai, para mostrar as potencialidades do territ\u00f3rio.\",\"breadcrumb\":{\"@id\":\"https:\\\/\\\/portugalexpo2020dubai.pt\\\/index.php\\\/2022\\\/02\\\/03\\\/tres-municipios-do-douro-superior-marcam-presenca-na-expo-entre-12-e-13-de-fevereiro\\\/?lang=pt-pt#breadcrumb\"},\"inLanguage\":\"en-US\",\"potentialAction\":[{\"@type\":\"ReadAction\",\"target\":[\"https:\\\/\\\/portugalexpo2020dubai.pt\\\/index.php\\\/2022\\\/02\\\/03\\\/tres-municipios-do-douro-superior-marcam-presenca-na-expo-entre-12-e-13-de-fevereiro\\\/?lang=pt-pt\"]}]},{\"@type\":\"ImageObject\",\"inLanguage\":\"en-US\",\"@id\":\"https:\\\/\\\/portugalexpo2020dubai.pt\\\/index.php\\\/2022\\\/02\\\/03\\\/tres-municipios-do-douro-superior-marcam-presenca-na-expo-entre-12-e-13-de-fevereiro\\\/?lang=pt-pt#primaryimage\",\"url\":\"https:\\\/\\\/portugalexpo2020dubai.pt\\\/wp-content\\\/uploads\\\/2022\\\/01\\\/Douro.png\",\"contentUrl\":\"https:\\\/\\\/portugalexpo2020dubai.pt\\\/wp-content\\\/uploads\\\/2022\\\/01\\\/Douro.png\",\"width\":1440,\"height\":740},{\"@type\":\"BreadcrumbList\",\"@id\":\"https:\\\/\\\/portugalexpo2020dubai.pt\\\/index.php\\\/2022\\\/02\\\/03\\\/tres-municipios-do-douro-superior-marcam-presenca-na-expo-entre-12-e-13-de-fevereiro\\\/?lang=pt-pt#breadcrumb\",\"itemListElement\":[{\"@type\":\"ListItem\",\"position\":1,\"name\":\"Home\",\"item\":\"https:\\\/\\\/portugalexpo2020dubai.pt\\\/\"},{\"@type\":\"ListItem\",\"position\":2,\"name\":\"Tr\u00eas munic\u00edpios do Douro Superior marcam presen\u00e7a na Expo entre 12 e 13 de fevereiro\"}]},{\"@type\":\"WebSite\",\"@id\":\"https:\\\/\\\/portugalexpo2020dubai.pt\\\/#website\",\"url\":\"https:\\\/\\\/portugalexpo2020dubai.pt\\\/\",\"name\":\"Portugal Expo 2020 Dubai\",\"description\":\"Portugal Expo 2020 Dubai\",\"publisher\":{\"@id\":\"https:\\\/\\\/portugalexpo2020dubai.pt\\\/#organization\"},\"potentialAction\":[{\"@type\":\"SearchAction\",\"target\":{\"@type\":\"EntryPoint\",\"urlTemplate\":\"https:\\\/\\\/portugalexpo2020dubai.pt\\\/?s={search_term_string}\"},\"query-input\":{\"@type\":\"PropertyValueSpecification\",\"valueRequired\":true,\"valueName\":\"search_term_string\"}}],\"inLanguage\":\"en-US\"},{\"@type\":\"Organization\",\"@id\":\"https:\\\/\\\/portugalexpo2020dubai.pt\\\/#organization\",\"name\":\"Portugal Expo 2020 Dubai\",\"url\":\"https:\\\/\\\/portugalexpo2020dubai.pt\\\/\",\"logo\":{\"@type\":\"ImageObject\",\"inLanguage\":\"en-US\",\"@id\":\"https:\\\/\\\/portugalexpo2020dubai.pt\\\/#\\\/schema\\\/logo\\\/image\\\/\",\"url\":\"https:\\\/\\\/portugalexpo2020dubai.pt\\\/wp-content\\\/uploads\\\/2021\\\/09\\\/logo_aicep.png\",\"contentUrl\":\"https:\\\/\\\/portugalexpo2020dubai.pt\\\/wp-content\\\/uploads\\\/2021\\\/09\\\/logo_aicep.png\",\"width\":830,\"height\":200,\"caption\":\"Portugal Expo 2020 Dubai\"},\"image\":{\"@id\":\"https:\\\/\\\/portugalexpo2020dubai.pt\\\/#\\\/schema\\\/logo\\\/image\\\/\"},\"sameAs\":[\"https:\\\/\\\/www.facebook.com\\\/portugalexpo2020\",\"https:\\\/\\\/x.com\\\/PTexpo2020\",\"https:\\\/\\\/www.instagram.com\\\/portugalexpo2020\\\/\"]},{\"@type\":\"Person\",\"@id\":\"https:\\\/\\\/portugalexpo2020dubai.pt\\\/#\\\/schema\\\/person\\\/b3a886f492d6f9451dd81753e22488f9\",\"name\":\"Catarina Beija\",\"image\":{\"@type\":\"ImageObject\",\"inLanguage\":\"en-US\",\"@id\":\"https:\\\/\\\/secure.gravatar.com\\\/avatar\\\/4c9f1d7d0df92294044bdecb88b912257abbbac65d788bc499eb2cceb120941a?s=96&d=mm&r=g\",\"url\":\"https:\\\/\\\/secure.gravatar.com\\\/avatar\\\/4c9f1d7d0df92294044bdecb88b912257abbbac65d788bc499eb2cceb120941a?s=96&d=mm&r=g\",\"contentUrl\":\"https:\\\/\\\/secure.gravatar.com\\\/avatar\\\/4c9f1d7d0df92294044bdecb88b912257abbbac65d788bc499eb2cceb120941a?s=96&d=mm&r=g\",\"caption\":\"Catarina Beija\"},\"url\":\"https:\\\/\\\/portugalexpo2020dubai.pt\\\/index.php\\\/author\\\/catarina-beijaportugalglobal-pt\\\/\"}]}<\/script>\n<!-- \/ Yoast SEO plugin. -->","yoast_head_json":{"title":"Tr\u00eas munic\u00edpios do Douro Superior marcam presen\u00e7a na Expo entre 12 e 13 de fevereiro - Portugal Expo 2020 Dubai","description":"Os munic\u00edpios de Freixo de Espada \u00e0 Cinta, Moncorvo e Carrazeda de Ansi\u00e3es, integrados na sub-regi\u00e3o do Douro Superior, participam no dia aberto na Expo 2020 Dubai, para mostrar as potencialidades do territ\u00f3rio.","robots":{"index":"index","follow":"follow","max-snippet":"max-snippet:-1","max-image-preview":"max-image-preview:large","max-video-preview":"max-video-preview:-1"},"canonical":"https:\/\/portugalexpo2020dubai.pt\/index.php\/2022\/02\/03\/tres-municipios-do-douro-superior-marcam-presenca-na-expo-entre-12-e-13-de-fevereiro\/","og_locale":"en_US","og_type":"article","og_title":"Tr\u00eas munic\u00edpios do Douro Superior marcam presen\u00e7a na Expo entre 12 e 13 de fevereiro - Portugal Expo 2020 Dubai","og_description":"Os munic\u00edpios de Freixo de Espada \u00e0 Cinta, Moncorvo e Carrazeda de Ansi\u00e3es, integrados na sub-regi\u00e3o do Douro Superior, participam no dia aberto na Expo 2020 Dubai, para mostrar as potencialidades do territ\u00f3rio.","og_url":"https:\/\/portugalexpo2020dubai.pt\/index.php\/2022\/02\/03\/tres-municipios-do-douro-superior-marcam-presenca-na-expo-entre-12-e-13-de-fevereiro\/?lang=pt-pt","og_site_name":"Portugal Expo 2020 Dubai","article_publisher":"https:\/\/www.facebook.com\/portugalexpo2020","article_published_time":"2022-02-03T22:40:15+00:00","article_modified_time":"2022-02-03T22:41:12+00:00","og_image":[{"width":1440,"height":740,"url":"https:\/\/portugalexpo2020dubai.pt\/wp-content\/uploads\/2022\/01\/Douro.png","type":"image\/png"}],"author":"Catarina Beija","twitter_card":"summary_large_image","twitter_creator":"@PTexpo2020","twitter_site":"@PTexpo2020","twitter_misc":{"Written by":"Catarina Beija","Est. reading time":"2 minutes"},"schema":{"@context":"https:\/\/schema.org","@graph":[{"@type":"Article","@id":"https:\/\/portugalexpo2020dubai.pt\/index.php\/2022\/02\/03\/tres-municipios-do-douro-superior-marcam-presenca-na-expo-entre-12-e-13-de-fevereiro\/?lang=pt-pt#article","isPartOf":{"@id":"https:\/\/portugalexpo2020dubai.pt\/index.php\/2022\/02\/03\/tres-municipios-do-douro-superior-marcam-presenca-na-expo-entre-12-e-13-de-fevereiro\/?lang=pt-pt"},"author":{"name":"Catarina Beija","@id":"https:\/\/portugalexpo2020dubai.pt\/#\/schema\/person\/b3a886f492d6f9451dd81753e22488f9"},"headline":"Tr\u00eas munic\u00edpios do Douro Superior marcam presen\u00e7a na Expo entre 12 e 13 de fevereiro","datePublished":"2022-02-03T22:40:15+00:00","dateModified":"2022-02-03T22:41:12+00:00","mainEntityOfPage":{"@id":"https:\/\/portugalexpo2020dubai.pt\/index.php\/2022\/02\/03\/tres-municipios-do-douro-superior-marcam-presenca-na-expo-entre-12-e-13-de-fevereiro\/?lang=pt-pt"},"wordCount":500,"publisher":{"@id":"https:\/\/portugalexpo2020dubai.pt\/#organization"},"image":{"@id":"https:\/\/portugalexpo2020dubai.pt\/index.php\/2022\/02\/03\/tres-municipios-do-douro-superior-marcam-presenca-na-expo-entre-12-e-13-de-fevereiro\/?lang=pt-pt#primaryimage"},"thumbnailUrl":"https:\/\/portugalexpo2020dubai.pt\/wp-content\/uploads\/2022\/01\/Douro.png","articleSection":["Not\u00edcias"],"inLanguage":"en-US"},{"@type":"WebPage","@id":"https:\/\/portugalexpo2020dubai.pt\/index.php\/2022\/02\/03\/tres-municipios-do-douro-superior-marcam-presenca-na-expo-entre-12-e-13-de-fevereiro\/?lang=pt-pt","url":"https:\/\/portugalexpo2020dubai.pt\/index.php\/2022\/02\/03\/tres-municipios-do-douro-superior-marcam-presenca-na-expo-entre-12-e-13-de-fevereiro\/?lang=pt-pt","name":"Tr\u00eas munic\u00edpios do Douro Superior marcam presen\u00e7a na Expo entre 12 e 13 de fevereiro - Portugal Expo 2020 Dubai","isPartOf":{"@id":"https:\/\/portugalexpo2020dubai.pt\/#website"},"primaryImageOfPage":{"@id":"https:\/\/portugalexpo2020dubai.pt\/index.php\/2022\/02\/03\/tres-municipios-do-douro-superior-marcam-presenca-na-expo-entre-12-e-13-de-fevereiro\/?lang=pt-pt#primaryimage"},"image":{"@id":"https:\/\/portugalexpo2020dubai.pt\/index.php\/2022\/02\/03\/tres-municipios-do-douro-superior-marcam-presenca-na-expo-entre-12-e-13-de-fevereiro\/?lang=pt-pt#primaryimage"},"thumbnailUrl":"https:\/\/portugalexpo2020dubai.pt\/wp-content\/uploads\/2022\/01\/Douro.png","datePublished":"2022-02-03T22:40:15+00:00","dateModified":"2022-02-03T22:41:12+00:00","description":"Os munic\u00edpios de Freixo de Espada \u00e0 Cinta, Moncorvo e Carrazeda de Ansi\u00e3es, integrados na sub-regi\u00e3o do Douro Superior, participam no dia aberto na Expo 2020 Dubai, para mostrar as potencialidades do territ\u00f3rio.","breadcrumb":{"@id":"https:\/\/portugalexpo2020dubai.pt\/index.php\/2022\/02\/03\/tres-municipios-do-douro-superior-marcam-presenca-na-expo-entre-12-e-13-de-fevereiro\/?lang=pt-pt#breadcrumb"},"inLanguage":"en-US","potentialAction":[{"@type":"ReadAction","target":["https:\/\/portugalexpo2020dubai.pt\/index.php\/2022\/02\/03\/tres-municipios-do-douro-superior-marcam-presenca-na-expo-entre-12-e-13-de-fevereiro\/?lang=pt-pt"]}]},{"@type":"ImageObject","inLanguage":"en-US","@id":"https:\/\/portugalexpo2020dubai.pt\/index.php\/2022\/02\/03\/tres-municipios-do-douro-superior-marcam-presenca-na-expo-entre-12-e-13-de-fevereiro\/?lang=pt-pt#primaryimage","url":"https:\/\/portugalexpo2020dubai.pt\/wp-content\/uploads\/2022\/01\/Douro.png","contentUrl":"https:\/\/portugalexpo2020dubai.pt\/wp-content\/uploads\/2022\/01\/Douro.png","width":1440,"height":740},{"@type":"BreadcrumbList","@id":"https:\/\/portugalexpo2020dubai.pt\/index.php\/2022\/02\/03\/tres-municipios-do-douro-superior-marcam-presenca-na-expo-entre-12-e-13-de-fevereiro\/?lang=pt-pt#breadcrumb","itemListElement":[{"@type":"ListItem","position":1,"name":"Home","item":"https:\/\/portugalexpo2020dubai.pt\/"},{"@type":"ListItem","position":2,"name":"Tr\u00eas munic\u00edpios do Douro Superior marcam presen\u00e7a na Expo entre 12 e 13 de fevereiro"}]},{"@type":"WebSite","@id":"https:\/\/portugalexpo2020dubai.pt\/#website","url":"https:\/\/portugalexpo2020dubai.pt\/","name":"Portugal Expo 2020 Dubai","description":"Portugal Expo 2020 Dubai","publisher":{"@id":"https:\/\/portugalexpo2020dubai.pt\/#organization"},"potentialAction":[{"@type":"SearchAction","target":{"@type":"EntryPoint","urlTemplate":"https:\/\/portugalexpo2020dubai.pt\/?s={search_term_string}"},"query-input":{"@type":"PropertyValueSpecification","valueRequired":true,"valueName":"search_term_string"}}],"inLanguage":"en-US"},{"@type":"Organization","@id":"https:\/\/portugalexpo2020dubai.pt\/#organization","name":"Portugal Expo 2020 Dubai","url":"https:\/\/portugalexpo2020dubai.pt\/","logo":{"@type":"ImageObject","inLanguage":"en-US","@id":"https:\/\/portugalexpo2020dubai.pt\/#\/schema\/logo\/image\/","url":"https:\/\/portugalexpo2020dubai.pt\/wp-content\/uploads\/2021\/09\/logo_aicep.png","contentUrl":"https:\/\/portugalexpo2020dubai.pt\/wp-content\/uploads\/2021\/09\/logo_aicep.png","width":830,"height":200,"caption":"Portugal Expo 2020 Dubai"},"image":{"@id":"https:\/\/portugalexpo2020dubai.pt\/#\/schema\/logo\/image\/"},"sameAs":["https:\/\/www.facebook.com\/portugalexpo2020","https:\/\/x.com\/PTexpo2020","https:\/\/www.instagram.com\/portugalexpo2020\/"]},{"@type":"Person","@id":"https:\/\/portugalexpo2020dubai.pt\/#\/schema\/person\/b3a886f492d6f9451dd81753e22488f9","name":"Catarina Beija","image":{"@type":"ImageObject","inLanguage":"en-US","@id":"https:\/\/secure.gravatar.com\/avatar\/4c9f1d7d0df92294044bdecb88b912257abbbac65d788bc499eb2cceb120941a?s=96&d=mm&r=g","url":"https:\/\/secure.gravatar.com\/avatar\/4c9f1d7d0df92294044bdecb88b912257abbbac65d788bc499eb2cceb120941a?s=96&d=mm&r=g","contentUrl":"https:\/\/secure.gravatar.com\/avatar\/4c9f1d7d0df92294044bdecb88b912257abbbac65d788bc499eb2cceb120941a?s=96&d=mm&r=g","caption":"Catarina Beija"},"url":"https:\/\/portugalexpo2020dubai.pt\/index.php\/author\/catarina-beijaportugalglobal-pt\/"}]}},"cc_featured_image_caption":{"caption_text":"","source_text":"","source_url":""},"_links":{"self":[{"href":"https:\/\/portugalexpo2020dubai.pt\/index.php\/wp-json\/wp\/v2\/posts\/8776","targetHints":{"allow":["GET"]}}],"collection":[{"href":"https:\/\/portugalexpo2020dubai.pt\/index.php\/wp-json\/wp\/v2\/posts"}],"about":[{"href":"https:\/\/portugalexpo2020dubai.pt\/index.php\/wp-json\/wp\/v2\/types\/post"}],"author":[{"embeddable":true,"href":"https:\/\/portugalexpo2020dubai.pt\/index.php\/wp-json\/wp\/v2\/users\/2"}],"replies":[{"embeddable":true,"href":"https:\/\/portugalexpo2020dubai.pt\/index.php\/wp-json\/wp\/v2\/comments?post=8776"}],"version-history":[{"count":1,"href":"https:\/\/portugalexpo2020dubai.pt\/index.php\/wp-json\/wp\/v2\/posts\/8776\/revisions"}],"predecessor-version":[{"id":8779,"href":"https:\/\/portugalexpo2020dubai.pt\/index.php\/wp-json\/wp\/v2\/posts\/8776\/revisions\/8779"}],"wp:featuredmedia":[{"embeddable":true,"href":"https:\/\/portugalexpo2020dubai.pt\/index.php\/wp-json\/wp\/v2\/media\/8631"}],"wp:attachment":[{"href":"https:\/\/portugalexpo2020dubai.pt\/index.php\/wp-json\/wp\/v2\/media?parent=8776"}],"wp:term":[{"taxonomy":"category","embeddable":true,"href":"https:\/\/portugalexpo2020dubai.pt\/index.php\/wp-json\/wp\/v2\/categories?post=8776"},{"taxonomy":"post_tag","embeddable":true,"href":"https:\/\/portugalexpo2020dubai.pt\/index.php\/wp-json\/wp\/v2\/tags?post=8776"}],"curies":[{"name":"wp","href":"https:\/\/api.w.org\/{rel}","templated":true}]}}