{"id":8540,"date":"2022-01-29T13:49:41","date_gmt":"2022-01-29T13:49:41","guid":{"rendered":"https:\/\/portugalexpo2020dubai.pt\/?p=8540"},"modified":"2022-01-29T17:07:10","modified_gmt":"2022-01-29T17:07:10","slug":"reveja-as-visitas-oficiais-ao-pavilhao-de-portugal-em-janeiro","status":"publish","type":"post","link":"https:\/\/portugalexpo2020dubai.pt\/index.php\/2022\/01\/29\/reveja-as-visitas-oficiais-ao-pavilhao-de-portugal-em-janeiro\/?lang=pt-pt","title":{"rendered":"Reveja as visitas oficiais ao Pavilh\u00e3o de Portugal em Janeiro"},"content":{"rendered":"<p>[vc_row][vc_column][vc_empty_space height=&#8221;50px&#8221;][vc_column_text]<\/p>\n<div><span class=\"VIiyi\" lang=\"pt\"><span class=\"JLqJ4b ChMk0b\" data-language-for-alternatives=\"pt\" data-language-to-translate-into=\"en\" data-phrase-index=\"0\" data-number-of-phrases=\"2\">Reunindo mais de 192 pa\u00edses sob o mesmo &#8216;teto&#8217;, a Expo 2020 Dubai \u00e9 um verdadeiro encontro de culturas, tradi\u00e7\u00f5es e oportunidades, mas apresenta-se tamb\u00e9m como uma plataforma para explorar novas parcerias, refor\u00e7ar la\u00e7os diplom\u00e1ticos e promover rela\u00e7\u00f5es econ\u00f3micas e comerciais. \u00c9 nesse sentido que, todos os meses, o Pavilh\u00e3o de Portugal tem a honra de receber visitas oficiais de altos representantes dos quatro cantos do mundo, convidando-os a explorar tudo o que o nosso pa\u00eds tem para oferecer. <\/span><\/span><\/div>\n<p>&nbsp;<\/p>\n<div><strong>Reunimos as imagens das visitas oficiais de Janeiro &#8211; percorra a galeria para descobrir quem recebemos este m\u00eas no Pavilh\u00e3o de Portugal! <\/strong><\/div>\n<p>[\/vc_column_text][vc_empty_space height=&#8221;50px&#8221;][vc_media_grid style=&#8221;pagination&#8221; items_per_page=&#8221;1&#8243; element_width=&#8221;12&#8243; gap=&#8221;10&#8243; arrows_design=&#8221;vc_arrow-icon-arrow_01_left&#8221; arrows_position=&#8221;outside&#8221; arrows_color=&#8221;sandy_brown&#8221; paging_design=&#8221;point_dots&#8221; item=&#8221;masonryMedia_SlideWithTitleAndCaption&#8221; grid_id=&#8221;vc_gid:1643462629114-d16bed91-7cfd-2&#8243; include=&#8221;8545,8547,8549,8551,8553,8557&#8243;][vc_empty_space height=&#8221;50px&#8221;][\/vc_column][\/vc_row]<\/p>\n","protected":false},"excerpt":{"rendered":"<p>Reunimos as imagens das visitas oficiais de Janeiro &#8211; percorra a galeria para descobrir quem recebemos este m\u00eas no Pavilh\u00e3o de Portugal!<\/p>\n","protected":false},"author":2,"featured_media":8570,"comment_status":"closed","ping_status":"closed","sticky":false,"template":"","format":"standard","meta":{"_monsterinsights_skip_tracking":false,"_monsterinsights_sitenote_active":false,"_monsterinsights_sitenote_note":"","_monsterinsights_sitenote_category":0,"footnotes":""},"categories":[71],"tags":[],"class_list":["post-8540","post","type-post","status-publish","format-standard","has-post-thumbnail","hentry","category-news-pt-pt"],"yoast_head":"<!-- This site is optimized with the Yoast SEO plugin v27.5 - https:\/\/yoast.com\/product\/yoast-seo-wordpress\/ -->\n<title>Reveja as visitas oficiais ao Pavilh\u00e3o de Portugal em Janeiro - Portugal Expo 2020 Dubai<\/title>\n<meta name=\"description\" content=\"Reunimos as imagens das visitas oficiais de Janeiro - percorra a galeria para descobrir quem recebemos este m\u00eas no Pavilh\u00e3o de Portugal!\" \/>\n<meta name=\"robots\" content=\"index, follow, max-snippet:-1, max-image-preview:large, max-video-preview:-1\" \/>\n<link rel=\"canonical\" href=\"https:\/\/portugalexpo2020dubai.pt\/index.php\/2022\/01\/29\/reveja-as-visitas-oficiais-ao-pavilhao-de-portugal-em-janeiro\/\" \/>\n<meta property=\"og:locale\" content=\"en_US\" \/>\n<meta property=\"og:type\" content=\"article\" \/>\n<meta property=\"og:title\" content=\"Reveja as visitas oficiais ao Pavilh\u00e3o de Portugal em Janeiro - Portugal Expo 2020 Dubai\" \/>\n<meta property=\"og:description\" content=\"Reunimos as imagens das visitas oficiais de Janeiro - percorra a galeria para descobrir quem recebemos este m\u00eas no Pavilh\u00e3o de Portugal!\" \/>\n<meta property=\"og:url\" content=\"https:\/\/portugalexpo2020dubai.pt\/index.php\/2022\/01\/29\/reveja-as-visitas-oficiais-ao-pavilhao-de-portugal-em-janeiro\/?lang=pt-pt\" \/>\n<meta property=\"og:site_name\" content=\"Portugal Expo 2020 Dubai\" \/>\n<meta property=\"article:publisher\" content=\"https:\/\/www.facebook.com\/portugalexpo2020\" \/>\n<meta property=\"article:published_time\" content=\"2022-01-29T13:49:41+00:00\" \/>\n<meta property=\"article:modified_time\" content=\"2022-01-29T17:07:10+00:00\" \/>\n<meta property=\"og:image\" content=\"https:\/\/portugalexpo2020dubai.pt\/wp-content\/uploads\/2022\/01\/4fe572c5-6001-4886-a8c5-b80c6fb21c85-1-e1643475984772.jpg\" \/>\n\t<meta property=\"og:image:width\" content=\"1800\" \/>\n\t<meta property=\"og:image:height\" content=\"1200\" \/>\n\t<meta property=\"og:image:type\" content=\"image\/jpeg\" \/>\n<meta name=\"author\" content=\"Catarina Beija\" \/>\n<meta name=\"twitter:card\" content=\"summary_large_image\" \/>\n<meta name=\"twitter:creator\" content=\"@PTexpo2020\" \/>\n<meta name=\"twitter:site\" content=\"@PTexpo2020\" \/>\n<meta name=\"twitter:label1\" content=\"Written by\" \/>\n\t<meta name=\"twitter:data1\" content=\"Catarina Beija\" \/>\n\t<meta name=\"twitter:label2\" content=\"Est. reading time\" \/>\n\t<meta name=\"twitter:data2\" content=\"2 minutes\" \/>\n<script type=\"application\/ld+json\" class=\"yoast-schema-graph\">{\"@context\":\"https:\\\/\\\/schema.org\",\"@graph\":[{\"@type\":\"Article\",\"@id\":\"https:\\\/\\\/portugalexpo2020dubai.pt\\\/index.php\\\/2022\\\/01\\\/29\\\/reveja-as-visitas-oficiais-ao-pavilhao-de-portugal-em-janeiro\\\/?lang=pt-pt#article\",\"isPartOf\":{\"@id\":\"https:\\\/\\\/portugalexpo2020dubai.pt\\\/index.php\\\/2022\\\/01\\\/29\\\/reveja-as-visitas-oficiais-ao-pavilhao-de-portugal-em-janeiro\\\/?lang=pt-pt\"},\"author\":{\"name\":\"Catarina Beija\",\"@id\":\"https:\\\/\\\/portugalexpo2020dubai.pt\\\/#\\\/schema\\\/person\\\/b3a886f492d6f9451dd81753e22488f9\"},\"headline\":\"Reveja as visitas oficiais ao Pavilh\u00e3o de Portugal em Janeiro\",\"datePublished\":\"2022-01-29T13:49:41+00:00\",\"dateModified\":\"2022-01-29T17:07:10+00:00\",\"mainEntityOfPage\":{\"@id\":\"https:\\\/\\\/portugalexpo2020dubai.pt\\\/index.php\\\/2022\\\/01\\\/29\\\/reveja-as-visitas-oficiais-ao-pavilhao-de-portugal-em-janeiro\\\/?lang=pt-pt\"},\"wordCount\":189,\"publisher\":{\"@id\":\"https:\\\/\\\/portugalexpo2020dubai.pt\\\/#organization\"},\"image\":{\"@id\":\"https:\\\/\\\/portugalexpo2020dubai.pt\\\/index.php\\\/2022\\\/01\\\/29\\\/reveja-as-visitas-oficiais-ao-pavilhao-de-portugal-em-janeiro\\\/?lang=pt-pt#primaryimage\"},\"thumbnailUrl\":\"https:\\\/\\\/portugalexpo2020dubai.pt\\\/wp-content\\\/uploads\\\/2022\\\/01\\\/4fe572c5-6001-4886-a8c5-b80c6fb21c85-1-e1643475984772.jpg\",\"articleSection\":[\"Not\u00edcias\"],\"inLanguage\":\"en-US\"},{\"@type\":\"WebPage\",\"@id\":\"https:\\\/\\\/portugalexpo2020dubai.pt\\\/index.php\\\/2022\\\/01\\\/29\\\/reveja-as-visitas-oficiais-ao-pavilhao-de-portugal-em-janeiro\\\/?lang=pt-pt\",\"url\":\"https:\\\/\\\/portugalexpo2020dubai.pt\\\/index.php\\\/2022\\\/01\\\/29\\\/reveja-as-visitas-oficiais-ao-pavilhao-de-portugal-em-janeiro\\\/?lang=pt-pt\",\"name\":\"Reveja as visitas oficiais ao Pavilh\u00e3o de Portugal em Janeiro - Portugal Expo 2020 Dubai\",\"isPartOf\":{\"@id\":\"https:\\\/\\\/portugalexpo2020dubai.pt\\\/#website\"},\"primaryImageOfPage\":{\"@id\":\"https:\\\/\\\/portugalexpo2020dubai.pt\\\/index.php\\\/2022\\\/01\\\/29\\\/reveja-as-visitas-oficiais-ao-pavilhao-de-portugal-em-janeiro\\\/?lang=pt-pt#primaryimage\"},\"image\":{\"@id\":\"https:\\\/\\\/portugalexpo2020dubai.pt\\\/index.php\\\/2022\\\/01\\\/29\\\/reveja-as-visitas-oficiais-ao-pavilhao-de-portugal-em-janeiro\\\/?lang=pt-pt#primaryimage\"},\"thumbnailUrl\":\"https:\\\/\\\/portugalexpo2020dubai.pt\\\/wp-content\\\/uploads\\\/2022\\\/01\\\/4fe572c5-6001-4886-a8c5-b80c6fb21c85-1-e1643475984772.jpg\",\"datePublished\":\"2022-01-29T13:49:41+00:00\",\"dateModified\":\"2022-01-29T17:07:10+00:00\",\"description\":\"Reunimos as imagens das visitas oficiais de Janeiro - percorra a galeria para descobrir quem recebemos este m\u00eas no Pavilh\u00e3o de Portugal!\",\"breadcrumb\":{\"@id\":\"https:\\\/\\\/portugalexpo2020dubai.pt\\\/index.php\\\/2022\\\/01\\\/29\\\/reveja-as-visitas-oficiais-ao-pavilhao-de-portugal-em-janeiro\\\/?lang=pt-pt#breadcrumb\"},\"inLanguage\":\"en-US\",\"potentialAction\":[{\"@type\":\"ReadAction\",\"target\":[\"https:\\\/\\\/portugalexpo2020dubai.pt\\\/index.php\\\/2022\\\/01\\\/29\\\/reveja-as-visitas-oficiais-ao-pavilhao-de-portugal-em-janeiro\\\/?lang=pt-pt\"]}]},{\"@type\":\"ImageObject\",\"inLanguage\":\"en-US\",\"@id\":\"https:\\\/\\\/portugalexpo2020dubai.pt\\\/index.php\\\/2022\\\/01\\\/29\\\/reveja-as-visitas-oficiais-ao-pavilhao-de-portugal-em-janeiro\\\/?lang=pt-pt#primaryimage\",\"url\":\"https:\\\/\\\/portugalexpo2020dubai.pt\\\/wp-content\\\/uploads\\\/2022\\\/01\\\/4fe572c5-6001-4886-a8c5-b80c6fb21c85-1-e1643475984772.jpg\",\"contentUrl\":\"https:\\\/\\\/portugalexpo2020dubai.pt\\\/wp-content\\\/uploads\\\/2022\\\/01\\\/4fe572c5-6001-4886-a8c5-b80c6fb21c85-1-e1643475984772.jpg\",\"width\":1800,\"height\":1200},{\"@type\":\"BreadcrumbList\",\"@id\":\"https:\\\/\\\/portugalexpo2020dubai.pt\\\/index.php\\\/2022\\\/01\\\/29\\\/reveja-as-visitas-oficiais-ao-pavilhao-de-portugal-em-janeiro\\\/?lang=pt-pt#breadcrumb\",\"itemListElement\":[{\"@type\":\"ListItem\",\"position\":1,\"name\":\"Home\",\"item\":\"https:\\\/\\\/portugalexpo2020dubai.pt\\\/\"},{\"@type\":\"ListItem\",\"position\":2,\"name\":\"Reveja as visitas oficiais ao Pavilh\u00e3o de Portugal em Janeiro\"}]},{\"@type\":\"WebSite\",\"@id\":\"https:\\\/\\\/portugalexpo2020dubai.pt\\\/#website\",\"url\":\"https:\\\/\\\/portugalexpo2020dubai.pt\\\/\",\"name\":\"Portugal Expo 2020 Dubai\",\"description\":\"Portugal Expo 2020 Dubai\",\"publisher\":{\"@id\":\"https:\\\/\\\/portugalexpo2020dubai.pt\\\/#organization\"},\"potentialAction\":[{\"@type\":\"SearchAction\",\"target\":{\"@type\":\"EntryPoint\",\"urlTemplate\":\"https:\\\/\\\/portugalexpo2020dubai.pt\\\/?s={search_term_string}\"},\"query-input\":{\"@type\":\"PropertyValueSpecification\",\"valueRequired\":true,\"valueName\":\"search_term_string\"}}],\"inLanguage\":\"en-US\"},{\"@type\":\"Organization\",\"@id\":\"https:\\\/\\\/portugalexpo2020dubai.pt\\\/#organization\",\"name\":\"Portugal Expo 2020 Dubai\",\"url\":\"https:\\\/\\\/portugalexpo2020dubai.pt\\\/\",\"logo\":{\"@type\":\"ImageObject\",\"inLanguage\":\"en-US\",\"@id\":\"https:\\\/\\\/portugalexpo2020dubai.pt\\\/#\\\/schema\\\/logo\\\/image\\\/\",\"url\":\"https:\\\/\\\/portugalexpo2020dubai.pt\\\/wp-content\\\/uploads\\\/2021\\\/09\\\/logo_aicep.png\",\"contentUrl\":\"https:\\\/\\\/portugalexpo2020dubai.pt\\\/wp-content\\\/uploads\\\/2021\\\/09\\\/logo_aicep.png\",\"width\":830,\"height\":200,\"caption\":\"Portugal Expo 2020 Dubai\"},\"image\":{\"@id\":\"https:\\\/\\\/portugalexpo2020dubai.pt\\\/#\\\/schema\\\/logo\\\/image\\\/\"},\"sameAs\":[\"https:\\\/\\\/www.facebook.com\\\/portugalexpo2020\",\"https:\\\/\\\/x.com\\\/PTexpo2020\",\"https:\\\/\\\/www.instagram.com\\\/portugalexpo2020\\\/\"]},{\"@type\":\"Person\",\"@id\":\"https:\\\/\\\/portugalexpo2020dubai.pt\\\/#\\\/schema\\\/person\\\/b3a886f492d6f9451dd81753e22488f9\",\"name\":\"Catarina Beija\",\"image\":{\"@type\":\"ImageObject\",\"inLanguage\":\"en-US\",\"@id\":\"https:\\\/\\\/secure.gravatar.com\\\/avatar\\\/4c9f1d7d0df92294044bdecb88b912257abbbac65d788bc499eb2cceb120941a?s=96&d=mm&r=g\",\"url\":\"https:\\\/\\\/secure.gravatar.com\\\/avatar\\\/4c9f1d7d0df92294044bdecb88b912257abbbac65d788bc499eb2cceb120941a?s=96&d=mm&r=g\",\"contentUrl\":\"https:\\\/\\\/secure.gravatar.com\\\/avatar\\\/4c9f1d7d0df92294044bdecb88b912257abbbac65d788bc499eb2cceb120941a?s=96&d=mm&r=g\",\"caption\":\"Catarina Beija\"},\"url\":\"https:\\\/\\\/portugalexpo2020dubai.pt\\\/index.php\\\/author\\\/catarina-beijaportugalglobal-pt\\\/\"}]}<\/script>\n<!-- \/ Yoast SEO plugin. -->","yoast_head_json":{"title":"Reveja as visitas oficiais ao Pavilh\u00e3o de Portugal em Janeiro - Portugal Expo 2020 Dubai","description":"Reunimos as imagens das visitas oficiais de Janeiro - percorra a galeria para descobrir quem recebemos este m\u00eas no Pavilh\u00e3o de Portugal!","robots":{"index":"index","follow":"follow","max-snippet":"max-snippet:-1","max-image-preview":"max-image-preview:large","max-video-preview":"max-video-preview:-1"},"canonical":"https:\/\/portugalexpo2020dubai.pt\/index.php\/2022\/01\/29\/reveja-as-visitas-oficiais-ao-pavilhao-de-portugal-em-janeiro\/","og_locale":"en_US","og_type":"article","og_title":"Reveja as visitas oficiais ao Pavilh\u00e3o de Portugal em Janeiro - Portugal Expo 2020 Dubai","og_description":"Reunimos as imagens das visitas oficiais de Janeiro - percorra a galeria para descobrir quem recebemos este m\u00eas no Pavilh\u00e3o de Portugal!","og_url":"https:\/\/portugalexpo2020dubai.pt\/index.php\/2022\/01\/29\/reveja-as-visitas-oficiais-ao-pavilhao-de-portugal-em-janeiro\/?lang=pt-pt","og_site_name":"Portugal Expo 2020 Dubai","article_publisher":"https:\/\/www.facebook.com\/portugalexpo2020","article_published_time":"2022-01-29T13:49:41+00:00","article_modified_time":"2022-01-29T17:07:10+00:00","og_image":[{"width":1800,"height":1200,"url":"https:\/\/portugalexpo2020dubai.pt\/wp-content\/uploads\/2022\/01\/4fe572c5-6001-4886-a8c5-b80c6fb21c85-1-e1643475984772.jpg","type":"image\/jpeg"}],"author":"Catarina Beija","twitter_card":"summary_large_image","twitter_creator":"@PTexpo2020","twitter_site":"@PTexpo2020","twitter_misc":{"Written by":"Catarina Beija","Est. reading time":"2 minutes"},"schema":{"@context":"https:\/\/schema.org","@graph":[{"@type":"Article","@id":"https:\/\/portugalexpo2020dubai.pt\/index.php\/2022\/01\/29\/reveja-as-visitas-oficiais-ao-pavilhao-de-portugal-em-janeiro\/?lang=pt-pt#article","isPartOf":{"@id":"https:\/\/portugalexpo2020dubai.pt\/index.php\/2022\/01\/29\/reveja-as-visitas-oficiais-ao-pavilhao-de-portugal-em-janeiro\/?lang=pt-pt"},"author":{"name":"Catarina Beija","@id":"https:\/\/portugalexpo2020dubai.pt\/#\/schema\/person\/b3a886f492d6f9451dd81753e22488f9"},"headline":"Reveja as visitas oficiais ao Pavilh\u00e3o de Portugal em Janeiro","datePublished":"2022-01-29T13:49:41+00:00","dateModified":"2022-01-29T17:07:10+00:00","mainEntityOfPage":{"@id":"https:\/\/portugalexpo2020dubai.pt\/index.php\/2022\/01\/29\/reveja-as-visitas-oficiais-ao-pavilhao-de-portugal-em-janeiro\/?lang=pt-pt"},"wordCount":189,"publisher":{"@id":"https:\/\/portugalexpo2020dubai.pt\/#organization"},"image":{"@id":"https:\/\/portugalexpo2020dubai.pt\/index.php\/2022\/01\/29\/reveja-as-visitas-oficiais-ao-pavilhao-de-portugal-em-janeiro\/?lang=pt-pt#primaryimage"},"thumbnailUrl":"https:\/\/portugalexpo2020dubai.pt\/wp-content\/uploads\/2022\/01\/4fe572c5-6001-4886-a8c5-b80c6fb21c85-1-e1643475984772.jpg","articleSection":["Not\u00edcias"],"inLanguage":"en-US"},{"@type":"WebPage","@id":"https:\/\/portugalexpo2020dubai.pt\/index.php\/2022\/01\/29\/reveja-as-visitas-oficiais-ao-pavilhao-de-portugal-em-janeiro\/?lang=pt-pt","url":"https:\/\/portugalexpo2020dubai.pt\/index.php\/2022\/01\/29\/reveja-as-visitas-oficiais-ao-pavilhao-de-portugal-em-janeiro\/?lang=pt-pt","name":"Reveja as visitas oficiais ao Pavilh\u00e3o de Portugal em Janeiro - Portugal Expo 2020 Dubai","isPartOf":{"@id":"https:\/\/portugalexpo2020dubai.pt\/#website"},"primaryImageOfPage":{"@id":"https:\/\/portugalexpo2020dubai.pt\/index.php\/2022\/01\/29\/reveja-as-visitas-oficiais-ao-pavilhao-de-portugal-em-janeiro\/?lang=pt-pt#primaryimage"},"image":{"@id":"https:\/\/portugalexpo2020dubai.pt\/index.php\/2022\/01\/29\/reveja-as-visitas-oficiais-ao-pavilhao-de-portugal-em-janeiro\/?lang=pt-pt#primaryimage"},"thumbnailUrl":"https:\/\/portugalexpo2020dubai.pt\/wp-content\/uploads\/2022\/01\/4fe572c5-6001-4886-a8c5-b80c6fb21c85-1-e1643475984772.jpg","datePublished":"2022-01-29T13:49:41+00:00","dateModified":"2022-01-29T17:07:10+00:00","description":"Reunimos as imagens das visitas oficiais de Janeiro - percorra a galeria para descobrir quem recebemos este m\u00eas no Pavilh\u00e3o de Portugal!","breadcrumb":{"@id":"https:\/\/portugalexpo2020dubai.pt\/index.php\/2022\/01\/29\/reveja-as-visitas-oficiais-ao-pavilhao-de-portugal-em-janeiro\/?lang=pt-pt#breadcrumb"},"inLanguage":"en-US","potentialAction":[{"@type":"ReadAction","target":["https:\/\/portugalexpo2020dubai.pt\/index.php\/2022\/01\/29\/reveja-as-visitas-oficiais-ao-pavilhao-de-portugal-em-janeiro\/?lang=pt-pt"]}]},{"@type":"ImageObject","inLanguage":"en-US","@id":"https:\/\/portugalexpo2020dubai.pt\/index.php\/2022\/01\/29\/reveja-as-visitas-oficiais-ao-pavilhao-de-portugal-em-janeiro\/?lang=pt-pt#primaryimage","url":"https:\/\/portugalexpo2020dubai.pt\/wp-content\/uploads\/2022\/01\/4fe572c5-6001-4886-a8c5-b80c6fb21c85-1-e1643475984772.jpg","contentUrl":"https:\/\/portugalexpo2020dubai.pt\/wp-content\/uploads\/2022\/01\/4fe572c5-6001-4886-a8c5-b80c6fb21c85-1-e1643475984772.jpg","width":1800,"height":1200},{"@type":"BreadcrumbList","@id":"https:\/\/portugalexpo2020dubai.pt\/index.php\/2022\/01\/29\/reveja-as-visitas-oficiais-ao-pavilhao-de-portugal-em-janeiro\/?lang=pt-pt#breadcrumb","itemListElement":[{"@type":"ListItem","position":1,"name":"Home","item":"https:\/\/portugalexpo2020dubai.pt\/"},{"@type":"ListItem","position":2,"name":"Reveja as visitas oficiais ao Pavilh\u00e3o de Portugal em Janeiro"}]},{"@type":"WebSite","@id":"https:\/\/portugalexpo2020dubai.pt\/#website","url":"https:\/\/portugalexpo2020dubai.pt\/","name":"Portugal Expo 2020 Dubai","description":"Portugal Expo 2020 Dubai","publisher":{"@id":"https:\/\/portugalexpo2020dubai.pt\/#organization"},"potentialAction":[{"@type":"SearchAction","target":{"@type":"EntryPoint","urlTemplate":"https:\/\/portugalexpo2020dubai.pt\/?s={search_term_string}"},"query-input":{"@type":"PropertyValueSpecification","valueRequired":true,"valueName":"search_term_string"}}],"inLanguage":"en-US"},{"@type":"Organization","@id":"https:\/\/portugalexpo2020dubai.pt\/#organization","name":"Portugal Expo 2020 Dubai","url":"https:\/\/portugalexpo2020dubai.pt\/","logo":{"@type":"ImageObject","inLanguage":"en-US","@id":"https:\/\/portugalexpo2020dubai.pt\/#\/schema\/logo\/image\/","url":"https:\/\/portugalexpo2020dubai.pt\/wp-content\/uploads\/2021\/09\/logo_aicep.png","contentUrl":"https:\/\/portugalexpo2020dubai.pt\/wp-content\/uploads\/2021\/09\/logo_aicep.png","width":830,"height":200,"caption":"Portugal Expo 2020 Dubai"},"image":{"@id":"https:\/\/portugalexpo2020dubai.pt\/#\/schema\/logo\/image\/"},"sameAs":["https:\/\/www.facebook.com\/portugalexpo2020","https:\/\/x.com\/PTexpo2020","https:\/\/www.instagram.com\/portugalexpo2020\/"]},{"@type":"Person","@id":"https:\/\/portugalexpo2020dubai.pt\/#\/schema\/person\/b3a886f492d6f9451dd81753e22488f9","name":"Catarina Beija","image":{"@type":"ImageObject","inLanguage":"en-US","@id":"https:\/\/secure.gravatar.com\/avatar\/4c9f1d7d0df92294044bdecb88b912257abbbac65d788bc499eb2cceb120941a?s=96&d=mm&r=g","url":"https:\/\/secure.gravatar.com\/avatar\/4c9f1d7d0df92294044bdecb88b912257abbbac65d788bc499eb2cceb120941a?s=96&d=mm&r=g","contentUrl":"https:\/\/secure.gravatar.com\/avatar\/4c9f1d7d0df92294044bdecb88b912257abbbac65d788bc499eb2cceb120941a?s=96&d=mm&r=g","caption":"Catarina Beija"},"url":"https:\/\/portugalexpo2020dubai.pt\/index.php\/author\/catarina-beijaportugalglobal-pt\/"}]}},"cc_featured_image_caption":{"caption_text":"","source_text":"","source_url":""},"_links":{"self":[{"href":"https:\/\/portugalexpo2020dubai.pt\/index.php\/wp-json\/wp\/v2\/posts\/8540","targetHints":{"allow":["GET"]}}],"collection":[{"href":"https:\/\/portugalexpo2020dubai.pt\/index.php\/wp-json\/wp\/v2\/posts"}],"about":[{"href":"https:\/\/portugalexpo2020dubai.pt\/index.php\/wp-json\/wp\/v2\/types\/post"}],"author":[{"embeddable":true,"href":"https:\/\/portugalexpo2020dubai.pt\/index.php\/wp-json\/wp\/v2\/users\/2"}],"replies":[{"embeddable":true,"href":"https:\/\/portugalexpo2020dubai.pt\/index.php\/wp-json\/wp\/v2\/comments?post=8540"}],"version-history":[{"count":4,"href":"https:\/\/portugalexpo2020dubai.pt\/index.php\/wp-json\/wp\/v2\/posts\/8540\/revisions"}],"predecessor-version":[{"id":8572,"href":"https:\/\/portugalexpo2020dubai.pt\/index.php\/wp-json\/wp\/v2\/posts\/8540\/revisions\/8572"}],"wp:featuredmedia":[{"embeddable":true,"href":"https:\/\/portugalexpo2020dubai.pt\/index.php\/wp-json\/wp\/v2\/media\/8570"}],"wp:attachment":[{"href":"https:\/\/portugalexpo2020dubai.pt\/index.php\/wp-json\/wp\/v2\/media?parent=8540"}],"wp:term":[{"taxonomy":"category","embeddable":true,"href":"https:\/\/portugalexpo2020dubai.pt\/index.php\/wp-json\/wp\/v2\/categories?post=8540"},{"taxonomy":"post_tag","embeddable":true,"href":"https:\/\/portugalexpo2020dubai.pt\/index.php\/wp-json\/wp\/v2\/tags?post=8540"}],"curies":[{"name":"wp","href":"https:\/\/api.w.org\/{rel}","templated":true}]}}