{"id":8472,"date":"2022-01-28T16:46:18","date_gmt":"2022-01-28T16:46:18","guid":{"rendered":"https:\/\/portugalexpo2020dubai.pt\/?p=8472"},"modified":"2022-01-28T16:55:26","modified_gmt":"2022-01-28T16:55:26","slug":"cristiano-ronaldo-recebido-por-multidao-de-fas-na-expo-2020-dubai","status":"publish","type":"post","link":"https:\/\/portugalexpo2020dubai.pt\/index.php\/2022\/01\/28\/cristiano-ronaldo-recebido-por-multidao-de-fas-na-expo-2020-dubai\/?lang=pt-pt","title":{"rendered":"Cristiano Ronaldo recebido por multid\u00e3o de f\u00e3s na Expo 2020 Dubai"},"content":{"rendered":"<p>[vc_row][vc_column][vc_empty_space height=&#8221;50px&#8221;][vc_column_text]<\/p>\n<div>\n<p><strong>Cristiano Ronaldo marcou presen\u00e7a na Expo 2020 Dubai esta sexta-feira, dia 28 de janeiro, onde falou para uma plateia euf\u00f3rica sobre a sua carreira, a tecnologia e o cuidado com a sa\u00fade f\u00edsica e mental.<\/strong><\/p>\n<\/div>\n<div>\n<p>&nbsp;<\/p>\n<p>O craque portugu\u00eas da Sele\u00e7\u00e3o Nacional e avan\u00e7ado do Manchester United reuniu milhares de f\u00e3s na pra\u00e7a central do recinto, Al Wasl Plaza, onde participou numa sess\u00e3o de Q&amp;A no \u00e2mbito da semana tem\u00e1tica da S\u00e1ude e Bem-Estar, organizada pela Expo.<\/p>\n<p>&nbsp;<\/p>\n<p>\u201c<em>A sa\u00fade \u00e9 o mais importante e [n\u00f3s] temos de cuidar do nosso corpo, da nossa mente&#8230;independentemente de culturas e religi\u00f5es, somos todos iguais. Em breve fa\u00e7o 37 anos e continuo a jogar [&#8230;] n\u00e3o importa a idade, importa a forma como alimentamos o corpo e a mente<\/em>\u201d, disse o internacional portugu\u00eas.<\/p>\n<p>&nbsp;<\/p>\n<p>Ronaldo deixou ainda rasgados elogios \u00e0 Expo 2020 e ao pa\u00eds anfitri\u00e3o, dizendo que o Dubai \u201cfaz um trabalho inacredit\u00e1vel\u201d ao cruzar todo o tipo de culturas e mentalidades num evento que re\u00fane 192 pa\u00edses.<\/p>\n<p>&nbsp;<\/p>\n<p>Dirigindo-se aos f\u00e3s, o jogador agradeceu a rece\u00e7\u00e3o calorosa e o apoio que t\u00eam prestado ao longo dos seus 20 anos de carreira: \u201c<em>O que vou dizer vem do fundo do meu cora\u00e7\u00e3o\u2026 voc\u00eas s\u00e3o a minha motiva\u00e7\u00e3o para continuar a jogar futebol. Sem voc\u00eas, o futebol n\u00e3o seria o mesmo [&#8230;] s\u00f3 de sentir o vosso carinho, motiva\u00e7\u00e3o e amor, deixa-me muito orgulhoso<\/em>\u201d.<\/p>\n<p>&nbsp;<\/p>\n<p>Considerado um dos maiores s\u00edmbolos de Portugal e um dos melhores futebolistas do Mundo, Ronaldo \u00e9 o primeiro jogador de sempre com mais de 800 golos oficiais na carreira, ao servi\u00e7o dos clubes e da Sele\u00e7\u00e3o Nacional.\u00a0Prestes a completar 37 anos, \u00e9 vencedor de cinco Bolas de Ouro, cinco t\u00edtulos da UEFA Champions League \u2013 quatro com o Real Madrid e um com o Manchester United \u2013 e j\u00e1 competiu em quatro Mundiais e cinco Europeus, tendo liderado Portugal \u00e0 vit\u00f3ria no Euro 2016.<\/p>\n<\/div>\n<p>[\/vc_column_text][vc_empty_space height=&#8221;50px&#8221;][vc_media_grid style=&#8221;pagination&#8221; items_per_page=&#8221;1&#8243; element_width=&#8221;12&#8243; gap=&#8221;10&#8243; arrows_design=&#8221;vc_arrow-icon-arrow_01_left&#8221; arrows_position=&#8221;outside&#8221; arrows_color=&#8221;sandy_brown&#8221; paging_design=&#8221;point_dots&#8221; item=&#8221;masonryMedia_SlideWithTitleAndCaption&#8221; grid_id=&#8221;vc_gid:1643388382103-989430d1-c23c-8&#8243; include=&#8221;8503,8487,8475,8497,8505,8509,8511,8507,8481,8513,8499,8515&#8243;][vc_empty_space height=&#8221;50px&#8221;][\/vc_column][\/vc_row]<\/p>\n","protected":false},"excerpt":{"rendered":"<p>Cristiano Ronaldo marcou presen\u00e7a na Expo 2020 Dubai esta sexta-feira, dia 28 de janeiro, onde falou para uma plateia euf\u00f3rica sobre a sua carreira, a tecnologia e o cuidado com a sa\u00fade f\u00edsica e mental.<\/p>\n","protected":false},"author":2,"featured_media":8479,"comment_status":"closed","ping_status":"closed","sticky":false,"template":"","format":"standard","meta":{"_monsterinsights_skip_tracking":false,"_monsterinsights_sitenote_active":false,"_monsterinsights_sitenote_note":"","_monsterinsights_sitenote_category":0,"footnotes":""},"categories":[71],"tags":[],"class_list":["post-8472","post","type-post","status-publish","format-standard","has-post-thumbnail","hentry","category-news-pt-pt"],"yoast_head":"<!-- This site is optimized with the Yoast SEO plugin v27.5 - https:\/\/yoast.com\/product\/yoast-seo-wordpress\/ -->\n<title>Cristiano Ronaldo recebido por multid\u00e3o de f\u00e3s na Expo 2020 Dubai - Portugal Expo 2020 Dubai<\/title>\n<meta name=\"description\" content=\"Cristiano Ronaldo marcou presen\u00e7a na Expo 2020 Dubai esta sexta-feira, dia 28 de janeiro, onde falou para uma plateia euf\u00f3rica sobre a sua carreira, a tecnologia e o cuidado com a sa\u00fade f\u00edsica e mental.\" \/>\n<meta name=\"robots\" content=\"index, follow, max-snippet:-1, max-image-preview:large, max-video-preview:-1\" \/>\n<link rel=\"canonical\" href=\"https:\/\/portugalexpo2020dubai.pt\/index.php\/2022\/01\/28\/cristiano-ronaldo-recebido-por-multidao-de-fas-na-expo-2020-dubai\/\" \/>\n<meta property=\"og:locale\" content=\"en_US\" \/>\n<meta property=\"og:type\" content=\"article\" \/>\n<meta property=\"og:title\" content=\"Cristiano Ronaldo recebido por multid\u00e3o de f\u00e3s na Expo 2020 Dubai - Portugal Expo 2020 Dubai\" \/>\n<meta property=\"og:description\" content=\"Cristiano Ronaldo marcou presen\u00e7a na Expo 2020 Dubai esta sexta-feira, dia 28 de janeiro, onde falou para uma plateia euf\u00f3rica sobre a sua carreira, a tecnologia e o cuidado com a sa\u00fade f\u00edsica e mental.\" \/>\n<meta property=\"og:url\" content=\"https:\/\/portugalexpo2020dubai.pt\/index.php\/2022\/01\/28\/cristiano-ronaldo-recebido-por-multidao-de-fas-na-expo-2020-dubai\/?lang=pt-pt\" \/>\n<meta property=\"og:site_name\" content=\"Portugal Expo 2020 Dubai\" \/>\n<meta property=\"article:publisher\" content=\"https:\/\/www.facebook.com\/portugalexpo2020\" \/>\n<meta property=\"article:published_time\" content=\"2022-01-28T16:46:18+00:00\" \/>\n<meta property=\"article:modified_time\" content=\"2022-01-28T16:55:26+00:00\" \/>\n<meta property=\"og:image\" content=\"https:\/\/portugalexpo2020dubai.pt\/wp-content\/uploads\/2022\/01\/Cristiano-Ronaldo-Portugal-international-and-Manchester-United-forward-footballer-at-Al-Wasl_m39424-scaled.jpg\" \/>\n\t<meta property=\"og:image:width\" content=\"2560\" \/>\n\t<meta property=\"og:image:height\" content=\"1708\" \/>\n\t<meta property=\"og:image:type\" content=\"image\/jpeg\" \/>\n<meta name=\"author\" content=\"Catarina Beija\" \/>\n<meta name=\"twitter:card\" content=\"summary_large_image\" \/>\n<meta name=\"twitter:creator\" content=\"@PTexpo2020\" \/>\n<meta name=\"twitter:site\" content=\"@PTexpo2020\" \/>\n<meta name=\"twitter:label1\" content=\"Written by\" \/>\n\t<meta name=\"twitter:data1\" content=\"Catarina Beija\" \/>\n\t<meta name=\"twitter:label2\" content=\"Est. reading time\" \/>\n\t<meta name=\"twitter:data2\" content=\"2 minutes\" \/>\n<script type=\"application\/ld+json\" class=\"yoast-schema-graph\">{\"@context\":\"https:\\\/\\\/schema.org\",\"@graph\":[{\"@type\":\"Article\",\"@id\":\"https:\\\/\\\/portugalexpo2020dubai.pt\\\/index.php\\\/2022\\\/01\\\/28\\\/cristiano-ronaldo-recebido-por-multidao-de-fas-na-expo-2020-dubai\\\/?lang=pt-pt#article\",\"isPartOf\":{\"@id\":\"https:\\\/\\\/portugalexpo2020dubai.pt\\\/index.php\\\/2022\\\/01\\\/28\\\/cristiano-ronaldo-recebido-por-multidao-de-fas-na-expo-2020-dubai\\\/?lang=pt-pt\"},\"author\":{\"name\":\"Catarina Beija\",\"@id\":\"https:\\\/\\\/portugalexpo2020dubai.pt\\\/#\\\/schema\\\/person\\\/b3a886f492d6f9451dd81753e22488f9\"},\"headline\":\"Cristiano Ronaldo recebido por multid\u00e3o de f\u00e3s na Expo 2020 Dubai\",\"datePublished\":\"2022-01-28T16:46:18+00:00\",\"dateModified\":\"2022-01-28T16:55:26+00:00\",\"mainEntityOfPage\":{\"@id\":\"https:\\\/\\\/portugalexpo2020dubai.pt\\\/index.php\\\/2022\\\/01\\\/28\\\/cristiano-ronaldo-recebido-por-multidao-de-fas-na-expo-2020-dubai\\\/?lang=pt-pt\"},\"wordCount\":420,\"publisher\":{\"@id\":\"https:\\\/\\\/portugalexpo2020dubai.pt\\\/#organization\"},\"image\":{\"@id\":\"https:\\\/\\\/portugalexpo2020dubai.pt\\\/index.php\\\/2022\\\/01\\\/28\\\/cristiano-ronaldo-recebido-por-multidao-de-fas-na-expo-2020-dubai\\\/?lang=pt-pt#primaryimage\"},\"thumbnailUrl\":\"https:\\\/\\\/portugalexpo2020dubai.pt\\\/wp-content\\\/uploads\\\/2022\\\/01\\\/Cristiano-Ronaldo-Portugal-international-and-Manchester-United-forward-footballer-at-Al-Wasl_m39424-scaled.jpg\",\"articleSection\":[\"Not\u00edcias\"],\"inLanguage\":\"en-US\"},{\"@type\":\"WebPage\",\"@id\":\"https:\\\/\\\/portugalexpo2020dubai.pt\\\/index.php\\\/2022\\\/01\\\/28\\\/cristiano-ronaldo-recebido-por-multidao-de-fas-na-expo-2020-dubai\\\/?lang=pt-pt\",\"url\":\"https:\\\/\\\/portugalexpo2020dubai.pt\\\/index.php\\\/2022\\\/01\\\/28\\\/cristiano-ronaldo-recebido-por-multidao-de-fas-na-expo-2020-dubai\\\/?lang=pt-pt\",\"name\":\"Cristiano Ronaldo recebido por multid\u00e3o de f\u00e3s na Expo 2020 Dubai - Portugal Expo 2020 Dubai\",\"isPartOf\":{\"@id\":\"https:\\\/\\\/portugalexpo2020dubai.pt\\\/#website\"},\"primaryImageOfPage\":{\"@id\":\"https:\\\/\\\/portugalexpo2020dubai.pt\\\/index.php\\\/2022\\\/01\\\/28\\\/cristiano-ronaldo-recebido-por-multidao-de-fas-na-expo-2020-dubai\\\/?lang=pt-pt#primaryimage\"},\"image\":{\"@id\":\"https:\\\/\\\/portugalexpo2020dubai.pt\\\/index.php\\\/2022\\\/01\\\/28\\\/cristiano-ronaldo-recebido-por-multidao-de-fas-na-expo-2020-dubai\\\/?lang=pt-pt#primaryimage\"},\"thumbnailUrl\":\"https:\\\/\\\/portugalexpo2020dubai.pt\\\/wp-content\\\/uploads\\\/2022\\\/01\\\/Cristiano-Ronaldo-Portugal-international-and-Manchester-United-forward-footballer-at-Al-Wasl_m39424-scaled.jpg\",\"datePublished\":\"2022-01-28T16:46:18+00:00\",\"dateModified\":\"2022-01-28T16:55:26+00:00\",\"description\":\"Cristiano Ronaldo marcou presen\u00e7a na Expo 2020 Dubai esta sexta-feira, dia 28 de janeiro, onde falou para uma plateia euf\u00f3rica sobre a sua carreira, a tecnologia e o cuidado com a sa\u00fade f\u00edsica e mental.\",\"breadcrumb\":{\"@id\":\"https:\\\/\\\/portugalexpo2020dubai.pt\\\/index.php\\\/2022\\\/01\\\/28\\\/cristiano-ronaldo-recebido-por-multidao-de-fas-na-expo-2020-dubai\\\/?lang=pt-pt#breadcrumb\"},\"inLanguage\":\"en-US\",\"potentialAction\":[{\"@type\":\"ReadAction\",\"target\":[\"https:\\\/\\\/portugalexpo2020dubai.pt\\\/index.php\\\/2022\\\/01\\\/28\\\/cristiano-ronaldo-recebido-por-multidao-de-fas-na-expo-2020-dubai\\\/?lang=pt-pt\"]}]},{\"@type\":\"ImageObject\",\"inLanguage\":\"en-US\",\"@id\":\"https:\\\/\\\/portugalexpo2020dubai.pt\\\/index.php\\\/2022\\\/01\\\/28\\\/cristiano-ronaldo-recebido-por-multidao-de-fas-na-expo-2020-dubai\\\/?lang=pt-pt#primaryimage\",\"url\":\"https:\\\/\\\/portugalexpo2020dubai.pt\\\/wp-content\\\/uploads\\\/2022\\\/01\\\/Cristiano-Ronaldo-Portugal-international-and-Manchester-United-forward-footballer-at-Al-Wasl_m39424-scaled.jpg\",\"contentUrl\":\"https:\\\/\\\/portugalexpo2020dubai.pt\\\/wp-content\\\/uploads\\\/2022\\\/01\\\/Cristiano-Ronaldo-Portugal-international-and-Manchester-United-forward-footballer-at-Al-Wasl_m39424-scaled.jpg\",\"width\":2560,\"height\":1708,\"caption\":\"DUBAI, 28 January 2022. Cristiano Ronaldo, Portugal international and Manchester United forward footballer at Al Wasl, Expo 2020 Dubai. (Photo by Christopher Pike\\\/Expo 2020 Dubai)\"},{\"@type\":\"BreadcrumbList\",\"@id\":\"https:\\\/\\\/portugalexpo2020dubai.pt\\\/index.php\\\/2022\\\/01\\\/28\\\/cristiano-ronaldo-recebido-por-multidao-de-fas-na-expo-2020-dubai\\\/?lang=pt-pt#breadcrumb\",\"itemListElement\":[{\"@type\":\"ListItem\",\"position\":1,\"name\":\"Home\",\"item\":\"https:\\\/\\\/portugalexpo2020dubai.pt\\\/\"},{\"@type\":\"ListItem\",\"position\":2,\"name\":\"Cristiano Ronaldo recebido por multid\u00e3o de f\u00e3s na Expo 2020 Dubai\"}]},{\"@type\":\"WebSite\",\"@id\":\"https:\\\/\\\/portugalexpo2020dubai.pt\\\/#website\",\"url\":\"https:\\\/\\\/portugalexpo2020dubai.pt\\\/\",\"name\":\"Portugal Expo 2020 Dubai\",\"description\":\"Portugal Expo 2020 Dubai\",\"publisher\":{\"@id\":\"https:\\\/\\\/portugalexpo2020dubai.pt\\\/#organization\"},\"potentialAction\":[{\"@type\":\"SearchAction\",\"target\":{\"@type\":\"EntryPoint\",\"urlTemplate\":\"https:\\\/\\\/portugalexpo2020dubai.pt\\\/?s={search_term_string}\"},\"query-input\":{\"@type\":\"PropertyValueSpecification\",\"valueRequired\":true,\"valueName\":\"search_term_string\"}}],\"inLanguage\":\"en-US\"},{\"@type\":\"Organization\",\"@id\":\"https:\\\/\\\/portugalexpo2020dubai.pt\\\/#organization\",\"name\":\"Portugal Expo 2020 Dubai\",\"url\":\"https:\\\/\\\/portugalexpo2020dubai.pt\\\/\",\"logo\":{\"@type\":\"ImageObject\",\"inLanguage\":\"en-US\",\"@id\":\"https:\\\/\\\/portugalexpo2020dubai.pt\\\/#\\\/schema\\\/logo\\\/image\\\/\",\"url\":\"https:\\\/\\\/portugalexpo2020dubai.pt\\\/wp-content\\\/uploads\\\/2021\\\/09\\\/logo_aicep.png\",\"contentUrl\":\"https:\\\/\\\/portugalexpo2020dubai.pt\\\/wp-content\\\/uploads\\\/2021\\\/09\\\/logo_aicep.png\",\"width\":830,\"height\":200,\"caption\":\"Portugal Expo 2020 Dubai\"},\"image\":{\"@id\":\"https:\\\/\\\/portugalexpo2020dubai.pt\\\/#\\\/schema\\\/logo\\\/image\\\/\"},\"sameAs\":[\"https:\\\/\\\/www.facebook.com\\\/portugalexpo2020\",\"https:\\\/\\\/x.com\\\/PTexpo2020\",\"https:\\\/\\\/www.instagram.com\\\/portugalexpo2020\\\/\"]},{\"@type\":\"Person\",\"@id\":\"https:\\\/\\\/portugalexpo2020dubai.pt\\\/#\\\/schema\\\/person\\\/b3a886f492d6f9451dd81753e22488f9\",\"name\":\"Catarina Beija\",\"image\":{\"@type\":\"ImageObject\",\"inLanguage\":\"en-US\",\"@id\":\"https:\\\/\\\/secure.gravatar.com\\\/avatar\\\/4c9f1d7d0df92294044bdecb88b912257abbbac65d788bc499eb2cceb120941a?s=96&d=mm&r=g\",\"url\":\"https:\\\/\\\/secure.gravatar.com\\\/avatar\\\/4c9f1d7d0df92294044bdecb88b912257abbbac65d788bc499eb2cceb120941a?s=96&d=mm&r=g\",\"contentUrl\":\"https:\\\/\\\/secure.gravatar.com\\\/avatar\\\/4c9f1d7d0df92294044bdecb88b912257abbbac65d788bc499eb2cceb120941a?s=96&d=mm&r=g\",\"caption\":\"Catarina Beija\"},\"url\":\"https:\\\/\\\/portugalexpo2020dubai.pt\\\/index.php\\\/author\\\/catarina-beijaportugalglobal-pt\\\/\"}]}<\/script>\n<!-- \/ Yoast SEO plugin. -->","yoast_head_json":{"title":"Cristiano Ronaldo recebido por multid\u00e3o de f\u00e3s na Expo 2020 Dubai - Portugal Expo 2020 Dubai","description":"Cristiano Ronaldo marcou presen\u00e7a na Expo 2020 Dubai esta sexta-feira, dia 28 de janeiro, onde falou para uma plateia euf\u00f3rica sobre a sua carreira, a tecnologia e o cuidado com a sa\u00fade f\u00edsica e mental.","robots":{"index":"index","follow":"follow","max-snippet":"max-snippet:-1","max-image-preview":"max-image-preview:large","max-video-preview":"max-video-preview:-1"},"canonical":"https:\/\/portugalexpo2020dubai.pt\/index.php\/2022\/01\/28\/cristiano-ronaldo-recebido-por-multidao-de-fas-na-expo-2020-dubai\/","og_locale":"en_US","og_type":"article","og_title":"Cristiano Ronaldo recebido por multid\u00e3o de f\u00e3s na Expo 2020 Dubai - Portugal Expo 2020 Dubai","og_description":"Cristiano Ronaldo marcou presen\u00e7a na Expo 2020 Dubai esta sexta-feira, dia 28 de janeiro, onde falou para uma plateia euf\u00f3rica sobre a sua carreira, a tecnologia e o cuidado com a sa\u00fade f\u00edsica e mental.","og_url":"https:\/\/portugalexpo2020dubai.pt\/index.php\/2022\/01\/28\/cristiano-ronaldo-recebido-por-multidao-de-fas-na-expo-2020-dubai\/?lang=pt-pt","og_site_name":"Portugal Expo 2020 Dubai","article_publisher":"https:\/\/www.facebook.com\/portugalexpo2020","article_published_time":"2022-01-28T16:46:18+00:00","article_modified_time":"2022-01-28T16:55:26+00:00","og_image":[{"width":2560,"height":1708,"url":"https:\/\/portugalexpo2020dubai.pt\/wp-content\/uploads\/2022\/01\/Cristiano-Ronaldo-Portugal-international-and-Manchester-United-forward-footballer-at-Al-Wasl_m39424-scaled.jpg","type":"image\/jpeg"}],"author":"Catarina Beija","twitter_card":"summary_large_image","twitter_creator":"@PTexpo2020","twitter_site":"@PTexpo2020","twitter_misc":{"Written by":"Catarina Beija","Est. reading time":"2 minutes"},"schema":{"@context":"https:\/\/schema.org","@graph":[{"@type":"Article","@id":"https:\/\/portugalexpo2020dubai.pt\/index.php\/2022\/01\/28\/cristiano-ronaldo-recebido-por-multidao-de-fas-na-expo-2020-dubai\/?lang=pt-pt#article","isPartOf":{"@id":"https:\/\/portugalexpo2020dubai.pt\/index.php\/2022\/01\/28\/cristiano-ronaldo-recebido-por-multidao-de-fas-na-expo-2020-dubai\/?lang=pt-pt"},"author":{"name":"Catarina Beija","@id":"https:\/\/portugalexpo2020dubai.pt\/#\/schema\/person\/b3a886f492d6f9451dd81753e22488f9"},"headline":"Cristiano Ronaldo recebido por multid\u00e3o de f\u00e3s na Expo 2020 Dubai","datePublished":"2022-01-28T16:46:18+00:00","dateModified":"2022-01-28T16:55:26+00:00","mainEntityOfPage":{"@id":"https:\/\/portugalexpo2020dubai.pt\/index.php\/2022\/01\/28\/cristiano-ronaldo-recebido-por-multidao-de-fas-na-expo-2020-dubai\/?lang=pt-pt"},"wordCount":420,"publisher":{"@id":"https:\/\/portugalexpo2020dubai.pt\/#organization"},"image":{"@id":"https:\/\/portugalexpo2020dubai.pt\/index.php\/2022\/01\/28\/cristiano-ronaldo-recebido-por-multidao-de-fas-na-expo-2020-dubai\/?lang=pt-pt#primaryimage"},"thumbnailUrl":"https:\/\/portugalexpo2020dubai.pt\/wp-content\/uploads\/2022\/01\/Cristiano-Ronaldo-Portugal-international-and-Manchester-United-forward-footballer-at-Al-Wasl_m39424-scaled.jpg","articleSection":["Not\u00edcias"],"inLanguage":"en-US"},{"@type":"WebPage","@id":"https:\/\/portugalexpo2020dubai.pt\/index.php\/2022\/01\/28\/cristiano-ronaldo-recebido-por-multidao-de-fas-na-expo-2020-dubai\/?lang=pt-pt","url":"https:\/\/portugalexpo2020dubai.pt\/index.php\/2022\/01\/28\/cristiano-ronaldo-recebido-por-multidao-de-fas-na-expo-2020-dubai\/?lang=pt-pt","name":"Cristiano Ronaldo recebido por multid\u00e3o de f\u00e3s na Expo 2020 Dubai - Portugal Expo 2020 Dubai","isPartOf":{"@id":"https:\/\/portugalexpo2020dubai.pt\/#website"},"primaryImageOfPage":{"@id":"https:\/\/portugalexpo2020dubai.pt\/index.php\/2022\/01\/28\/cristiano-ronaldo-recebido-por-multidao-de-fas-na-expo-2020-dubai\/?lang=pt-pt#primaryimage"},"image":{"@id":"https:\/\/portugalexpo2020dubai.pt\/index.php\/2022\/01\/28\/cristiano-ronaldo-recebido-por-multidao-de-fas-na-expo-2020-dubai\/?lang=pt-pt#primaryimage"},"thumbnailUrl":"https:\/\/portugalexpo2020dubai.pt\/wp-content\/uploads\/2022\/01\/Cristiano-Ronaldo-Portugal-international-and-Manchester-United-forward-footballer-at-Al-Wasl_m39424-scaled.jpg","datePublished":"2022-01-28T16:46:18+00:00","dateModified":"2022-01-28T16:55:26+00:00","description":"Cristiano Ronaldo marcou presen\u00e7a na Expo 2020 Dubai esta sexta-feira, dia 28 de janeiro, onde falou para uma plateia euf\u00f3rica sobre a sua carreira, a tecnologia e o cuidado com a sa\u00fade f\u00edsica e mental.","breadcrumb":{"@id":"https:\/\/portugalexpo2020dubai.pt\/index.php\/2022\/01\/28\/cristiano-ronaldo-recebido-por-multidao-de-fas-na-expo-2020-dubai\/?lang=pt-pt#breadcrumb"},"inLanguage":"en-US","potentialAction":[{"@type":"ReadAction","target":["https:\/\/portugalexpo2020dubai.pt\/index.php\/2022\/01\/28\/cristiano-ronaldo-recebido-por-multidao-de-fas-na-expo-2020-dubai\/?lang=pt-pt"]}]},{"@type":"ImageObject","inLanguage":"en-US","@id":"https:\/\/portugalexpo2020dubai.pt\/index.php\/2022\/01\/28\/cristiano-ronaldo-recebido-por-multidao-de-fas-na-expo-2020-dubai\/?lang=pt-pt#primaryimage","url":"https:\/\/portugalexpo2020dubai.pt\/wp-content\/uploads\/2022\/01\/Cristiano-Ronaldo-Portugal-international-and-Manchester-United-forward-footballer-at-Al-Wasl_m39424-scaled.jpg","contentUrl":"https:\/\/portugalexpo2020dubai.pt\/wp-content\/uploads\/2022\/01\/Cristiano-Ronaldo-Portugal-international-and-Manchester-United-forward-footballer-at-Al-Wasl_m39424-scaled.jpg","width":2560,"height":1708,"caption":"DUBAI, 28 January 2022. Cristiano Ronaldo, Portugal international and Manchester United forward footballer at Al Wasl, Expo 2020 Dubai. (Photo by Christopher Pike\/Expo 2020 Dubai)"},{"@type":"BreadcrumbList","@id":"https:\/\/portugalexpo2020dubai.pt\/index.php\/2022\/01\/28\/cristiano-ronaldo-recebido-por-multidao-de-fas-na-expo-2020-dubai\/?lang=pt-pt#breadcrumb","itemListElement":[{"@type":"ListItem","position":1,"name":"Home","item":"https:\/\/portugalexpo2020dubai.pt\/"},{"@type":"ListItem","position":2,"name":"Cristiano Ronaldo recebido por multid\u00e3o de f\u00e3s na Expo 2020 Dubai"}]},{"@type":"WebSite","@id":"https:\/\/portugalexpo2020dubai.pt\/#website","url":"https:\/\/portugalexpo2020dubai.pt\/","name":"Portugal Expo 2020 Dubai","description":"Portugal Expo 2020 Dubai","publisher":{"@id":"https:\/\/portugalexpo2020dubai.pt\/#organization"},"potentialAction":[{"@type":"SearchAction","target":{"@type":"EntryPoint","urlTemplate":"https:\/\/portugalexpo2020dubai.pt\/?s={search_term_string}"},"query-input":{"@type":"PropertyValueSpecification","valueRequired":true,"valueName":"search_term_string"}}],"inLanguage":"en-US"},{"@type":"Organization","@id":"https:\/\/portugalexpo2020dubai.pt\/#organization","name":"Portugal Expo 2020 Dubai","url":"https:\/\/portugalexpo2020dubai.pt\/","logo":{"@type":"ImageObject","inLanguage":"en-US","@id":"https:\/\/portugalexpo2020dubai.pt\/#\/schema\/logo\/image\/","url":"https:\/\/portugalexpo2020dubai.pt\/wp-content\/uploads\/2021\/09\/logo_aicep.png","contentUrl":"https:\/\/portugalexpo2020dubai.pt\/wp-content\/uploads\/2021\/09\/logo_aicep.png","width":830,"height":200,"caption":"Portugal Expo 2020 Dubai"},"image":{"@id":"https:\/\/portugalexpo2020dubai.pt\/#\/schema\/logo\/image\/"},"sameAs":["https:\/\/www.facebook.com\/portugalexpo2020","https:\/\/x.com\/PTexpo2020","https:\/\/www.instagram.com\/portugalexpo2020\/"]},{"@type":"Person","@id":"https:\/\/portugalexpo2020dubai.pt\/#\/schema\/person\/b3a886f492d6f9451dd81753e22488f9","name":"Catarina Beija","image":{"@type":"ImageObject","inLanguage":"en-US","@id":"https:\/\/secure.gravatar.com\/avatar\/4c9f1d7d0df92294044bdecb88b912257abbbac65d788bc499eb2cceb120941a?s=96&d=mm&r=g","url":"https:\/\/secure.gravatar.com\/avatar\/4c9f1d7d0df92294044bdecb88b912257abbbac65d788bc499eb2cceb120941a?s=96&d=mm&r=g","contentUrl":"https:\/\/secure.gravatar.com\/avatar\/4c9f1d7d0df92294044bdecb88b912257abbbac65d788bc499eb2cceb120941a?s=96&d=mm&r=g","caption":"Catarina Beija"},"url":"https:\/\/portugalexpo2020dubai.pt\/index.php\/author\/catarina-beijaportugalglobal-pt\/"}]}},"cc_featured_image_caption":{"caption_text":"","source_text":"","source_url":""},"_links":{"self":[{"href":"https:\/\/portugalexpo2020dubai.pt\/index.php\/wp-json\/wp\/v2\/posts\/8472","targetHints":{"allow":["GET"]}}],"collection":[{"href":"https:\/\/portugalexpo2020dubai.pt\/index.php\/wp-json\/wp\/v2\/posts"}],"about":[{"href":"https:\/\/portugalexpo2020dubai.pt\/index.php\/wp-json\/wp\/v2\/types\/post"}],"author":[{"embeddable":true,"href":"https:\/\/portugalexpo2020dubai.pt\/index.php\/wp-json\/wp\/v2\/users\/2"}],"replies":[{"embeddable":true,"href":"https:\/\/portugalexpo2020dubai.pt\/index.php\/wp-json\/wp\/v2\/comments?post=8472"}],"version-history":[{"count":4,"href":"https:\/\/portugalexpo2020dubai.pt\/index.php\/wp-json\/wp\/v2\/posts\/8472\/revisions"}],"predecessor-version":[{"id":8523,"href":"https:\/\/portugalexpo2020dubai.pt\/index.php\/wp-json\/wp\/v2\/posts\/8472\/revisions\/8523"}],"wp:featuredmedia":[{"embeddable":true,"href":"https:\/\/portugalexpo2020dubai.pt\/index.php\/wp-json\/wp\/v2\/media\/8479"}],"wp:attachment":[{"href":"https:\/\/portugalexpo2020dubai.pt\/index.php\/wp-json\/wp\/v2\/media?parent=8472"}],"wp:term":[{"taxonomy":"category","embeddable":true,"href":"https:\/\/portugalexpo2020dubai.pt\/index.php\/wp-json\/wp\/v2\/categories?post=8472"},{"taxonomy":"post_tag","embeddable":true,"href":"https:\/\/portugalexpo2020dubai.pt\/index.php\/wp-json\/wp\/v2\/tags?post=8472"}],"curies":[{"name":"wp","href":"https:\/\/api.w.org\/{rel}","templated":true}]}}