{"id":8314,"date":"2022-01-24T12:38:00","date_gmt":"2022-01-24T12:38:00","guid":{"rendered":"https:\/\/portugalexpo2020dubai.pt\/?p=8314"},"modified":"2022-01-25T12:40:40","modified_gmt":"2022-01-25T12:40:40","slug":"dia-internacional-da-educacao-jovens-debatem-o-futuro-das-escolas-no-pavilhao-de-portugal","status":"publish","type":"post","link":"https:\/\/portugalexpo2020dubai.pt\/index.php\/2022\/01\/24\/dia-internacional-da-educacao-jovens-debatem-o-futuro-das-escolas-no-pavilhao-de-portugal\/?lang=pt-pt","title":{"rendered":"Dia Internacional da Educa\u00e7\u00e3o: jovens debatem o futuro das escolas no Pavilh\u00e3o de Portugal"},"content":{"rendered":"<p>[vc_row][vc_column][vc_empty_space height=&#8221;50px&#8221;][vc_column_text]<strong>O Pavilh\u00e3o de Portugal acolheu esta segunda-feira, dia 24 de janeiro, a quarta edi\u00e7\u00e3o do programa Next Generation World Majlis, em colabora\u00e7\u00e3o com o Expo 2020 School Programme. V\u00e1rios estudantes dos Emirados \u00c1rabes Unidos discutiram a necessidade de adaptar os sistemas educativos, as escolas e os m\u00e9todos de ensino \u00e0s novas gera\u00e7\u00f5es e \u00e0s profiss\u00f5es do futuro.<\/strong><\/p>\n<p>&nbsp;<\/p>\n<p>O painel de discuss\u00e3o \u2013 <em>A School For My Children: Notes From the Teachers and Parents of Tomorrow<\/em> \u2013 no Pavilh\u00e3o de Portugal contou com seis alunos e foi moderado por <strong>Rohan Roberts<\/strong>, diretor de Inova\u00e7\u00e3o e Aprendizagem do Futuro da GEMS Education.<\/p>\n<p>&nbsp;<\/p>\n<p><strong>Amna Almansoori<\/strong>, estudante da Emirates National School em Ras Al Khaimah, disse: \u201cN\u00e3o h\u00e1 d\u00favida de que o sistema educativo tem muito espa\u00e7o para melhorias. N\u00e3o mudamos os nossos sistemas educativos desde o s\u00e9culo XIX. Continuamos a formar pessoas de comportamento previs\u00edvel. N\u00e3o estamos a formar os pensadores inovadores que queremos.\u201d<\/p>\n<p>&nbsp;<\/p>\n<p>A Intelig\u00eancia Artificial e outras ferramentas tecnol\u00f3gicas poder\u00e3o servir as futuras escolas para que os alunos aprendam e pensem de forma mais eficiente, disse <strong>Marwa Al Ali<\/strong>, aluna da Sharjah American International School.<\/p>\n<p>&nbsp;<\/p>\n<p>Acrescentou ainda que essas ferramentas n\u00e3o v\u00e3o substituir os educadores, mas sim aprimorar os seus m\u00e9todos de ensino: \u201cMuitas pessoas pensam que, no futuro, os rob\u00f4s v\u00e3o substituir os professores. No entanto, sinto que os professores far\u00e3o sempre parte das salas de aula. Podem usar rob\u00f4s como uma ferramenta de ensino. Penso que v\u00e3o assumir fun\u00e7\u00f5es diferentes, talvez como especialistas de aprendizagem por projetos\u201d.[\/vc_column_text][vc_empty_space height=&#8221;50px&#8221;][vc_media_grid style=&#8221;pagination&#8221; items_per_page=&#8221;1&#8243; element_width=&#8221;12&#8243; arrows_design=&#8221;vc_arrow-icon-arrow_01_left&#8221; arrows_position=&#8221;outside&#8221; arrows_color=&#8221;sandy_brown&#8221; paging_design=&#8221;point_dots&#8221; item=&#8221;masonryMedia_SlideWithTitleAndCaption&#8221; grid_id=&#8221;vc_gid:1643114390853-41a15ece-b9e8-2&#8243; include=&#8221;8347,8330,8349,8338,8326,8334,8336,8340&#8243;][vc_empty_space height=&#8221;50px&#8221;][vc_column_text]\u00c9 essencial mudar o sistema para criar um futuro melhor para todos, porque muitas empresas j\u00e1 n\u00e3o medem as qualifica\u00e7\u00f5es pelos diplomas universit\u00e1rios. Em vez disso, analisam o potencial e o talento dos candidatos, disse <strong>Isabel-Juliana Mewald<\/strong>, aluna da Dubai International Academy.<\/p>\n<p>&nbsp;<\/p>\n<p>\u201c\u00c0 medida que avan\u00e7amos, reparamos que as empresas valorizam cada vez menos os diplomas. J\u00e1 n\u00e3o se importam tanto com isso. Na realidade, avaliam os jovens pelo seu talento e pela sua capacidade criativa. H\u00e1 uma abund\u00e2ncia de est\u00e1gios, uma abund\u00e2ncia de empresas que querem dar aos jovens a oportunidade de desenvolverem ainda mais o seu talento&#8221;, sublinhou a estudante.<\/p>\n<p>&nbsp;<\/p>\n<p><strong>Nityaansh Parekh<\/strong>, aluno da Delhi Private School em Sharjah, falou da necessidade de reestruturar os sistemas educativos, de forma a estimular a criatividade dos jovens e a capacidade de aplicar os conhecimentos no mundo real. As avalia\u00e7\u00f5es padronizadas n\u00e3o ter\u00e3o lugar num mundo que requer solu\u00e7\u00f5es inovadoras para lidar com desafios globais, acrescentou.<\/p>\n<p>&nbsp;<\/p>\n<p>A sess\u00e3o realizada no Pavilh\u00e3o de Portugal assinalou o Dia Internacional da Educa\u00e7\u00e3o, comemorado anualmente a 24 de Janeiro. No \u00e2mbito do programa World Majlis, o Next Gen World Majlis promove conversas com e entre os jovens sobre uma variedade de t\u00f3picos e temas importantes para o futuro.[\/vc_column_text][\/vc_column][\/vc_row]<\/p>\n","protected":false},"excerpt":{"rendered":"<p>O Pavilh\u00e3o de Portugal acolheu esta segunda-feira, dia 24 de janeiro, a quarta edi\u00e7\u00e3o do programa Next Generation World Majlis, em colabora\u00e7\u00e3o com o Expo 2020 School Programme. V\u00e1rios estudantes dos Emirados \u00c1rabes Unidos discutiram a necessidade de adaptar os sistemas educativos, as escolas e os m\u00e9todos de ensino \u00e0s novas gera\u00e7\u00f5es e \u00e0s profiss\u00f5es do futuro.<\/p>\n","protected":false},"author":2,"featured_media":8343,"comment_status":"closed","ping_status":"closed","sticky":false,"template":"","format":"standard","meta":{"_monsterinsights_skip_tracking":false,"_monsterinsights_sitenote_active":false,"_monsterinsights_sitenote_note":"","_monsterinsights_sitenote_category":0,"footnotes":""},"categories":[71],"tags":[],"class_list":["post-8314","post","type-post","status-publish","format-standard","has-post-thumbnail","hentry","category-news-pt-pt"],"yoast_head":"<!-- This site is optimized with the Yoast SEO plugin v27.5 - https:\/\/yoast.com\/product\/yoast-seo-wordpress\/ -->\n<title>Dia Internacional da Educa\u00e7\u00e3o: jovens debatem o futuro das escolas no Pavilh\u00e3o de Portugal - Portugal Expo 2020 Dubai<\/title>\n<meta name=\"description\" content=\"O Pavilh\u00e3o de Portugal acolheu esta segunda-feira, dia 24 de janeiro, a quarta edi\u00e7\u00e3o do programa Next Generation World Majlis, em colabora\u00e7\u00e3o com o Expo 2020 School Programme. V\u00e1rios estudantes dos Emirados \u00c1rabes Unidos discutiram a necessidade de adaptar os sistemas educativos, as escolas e os m\u00e9todos de ensino \u00e0s novas gera\u00e7\u00f5es e \u00e0s profiss\u00f5es do futuro.\" \/>\n<meta name=\"robots\" content=\"index, follow, max-snippet:-1, max-image-preview:large, max-video-preview:-1\" \/>\n<link rel=\"canonical\" href=\"https:\/\/portugalexpo2020dubai.pt\/index.php\/2022\/01\/24\/dia-internacional-da-educacao-jovens-debatem-o-futuro-das-escolas-no-pavilhao-de-portugal\/\" \/>\n<meta property=\"og:locale\" content=\"en_US\" \/>\n<meta property=\"og:type\" content=\"article\" \/>\n<meta property=\"og:title\" content=\"Dia Internacional da Educa\u00e7\u00e3o: jovens debatem o futuro das escolas no Pavilh\u00e3o de Portugal - Portugal Expo 2020 Dubai\" \/>\n<meta property=\"og:description\" content=\"O Pavilh\u00e3o de Portugal acolheu esta segunda-feira, dia 24 de janeiro, a quarta edi\u00e7\u00e3o do programa Next Generation World Majlis, em colabora\u00e7\u00e3o com o Expo 2020 School Programme. V\u00e1rios estudantes dos Emirados \u00c1rabes Unidos discutiram a necessidade de adaptar os sistemas educativos, as escolas e os m\u00e9todos de ensino \u00e0s novas gera\u00e7\u00f5es e \u00e0s profiss\u00f5es do futuro.\" \/>\n<meta property=\"og:url\" content=\"https:\/\/portugalexpo2020dubai.pt\/index.php\/2022\/01\/24\/dia-internacional-da-educacao-jovens-debatem-o-futuro-das-escolas-no-pavilhao-de-portugal\/?lang=pt-pt\" \/>\n<meta property=\"og:site_name\" content=\"Portugal Expo 2020 Dubai\" \/>\n<meta property=\"article:publisher\" content=\"https:\/\/www.facebook.com\/portugalexpo2020\" \/>\n<meta property=\"article:published_time\" content=\"2022-01-24T12:38:00+00:00\" \/>\n<meta property=\"article:modified_time\" content=\"2022-01-25T12:40:40+00:00\" \/>\n<meta property=\"og:image\" content=\"https:\/\/portugalexpo2020dubai.pt\/wp-content\/uploads\/2022\/01\/Next-Gen-World-Majlis-A-School-For-My-Children_-Notes-from-the-teachers-and-parents-of-tomorrow-at-the-Portugal-Pavilion_m37173-scaled.jpeg\" \/>\n\t<meta property=\"og:image:width\" content=\"2560\" \/>\n\t<meta property=\"og:image:height\" content=\"1708\" \/>\n\t<meta property=\"og:image:type\" content=\"image\/jpeg\" \/>\n<meta name=\"author\" content=\"Catarina Beija\" \/>\n<meta name=\"twitter:card\" content=\"summary_large_image\" \/>\n<meta name=\"twitter:creator\" content=\"@PTexpo2020\" \/>\n<meta name=\"twitter:site\" content=\"@PTexpo2020\" \/>\n<meta name=\"twitter:label1\" content=\"Written by\" \/>\n\t<meta name=\"twitter:data1\" content=\"Catarina Beija\" \/>\n\t<meta name=\"twitter:label2\" content=\"Est. reading time\" \/>\n\t<meta name=\"twitter:data2\" content=\"4 minutes\" \/>\n<script type=\"application\/ld+json\" class=\"yoast-schema-graph\">{\"@context\":\"https:\\\/\\\/schema.org\",\"@graph\":[{\"@type\":\"Article\",\"@id\":\"https:\\\/\\\/portugalexpo2020dubai.pt\\\/index.php\\\/2022\\\/01\\\/24\\\/dia-internacional-da-educacao-jovens-debatem-o-futuro-das-escolas-no-pavilhao-de-portugal\\\/?lang=pt-pt#article\",\"isPartOf\":{\"@id\":\"https:\\\/\\\/portugalexpo2020dubai.pt\\\/index.php\\\/2022\\\/01\\\/24\\\/dia-internacional-da-educacao-jovens-debatem-o-futuro-das-escolas-no-pavilhao-de-portugal\\\/?lang=pt-pt\"},\"author\":{\"name\":\"Catarina Beija\",\"@id\":\"https:\\\/\\\/portugalexpo2020dubai.pt\\\/#\\\/schema\\\/person\\\/b3a886f492d6f9451dd81753e22488f9\"},\"headline\":\"Dia Internacional da Educa\u00e7\u00e3o: jovens debatem o futuro das escolas no Pavilh\u00e3o de Portugal\",\"datePublished\":\"2022-01-24T12:38:00+00:00\",\"dateModified\":\"2022-01-25T12:40:40+00:00\",\"mainEntityOfPage\":{\"@id\":\"https:\\\/\\\/portugalexpo2020dubai.pt\\\/index.php\\\/2022\\\/01\\\/24\\\/dia-internacional-da-educacao-jovens-debatem-o-futuro-das-escolas-no-pavilhao-de-portugal\\\/?lang=pt-pt\"},\"wordCount\":586,\"publisher\":{\"@id\":\"https:\\\/\\\/portugalexpo2020dubai.pt\\\/#organization\"},\"image\":{\"@id\":\"https:\\\/\\\/portugalexpo2020dubai.pt\\\/index.php\\\/2022\\\/01\\\/24\\\/dia-internacional-da-educacao-jovens-debatem-o-futuro-das-escolas-no-pavilhao-de-portugal\\\/?lang=pt-pt#primaryimage\"},\"thumbnailUrl\":\"https:\\\/\\\/portugalexpo2020dubai.pt\\\/wp-content\\\/uploads\\\/2022\\\/01\\\/Next-Gen-World-Majlis-A-School-For-My-Children_-Notes-from-the-teachers-and-parents-of-tomorrow-at-the-Portugal-Pavilion_m37173-scaled.jpeg\",\"articleSection\":[\"Not\u00edcias\"],\"inLanguage\":\"en-US\"},{\"@type\":\"WebPage\",\"@id\":\"https:\\\/\\\/portugalexpo2020dubai.pt\\\/index.php\\\/2022\\\/01\\\/24\\\/dia-internacional-da-educacao-jovens-debatem-o-futuro-das-escolas-no-pavilhao-de-portugal\\\/?lang=pt-pt\",\"url\":\"https:\\\/\\\/portugalexpo2020dubai.pt\\\/index.php\\\/2022\\\/01\\\/24\\\/dia-internacional-da-educacao-jovens-debatem-o-futuro-das-escolas-no-pavilhao-de-portugal\\\/?lang=pt-pt\",\"name\":\"Dia Internacional da Educa\u00e7\u00e3o: jovens debatem o futuro das escolas no Pavilh\u00e3o de Portugal - Portugal Expo 2020 Dubai\",\"isPartOf\":{\"@id\":\"https:\\\/\\\/portugalexpo2020dubai.pt\\\/#website\"},\"primaryImageOfPage\":{\"@id\":\"https:\\\/\\\/portugalexpo2020dubai.pt\\\/index.php\\\/2022\\\/01\\\/24\\\/dia-internacional-da-educacao-jovens-debatem-o-futuro-das-escolas-no-pavilhao-de-portugal\\\/?lang=pt-pt#primaryimage\"},\"image\":{\"@id\":\"https:\\\/\\\/portugalexpo2020dubai.pt\\\/index.php\\\/2022\\\/01\\\/24\\\/dia-internacional-da-educacao-jovens-debatem-o-futuro-das-escolas-no-pavilhao-de-portugal\\\/?lang=pt-pt#primaryimage\"},\"thumbnailUrl\":\"https:\\\/\\\/portugalexpo2020dubai.pt\\\/wp-content\\\/uploads\\\/2022\\\/01\\\/Next-Gen-World-Majlis-A-School-For-My-Children_-Notes-from-the-teachers-and-parents-of-tomorrow-at-the-Portugal-Pavilion_m37173-scaled.jpeg\",\"datePublished\":\"2022-01-24T12:38:00+00:00\",\"dateModified\":\"2022-01-25T12:40:40+00:00\",\"description\":\"O Pavilh\u00e3o de Portugal acolheu esta segunda-feira, dia 24 de janeiro, a quarta edi\u00e7\u00e3o do programa Next Generation World Majlis, em colabora\u00e7\u00e3o com o Expo 2020 School Programme. V\u00e1rios estudantes dos Emirados \u00c1rabes Unidos discutiram a necessidade de adaptar os sistemas educativos, as escolas e os m\u00e9todos de ensino \u00e0s novas gera\u00e7\u00f5es e \u00e0s profiss\u00f5es do futuro.\",\"breadcrumb\":{\"@id\":\"https:\\\/\\\/portugalexpo2020dubai.pt\\\/index.php\\\/2022\\\/01\\\/24\\\/dia-internacional-da-educacao-jovens-debatem-o-futuro-das-escolas-no-pavilhao-de-portugal\\\/?lang=pt-pt#breadcrumb\"},\"inLanguage\":\"en-US\",\"potentialAction\":[{\"@type\":\"ReadAction\",\"target\":[\"https:\\\/\\\/portugalexpo2020dubai.pt\\\/index.php\\\/2022\\\/01\\\/24\\\/dia-internacional-da-educacao-jovens-debatem-o-futuro-das-escolas-no-pavilhao-de-portugal\\\/?lang=pt-pt\"]}]},{\"@type\":\"ImageObject\",\"inLanguage\":\"en-US\",\"@id\":\"https:\\\/\\\/portugalexpo2020dubai.pt\\\/index.php\\\/2022\\\/01\\\/24\\\/dia-internacional-da-educacao-jovens-debatem-o-futuro-das-escolas-no-pavilhao-de-portugal\\\/?lang=pt-pt#primaryimage\",\"url\":\"https:\\\/\\\/portugalexpo2020dubai.pt\\\/wp-content\\\/uploads\\\/2022\\\/01\\\/Next-Gen-World-Majlis-A-School-For-My-Children_-Notes-from-the-teachers-and-parents-of-tomorrow-at-the-Portugal-Pavilion_m37173-scaled.jpeg\",\"contentUrl\":\"https:\\\/\\\/portugalexpo2020dubai.pt\\\/wp-content\\\/uploads\\\/2022\\\/01\\\/Next-Gen-World-Majlis-A-School-For-My-Children_-Notes-from-the-teachers-and-parents-of-tomorrow-at-the-Portugal-Pavilion_m37173-scaled.jpeg\",\"width\":2560,\"height\":1708,\"caption\":\"DUBAI, 24 January 2022. Next Gen World Majlis, A School For My Children: Notes from the teachers and parents of tomorrow at the Portugal Pavilion, Expo 2020 Dubai. (Photo by Miaad Mahdi\\\/Expo 2020 Dubai)\"},{\"@type\":\"BreadcrumbList\",\"@id\":\"https:\\\/\\\/portugalexpo2020dubai.pt\\\/index.php\\\/2022\\\/01\\\/24\\\/dia-internacional-da-educacao-jovens-debatem-o-futuro-das-escolas-no-pavilhao-de-portugal\\\/?lang=pt-pt#breadcrumb\",\"itemListElement\":[{\"@type\":\"ListItem\",\"position\":1,\"name\":\"Home\",\"item\":\"https:\\\/\\\/portugalexpo2020dubai.pt\\\/\"},{\"@type\":\"ListItem\",\"position\":2,\"name\":\"Dia Internacional da Educa\u00e7\u00e3o: jovens debatem o futuro das escolas no Pavilh\u00e3o de Portugal\"}]},{\"@type\":\"WebSite\",\"@id\":\"https:\\\/\\\/portugalexpo2020dubai.pt\\\/#website\",\"url\":\"https:\\\/\\\/portugalexpo2020dubai.pt\\\/\",\"name\":\"Portugal Expo 2020 Dubai\",\"description\":\"Portugal Expo 2020 Dubai\",\"publisher\":{\"@id\":\"https:\\\/\\\/portugalexpo2020dubai.pt\\\/#organization\"},\"potentialAction\":[{\"@type\":\"SearchAction\",\"target\":{\"@type\":\"EntryPoint\",\"urlTemplate\":\"https:\\\/\\\/portugalexpo2020dubai.pt\\\/?s={search_term_string}\"},\"query-input\":{\"@type\":\"PropertyValueSpecification\",\"valueRequired\":true,\"valueName\":\"search_term_string\"}}],\"inLanguage\":\"en-US\"},{\"@type\":\"Organization\",\"@id\":\"https:\\\/\\\/portugalexpo2020dubai.pt\\\/#organization\",\"name\":\"Portugal Expo 2020 Dubai\",\"url\":\"https:\\\/\\\/portugalexpo2020dubai.pt\\\/\",\"logo\":{\"@type\":\"ImageObject\",\"inLanguage\":\"en-US\",\"@id\":\"https:\\\/\\\/portugalexpo2020dubai.pt\\\/#\\\/schema\\\/logo\\\/image\\\/\",\"url\":\"https:\\\/\\\/portugalexpo2020dubai.pt\\\/wp-content\\\/uploads\\\/2021\\\/09\\\/logo_aicep.png\",\"contentUrl\":\"https:\\\/\\\/portugalexpo2020dubai.pt\\\/wp-content\\\/uploads\\\/2021\\\/09\\\/logo_aicep.png\",\"width\":830,\"height\":200,\"caption\":\"Portugal Expo 2020 Dubai\"},\"image\":{\"@id\":\"https:\\\/\\\/portugalexpo2020dubai.pt\\\/#\\\/schema\\\/logo\\\/image\\\/\"},\"sameAs\":[\"https:\\\/\\\/www.facebook.com\\\/portugalexpo2020\",\"https:\\\/\\\/x.com\\\/PTexpo2020\",\"https:\\\/\\\/www.instagram.com\\\/portugalexpo2020\\\/\"]},{\"@type\":\"Person\",\"@id\":\"https:\\\/\\\/portugalexpo2020dubai.pt\\\/#\\\/schema\\\/person\\\/b3a886f492d6f9451dd81753e22488f9\",\"name\":\"Catarina Beija\",\"image\":{\"@type\":\"ImageObject\",\"inLanguage\":\"en-US\",\"@id\":\"https:\\\/\\\/secure.gravatar.com\\\/avatar\\\/4c9f1d7d0df92294044bdecb88b912257abbbac65d788bc499eb2cceb120941a?s=96&d=mm&r=g\",\"url\":\"https:\\\/\\\/secure.gravatar.com\\\/avatar\\\/4c9f1d7d0df92294044bdecb88b912257abbbac65d788bc499eb2cceb120941a?s=96&d=mm&r=g\",\"contentUrl\":\"https:\\\/\\\/secure.gravatar.com\\\/avatar\\\/4c9f1d7d0df92294044bdecb88b912257abbbac65d788bc499eb2cceb120941a?s=96&d=mm&r=g\",\"caption\":\"Catarina Beija\"},\"url\":\"https:\\\/\\\/portugalexpo2020dubai.pt\\\/index.php\\\/author\\\/catarina-beijaportugalglobal-pt\\\/\"}]}<\/script>\n<!-- \/ Yoast SEO plugin. -->","yoast_head_json":{"title":"Dia Internacional da Educa\u00e7\u00e3o: jovens debatem o futuro das escolas no Pavilh\u00e3o de Portugal - Portugal Expo 2020 Dubai","description":"O Pavilh\u00e3o de Portugal acolheu esta segunda-feira, dia 24 de janeiro, a quarta edi\u00e7\u00e3o do programa Next Generation World Majlis, em colabora\u00e7\u00e3o com o Expo 2020 School Programme. V\u00e1rios estudantes dos Emirados \u00c1rabes Unidos discutiram a necessidade de adaptar os sistemas educativos, as escolas e os m\u00e9todos de ensino \u00e0s novas gera\u00e7\u00f5es e \u00e0s profiss\u00f5es do futuro.","robots":{"index":"index","follow":"follow","max-snippet":"max-snippet:-1","max-image-preview":"max-image-preview:large","max-video-preview":"max-video-preview:-1"},"canonical":"https:\/\/portugalexpo2020dubai.pt\/index.php\/2022\/01\/24\/dia-internacional-da-educacao-jovens-debatem-o-futuro-das-escolas-no-pavilhao-de-portugal\/","og_locale":"en_US","og_type":"article","og_title":"Dia Internacional da Educa\u00e7\u00e3o: jovens debatem o futuro das escolas no Pavilh\u00e3o de Portugal - Portugal Expo 2020 Dubai","og_description":"O Pavilh\u00e3o de Portugal acolheu esta segunda-feira, dia 24 de janeiro, a quarta edi\u00e7\u00e3o do programa Next Generation World Majlis, em colabora\u00e7\u00e3o com o Expo 2020 School Programme. V\u00e1rios estudantes dos Emirados \u00c1rabes Unidos discutiram a necessidade de adaptar os sistemas educativos, as escolas e os m\u00e9todos de ensino \u00e0s novas gera\u00e7\u00f5es e \u00e0s profiss\u00f5es do futuro.","og_url":"https:\/\/portugalexpo2020dubai.pt\/index.php\/2022\/01\/24\/dia-internacional-da-educacao-jovens-debatem-o-futuro-das-escolas-no-pavilhao-de-portugal\/?lang=pt-pt","og_site_name":"Portugal Expo 2020 Dubai","article_publisher":"https:\/\/www.facebook.com\/portugalexpo2020","article_published_time":"2022-01-24T12:38:00+00:00","article_modified_time":"2022-01-25T12:40:40+00:00","og_image":[{"width":2560,"height":1708,"url":"https:\/\/portugalexpo2020dubai.pt\/wp-content\/uploads\/2022\/01\/Next-Gen-World-Majlis-A-School-For-My-Children_-Notes-from-the-teachers-and-parents-of-tomorrow-at-the-Portugal-Pavilion_m37173-scaled.jpeg","type":"image\/jpeg"}],"author":"Catarina Beija","twitter_card":"summary_large_image","twitter_creator":"@PTexpo2020","twitter_site":"@PTexpo2020","twitter_misc":{"Written by":"Catarina Beija","Est. reading time":"4 minutes"},"schema":{"@context":"https:\/\/schema.org","@graph":[{"@type":"Article","@id":"https:\/\/portugalexpo2020dubai.pt\/index.php\/2022\/01\/24\/dia-internacional-da-educacao-jovens-debatem-o-futuro-das-escolas-no-pavilhao-de-portugal\/?lang=pt-pt#article","isPartOf":{"@id":"https:\/\/portugalexpo2020dubai.pt\/index.php\/2022\/01\/24\/dia-internacional-da-educacao-jovens-debatem-o-futuro-das-escolas-no-pavilhao-de-portugal\/?lang=pt-pt"},"author":{"name":"Catarina Beija","@id":"https:\/\/portugalexpo2020dubai.pt\/#\/schema\/person\/b3a886f492d6f9451dd81753e22488f9"},"headline":"Dia Internacional da Educa\u00e7\u00e3o: jovens debatem o futuro das escolas no Pavilh\u00e3o de Portugal","datePublished":"2022-01-24T12:38:00+00:00","dateModified":"2022-01-25T12:40:40+00:00","mainEntityOfPage":{"@id":"https:\/\/portugalexpo2020dubai.pt\/index.php\/2022\/01\/24\/dia-internacional-da-educacao-jovens-debatem-o-futuro-das-escolas-no-pavilhao-de-portugal\/?lang=pt-pt"},"wordCount":586,"publisher":{"@id":"https:\/\/portugalexpo2020dubai.pt\/#organization"},"image":{"@id":"https:\/\/portugalexpo2020dubai.pt\/index.php\/2022\/01\/24\/dia-internacional-da-educacao-jovens-debatem-o-futuro-das-escolas-no-pavilhao-de-portugal\/?lang=pt-pt#primaryimage"},"thumbnailUrl":"https:\/\/portugalexpo2020dubai.pt\/wp-content\/uploads\/2022\/01\/Next-Gen-World-Majlis-A-School-For-My-Children_-Notes-from-the-teachers-and-parents-of-tomorrow-at-the-Portugal-Pavilion_m37173-scaled.jpeg","articleSection":["Not\u00edcias"],"inLanguage":"en-US"},{"@type":"WebPage","@id":"https:\/\/portugalexpo2020dubai.pt\/index.php\/2022\/01\/24\/dia-internacional-da-educacao-jovens-debatem-o-futuro-das-escolas-no-pavilhao-de-portugal\/?lang=pt-pt","url":"https:\/\/portugalexpo2020dubai.pt\/index.php\/2022\/01\/24\/dia-internacional-da-educacao-jovens-debatem-o-futuro-das-escolas-no-pavilhao-de-portugal\/?lang=pt-pt","name":"Dia Internacional da Educa\u00e7\u00e3o: jovens debatem o futuro das escolas no Pavilh\u00e3o de Portugal - Portugal Expo 2020 Dubai","isPartOf":{"@id":"https:\/\/portugalexpo2020dubai.pt\/#website"},"primaryImageOfPage":{"@id":"https:\/\/portugalexpo2020dubai.pt\/index.php\/2022\/01\/24\/dia-internacional-da-educacao-jovens-debatem-o-futuro-das-escolas-no-pavilhao-de-portugal\/?lang=pt-pt#primaryimage"},"image":{"@id":"https:\/\/portugalexpo2020dubai.pt\/index.php\/2022\/01\/24\/dia-internacional-da-educacao-jovens-debatem-o-futuro-das-escolas-no-pavilhao-de-portugal\/?lang=pt-pt#primaryimage"},"thumbnailUrl":"https:\/\/portugalexpo2020dubai.pt\/wp-content\/uploads\/2022\/01\/Next-Gen-World-Majlis-A-School-For-My-Children_-Notes-from-the-teachers-and-parents-of-tomorrow-at-the-Portugal-Pavilion_m37173-scaled.jpeg","datePublished":"2022-01-24T12:38:00+00:00","dateModified":"2022-01-25T12:40:40+00:00","description":"O Pavilh\u00e3o de Portugal acolheu esta segunda-feira, dia 24 de janeiro, a quarta edi\u00e7\u00e3o do programa Next Generation World Majlis, em colabora\u00e7\u00e3o com o Expo 2020 School Programme. V\u00e1rios estudantes dos Emirados \u00c1rabes Unidos discutiram a necessidade de adaptar os sistemas educativos, as escolas e os m\u00e9todos de ensino \u00e0s novas gera\u00e7\u00f5es e \u00e0s profiss\u00f5es do futuro.","breadcrumb":{"@id":"https:\/\/portugalexpo2020dubai.pt\/index.php\/2022\/01\/24\/dia-internacional-da-educacao-jovens-debatem-o-futuro-das-escolas-no-pavilhao-de-portugal\/?lang=pt-pt#breadcrumb"},"inLanguage":"en-US","potentialAction":[{"@type":"ReadAction","target":["https:\/\/portugalexpo2020dubai.pt\/index.php\/2022\/01\/24\/dia-internacional-da-educacao-jovens-debatem-o-futuro-das-escolas-no-pavilhao-de-portugal\/?lang=pt-pt"]}]},{"@type":"ImageObject","inLanguage":"en-US","@id":"https:\/\/portugalexpo2020dubai.pt\/index.php\/2022\/01\/24\/dia-internacional-da-educacao-jovens-debatem-o-futuro-das-escolas-no-pavilhao-de-portugal\/?lang=pt-pt#primaryimage","url":"https:\/\/portugalexpo2020dubai.pt\/wp-content\/uploads\/2022\/01\/Next-Gen-World-Majlis-A-School-For-My-Children_-Notes-from-the-teachers-and-parents-of-tomorrow-at-the-Portugal-Pavilion_m37173-scaled.jpeg","contentUrl":"https:\/\/portugalexpo2020dubai.pt\/wp-content\/uploads\/2022\/01\/Next-Gen-World-Majlis-A-School-For-My-Children_-Notes-from-the-teachers-and-parents-of-tomorrow-at-the-Portugal-Pavilion_m37173-scaled.jpeg","width":2560,"height":1708,"caption":"DUBAI, 24 January 2022. Next Gen World Majlis, A School For My Children: Notes from the teachers and parents of tomorrow at the Portugal Pavilion, Expo 2020 Dubai. (Photo by Miaad Mahdi\/Expo 2020 Dubai)"},{"@type":"BreadcrumbList","@id":"https:\/\/portugalexpo2020dubai.pt\/index.php\/2022\/01\/24\/dia-internacional-da-educacao-jovens-debatem-o-futuro-das-escolas-no-pavilhao-de-portugal\/?lang=pt-pt#breadcrumb","itemListElement":[{"@type":"ListItem","position":1,"name":"Home","item":"https:\/\/portugalexpo2020dubai.pt\/"},{"@type":"ListItem","position":2,"name":"Dia Internacional da Educa\u00e7\u00e3o: jovens debatem o futuro das escolas no Pavilh\u00e3o de Portugal"}]},{"@type":"WebSite","@id":"https:\/\/portugalexpo2020dubai.pt\/#website","url":"https:\/\/portugalexpo2020dubai.pt\/","name":"Portugal Expo 2020 Dubai","description":"Portugal Expo 2020 Dubai","publisher":{"@id":"https:\/\/portugalexpo2020dubai.pt\/#organization"},"potentialAction":[{"@type":"SearchAction","target":{"@type":"EntryPoint","urlTemplate":"https:\/\/portugalexpo2020dubai.pt\/?s={search_term_string}"},"query-input":{"@type":"PropertyValueSpecification","valueRequired":true,"valueName":"search_term_string"}}],"inLanguage":"en-US"},{"@type":"Organization","@id":"https:\/\/portugalexpo2020dubai.pt\/#organization","name":"Portugal Expo 2020 Dubai","url":"https:\/\/portugalexpo2020dubai.pt\/","logo":{"@type":"ImageObject","inLanguage":"en-US","@id":"https:\/\/portugalexpo2020dubai.pt\/#\/schema\/logo\/image\/","url":"https:\/\/portugalexpo2020dubai.pt\/wp-content\/uploads\/2021\/09\/logo_aicep.png","contentUrl":"https:\/\/portugalexpo2020dubai.pt\/wp-content\/uploads\/2021\/09\/logo_aicep.png","width":830,"height":200,"caption":"Portugal Expo 2020 Dubai"},"image":{"@id":"https:\/\/portugalexpo2020dubai.pt\/#\/schema\/logo\/image\/"},"sameAs":["https:\/\/www.facebook.com\/portugalexpo2020","https:\/\/x.com\/PTexpo2020","https:\/\/www.instagram.com\/portugalexpo2020\/"]},{"@type":"Person","@id":"https:\/\/portugalexpo2020dubai.pt\/#\/schema\/person\/b3a886f492d6f9451dd81753e22488f9","name":"Catarina Beija","image":{"@type":"ImageObject","inLanguage":"en-US","@id":"https:\/\/secure.gravatar.com\/avatar\/4c9f1d7d0df92294044bdecb88b912257abbbac65d788bc499eb2cceb120941a?s=96&d=mm&r=g","url":"https:\/\/secure.gravatar.com\/avatar\/4c9f1d7d0df92294044bdecb88b912257abbbac65d788bc499eb2cceb120941a?s=96&d=mm&r=g","contentUrl":"https:\/\/secure.gravatar.com\/avatar\/4c9f1d7d0df92294044bdecb88b912257abbbac65d788bc499eb2cceb120941a?s=96&d=mm&r=g","caption":"Catarina Beija"},"url":"https:\/\/portugalexpo2020dubai.pt\/index.php\/author\/catarina-beijaportugalglobal-pt\/"}]}},"cc_featured_image_caption":{"caption_text":"","source_text":"","source_url":""},"_links":{"self":[{"href":"https:\/\/portugalexpo2020dubai.pt\/index.php\/wp-json\/wp\/v2\/posts\/8314","targetHints":{"allow":["GET"]}}],"collection":[{"href":"https:\/\/portugalexpo2020dubai.pt\/index.php\/wp-json\/wp\/v2\/posts"}],"about":[{"href":"https:\/\/portugalexpo2020dubai.pt\/index.php\/wp-json\/wp\/v2\/types\/post"}],"author":[{"embeddable":true,"href":"https:\/\/portugalexpo2020dubai.pt\/index.php\/wp-json\/wp\/v2\/users\/2"}],"replies":[{"embeddable":true,"href":"https:\/\/portugalexpo2020dubai.pt\/index.php\/wp-json\/wp\/v2\/comments?post=8314"}],"version-history":[{"count":4,"href":"https:\/\/portugalexpo2020dubai.pt\/index.php\/wp-json\/wp\/v2\/posts\/8314\/revisions"}],"predecessor-version":[{"id":8372,"href":"https:\/\/portugalexpo2020dubai.pt\/index.php\/wp-json\/wp\/v2\/posts\/8314\/revisions\/8372"}],"wp:featuredmedia":[{"embeddable":true,"href":"https:\/\/portugalexpo2020dubai.pt\/index.php\/wp-json\/wp\/v2\/media\/8343"}],"wp:attachment":[{"href":"https:\/\/portugalexpo2020dubai.pt\/index.php\/wp-json\/wp\/v2\/media?parent=8314"}],"wp:term":[{"taxonomy":"category","embeddable":true,"href":"https:\/\/portugalexpo2020dubai.pt\/index.php\/wp-json\/wp\/v2\/categories?post=8314"},{"taxonomy":"post_tag","embeddable":true,"href":"https:\/\/portugalexpo2020dubai.pt\/index.php\/wp-json\/wp\/v2\/tags?post=8314"}],"curies":[{"name":"wp","href":"https:\/\/api.w.org\/{rel}","templated":true}]}}