{"id":8272,"date":"2022-01-21T16:38:19","date_gmt":"2022-01-21T16:38:19","guid":{"rendered":"https:\/\/portugalexpo2020dubai.pt\/?p=8272"},"modified":"2022-01-23T22:50:50","modified_gmt":"2022-01-23T22:50:50","slug":"portugal-participa-em-debate-da-expo-sobre-sustentabilidade-e-turismo-no-seculo-xxi","status":"publish","type":"post","link":"https:\/\/portugalexpo2020dubai.pt\/index.php\/2022\/01\/21\/portugal-participa-em-debate-da-expo-sobre-sustentabilidade-e-turismo-no-seculo-xxi\/?lang=pt-pt","title":{"rendered":"Portugal participa em debate da Expo sobre sustentabilidade e turismo"},"content":{"rendered":"<p>[vc_row][vc_column][vc_empty_space height=&#8221;50px&#8221;][vc_column_text]<strong>A pandemia COVID-19 veio intensificar os esfor\u00e7os globais para o desenvolvimento do turismo sustent\u00e1vel, colocando novos desafios em torno da prote\u00e7\u00e3o de destinos remotos. Foi este o foco de um painel de discuss\u00e3o organizado pela Expo, no dia 13 de janeiro &#8211; \u2018World Majlis \u2013 Off the Beaten Path: Travel in the 21st Century\u2019 &#8211; um evento com curadoria da \u00cdndia e Portugal na Semana do Turismo &amp; Conectividade da Expo 2020.<\/strong><\/p>\n<p>&nbsp;<\/p>\n<p>Portugal esteve representado por <strong>Ana Paula Pais<\/strong>, diretora de Forma\u00e7\u00e3o do Turismo de Portugal, e <strong>Lu\u00eds Ara\u00fajo<\/strong>, Presidente do Turismo de Portugal. Os restantes membros do painel foram\u00a0<strong>Anne Hardy<\/strong>, professora de Turismo Cultural e Patrimonial da Universidade da Tasm\u00e2nia; <strong>Conchita Espino<\/strong>, diretora executiva da Asociaci\u00f3n Mar a Mar da Costa Rica; <strong>Rogers Valencia<\/strong>, ex-ministro de Com\u00e9rcio Externo e Turismo do Peru; e Dipak Deva, diretor administrativo da Travel Corporation of India.<\/p>\n<p>&nbsp;<\/p>\n<p>Moderado por <strong>Saeed Al Saeed<\/strong>, Conselheiro de Ci\u00eancia e Tecnologia do Minist\u00e9rio das Rela\u00e7\u00f5es Exteriores e Coopera\u00e7\u00e3o Internacional dos Emirados \u00c1rabes Unidos, o painel constatou que cada vez mais turistas privilegiam destinos rurais a urbanos no per\u00edodo p\u00f3s-COVID, o que tem vindo a causar um grande impacto nas comunidades locais e no meio ambiente.<\/p>\n<p>&nbsp;<\/p>\n<div id=\"attachment_8277\" style=\"width: 2570px\" class=\"wp-caption aligncenter\"><img loading=\"lazy\" decoding=\"async\" aria-describedby=\"caption-attachment-8277\" class=\"wp-image-8277 size-full\" src=\"https:\/\/portugalexpo2020dubai.pt\/wp-content\/uploads\/2022\/01\/Luis-Araujo_-President-of-Turismo-de-Portugal_-during-World-Majlis-Off-th-scaled.jpg\" alt=\"\" width=\"2560\" height=\"1706\" srcset=\"https:\/\/portugalexpo2020dubai.pt\/wp-content\/uploads\/2022\/01\/Luis-Araujo_-President-of-Turismo-de-Portugal_-during-World-Majlis-Off-th-scaled.jpg 2560w, https:\/\/portugalexpo2020dubai.pt\/wp-content\/uploads\/2022\/01\/Luis-Araujo_-President-of-Turismo-de-Portugal_-during-World-Majlis-Off-th-300x200.jpg 300w, https:\/\/portugalexpo2020dubai.pt\/wp-content\/uploads\/2022\/01\/Luis-Araujo_-President-of-Turismo-de-Portugal_-during-World-Majlis-Off-th-1024x683.jpg 1024w, https:\/\/portugalexpo2020dubai.pt\/wp-content\/uploads\/2022\/01\/Luis-Araujo_-President-of-Turismo-de-Portugal_-during-World-Majlis-Off-th-768x512.jpg 768w, https:\/\/portugalexpo2020dubai.pt\/wp-content\/uploads\/2022\/01\/Luis-Araujo_-President-of-Turismo-de-Portugal_-during-World-Majlis-Off-th-1536x1024.jpg 1536w\" sizes=\"auto, (max-width: 2560px) 100vw, 2560px\" \/><p id=\"caption-attachment-8277\" class=\"wp-caption-text\">\u00a9Antony Fleyhan \/ Expo 2020 Dubai<\/p><\/div>\n<p>&nbsp;<\/p>\n<p><strong>Lu\u00eds Ara\u00fajo<\/strong>, que definiu o turismo sustent\u00e1vel como &#8216;uma for\u00e7a para o bem&#8217;, afirmou ser essencial que os locais encarem o turismo numa perspetiva de sustentabilidade.<\/p>\n<p>&nbsp;<\/p>\n<p>Salientou ainda que os governos t\u00eam uma &#8216;enorme responsabilidade&#8217; na defini\u00e7\u00e3o de um novo rumo e destacou a estrat\u00e9gia de Portugal para os pr\u00f3ximos anos: &#8220;Lan\u00e7\u00e1mos um plano a tr\u00eas anos, para acelerar a sustentabilidade no nosso pa\u00eds,\u00a0que obriga qualquer empresa que trabalhe no setor do turismo a tornar-se 90% dependente de energias renov\u00e1veis \u200b\u200be estabele\u00e7a medidas de efici\u00eancia na gest\u00e3o de \u00e1gua e res\u00edduos, at\u00e9 2027&#8221;.<\/p>\n<p>&nbsp;<\/p>\n<div id=\"attachment_8275\" style=\"width: 2570px\" class=\"wp-caption aligncenter\"><img loading=\"lazy\" decoding=\"async\" aria-describedby=\"caption-attachment-8275\" class=\"wp-image-8275 size-full\" src=\"https:\/\/portugalexpo2020dubai.pt\/wp-content\/uploads\/2022\/01\/Ana-Paula-Pais-Head-of-Education-at-Turismo-de-Portugal-Ministry-of-Economics-Portugal-during-World-Majlis--scaled.jpg\" alt=\"\" width=\"2560\" height=\"1706\" srcset=\"https:\/\/portugalexpo2020dubai.pt\/wp-content\/uploads\/2022\/01\/Ana-Paula-Pais-Head-of-Education-at-Turismo-de-Portugal-Ministry-of-Economics-Portugal-during-World-Majlis--scaled.jpg 2560w, https:\/\/portugalexpo2020dubai.pt\/wp-content\/uploads\/2022\/01\/Ana-Paula-Pais-Head-of-Education-at-Turismo-de-Portugal-Ministry-of-Economics-Portugal-during-World-Majlis--300x200.jpg 300w, https:\/\/portugalexpo2020dubai.pt\/wp-content\/uploads\/2022\/01\/Ana-Paula-Pais-Head-of-Education-at-Turismo-de-Portugal-Ministry-of-Economics-Portugal-during-World-Majlis--1024x683.jpg 1024w, https:\/\/portugalexpo2020dubai.pt\/wp-content\/uploads\/2022\/01\/Ana-Paula-Pais-Head-of-Education-at-Turismo-de-Portugal-Ministry-of-Economics-Portugal-during-World-Majlis--768x512.jpg 768w, https:\/\/portugalexpo2020dubai.pt\/wp-content\/uploads\/2022\/01\/Ana-Paula-Pais-Head-of-Education-at-Turismo-de-Portugal-Ministry-of-Economics-Portugal-during-World-Majlis--1536x1024.jpg 1536w\" sizes=\"auto, (max-width: 2560px) 100vw, 2560px\" \/><p id=\"caption-attachment-8275\" class=\"wp-caption-text\">\u00a9Antony Fleyhan \/ Expo 2020 Dubai<\/p><\/div>\n<p>&nbsp;<\/p>\n<p><strong>Ana Paula Pais<\/strong> disse ser tamb\u00e9m fundamental reorganizar a forma\u00e7\u00e3o em turismo e citou a necessidade de repensar e construir comunidades de aprendizagem: \u201cO turismo \u00e9 uma comunidade global. Os pa\u00edses precisam de reorganizar a forma\u00e7\u00e3o na ind\u00fastria [para melhorar] <em>skills<\/em> t\u00e9cnicos e soft <em>skills<\/em>.\u201d<\/p>\n<p>&nbsp;<\/p>\n<p>\u201cEm Portugal, estamos a desenvolver v\u00e1rios projetos para reposicionar as escolas de turismo, de forma a criar uma rede de institui\u00e7\u00f5es assente na comunidade local, com a responsabilidade de atuar n\u00e3o s\u00f3 no turismo, mas tamb\u00e9m na cultura, desporto, sa\u00fade [&#8230;] Precisamos de formar os trabalhadores do futuro de acordo com as necessidades das comunidades locais&#8221;, acrescentou.[\/vc_column_text][\/vc_column][\/vc_row]<\/p>\n","protected":false},"excerpt":{"rendered":"<p>A pandemia COVID-19 veio intensificar os esfor\u00e7os globais para o desenvolvimento do turismo sustent\u00e1vel, colocando novos desafios em torno da prote\u00e7\u00e3o de destinos remotos. Foi este o foco de um painel de discuss\u00e3o organizado pela Expo, no dia 13 de janeiro &#8211; \u2018World Majlis \u2013 Off the Beaten Path: Travel in the 21st Century\u2019 &#8211; um evento com curadoria da \u00cdndia e Portugal na Semana de Turismo &#038; Conectividade da Expo 2020.<\/p>\n","protected":false},"author":2,"featured_media":8281,"comment_status":"closed","ping_status":"closed","sticky":false,"template":"","format":"standard","meta":{"_monsterinsights_skip_tracking":false,"_monsterinsights_sitenote_active":false,"_monsterinsights_sitenote_note":"","_monsterinsights_sitenote_category":0,"footnotes":""},"categories":[71],"tags":[],"class_list":["post-8272","post","type-post","status-publish","format-standard","has-post-thumbnail","hentry","category-news-pt-pt"],"yoast_head":"<!-- This site is optimized with the Yoast SEO plugin v27.5 - https:\/\/yoast.com\/product\/yoast-seo-wordpress\/ -->\n<title>Portugal participa em debate da Expo sobre sustentabilidade e turismo - Portugal Expo 2020 Dubai<\/title>\n<meta name=\"description\" content=\"A pandemia COVID-19 veio intensificar os esfor\u00e7os globais para o desenvolvimento do turismo sustent\u00e1vel, colocando novos desafios em torno da prote\u00e7\u00e3o de destinos remotos. Foi este o foco de um painel de discuss\u00e3o organizado pela Expo, no dia 13 de janeiro - \u2018World Majlis \u2013 Off the Beaten Path: Travel in the 21st Century\u2019 - um evento com curadoria da \u00cdndia e Portugal na Semana de Turismo &amp; Conectividade da Expo 2020.\" \/>\n<meta name=\"robots\" content=\"index, follow, max-snippet:-1, max-image-preview:large, max-video-preview:-1\" \/>\n<link rel=\"canonical\" href=\"https:\/\/portugalexpo2020dubai.pt\/index.php\/2022\/01\/21\/portugal-participa-em-debate-da-expo-sobre-sustentabilidade-e-turismo-no-seculo-xxi\/\" \/>\n<meta property=\"og:locale\" content=\"en_US\" \/>\n<meta property=\"og:type\" content=\"article\" \/>\n<meta property=\"og:title\" content=\"Portugal participa em debate da Expo sobre sustentabilidade e turismo - Portugal Expo 2020 Dubai\" \/>\n<meta property=\"og:description\" content=\"A pandemia COVID-19 veio intensificar os esfor\u00e7os globais para o desenvolvimento do turismo sustent\u00e1vel, colocando novos desafios em torno da prote\u00e7\u00e3o de destinos remotos. Foi este o foco de um painel de discuss\u00e3o organizado pela Expo, no dia 13 de janeiro - \u2018World Majlis \u2013 Off the Beaten Path: Travel in the 21st Century\u2019 - um evento com curadoria da \u00cdndia e Portugal na Semana de Turismo &amp; Conectividade da Expo 2020.\" \/>\n<meta property=\"og:url\" content=\"https:\/\/portugalexpo2020dubai.pt\/index.php\/2022\/01\/21\/portugal-participa-em-debate-da-expo-sobre-sustentabilidade-e-turismo-no-seculo-xxi\/?lang=pt-pt\" \/>\n<meta property=\"og:site_name\" content=\"Portugal Expo 2020 Dubai\" \/>\n<meta property=\"article:publisher\" content=\"https:\/\/www.facebook.com\/portugalexpo2020\" \/>\n<meta property=\"article:published_time\" content=\"2022-01-21T16:38:19+00:00\" \/>\n<meta property=\"article:modified_time\" content=\"2022-01-23T22:50:50+00:00\" \/>\n<meta property=\"og:image\" content=\"https:\/\/portugalexpo2020dubai.pt\/wp-content\/uploads\/2022\/01\/JOHNPA2-scaled.jpg\" \/>\n\t<meta property=\"og:image:width\" content=\"2560\" \/>\n\t<meta property=\"og:image:height\" content=\"1706\" \/>\n\t<meta property=\"og:image:type\" content=\"image\/jpeg\" \/>\n<meta name=\"author\" content=\"Catarina Beija\" \/>\n<meta name=\"twitter:card\" content=\"summary_large_image\" \/>\n<meta name=\"twitter:creator\" content=\"@PTexpo2020\" \/>\n<meta name=\"twitter:site\" content=\"@PTexpo2020\" \/>\n<meta name=\"twitter:label1\" content=\"Written by\" \/>\n\t<meta name=\"twitter:data1\" content=\"Catarina Beija\" \/>\n\t<meta name=\"twitter:label2\" content=\"Est. reading time\" \/>\n\t<meta name=\"twitter:data2\" content=\"4 minutes\" \/>\n<script type=\"application\/ld+json\" class=\"yoast-schema-graph\">{\"@context\":\"https:\\\/\\\/schema.org\",\"@graph\":[{\"@type\":\"Article\",\"@id\":\"https:\\\/\\\/portugalexpo2020dubai.pt\\\/index.php\\\/2022\\\/01\\\/21\\\/portugal-participa-em-debate-da-expo-sobre-sustentabilidade-e-turismo-no-seculo-xxi\\\/?lang=pt-pt#article\",\"isPartOf\":{\"@id\":\"https:\\\/\\\/portugalexpo2020dubai.pt\\\/index.php\\\/2022\\\/01\\\/21\\\/portugal-participa-em-debate-da-expo-sobre-sustentabilidade-e-turismo-no-seculo-xxi\\\/?lang=pt-pt\"},\"author\":{\"name\":\"Catarina Beija\",\"@id\":\"https:\\\/\\\/portugalexpo2020dubai.pt\\\/#\\\/schema\\\/person\\\/b3a886f492d6f9451dd81753e22488f9\"},\"headline\":\"Portugal participa em debate da Expo sobre sustentabilidade e turismo\",\"datePublished\":\"2022-01-21T16:38:19+00:00\",\"dateModified\":\"2022-01-23T22:50:50+00:00\",\"mainEntityOfPage\":{\"@id\":\"https:\\\/\\\/portugalexpo2020dubai.pt\\\/index.php\\\/2022\\\/01\\\/21\\\/portugal-participa-em-debate-da-expo-sobre-sustentabilidade-e-turismo-no-seculo-xxi\\\/?lang=pt-pt\"},\"wordCount\":489,\"publisher\":{\"@id\":\"https:\\\/\\\/portugalexpo2020dubai.pt\\\/#organization\"},\"image\":{\"@id\":\"https:\\\/\\\/portugalexpo2020dubai.pt\\\/index.php\\\/2022\\\/01\\\/21\\\/portugal-participa-em-debate-da-expo-sobre-sustentabilidade-e-turismo-no-seculo-xxi\\\/?lang=pt-pt#primaryimage\"},\"thumbnailUrl\":\"https:\\\/\\\/portugalexpo2020dubai.pt\\\/wp-content\\\/uploads\\\/2022\\\/01\\\/JOHNPA2-scaled.jpg\",\"articleSection\":[\"Not\u00edcias\"],\"inLanguage\":\"en-US\"},{\"@type\":\"WebPage\",\"@id\":\"https:\\\/\\\/portugalexpo2020dubai.pt\\\/index.php\\\/2022\\\/01\\\/21\\\/portugal-participa-em-debate-da-expo-sobre-sustentabilidade-e-turismo-no-seculo-xxi\\\/?lang=pt-pt\",\"url\":\"https:\\\/\\\/portugalexpo2020dubai.pt\\\/index.php\\\/2022\\\/01\\\/21\\\/portugal-participa-em-debate-da-expo-sobre-sustentabilidade-e-turismo-no-seculo-xxi\\\/?lang=pt-pt\",\"name\":\"Portugal participa em debate da Expo sobre sustentabilidade e turismo - Portugal Expo 2020 Dubai\",\"isPartOf\":{\"@id\":\"https:\\\/\\\/portugalexpo2020dubai.pt\\\/#website\"},\"primaryImageOfPage\":{\"@id\":\"https:\\\/\\\/portugalexpo2020dubai.pt\\\/index.php\\\/2022\\\/01\\\/21\\\/portugal-participa-em-debate-da-expo-sobre-sustentabilidade-e-turismo-no-seculo-xxi\\\/?lang=pt-pt#primaryimage\"},\"image\":{\"@id\":\"https:\\\/\\\/portugalexpo2020dubai.pt\\\/index.php\\\/2022\\\/01\\\/21\\\/portugal-participa-em-debate-da-expo-sobre-sustentabilidade-e-turismo-no-seculo-xxi\\\/?lang=pt-pt#primaryimage\"},\"thumbnailUrl\":\"https:\\\/\\\/portugalexpo2020dubai.pt\\\/wp-content\\\/uploads\\\/2022\\\/01\\\/JOHNPA2-scaled.jpg\",\"datePublished\":\"2022-01-21T16:38:19+00:00\",\"dateModified\":\"2022-01-23T22:50:50+00:00\",\"description\":\"A pandemia COVID-19 veio intensificar os esfor\u00e7os globais para o desenvolvimento do turismo sustent\u00e1vel, colocando novos desafios em torno da prote\u00e7\u00e3o de destinos remotos. Foi este o foco de um painel de discuss\u00e3o organizado pela Expo, no dia 13 de janeiro - \u2018World Majlis \u2013 Off the Beaten Path: Travel in the 21st Century\u2019 - um evento com curadoria da \u00cdndia e Portugal na Semana de Turismo & Conectividade da Expo 2020.\",\"breadcrumb\":{\"@id\":\"https:\\\/\\\/portugalexpo2020dubai.pt\\\/index.php\\\/2022\\\/01\\\/21\\\/portugal-participa-em-debate-da-expo-sobre-sustentabilidade-e-turismo-no-seculo-xxi\\\/?lang=pt-pt#breadcrumb\"},\"inLanguage\":\"en-US\",\"potentialAction\":[{\"@type\":\"ReadAction\",\"target\":[\"https:\\\/\\\/portugalexpo2020dubai.pt\\\/index.php\\\/2022\\\/01\\\/21\\\/portugal-participa-em-debate-da-expo-sobre-sustentabilidade-e-turismo-no-seculo-xxi\\\/?lang=pt-pt\"]}]},{\"@type\":\"ImageObject\",\"inLanguage\":\"en-US\",\"@id\":\"https:\\\/\\\/portugalexpo2020dubai.pt\\\/index.php\\\/2022\\\/01\\\/21\\\/portugal-participa-em-debate-da-expo-sobre-sustentabilidade-e-turismo-no-seculo-xxi\\\/?lang=pt-pt#primaryimage\",\"url\":\"https:\\\/\\\/portugalexpo2020dubai.pt\\\/wp-content\\\/uploads\\\/2022\\\/01\\\/JOHNPA2-scaled.jpg\",\"contentUrl\":\"https:\\\/\\\/portugalexpo2020dubai.pt\\\/wp-content\\\/uploads\\\/2022\\\/01\\\/JOHNPA2-scaled.jpg\",\"width\":2560,\"height\":1706,\"caption\":\"DUBAI, 13 January 2022. John Pagano (L1), Chief Executive Officer, The Red Sea Development Company and AMAALA, KSA, Luis Araujo (L2), President of Turismo de Portugal, Portuguese National Tourism Authority, Portugal, Saeed Al Saeed (C), Science and Technology Advisor, Ministry of Foreign Affairs and International Cooperation, UAE and moderato, Rogers Valencia (R2), Former Minister of Foreign Trade and Tourism, Peru and Ana Paula Pais (R1), Head of Education at Turismo de Portugal, Ministry of Economics, Portugal during World Majlis - Off the Beaten Path: Travel in the 21st Century at the India Pavilion, Expo 2020 Dubai. (Photo by Antony Fleyhan\\\/Expo 2020 Dubai)\"},{\"@type\":\"BreadcrumbList\",\"@id\":\"https:\\\/\\\/portugalexpo2020dubai.pt\\\/index.php\\\/2022\\\/01\\\/21\\\/portugal-participa-em-debate-da-expo-sobre-sustentabilidade-e-turismo-no-seculo-xxi\\\/?lang=pt-pt#breadcrumb\",\"itemListElement\":[{\"@type\":\"ListItem\",\"position\":1,\"name\":\"Home\",\"item\":\"https:\\\/\\\/portugalexpo2020dubai.pt\\\/\"},{\"@type\":\"ListItem\",\"position\":2,\"name\":\"Portugal participa em debate da Expo sobre sustentabilidade e turismo\"}]},{\"@type\":\"WebSite\",\"@id\":\"https:\\\/\\\/portugalexpo2020dubai.pt\\\/#website\",\"url\":\"https:\\\/\\\/portugalexpo2020dubai.pt\\\/\",\"name\":\"Portugal Expo 2020 Dubai\",\"description\":\"Portugal Expo 2020 Dubai\",\"publisher\":{\"@id\":\"https:\\\/\\\/portugalexpo2020dubai.pt\\\/#organization\"},\"potentialAction\":[{\"@type\":\"SearchAction\",\"target\":{\"@type\":\"EntryPoint\",\"urlTemplate\":\"https:\\\/\\\/portugalexpo2020dubai.pt\\\/?s={search_term_string}\"},\"query-input\":{\"@type\":\"PropertyValueSpecification\",\"valueRequired\":true,\"valueName\":\"search_term_string\"}}],\"inLanguage\":\"en-US\"},{\"@type\":\"Organization\",\"@id\":\"https:\\\/\\\/portugalexpo2020dubai.pt\\\/#organization\",\"name\":\"Portugal Expo 2020 Dubai\",\"url\":\"https:\\\/\\\/portugalexpo2020dubai.pt\\\/\",\"logo\":{\"@type\":\"ImageObject\",\"inLanguage\":\"en-US\",\"@id\":\"https:\\\/\\\/portugalexpo2020dubai.pt\\\/#\\\/schema\\\/logo\\\/image\\\/\",\"url\":\"https:\\\/\\\/portugalexpo2020dubai.pt\\\/wp-content\\\/uploads\\\/2021\\\/09\\\/logo_aicep.png\",\"contentUrl\":\"https:\\\/\\\/portugalexpo2020dubai.pt\\\/wp-content\\\/uploads\\\/2021\\\/09\\\/logo_aicep.png\",\"width\":830,\"height\":200,\"caption\":\"Portugal Expo 2020 Dubai\"},\"image\":{\"@id\":\"https:\\\/\\\/portugalexpo2020dubai.pt\\\/#\\\/schema\\\/logo\\\/image\\\/\"},\"sameAs\":[\"https:\\\/\\\/www.facebook.com\\\/portugalexpo2020\",\"https:\\\/\\\/x.com\\\/PTexpo2020\",\"https:\\\/\\\/www.instagram.com\\\/portugalexpo2020\\\/\"]},{\"@type\":\"Person\",\"@id\":\"https:\\\/\\\/portugalexpo2020dubai.pt\\\/#\\\/schema\\\/person\\\/b3a886f492d6f9451dd81753e22488f9\",\"name\":\"Catarina Beija\",\"image\":{\"@type\":\"ImageObject\",\"inLanguage\":\"en-US\",\"@id\":\"https:\\\/\\\/secure.gravatar.com\\\/avatar\\\/4c9f1d7d0df92294044bdecb88b912257abbbac65d788bc499eb2cceb120941a?s=96&d=mm&r=g\",\"url\":\"https:\\\/\\\/secure.gravatar.com\\\/avatar\\\/4c9f1d7d0df92294044bdecb88b912257abbbac65d788bc499eb2cceb120941a?s=96&d=mm&r=g\",\"contentUrl\":\"https:\\\/\\\/secure.gravatar.com\\\/avatar\\\/4c9f1d7d0df92294044bdecb88b912257abbbac65d788bc499eb2cceb120941a?s=96&d=mm&r=g\",\"caption\":\"Catarina Beija\"},\"url\":\"https:\\\/\\\/portugalexpo2020dubai.pt\\\/index.php\\\/author\\\/catarina-beijaportugalglobal-pt\\\/\"}]}<\/script>\n<!-- \/ Yoast SEO plugin. -->","yoast_head_json":{"title":"Portugal participa em debate da Expo sobre sustentabilidade e turismo - Portugal Expo 2020 Dubai","description":"A pandemia COVID-19 veio intensificar os esfor\u00e7os globais para o desenvolvimento do turismo sustent\u00e1vel, colocando novos desafios em torno da prote\u00e7\u00e3o de destinos remotos. Foi este o foco de um painel de discuss\u00e3o organizado pela Expo, no dia 13 de janeiro - \u2018World Majlis \u2013 Off the Beaten Path: Travel in the 21st Century\u2019 - um evento com curadoria da \u00cdndia e Portugal na Semana de Turismo & Conectividade da Expo 2020.","robots":{"index":"index","follow":"follow","max-snippet":"max-snippet:-1","max-image-preview":"max-image-preview:large","max-video-preview":"max-video-preview:-1"},"canonical":"https:\/\/portugalexpo2020dubai.pt\/index.php\/2022\/01\/21\/portugal-participa-em-debate-da-expo-sobre-sustentabilidade-e-turismo-no-seculo-xxi\/","og_locale":"en_US","og_type":"article","og_title":"Portugal participa em debate da Expo sobre sustentabilidade e turismo - Portugal Expo 2020 Dubai","og_description":"A pandemia COVID-19 veio intensificar os esfor\u00e7os globais para o desenvolvimento do turismo sustent\u00e1vel, colocando novos desafios em torno da prote\u00e7\u00e3o de destinos remotos. Foi este o foco de um painel de discuss\u00e3o organizado pela Expo, no dia 13 de janeiro - \u2018World Majlis \u2013 Off the Beaten Path: Travel in the 21st Century\u2019 - um evento com curadoria da \u00cdndia e Portugal na Semana de Turismo & Conectividade da Expo 2020.","og_url":"https:\/\/portugalexpo2020dubai.pt\/index.php\/2022\/01\/21\/portugal-participa-em-debate-da-expo-sobre-sustentabilidade-e-turismo-no-seculo-xxi\/?lang=pt-pt","og_site_name":"Portugal Expo 2020 Dubai","article_publisher":"https:\/\/www.facebook.com\/portugalexpo2020","article_published_time":"2022-01-21T16:38:19+00:00","article_modified_time":"2022-01-23T22:50:50+00:00","og_image":[{"width":2560,"height":1706,"url":"https:\/\/portugalexpo2020dubai.pt\/wp-content\/uploads\/2022\/01\/JOHNPA2-scaled.jpg","type":"image\/jpeg"}],"author":"Catarina Beija","twitter_card":"summary_large_image","twitter_creator":"@PTexpo2020","twitter_site":"@PTexpo2020","twitter_misc":{"Written by":"Catarina Beija","Est. reading time":"4 minutes"},"schema":{"@context":"https:\/\/schema.org","@graph":[{"@type":"Article","@id":"https:\/\/portugalexpo2020dubai.pt\/index.php\/2022\/01\/21\/portugal-participa-em-debate-da-expo-sobre-sustentabilidade-e-turismo-no-seculo-xxi\/?lang=pt-pt#article","isPartOf":{"@id":"https:\/\/portugalexpo2020dubai.pt\/index.php\/2022\/01\/21\/portugal-participa-em-debate-da-expo-sobre-sustentabilidade-e-turismo-no-seculo-xxi\/?lang=pt-pt"},"author":{"name":"Catarina Beija","@id":"https:\/\/portugalexpo2020dubai.pt\/#\/schema\/person\/b3a886f492d6f9451dd81753e22488f9"},"headline":"Portugal participa em debate da Expo sobre sustentabilidade e turismo","datePublished":"2022-01-21T16:38:19+00:00","dateModified":"2022-01-23T22:50:50+00:00","mainEntityOfPage":{"@id":"https:\/\/portugalexpo2020dubai.pt\/index.php\/2022\/01\/21\/portugal-participa-em-debate-da-expo-sobre-sustentabilidade-e-turismo-no-seculo-xxi\/?lang=pt-pt"},"wordCount":489,"publisher":{"@id":"https:\/\/portugalexpo2020dubai.pt\/#organization"},"image":{"@id":"https:\/\/portugalexpo2020dubai.pt\/index.php\/2022\/01\/21\/portugal-participa-em-debate-da-expo-sobre-sustentabilidade-e-turismo-no-seculo-xxi\/?lang=pt-pt#primaryimage"},"thumbnailUrl":"https:\/\/portugalexpo2020dubai.pt\/wp-content\/uploads\/2022\/01\/JOHNPA2-scaled.jpg","articleSection":["Not\u00edcias"],"inLanguage":"en-US"},{"@type":"WebPage","@id":"https:\/\/portugalexpo2020dubai.pt\/index.php\/2022\/01\/21\/portugal-participa-em-debate-da-expo-sobre-sustentabilidade-e-turismo-no-seculo-xxi\/?lang=pt-pt","url":"https:\/\/portugalexpo2020dubai.pt\/index.php\/2022\/01\/21\/portugal-participa-em-debate-da-expo-sobre-sustentabilidade-e-turismo-no-seculo-xxi\/?lang=pt-pt","name":"Portugal participa em debate da Expo sobre sustentabilidade e turismo - Portugal Expo 2020 Dubai","isPartOf":{"@id":"https:\/\/portugalexpo2020dubai.pt\/#website"},"primaryImageOfPage":{"@id":"https:\/\/portugalexpo2020dubai.pt\/index.php\/2022\/01\/21\/portugal-participa-em-debate-da-expo-sobre-sustentabilidade-e-turismo-no-seculo-xxi\/?lang=pt-pt#primaryimage"},"image":{"@id":"https:\/\/portugalexpo2020dubai.pt\/index.php\/2022\/01\/21\/portugal-participa-em-debate-da-expo-sobre-sustentabilidade-e-turismo-no-seculo-xxi\/?lang=pt-pt#primaryimage"},"thumbnailUrl":"https:\/\/portugalexpo2020dubai.pt\/wp-content\/uploads\/2022\/01\/JOHNPA2-scaled.jpg","datePublished":"2022-01-21T16:38:19+00:00","dateModified":"2022-01-23T22:50:50+00:00","description":"A pandemia COVID-19 veio intensificar os esfor\u00e7os globais para o desenvolvimento do turismo sustent\u00e1vel, colocando novos desafios em torno da prote\u00e7\u00e3o de destinos remotos. Foi este o foco de um painel de discuss\u00e3o organizado pela Expo, no dia 13 de janeiro - \u2018World Majlis \u2013 Off the Beaten Path: Travel in the 21st Century\u2019 - um evento com curadoria da \u00cdndia e Portugal na Semana de Turismo & Conectividade da Expo 2020.","breadcrumb":{"@id":"https:\/\/portugalexpo2020dubai.pt\/index.php\/2022\/01\/21\/portugal-participa-em-debate-da-expo-sobre-sustentabilidade-e-turismo-no-seculo-xxi\/?lang=pt-pt#breadcrumb"},"inLanguage":"en-US","potentialAction":[{"@type":"ReadAction","target":["https:\/\/portugalexpo2020dubai.pt\/index.php\/2022\/01\/21\/portugal-participa-em-debate-da-expo-sobre-sustentabilidade-e-turismo-no-seculo-xxi\/?lang=pt-pt"]}]},{"@type":"ImageObject","inLanguage":"en-US","@id":"https:\/\/portugalexpo2020dubai.pt\/index.php\/2022\/01\/21\/portugal-participa-em-debate-da-expo-sobre-sustentabilidade-e-turismo-no-seculo-xxi\/?lang=pt-pt#primaryimage","url":"https:\/\/portugalexpo2020dubai.pt\/wp-content\/uploads\/2022\/01\/JOHNPA2-scaled.jpg","contentUrl":"https:\/\/portugalexpo2020dubai.pt\/wp-content\/uploads\/2022\/01\/JOHNPA2-scaled.jpg","width":2560,"height":1706,"caption":"DUBAI, 13 January 2022. John Pagano (L1), Chief Executive Officer, The Red Sea Development Company and AMAALA, KSA, Luis Araujo (L2), President of Turismo de Portugal, Portuguese National Tourism Authority, Portugal, Saeed Al Saeed (C), Science and Technology Advisor, Ministry of Foreign Affairs and International Cooperation, UAE and moderato, Rogers Valencia (R2), Former Minister of Foreign Trade and Tourism, Peru and Ana Paula Pais (R1), Head of Education at Turismo de Portugal, Ministry of Economics, Portugal during World Majlis - Off the Beaten Path: Travel in the 21st Century at the India Pavilion, Expo 2020 Dubai. (Photo by Antony Fleyhan\/Expo 2020 Dubai)"},{"@type":"BreadcrumbList","@id":"https:\/\/portugalexpo2020dubai.pt\/index.php\/2022\/01\/21\/portugal-participa-em-debate-da-expo-sobre-sustentabilidade-e-turismo-no-seculo-xxi\/?lang=pt-pt#breadcrumb","itemListElement":[{"@type":"ListItem","position":1,"name":"Home","item":"https:\/\/portugalexpo2020dubai.pt\/"},{"@type":"ListItem","position":2,"name":"Portugal participa em debate da Expo sobre sustentabilidade e turismo"}]},{"@type":"WebSite","@id":"https:\/\/portugalexpo2020dubai.pt\/#website","url":"https:\/\/portugalexpo2020dubai.pt\/","name":"Portugal Expo 2020 Dubai","description":"Portugal Expo 2020 Dubai","publisher":{"@id":"https:\/\/portugalexpo2020dubai.pt\/#organization"},"potentialAction":[{"@type":"SearchAction","target":{"@type":"EntryPoint","urlTemplate":"https:\/\/portugalexpo2020dubai.pt\/?s={search_term_string}"},"query-input":{"@type":"PropertyValueSpecification","valueRequired":true,"valueName":"search_term_string"}}],"inLanguage":"en-US"},{"@type":"Organization","@id":"https:\/\/portugalexpo2020dubai.pt\/#organization","name":"Portugal Expo 2020 Dubai","url":"https:\/\/portugalexpo2020dubai.pt\/","logo":{"@type":"ImageObject","inLanguage":"en-US","@id":"https:\/\/portugalexpo2020dubai.pt\/#\/schema\/logo\/image\/","url":"https:\/\/portugalexpo2020dubai.pt\/wp-content\/uploads\/2021\/09\/logo_aicep.png","contentUrl":"https:\/\/portugalexpo2020dubai.pt\/wp-content\/uploads\/2021\/09\/logo_aicep.png","width":830,"height":200,"caption":"Portugal Expo 2020 Dubai"},"image":{"@id":"https:\/\/portugalexpo2020dubai.pt\/#\/schema\/logo\/image\/"},"sameAs":["https:\/\/www.facebook.com\/portugalexpo2020","https:\/\/x.com\/PTexpo2020","https:\/\/www.instagram.com\/portugalexpo2020\/"]},{"@type":"Person","@id":"https:\/\/portugalexpo2020dubai.pt\/#\/schema\/person\/b3a886f492d6f9451dd81753e22488f9","name":"Catarina Beija","image":{"@type":"ImageObject","inLanguage":"en-US","@id":"https:\/\/secure.gravatar.com\/avatar\/4c9f1d7d0df92294044bdecb88b912257abbbac65d788bc499eb2cceb120941a?s=96&d=mm&r=g","url":"https:\/\/secure.gravatar.com\/avatar\/4c9f1d7d0df92294044bdecb88b912257abbbac65d788bc499eb2cceb120941a?s=96&d=mm&r=g","contentUrl":"https:\/\/secure.gravatar.com\/avatar\/4c9f1d7d0df92294044bdecb88b912257abbbac65d788bc499eb2cceb120941a?s=96&d=mm&r=g","caption":"Catarina Beija"},"url":"https:\/\/portugalexpo2020dubai.pt\/index.php\/author\/catarina-beijaportugalglobal-pt\/"}]}},"cc_featured_image_caption":{"caption_text":"","source_text":"","source_url":""},"_links":{"self":[{"href":"https:\/\/portugalexpo2020dubai.pt\/index.php\/wp-json\/wp\/v2\/posts\/8272","targetHints":{"allow":["GET"]}}],"collection":[{"href":"https:\/\/portugalexpo2020dubai.pt\/index.php\/wp-json\/wp\/v2\/posts"}],"about":[{"href":"https:\/\/portugalexpo2020dubai.pt\/index.php\/wp-json\/wp\/v2\/types\/post"}],"author":[{"embeddable":true,"href":"https:\/\/portugalexpo2020dubai.pt\/index.php\/wp-json\/wp\/v2\/users\/2"}],"replies":[{"embeddable":true,"href":"https:\/\/portugalexpo2020dubai.pt\/index.php\/wp-json\/wp\/v2\/comments?post=8272"}],"version-history":[{"count":4,"href":"https:\/\/portugalexpo2020dubai.pt\/index.php\/wp-json\/wp\/v2\/posts\/8272\/revisions"}],"predecessor-version":[{"id":8292,"href":"https:\/\/portugalexpo2020dubai.pt\/index.php\/wp-json\/wp\/v2\/posts\/8272\/revisions\/8292"}],"wp:featuredmedia":[{"embeddable":true,"href":"https:\/\/portugalexpo2020dubai.pt\/index.php\/wp-json\/wp\/v2\/media\/8281"}],"wp:attachment":[{"href":"https:\/\/portugalexpo2020dubai.pt\/index.php\/wp-json\/wp\/v2\/media?parent=8272"}],"wp:term":[{"taxonomy":"category","embeddable":true,"href":"https:\/\/portugalexpo2020dubai.pt\/index.php\/wp-json\/wp\/v2\/categories?post=8272"},{"taxonomy":"post_tag","embeddable":true,"href":"https:\/\/portugalexpo2020dubai.pt\/index.php\/wp-json\/wp\/v2\/tags?post=8272"}],"curies":[{"name":"wp","href":"https:\/\/api.w.org\/{rel}","templated":true}]}}