{"id":8077,"date":"2022-01-13T16:27:21","date_gmt":"2022-01-13T16:27:21","guid":{"rendered":"https:\/\/portugalexpo2020dubai.pt\/index.php\/2022\/01\/15\/livraria-lello-comemora-116-anos-na-expo-dubai-e-lanca-lusiadas-e-mensagem-em-arabe\/"},"modified":"2022-01-23T23:04:43","modified_gmt":"2022-01-23T23:04:43","slug":"livraria-lello-comemora-116-anos-na-expo-dubai-e-lanca-lusiadas-e-mensagem-em-arabe","status":"publish","type":"post","link":"https:\/\/portugalexpo2020dubai.pt\/index.php\/2022\/01\/13\/livraria-lello-comemora-116-anos-na-expo-dubai-e-lanca-lusiadas-e-mensagem-em-arabe\/?lang=pt-pt","title":{"rendered":"Livraria Lello comemora 116 anos na Expo Dubai e lan\u00e7a Lus\u00edadas e Mensagem em \u00e1rabe"},"content":{"rendered":"<p>[vc_row][vc_column][vc_empty_space height=&#8221;50px&#8221;][vc_column_text]<b>A livraria Lello lan\u00e7ou hoje, na Expo Dubai, \u201cOs Lus\u00edadas\u201d, de Lu\u00eds de Cam\u00f5es, e a \u201cMensagem\u201d, de Fernando Pessoa, em \u00e1rabe, garantindo que est\u00e1 dispon\u00edvel para publicar mais obras nesta l\u00edngua, apostando na internacionaliza\u00e7\u00e3o da literatura nacional.<\/b><\/p>\n<p>&nbsp;<\/p>\n<p>\u201cEsta ideia j\u00e1 come\u00e7ou em 2019, quando fomos convidados para participar no Pavilh\u00e3o de Portugal, como mostra do nosso pa\u00eds. Nessa altura, foi claro, para n\u00f3s, que seria atrav\u00e9s dos livros. \u00c9 a nossa miss\u00e3o. Se era atrav\u00e9s dos livros, tinha que ser com a tradu\u00e7\u00e3o de uma obra para \u00e1rabe\u201d, afirmou a administradora da livraria Lello, Aurora Pedro Pinto, em declara\u00e7\u00f5es \u00e0 Lusa, no Pavilh\u00e3o de Portugal na Expo Dubai.<\/p>\n<p>&nbsp;<\/p>\n<p>Para a respons\u00e1vel da livraria, situada no centro hist\u00f3rico da cidade do Porto, a escolha das obras \u201c\u00e9 pertinente\u201d, tendo em conta que s\u00e3o uma \u201cmostra muito boa\u201d da literatura portuguesa para os mais de 274 milh\u00f5es de falantes da l\u00edngua \u00e1rabe.<\/p>\n<p>&nbsp;<\/p>\n<p>Aurora Pedro Pinto assegurou ainda que, ap\u00f3s este primeiro passo, a Lello, que celebra 116 anos, est\u00e1 disposta a avan\u00e7ar com a tradu\u00e7\u00e3o de mais t\u00edtulos portugueses, caso haja mercado.\u00a0\u201cA nossa caminhada vai ser sempre a internacionaliza\u00e7\u00e3o para aumentar, cada vez mais, o n\u00famero de leitores\u201d, sublinhou.<\/p>\n<p>&nbsp;<\/p>\n<p>J\u00e1 no que se refere ao impacto da pandemia de covid-19, a administradora da livraria vincou que, neste momento, chegam a verificar-se filas de espera de duas horas para visitar a Lello, mas ressalvou que a livraria est\u00e1 a ultrapassar o impacto \u201ccom calma\u201d.<\/p>\n<p>&nbsp;<\/p>\n<p>Ainda neste \u00e2mbito, Aurora Pedro Pinto defendeu que as pessoas j\u00e1 encaram a pandemia de forma diferente, adaptando-se \u00e0 nova realidade.<br \/>\n\u201cO que fizemos, ao longo deste per\u00edodo, foi manter-nos como uma casa de livros viva. Logo em mar\u00e7o [de 2020], fizemos um \u2018drive thru\u2019 para oferecer livros \u00e0 cidade. Fizemos tamb\u00e9m um concurso e estamos a desenvolver uma s\u00e9rie de atividades para aumentar a nossa cole\u00e7\u00e3o, crescer em livros e autores\u201d, acrescentou.<\/p>\n<p>&nbsp;<\/p>\n<p>Para os pr\u00f3ximos anos, os objetivos da Lello passam assim por continuar a divulgar a literatura portuguesa, \u201ctransformar visitantes em leitores\u201d e apresentar a livraria e o pa\u00eds ao mundo.<\/p>\n<p>&nbsp;<\/p>\n<p>A seguir \u00e0 apresenta\u00e7\u00e3o da edi\u00e7\u00e3o dos livros \u201cOs Lus\u00edadas\u201d e \u201cMensagem\u201d em \u00e1rabe, que foi transmitida, em simult\u00e2neo, na livraria, seguiu-se, na sala protocolar do Pavilh\u00e3o de Portugal, a oblitera\u00e7\u00e3o de um postal dos CTT, alusivo \u00e0 participa\u00e7\u00e3o portuguesa no evento, que decorre at\u00e9 ao final de mar\u00e7o.<\/p>\n<p>&nbsp;<\/p>\n<p>[\/vc_column_text][\/vc_column][\/vc_row][vc_row][vc_column][vc_empty_space height=&#8221;50px&#8221;][vc_media_grid style=&#8221;pagination&#8221; items_per_page=&#8221;1&#8243; element_width=&#8221;12&#8243; arrows_design=&#8221;vc_arrow-icon-arrow_01_left&#8221; arrows_color=&#8221;sandy_brown&#8221; paging_design=&#8221;point_dots&#8221; loop=&#8221;yes&#8221; item=&#8221;masonryMedia_SlideWithTitleAndCaption&#8221; grid_id=&#8221;vc_gid:1642208693118-699aa3d1-299f-2&#8243; include=&#8221;7921,7931,8074,8296,8300,8302&#8243;][vc_empty_space height=&#8221;50px&#8221;][\/vc_column][\/vc_row]<\/p>\n<p>&nbsp;<\/p>\n<p><b>Lusa<\/b><\/p>\n","protected":false},"excerpt":{"rendered":"<p>A livraria Lello lan\u00e7ou hoje, na Expo Dubai, \u201cOs Lus\u00edadas\u201d, de Lu\u00eds de Cam\u00f5es, e a \u201cMensagem\u201d, de Fernando Pessoa, em \u00e1rabe, garantindo que est\u00e1 dispon\u00edvel para publicar mais obras nesta l\u00edngua, apostando na internacionaliza\u00e7\u00e3o da literatura nacional.<\/p>\n","protected":false},"author":2,"featured_media":8294,"comment_status":"closed","ping_status":"closed","sticky":false,"template":"","format":"standard","meta":{"_monsterinsights_skip_tracking":false,"_monsterinsights_sitenote_active":false,"_monsterinsights_sitenote_note":"","_monsterinsights_sitenote_category":0,"footnotes":""},"categories":[71],"tags":[],"class_list":["post-8077","post","type-post","status-publish","format-standard","has-post-thumbnail","hentry","category-news-pt-pt"],"yoast_head":"<!-- This site is optimized with the Yoast SEO plugin v27.5 - https:\/\/yoast.com\/product\/yoast-seo-wordpress\/ -->\n<title>Livraria Lello comemora 116 anos na Expo Dubai e lan\u00e7a Lus\u00edadas e Mensagem em \u00e1rabe - Portugal Expo 2020 Dubai<\/title>\n<meta name=\"description\" content=\"A livraria Lello lan\u00e7ou hoje, na Expo Dubai, \u201cOs Lus\u00edadas\u201d, de Lu\u00eds de Cam\u00f5es, e a \u201cMensagem\u201d, de Fernando Pessoa, em \u00e1rabe, garantindo que est\u00e1 dispon\u00edvel para publicar mais obras nesta l\u00edngua, apostando na internacionaliza\u00e7\u00e3o da literatura nacional.\" \/>\n<meta name=\"robots\" content=\"index, follow, max-snippet:-1, max-image-preview:large, max-video-preview:-1\" \/>\n<link rel=\"canonical\" href=\"https:\/\/portugalexpo2020dubai.pt\/index.php\/2022\/01\/13\/livraria-lello-comemora-116-anos-na-expo-dubai-e-lanca-lusiadas-e-mensagem-em-arabe\/\" \/>\n<meta property=\"og:locale\" content=\"en_US\" \/>\n<meta property=\"og:type\" content=\"article\" \/>\n<meta property=\"og:title\" content=\"Livraria Lello comemora 116 anos na Expo Dubai e lan\u00e7a Lus\u00edadas e Mensagem em \u00e1rabe - Portugal Expo 2020 Dubai\" \/>\n<meta property=\"og:description\" content=\"A livraria Lello lan\u00e7ou hoje, na Expo Dubai, \u201cOs Lus\u00edadas\u201d, de Lu\u00eds de Cam\u00f5es, e a \u201cMensagem\u201d, de Fernando Pessoa, em \u00e1rabe, garantindo que est\u00e1 dispon\u00edvel para publicar mais obras nesta l\u00edngua, apostando na internacionaliza\u00e7\u00e3o da literatura nacional.\" \/>\n<meta property=\"og:url\" content=\"https:\/\/portugalexpo2020dubai.pt\/index.php\/2022\/01\/13\/livraria-lello-comemora-116-anos-na-expo-dubai-e-lanca-lusiadas-e-mensagem-em-arabe\/?lang=pt-pt\" \/>\n<meta property=\"og:site_name\" content=\"Portugal Expo 2020 Dubai\" \/>\n<meta property=\"article:publisher\" content=\"https:\/\/www.facebook.com\/portugalexpo2020\" \/>\n<meta property=\"article:published_time\" content=\"2022-01-13T16:27:21+00:00\" \/>\n<meta property=\"article:modified_time\" content=\"2022-01-23T23:04:43+00:00\" \/>\n<meta property=\"og:image\" content=\"https:\/\/portugalexpo2020dubai.pt\/wp-content\/uploads\/2022\/01\/DOC.20220113.35230257.MAC1301221531-2-scaled.jpg\" \/>\n\t<meta property=\"og:image:width\" content=\"2560\" \/>\n\t<meta property=\"og:image:height\" content=\"1707\" \/>\n\t<meta property=\"og:image:type\" content=\"image\/jpeg\" \/>\n<meta name=\"author\" content=\"Catarina Beija\" \/>\n<meta name=\"twitter:card\" content=\"summary_large_image\" \/>\n<meta name=\"twitter:creator\" content=\"@PTexpo2020\" \/>\n<meta name=\"twitter:site\" content=\"@PTexpo2020\" \/>\n<meta name=\"twitter:label1\" content=\"Written by\" \/>\n\t<meta name=\"twitter:data1\" content=\"Catarina Beija\" \/>\n\t<meta name=\"twitter:label2\" content=\"Est. reading time\" \/>\n\t<meta name=\"twitter:data2\" content=\"2 minutes\" \/>\n<script type=\"application\/ld+json\" class=\"yoast-schema-graph\">{\"@context\":\"https:\\\/\\\/schema.org\",\"@graph\":[{\"@type\":\"Article\",\"@id\":\"https:\\\/\\\/portugalexpo2020dubai.pt\\\/index.php\\\/2022\\\/01\\\/13\\\/livraria-lello-comemora-116-anos-na-expo-dubai-e-lanca-lusiadas-e-mensagem-em-arabe\\\/?lang=pt-pt#article\",\"isPartOf\":{\"@id\":\"https:\\\/\\\/portugalexpo2020dubai.pt\\\/index.php\\\/2022\\\/01\\\/13\\\/livraria-lello-comemora-116-anos-na-expo-dubai-e-lanca-lusiadas-e-mensagem-em-arabe\\\/?lang=pt-pt\"},\"author\":{\"name\":\"Catarina Beija\",\"@id\":\"https:\\\/\\\/portugalexpo2020dubai.pt\\\/#\\\/schema\\\/person\\\/b3a886f492d6f9451dd81753e22488f9\"},\"headline\":\"Livraria Lello comemora 116 anos na Expo Dubai e lan\u00e7a Lus\u00edadas e Mensagem em \u00e1rabe\",\"datePublished\":\"2022-01-13T16:27:21+00:00\",\"dateModified\":\"2022-01-23T23:04:43+00:00\",\"mainEntityOfPage\":{\"@id\":\"https:\\\/\\\/portugalexpo2020dubai.pt\\\/index.php\\\/2022\\\/01\\\/13\\\/livraria-lello-comemora-116-anos-na-expo-dubai-e-lanca-lusiadas-e-mensagem-em-arabe\\\/?lang=pt-pt\"},\"wordCount\":528,\"publisher\":{\"@id\":\"https:\\\/\\\/portugalexpo2020dubai.pt\\\/#organization\"},\"image\":{\"@id\":\"https:\\\/\\\/portugalexpo2020dubai.pt\\\/index.php\\\/2022\\\/01\\\/13\\\/livraria-lello-comemora-116-anos-na-expo-dubai-e-lanca-lusiadas-e-mensagem-em-arabe\\\/?lang=pt-pt#primaryimage\"},\"thumbnailUrl\":\"https:\\\/\\\/portugalexpo2020dubai.pt\\\/wp-content\\\/uploads\\\/2022\\\/01\\\/DOC.20220113.35230257.MAC1301221531-2-scaled.jpg\",\"articleSection\":[\"Not\u00edcias\"],\"inLanguage\":\"en-US\"},{\"@type\":\"WebPage\",\"@id\":\"https:\\\/\\\/portugalexpo2020dubai.pt\\\/index.php\\\/2022\\\/01\\\/13\\\/livraria-lello-comemora-116-anos-na-expo-dubai-e-lanca-lusiadas-e-mensagem-em-arabe\\\/?lang=pt-pt\",\"url\":\"https:\\\/\\\/portugalexpo2020dubai.pt\\\/index.php\\\/2022\\\/01\\\/13\\\/livraria-lello-comemora-116-anos-na-expo-dubai-e-lanca-lusiadas-e-mensagem-em-arabe\\\/?lang=pt-pt\",\"name\":\"Livraria Lello comemora 116 anos na Expo Dubai e lan\u00e7a Lus\u00edadas e Mensagem em \u00e1rabe - Portugal Expo 2020 Dubai\",\"isPartOf\":{\"@id\":\"https:\\\/\\\/portugalexpo2020dubai.pt\\\/#website\"},\"primaryImageOfPage\":{\"@id\":\"https:\\\/\\\/portugalexpo2020dubai.pt\\\/index.php\\\/2022\\\/01\\\/13\\\/livraria-lello-comemora-116-anos-na-expo-dubai-e-lanca-lusiadas-e-mensagem-em-arabe\\\/?lang=pt-pt#primaryimage\"},\"image\":{\"@id\":\"https:\\\/\\\/portugalexpo2020dubai.pt\\\/index.php\\\/2022\\\/01\\\/13\\\/livraria-lello-comemora-116-anos-na-expo-dubai-e-lanca-lusiadas-e-mensagem-em-arabe\\\/?lang=pt-pt#primaryimage\"},\"thumbnailUrl\":\"https:\\\/\\\/portugalexpo2020dubai.pt\\\/wp-content\\\/uploads\\\/2022\\\/01\\\/DOC.20220113.35230257.MAC1301221531-2-scaled.jpg\",\"datePublished\":\"2022-01-13T16:27:21+00:00\",\"dateModified\":\"2022-01-23T23:04:43+00:00\",\"description\":\"A livraria Lello lan\u00e7ou hoje, na Expo Dubai, \u201cOs Lus\u00edadas\u201d, de Lu\u00eds de Cam\u00f5es, e a \u201cMensagem\u201d, de Fernando Pessoa, em \u00e1rabe, garantindo que est\u00e1 dispon\u00edvel para publicar mais obras nesta l\u00edngua, apostando na internacionaliza\u00e7\u00e3o da literatura nacional.\",\"breadcrumb\":{\"@id\":\"https:\\\/\\\/portugalexpo2020dubai.pt\\\/index.php\\\/2022\\\/01\\\/13\\\/livraria-lello-comemora-116-anos-na-expo-dubai-e-lanca-lusiadas-e-mensagem-em-arabe\\\/?lang=pt-pt#breadcrumb\"},\"inLanguage\":\"en-US\",\"potentialAction\":[{\"@type\":\"ReadAction\",\"target\":[\"https:\\\/\\\/portugalexpo2020dubai.pt\\\/index.php\\\/2022\\\/01\\\/13\\\/livraria-lello-comemora-116-anos-na-expo-dubai-e-lanca-lusiadas-e-mensagem-em-arabe\\\/?lang=pt-pt\"]}]},{\"@type\":\"ImageObject\",\"inLanguage\":\"en-US\",\"@id\":\"https:\\\/\\\/portugalexpo2020dubai.pt\\\/index.php\\\/2022\\\/01\\\/13\\\/livraria-lello-comemora-116-anos-na-expo-dubai-e-lanca-lusiadas-e-mensagem-em-arabe\\\/?lang=pt-pt#primaryimage\",\"url\":\"https:\\\/\\\/portugalexpo2020dubai.pt\\\/wp-content\\\/uploads\\\/2022\\\/01\\\/DOC.20220113.35230257.MAC1301221531-2-scaled.jpg\",\"contentUrl\":\"https:\\\/\\\/portugalexpo2020dubai.pt\\\/wp-content\\\/uploads\\\/2022\\\/01\\\/DOC.20220113.35230257.MAC1301221531-2-scaled.jpg\",\"width\":2560,\"height\":1707,\"caption\":\"\u00a9LUSA\"},{\"@type\":\"BreadcrumbList\",\"@id\":\"https:\\\/\\\/portugalexpo2020dubai.pt\\\/index.php\\\/2022\\\/01\\\/13\\\/livraria-lello-comemora-116-anos-na-expo-dubai-e-lanca-lusiadas-e-mensagem-em-arabe\\\/?lang=pt-pt#breadcrumb\",\"itemListElement\":[{\"@type\":\"ListItem\",\"position\":1,\"name\":\"Home\",\"item\":\"https:\\\/\\\/portugalexpo2020dubai.pt\\\/\"},{\"@type\":\"ListItem\",\"position\":2,\"name\":\"Livraria Lello comemora 116 anos na Expo Dubai e lan\u00e7a Lus\u00edadas e Mensagem em \u00e1rabe\"}]},{\"@type\":\"WebSite\",\"@id\":\"https:\\\/\\\/portugalexpo2020dubai.pt\\\/#website\",\"url\":\"https:\\\/\\\/portugalexpo2020dubai.pt\\\/\",\"name\":\"Portugal Expo 2020 Dubai\",\"description\":\"Portugal Expo 2020 Dubai\",\"publisher\":{\"@id\":\"https:\\\/\\\/portugalexpo2020dubai.pt\\\/#organization\"},\"potentialAction\":[{\"@type\":\"SearchAction\",\"target\":{\"@type\":\"EntryPoint\",\"urlTemplate\":\"https:\\\/\\\/portugalexpo2020dubai.pt\\\/?s={search_term_string}\"},\"query-input\":{\"@type\":\"PropertyValueSpecification\",\"valueRequired\":true,\"valueName\":\"search_term_string\"}}],\"inLanguage\":\"en-US\"},{\"@type\":\"Organization\",\"@id\":\"https:\\\/\\\/portugalexpo2020dubai.pt\\\/#organization\",\"name\":\"Portugal Expo 2020 Dubai\",\"url\":\"https:\\\/\\\/portugalexpo2020dubai.pt\\\/\",\"logo\":{\"@type\":\"ImageObject\",\"inLanguage\":\"en-US\",\"@id\":\"https:\\\/\\\/portugalexpo2020dubai.pt\\\/#\\\/schema\\\/logo\\\/image\\\/\",\"url\":\"https:\\\/\\\/portugalexpo2020dubai.pt\\\/wp-content\\\/uploads\\\/2021\\\/09\\\/logo_aicep.png\",\"contentUrl\":\"https:\\\/\\\/portugalexpo2020dubai.pt\\\/wp-content\\\/uploads\\\/2021\\\/09\\\/logo_aicep.png\",\"width\":830,\"height\":200,\"caption\":\"Portugal Expo 2020 Dubai\"},\"image\":{\"@id\":\"https:\\\/\\\/portugalexpo2020dubai.pt\\\/#\\\/schema\\\/logo\\\/image\\\/\"},\"sameAs\":[\"https:\\\/\\\/www.facebook.com\\\/portugalexpo2020\",\"https:\\\/\\\/x.com\\\/PTexpo2020\",\"https:\\\/\\\/www.instagram.com\\\/portugalexpo2020\\\/\"]},{\"@type\":\"Person\",\"@id\":\"https:\\\/\\\/portugalexpo2020dubai.pt\\\/#\\\/schema\\\/person\\\/b3a886f492d6f9451dd81753e22488f9\",\"name\":\"Catarina Beija\",\"image\":{\"@type\":\"ImageObject\",\"inLanguage\":\"en-US\",\"@id\":\"https:\\\/\\\/secure.gravatar.com\\\/avatar\\\/4c9f1d7d0df92294044bdecb88b912257abbbac65d788bc499eb2cceb120941a?s=96&d=mm&r=g\",\"url\":\"https:\\\/\\\/secure.gravatar.com\\\/avatar\\\/4c9f1d7d0df92294044bdecb88b912257abbbac65d788bc499eb2cceb120941a?s=96&d=mm&r=g\",\"contentUrl\":\"https:\\\/\\\/secure.gravatar.com\\\/avatar\\\/4c9f1d7d0df92294044bdecb88b912257abbbac65d788bc499eb2cceb120941a?s=96&d=mm&r=g\",\"caption\":\"Catarina Beija\"},\"url\":\"https:\\\/\\\/portugalexpo2020dubai.pt\\\/index.php\\\/author\\\/catarina-beijaportugalglobal-pt\\\/\"}]}<\/script>\n<!-- \/ Yoast SEO plugin. -->","yoast_head_json":{"title":"Livraria Lello comemora 116 anos na Expo Dubai e lan\u00e7a Lus\u00edadas e Mensagem em \u00e1rabe - Portugal Expo 2020 Dubai","description":"A livraria Lello lan\u00e7ou hoje, na Expo Dubai, \u201cOs Lus\u00edadas\u201d, de Lu\u00eds de Cam\u00f5es, e a \u201cMensagem\u201d, de Fernando Pessoa, em \u00e1rabe, garantindo que est\u00e1 dispon\u00edvel para publicar mais obras nesta l\u00edngua, apostando na internacionaliza\u00e7\u00e3o da literatura nacional.","robots":{"index":"index","follow":"follow","max-snippet":"max-snippet:-1","max-image-preview":"max-image-preview:large","max-video-preview":"max-video-preview:-1"},"canonical":"https:\/\/portugalexpo2020dubai.pt\/index.php\/2022\/01\/13\/livraria-lello-comemora-116-anos-na-expo-dubai-e-lanca-lusiadas-e-mensagem-em-arabe\/","og_locale":"en_US","og_type":"article","og_title":"Livraria Lello comemora 116 anos na Expo Dubai e lan\u00e7a Lus\u00edadas e Mensagem em \u00e1rabe - Portugal Expo 2020 Dubai","og_description":"A livraria Lello lan\u00e7ou hoje, na Expo Dubai, \u201cOs Lus\u00edadas\u201d, de Lu\u00eds de Cam\u00f5es, e a \u201cMensagem\u201d, de Fernando Pessoa, em \u00e1rabe, garantindo que est\u00e1 dispon\u00edvel para publicar mais obras nesta l\u00edngua, apostando na internacionaliza\u00e7\u00e3o da literatura nacional.","og_url":"https:\/\/portugalexpo2020dubai.pt\/index.php\/2022\/01\/13\/livraria-lello-comemora-116-anos-na-expo-dubai-e-lanca-lusiadas-e-mensagem-em-arabe\/?lang=pt-pt","og_site_name":"Portugal Expo 2020 Dubai","article_publisher":"https:\/\/www.facebook.com\/portugalexpo2020","article_published_time":"2022-01-13T16:27:21+00:00","article_modified_time":"2022-01-23T23:04:43+00:00","og_image":[{"width":2560,"height":1707,"url":"https:\/\/portugalexpo2020dubai.pt\/wp-content\/uploads\/2022\/01\/DOC.20220113.35230257.MAC1301221531-2-scaled.jpg","type":"image\/jpeg"}],"author":"Catarina Beija","twitter_card":"summary_large_image","twitter_creator":"@PTexpo2020","twitter_site":"@PTexpo2020","twitter_misc":{"Written by":"Catarina Beija","Est. reading time":"2 minutes"},"schema":{"@context":"https:\/\/schema.org","@graph":[{"@type":"Article","@id":"https:\/\/portugalexpo2020dubai.pt\/index.php\/2022\/01\/13\/livraria-lello-comemora-116-anos-na-expo-dubai-e-lanca-lusiadas-e-mensagem-em-arabe\/?lang=pt-pt#article","isPartOf":{"@id":"https:\/\/portugalexpo2020dubai.pt\/index.php\/2022\/01\/13\/livraria-lello-comemora-116-anos-na-expo-dubai-e-lanca-lusiadas-e-mensagem-em-arabe\/?lang=pt-pt"},"author":{"name":"Catarina Beija","@id":"https:\/\/portugalexpo2020dubai.pt\/#\/schema\/person\/b3a886f492d6f9451dd81753e22488f9"},"headline":"Livraria Lello comemora 116 anos na Expo Dubai e lan\u00e7a Lus\u00edadas e Mensagem em \u00e1rabe","datePublished":"2022-01-13T16:27:21+00:00","dateModified":"2022-01-23T23:04:43+00:00","mainEntityOfPage":{"@id":"https:\/\/portugalexpo2020dubai.pt\/index.php\/2022\/01\/13\/livraria-lello-comemora-116-anos-na-expo-dubai-e-lanca-lusiadas-e-mensagem-em-arabe\/?lang=pt-pt"},"wordCount":528,"publisher":{"@id":"https:\/\/portugalexpo2020dubai.pt\/#organization"},"image":{"@id":"https:\/\/portugalexpo2020dubai.pt\/index.php\/2022\/01\/13\/livraria-lello-comemora-116-anos-na-expo-dubai-e-lanca-lusiadas-e-mensagem-em-arabe\/?lang=pt-pt#primaryimage"},"thumbnailUrl":"https:\/\/portugalexpo2020dubai.pt\/wp-content\/uploads\/2022\/01\/DOC.20220113.35230257.MAC1301221531-2-scaled.jpg","articleSection":["Not\u00edcias"],"inLanguage":"en-US"},{"@type":"WebPage","@id":"https:\/\/portugalexpo2020dubai.pt\/index.php\/2022\/01\/13\/livraria-lello-comemora-116-anos-na-expo-dubai-e-lanca-lusiadas-e-mensagem-em-arabe\/?lang=pt-pt","url":"https:\/\/portugalexpo2020dubai.pt\/index.php\/2022\/01\/13\/livraria-lello-comemora-116-anos-na-expo-dubai-e-lanca-lusiadas-e-mensagem-em-arabe\/?lang=pt-pt","name":"Livraria Lello comemora 116 anos na Expo Dubai e lan\u00e7a Lus\u00edadas e Mensagem em \u00e1rabe - Portugal Expo 2020 Dubai","isPartOf":{"@id":"https:\/\/portugalexpo2020dubai.pt\/#website"},"primaryImageOfPage":{"@id":"https:\/\/portugalexpo2020dubai.pt\/index.php\/2022\/01\/13\/livraria-lello-comemora-116-anos-na-expo-dubai-e-lanca-lusiadas-e-mensagem-em-arabe\/?lang=pt-pt#primaryimage"},"image":{"@id":"https:\/\/portugalexpo2020dubai.pt\/index.php\/2022\/01\/13\/livraria-lello-comemora-116-anos-na-expo-dubai-e-lanca-lusiadas-e-mensagem-em-arabe\/?lang=pt-pt#primaryimage"},"thumbnailUrl":"https:\/\/portugalexpo2020dubai.pt\/wp-content\/uploads\/2022\/01\/DOC.20220113.35230257.MAC1301221531-2-scaled.jpg","datePublished":"2022-01-13T16:27:21+00:00","dateModified":"2022-01-23T23:04:43+00:00","description":"A livraria Lello lan\u00e7ou hoje, na Expo Dubai, \u201cOs Lus\u00edadas\u201d, de Lu\u00eds de Cam\u00f5es, e a \u201cMensagem\u201d, de Fernando Pessoa, em \u00e1rabe, garantindo que est\u00e1 dispon\u00edvel para publicar mais obras nesta l\u00edngua, apostando na internacionaliza\u00e7\u00e3o da literatura nacional.","breadcrumb":{"@id":"https:\/\/portugalexpo2020dubai.pt\/index.php\/2022\/01\/13\/livraria-lello-comemora-116-anos-na-expo-dubai-e-lanca-lusiadas-e-mensagem-em-arabe\/?lang=pt-pt#breadcrumb"},"inLanguage":"en-US","potentialAction":[{"@type":"ReadAction","target":["https:\/\/portugalexpo2020dubai.pt\/index.php\/2022\/01\/13\/livraria-lello-comemora-116-anos-na-expo-dubai-e-lanca-lusiadas-e-mensagem-em-arabe\/?lang=pt-pt"]}]},{"@type":"ImageObject","inLanguage":"en-US","@id":"https:\/\/portugalexpo2020dubai.pt\/index.php\/2022\/01\/13\/livraria-lello-comemora-116-anos-na-expo-dubai-e-lanca-lusiadas-e-mensagem-em-arabe\/?lang=pt-pt#primaryimage","url":"https:\/\/portugalexpo2020dubai.pt\/wp-content\/uploads\/2022\/01\/DOC.20220113.35230257.MAC1301221531-2-scaled.jpg","contentUrl":"https:\/\/portugalexpo2020dubai.pt\/wp-content\/uploads\/2022\/01\/DOC.20220113.35230257.MAC1301221531-2-scaled.jpg","width":2560,"height":1707,"caption":"\u00a9LUSA"},{"@type":"BreadcrumbList","@id":"https:\/\/portugalexpo2020dubai.pt\/index.php\/2022\/01\/13\/livraria-lello-comemora-116-anos-na-expo-dubai-e-lanca-lusiadas-e-mensagem-em-arabe\/?lang=pt-pt#breadcrumb","itemListElement":[{"@type":"ListItem","position":1,"name":"Home","item":"https:\/\/portugalexpo2020dubai.pt\/"},{"@type":"ListItem","position":2,"name":"Livraria Lello comemora 116 anos na Expo Dubai e lan\u00e7a Lus\u00edadas e Mensagem em \u00e1rabe"}]},{"@type":"WebSite","@id":"https:\/\/portugalexpo2020dubai.pt\/#website","url":"https:\/\/portugalexpo2020dubai.pt\/","name":"Portugal Expo 2020 Dubai","description":"Portugal Expo 2020 Dubai","publisher":{"@id":"https:\/\/portugalexpo2020dubai.pt\/#organization"},"potentialAction":[{"@type":"SearchAction","target":{"@type":"EntryPoint","urlTemplate":"https:\/\/portugalexpo2020dubai.pt\/?s={search_term_string}"},"query-input":{"@type":"PropertyValueSpecification","valueRequired":true,"valueName":"search_term_string"}}],"inLanguage":"en-US"},{"@type":"Organization","@id":"https:\/\/portugalexpo2020dubai.pt\/#organization","name":"Portugal Expo 2020 Dubai","url":"https:\/\/portugalexpo2020dubai.pt\/","logo":{"@type":"ImageObject","inLanguage":"en-US","@id":"https:\/\/portugalexpo2020dubai.pt\/#\/schema\/logo\/image\/","url":"https:\/\/portugalexpo2020dubai.pt\/wp-content\/uploads\/2021\/09\/logo_aicep.png","contentUrl":"https:\/\/portugalexpo2020dubai.pt\/wp-content\/uploads\/2021\/09\/logo_aicep.png","width":830,"height":200,"caption":"Portugal Expo 2020 Dubai"},"image":{"@id":"https:\/\/portugalexpo2020dubai.pt\/#\/schema\/logo\/image\/"},"sameAs":["https:\/\/www.facebook.com\/portugalexpo2020","https:\/\/x.com\/PTexpo2020","https:\/\/www.instagram.com\/portugalexpo2020\/"]},{"@type":"Person","@id":"https:\/\/portugalexpo2020dubai.pt\/#\/schema\/person\/b3a886f492d6f9451dd81753e22488f9","name":"Catarina Beija","image":{"@type":"ImageObject","inLanguage":"en-US","@id":"https:\/\/secure.gravatar.com\/avatar\/4c9f1d7d0df92294044bdecb88b912257abbbac65d788bc499eb2cceb120941a?s=96&d=mm&r=g","url":"https:\/\/secure.gravatar.com\/avatar\/4c9f1d7d0df92294044bdecb88b912257abbbac65d788bc499eb2cceb120941a?s=96&d=mm&r=g","contentUrl":"https:\/\/secure.gravatar.com\/avatar\/4c9f1d7d0df92294044bdecb88b912257abbbac65d788bc499eb2cceb120941a?s=96&d=mm&r=g","caption":"Catarina Beija"},"url":"https:\/\/portugalexpo2020dubai.pt\/index.php\/author\/catarina-beijaportugalglobal-pt\/"}]}},"cc_featured_image_caption":{"caption_text":"","source_text":"","source_url":""},"_links":{"self":[{"href":"https:\/\/portugalexpo2020dubai.pt\/index.php\/wp-json\/wp\/v2\/posts\/8077","targetHints":{"allow":["GET"]}}],"collection":[{"href":"https:\/\/portugalexpo2020dubai.pt\/index.php\/wp-json\/wp\/v2\/posts"}],"about":[{"href":"https:\/\/portugalexpo2020dubai.pt\/index.php\/wp-json\/wp\/v2\/types\/post"}],"author":[{"embeddable":true,"href":"https:\/\/portugalexpo2020dubai.pt\/index.php\/wp-json\/wp\/v2\/users\/2"}],"replies":[{"embeddable":true,"href":"https:\/\/portugalexpo2020dubai.pt\/index.php\/wp-json\/wp\/v2\/comments?post=8077"}],"version-history":[{"count":4,"href":"https:\/\/portugalexpo2020dubai.pt\/index.php\/wp-json\/wp\/v2\/posts\/8077\/revisions"}],"predecessor-version":[{"id":8310,"href":"https:\/\/portugalexpo2020dubai.pt\/index.php\/wp-json\/wp\/v2\/posts\/8077\/revisions\/8310"}],"wp:featuredmedia":[{"embeddable":true,"href":"https:\/\/portugalexpo2020dubai.pt\/index.php\/wp-json\/wp\/v2\/media\/8294"}],"wp:attachment":[{"href":"https:\/\/portugalexpo2020dubai.pt\/index.php\/wp-json\/wp\/v2\/media?parent=8077"}],"wp:term":[{"taxonomy":"category","embeddable":true,"href":"https:\/\/portugalexpo2020dubai.pt\/index.php\/wp-json\/wp\/v2\/categories?post=8077"},{"taxonomy":"post_tag","embeddable":true,"href":"https:\/\/portugalexpo2020dubai.pt\/index.php\/wp-json\/wp\/v2\/tags?post=8077"}],"curies":[{"name":"wp","href":"https:\/\/api.w.org\/{rel}","templated":true}]}}