{"id":7771,"date":"2022-01-13T16:19:01","date_gmt":"2022-01-13T16:19:01","guid":{"rendered":"https:\/\/portugalexpo2020dubai.pt\/?p=7771"},"modified":"2022-01-15T14:13:56","modified_gmt":"2022-01-15T14:13:56","slug":"seminario-economico-na-expo-apresenta-portugal-como-parceiro-ideal-de-negocio","status":"publish","type":"post","link":"https:\/\/portugalexpo2020dubai.pt\/index.php\/2022\/01\/13\/seminario-economico-na-expo-apresenta-portugal-como-parceiro-ideal-de-negocio\/?lang=pt-pt","title":{"rendered":"Semin\u00e1rio econ\u00f3mico na Expo apresenta Portugal como &#8216;parceiro ideal de neg\u00f3cio&#8217;"},"content":{"rendered":"<p>[vc_row][vc_column][vc_empty_space height=&#8221;50px&#8221;][vc_column_text]<strong>O talento e a inova\u00e7\u00e3o de Portugal estiveram hoje em destaque no &#8216;Portugal Business Briefing&#8217;, um evento que apresentou o pa\u00eds na sua dimens\u00e3o de com\u00e9rcio e investimento, no \u00e2mbito do Dia de Portugal na Expo 2020 Dubai.<\/strong><\/p>\n<p>&nbsp;<\/p>\n<p>O semin\u00e1rio econ\u00f3mico contou com a presen\u00e7a do secret\u00e1rio de Estado dos Neg\u00f3cios Estrangeiros e da Coopera\u00e7\u00e3o, Francisco Andr\u00e9.\u00a0No discurso de abertura, o secret\u00e1rio de Estado defendeu que\u00a0Portugal \u00e9 um parceiro ideal de neg\u00f3cio, e destacou que a tradi\u00e7\u00e3o, associada \u00e0 inova\u00e7\u00e3o e \u00e0 sustentabilidade, s\u00e3o prioridades para o pa\u00eds.<\/p>\n<p>&nbsp;<\/p>\n<p>\u201cPortugal \u00e9 um parceiro ideal de neg\u00f3cio [\u2026]. A sustentabilidade \u00e9 uma prioridade e uma preocupa\u00e7\u00e3o para a nossa ind\u00fastria. As duas partes [Portugal e Emirados] t\u00eam trabalhado para desenvolver as suas rela\u00e7\u00f5es, com sucesso\u201d, afirmou o governante, no \u2018Portugal Business Briefing\u2019, no \u00e2mbito da Expo Dubai.<\/p>\n<p>&nbsp;<\/p>\n<p>O secret\u00e1rio de Estado lembrou ainda que a sociedade e economias mundiais ainda est\u00e3o deparadas com a pandemia de covid-19, mas notou ser necess\u00e1rio olhar em frente, pensar na recupera\u00e7\u00e3o e em novas formas de produ\u00e7\u00e3o.<\/p>\n<p>&nbsp;<\/p>\n<p>\u201cO Pavilh\u00e3o Portugu\u00eas \u00e9 um \u2018showcase\u2019 daquilo que Portugal representa e tem para oferecer\u201d, referiu,\u00a0esperando que o evento consiga atrair novos investidores para o pa\u00eds.<\/p>\n<p>&nbsp;<\/p>\n<p>O evento contou ainda com interven\u00e7\u00f5es do Presidente da AICEP e Comiss\u00e1rio-Geral de Portugal para a Expo 2020 Dubai, Lu\u00eds Castro Henriques, do Administrador do INESC TEC, Jos\u00e9 Carlos Caldeira, e do Presidente da Siemens Portugal, Pedro Pires de Miranda.[\/vc_column_text][\/vc_column][\/vc_row][vc_row][vc_column][vc_empty_space height=&#8221;50px&#8221;][vc_media_grid style=&#8221;pagination&#8221; items_per_page=&#8221;1&#8243; element_width=&#8221;12&#8243; arrows_design=&#8221;vc_arrow-icon-arrow_01_left&#8221; arrows_position=&#8221;outside&#8221; arrows_color=&#8221;sandy_brown&#8221; paging_design=&#8221;point_dots&#8221; loop=&#8221;yes&#8221; item=&#8221;masonryMedia_SlideWithTitleAndCaption&#8221; grid_id=&#8221;vc_gid:1642175492730-2d0df19f-d742-0&#8243; include=&#8221;7894,7898,7903,7896,7905,7900&#8243;][\/vc_column][\/vc_row][vc_row][vc_column][vc_column_text]Numa apresenta\u00e7\u00e3o intitulada \u2018Why Portugal?\u2019, o Presidente da AICEP destacou alguns indicadores econ\u00f3micos do pa\u00eds e apresentou motivos para visitar e investir em Portugal, apontando o pa\u00eds como\u00a0uma escolha para os investidores tendo em conta a qualidade do ensino universit\u00e1rio, a compet\u00eancia dos trabalhadores e a flu\u00eancia em diversas l\u00ednguas.<\/p>\n<p>&nbsp;<\/p>\n<p>Dados que, para a AICEP \u2013 Ag\u00eancia para o Investimento e Com\u00e9rcio Externo de Portugal, s\u00e3o confirmados, por exemplo, pela percentagem (13%) de estudantes estrangeiros no ensino superior portugu\u00eas em 2020\/2021, ou pelo n\u00famero de formados em engenharia, que, segundo dados da OCDE, citados pela mesma ag\u00eancia, representa a terceira taxa mais elevada da Europa.<\/p>\n<p>&nbsp;<\/p>\n<p>J\u00e1 ao n\u00edvel do investimento, Lu\u00eds Castro Henriques destaca a participa\u00e7\u00e3o da APG Asset management, Swiss Life AM e do servi\u00e7o nacional de pens\u00f5es coreano na Brisa ou a participa\u00e7\u00e3o maiorit\u00e1ria da Allianz Capital Partners na Galp G\u00e1s Natural.\u00a0A estes fatores somam-se a \u201clocaliza\u00e7\u00e3o estrat\u00e9gica\u201d de Portugal, permitindo o acesso a outros mercados europeus, com um potencial de at\u00e9 500 milh\u00f5es de pessoas, segundo os dados enviados \u00e0 Lusa pela AICEP.<\/p>\n<p>&nbsp;<\/p>\n<p>Conforme apontaram, Lisboa pode ainda ser uma ponte de liga\u00e7\u00e3o aos mercados que falam portugu\u00eas, abrangendo 260 milh\u00f5es de pessoas.<\/p>\n<p>&nbsp;<\/p>\n<p>No que se refere ao seu pr\u00f3prio suporte institucional, a AICEP notou que fornece \u201cinforma\u00e7\u00f5es relevantes\u201d para os investidores, \u201cfacilitando contactos com empresas j\u00e1 instaladas em Portugal\u201d e parceiros locais, promove a \u201cnegocia\u00e7\u00e3o direta\u201d com os clientes para definir um \u201cpacote global que satisfa\u00e7a as necessidades dos investidores\u201d, facilitando ainda o contacto com as ag\u00eancias governamentais e prestadores de servi\u00e7os, ao n\u00edvel da eletricidade, telecomunica\u00e7\u00f5es e g\u00e1s.[\/vc_column_text][\/vc_column][\/vc_row]<\/p>\n","protected":false},"excerpt":{"rendered":"<p>O secret\u00e1rio de Estado dos Neg\u00f3cios Estrangeiros e da Coopera\u00e7\u00e3o, Francisco Andr\u00e9, defendeu hoje, no Dubai, que Portugal \u00e9 um parceiro ideal de neg\u00f3cio, destacando que a tradi\u00e7\u00e3o, associada \u00e0 inova\u00e7\u00e3o e \u00e0 sustentabilidade s\u00e3o prioridades para o pa\u00eds.<\/p>\n","protected":false},"author":2,"featured_media":7910,"comment_status":"closed","ping_status":"closed","sticky":false,"template":"","format":"standard","meta":{"_monsterinsights_skip_tracking":false,"_monsterinsights_sitenote_active":false,"_monsterinsights_sitenote_note":"","_monsterinsights_sitenote_category":0,"footnotes":""},"categories":[71],"tags":[],"class_list":["post-7771","post","type-post","status-publish","format-standard","has-post-thumbnail","hentry","category-news-pt-pt"],"yoast_head":"<!-- This site is optimized with the Yoast SEO plugin v27.5 - https:\/\/yoast.com\/product\/yoast-seo-wordpress\/ -->\n<title>Semin\u00e1rio econ\u00f3mico na Expo apresenta Portugal como &#039;parceiro ideal de neg\u00f3cio&#039; - Portugal Expo 2020 Dubai<\/title>\n<meta name=\"description\" content=\"O secret\u00e1rio de Estado dos Neg\u00f3cios Estrangeiros e da Coopera\u00e7\u00e3o, Francisco Andr\u00e9, defendeu hoje, no Dubai, que Portugal \u00e9 um parceiro ideal de neg\u00f3cio, destacando que a tradi\u00e7\u00e3o, associada \u00e0 inova\u00e7\u00e3o e \u00e0 sustentabilidade s\u00e3o prioridades para o pa\u00eds.\" \/>\n<meta name=\"robots\" content=\"index, follow, max-snippet:-1, max-image-preview:large, max-video-preview:-1\" \/>\n<link rel=\"canonical\" href=\"https:\/\/portugalexpo2020dubai.pt\/index.php\/2022\/01\/13\/seminario-economico-na-expo-apresenta-portugal-como-parceiro-ideal-de-negocio\/\" \/>\n<meta property=\"og:locale\" content=\"en_US\" \/>\n<meta property=\"og:type\" content=\"article\" \/>\n<meta property=\"og:title\" content=\"Semin\u00e1rio econ\u00f3mico na Expo apresenta Portugal como &#039;parceiro ideal de neg\u00f3cio&#039; - Portugal Expo 2020 Dubai\" \/>\n<meta property=\"og:description\" content=\"O secret\u00e1rio de Estado dos Neg\u00f3cios Estrangeiros e da Coopera\u00e7\u00e3o, Francisco Andr\u00e9, defendeu hoje, no Dubai, que Portugal \u00e9 um parceiro ideal de neg\u00f3cio, destacando que a tradi\u00e7\u00e3o, associada \u00e0 inova\u00e7\u00e3o e \u00e0 sustentabilidade s\u00e3o prioridades para o pa\u00eds.\" \/>\n<meta property=\"og:url\" content=\"https:\/\/portugalexpo2020dubai.pt\/index.php\/2022\/01\/13\/seminario-economico-na-expo-apresenta-portugal-como-parceiro-ideal-de-negocio\/?lang=pt-pt\" \/>\n<meta property=\"og:site_name\" content=\"Portugal Expo 2020 Dubai\" \/>\n<meta property=\"article:publisher\" content=\"https:\/\/www.facebook.com\/portugalexpo2020\" \/>\n<meta property=\"article:published_time\" content=\"2022-01-13T16:19:01+00:00\" \/>\n<meta property=\"article:modified_time\" content=\"2022-01-15T14:13:56+00:00\" \/>\n<meta property=\"og:image\" content=\"https:\/\/portugalexpo2020dubai.pt\/wp-content\/uploads\/2022\/01\/Luis-Castro-Henriques-Presidente-AICEP-e-Comissario-Geral-de-Portugal-para-a-Expo-2020-Dubai-scaled.jpeg\" \/>\n\t<meta property=\"og:image:width\" content=\"2560\" \/>\n\t<meta property=\"og:image:height\" content=\"1707\" \/>\n\t<meta property=\"og:image:type\" content=\"image\/jpeg\" \/>\n<meta name=\"author\" content=\"Catarina Beija\" \/>\n<meta name=\"twitter:card\" content=\"summary_large_image\" \/>\n<meta name=\"twitter:creator\" content=\"@PTexpo2020\" \/>\n<meta name=\"twitter:site\" content=\"@PTexpo2020\" \/>\n<meta name=\"twitter:label1\" content=\"Written by\" \/>\n\t<meta name=\"twitter:data1\" content=\"Catarina Beija\" \/>\n\t<meta name=\"twitter:label2\" content=\"Est. reading time\" \/>\n\t<meta name=\"twitter:data2\" content=\"2 minutes\" \/>\n<script type=\"application\/ld+json\" class=\"yoast-schema-graph\">{\"@context\":\"https:\\\/\\\/schema.org\",\"@graph\":[{\"@type\":\"Article\",\"@id\":\"https:\\\/\\\/portugalexpo2020dubai.pt\\\/index.php\\\/2022\\\/01\\\/13\\\/seminario-economico-na-expo-apresenta-portugal-como-parceiro-ideal-de-negocio\\\/?lang=pt-pt#article\",\"isPartOf\":{\"@id\":\"https:\\\/\\\/portugalexpo2020dubai.pt\\\/index.php\\\/2022\\\/01\\\/13\\\/seminario-economico-na-expo-apresenta-portugal-como-parceiro-ideal-de-negocio\\\/?lang=pt-pt\"},\"author\":{\"name\":\"Catarina Beija\",\"@id\":\"https:\\\/\\\/portugalexpo2020dubai.pt\\\/#\\\/schema\\\/person\\\/b3a886f492d6f9451dd81753e22488f9\"},\"headline\":\"Semin\u00e1rio econ\u00f3mico na Expo apresenta Portugal como &#8216;parceiro ideal de neg\u00f3cio&#8217;\",\"datePublished\":\"2022-01-13T16:19:01+00:00\",\"dateModified\":\"2022-01-15T14:13:56+00:00\",\"mainEntityOfPage\":{\"@id\":\"https:\\\/\\\/portugalexpo2020dubai.pt\\\/index.php\\\/2022\\\/01\\\/13\\\/seminario-economico-na-expo-apresenta-portugal-como-parceiro-ideal-de-negocio\\\/?lang=pt-pt\"},\"wordCount\":668,\"publisher\":{\"@id\":\"https:\\\/\\\/portugalexpo2020dubai.pt\\\/#organization\"},\"image\":{\"@id\":\"https:\\\/\\\/portugalexpo2020dubai.pt\\\/index.php\\\/2022\\\/01\\\/13\\\/seminario-economico-na-expo-apresenta-portugal-como-parceiro-ideal-de-negocio\\\/?lang=pt-pt#primaryimage\"},\"thumbnailUrl\":\"https:\\\/\\\/portugalexpo2020dubai.pt\\\/wp-content\\\/uploads\\\/2022\\\/01\\\/Luis-Castro-Henriques-Presidente-AICEP-e-Comissario-Geral-de-Portugal-para-a-Expo-2020-Dubai-scaled.jpeg\",\"articleSection\":[\"Not\u00edcias\"],\"inLanguage\":\"en-US\"},{\"@type\":\"WebPage\",\"@id\":\"https:\\\/\\\/portugalexpo2020dubai.pt\\\/index.php\\\/2022\\\/01\\\/13\\\/seminario-economico-na-expo-apresenta-portugal-como-parceiro-ideal-de-negocio\\\/?lang=pt-pt\",\"url\":\"https:\\\/\\\/portugalexpo2020dubai.pt\\\/index.php\\\/2022\\\/01\\\/13\\\/seminario-economico-na-expo-apresenta-portugal-como-parceiro-ideal-de-negocio\\\/?lang=pt-pt\",\"name\":\"Semin\u00e1rio econ\u00f3mico na Expo apresenta Portugal como 'parceiro ideal de neg\u00f3cio' - Portugal Expo 2020 Dubai\",\"isPartOf\":{\"@id\":\"https:\\\/\\\/portugalexpo2020dubai.pt\\\/#website\"},\"primaryImageOfPage\":{\"@id\":\"https:\\\/\\\/portugalexpo2020dubai.pt\\\/index.php\\\/2022\\\/01\\\/13\\\/seminario-economico-na-expo-apresenta-portugal-como-parceiro-ideal-de-negocio\\\/?lang=pt-pt#primaryimage\"},\"image\":{\"@id\":\"https:\\\/\\\/portugalexpo2020dubai.pt\\\/index.php\\\/2022\\\/01\\\/13\\\/seminario-economico-na-expo-apresenta-portugal-como-parceiro-ideal-de-negocio\\\/?lang=pt-pt#primaryimage\"},\"thumbnailUrl\":\"https:\\\/\\\/portugalexpo2020dubai.pt\\\/wp-content\\\/uploads\\\/2022\\\/01\\\/Luis-Castro-Henriques-Presidente-AICEP-e-Comissario-Geral-de-Portugal-para-a-Expo-2020-Dubai-scaled.jpeg\",\"datePublished\":\"2022-01-13T16:19:01+00:00\",\"dateModified\":\"2022-01-15T14:13:56+00:00\",\"description\":\"O secret\u00e1rio de Estado dos Neg\u00f3cios Estrangeiros e da Coopera\u00e7\u00e3o, Francisco Andr\u00e9, defendeu hoje, no Dubai, que Portugal \u00e9 um parceiro ideal de neg\u00f3cio, destacando que a tradi\u00e7\u00e3o, associada \u00e0 inova\u00e7\u00e3o e \u00e0 sustentabilidade s\u00e3o prioridades para o pa\u00eds.\",\"breadcrumb\":{\"@id\":\"https:\\\/\\\/portugalexpo2020dubai.pt\\\/index.php\\\/2022\\\/01\\\/13\\\/seminario-economico-na-expo-apresenta-portugal-como-parceiro-ideal-de-negocio\\\/?lang=pt-pt#breadcrumb\"},\"inLanguage\":\"en-US\",\"potentialAction\":[{\"@type\":\"ReadAction\",\"target\":[\"https:\\\/\\\/portugalexpo2020dubai.pt\\\/index.php\\\/2022\\\/01\\\/13\\\/seminario-economico-na-expo-apresenta-portugal-como-parceiro-ideal-de-negocio\\\/?lang=pt-pt\"]}]},{\"@type\":\"ImageObject\",\"inLanguage\":\"en-US\",\"@id\":\"https:\\\/\\\/portugalexpo2020dubai.pt\\\/index.php\\\/2022\\\/01\\\/13\\\/seminario-economico-na-expo-apresenta-portugal-como-parceiro-ideal-de-negocio\\\/?lang=pt-pt#primaryimage\",\"url\":\"https:\\\/\\\/portugalexpo2020dubai.pt\\\/wp-content\\\/uploads\\\/2022\\\/01\\\/Luis-Castro-Henriques-Presidente-AICEP-e-Comissario-Geral-de-Portugal-para-a-Expo-2020-Dubai-scaled.jpeg\",\"contentUrl\":\"https:\\\/\\\/portugalexpo2020dubai.pt\\\/wp-content\\\/uploads\\\/2022\\\/01\\\/Luis-Castro-Henriques-Presidente-AICEP-e-Comissario-Geral-de-Portugal-para-a-Expo-2020-Dubai-scaled.jpeg\",\"width\":2560,\"height\":1707,\"caption\":\"\u00a9Rodrigo Marques \\\/ AICEP\"},{\"@type\":\"BreadcrumbList\",\"@id\":\"https:\\\/\\\/portugalexpo2020dubai.pt\\\/index.php\\\/2022\\\/01\\\/13\\\/seminario-economico-na-expo-apresenta-portugal-como-parceiro-ideal-de-negocio\\\/?lang=pt-pt#breadcrumb\",\"itemListElement\":[{\"@type\":\"ListItem\",\"position\":1,\"name\":\"Home\",\"item\":\"https:\\\/\\\/portugalexpo2020dubai.pt\\\/\"},{\"@type\":\"ListItem\",\"position\":2,\"name\":\"Semin\u00e1rio econ\u00f3mico na Expo apresenta Portugal como &#8216;parceiro ideal de neg\u00f3cio&#8217;\"}]},{\"@type\":\"WebSite\",\"@id\":\"https:\\\/\\\/portugalexpo2020dubai.pt\\\/#website\",\"url\":\"https:\\\/\\\/portugalexpo2020dubai.pt\\\/\",\"name\":\"Portugal Expo 2020 Dubai\",\"description\":\"Portugal Expo 2020 Dubai\",\"publisher\":{\"@id\":\"https:\\\/\\\/portugalexpo2020dubai.pt\\\/#organization\"},\"potentialAction\":[{\"@type\":\"SearchAction\",\"target\":{\"@type\":\"EntryPoint\",\"urlTemplate\":\"https:\\\/\\\/portugalexpo2020dubai.pt\\\/?s={search_term_string}\"},\"query-input\":{\"@type\":\"PropertyValueSpecification\",\"valueRequired\":true,\"valueName\":\"search_term_string\"}}],\"inLanguage\":\"en-US\"},{\"@type\":\"Organization\",\"@id\":\"https:\\\/\\\/portugalexpo2020dubai.pt\\\/#organization\",\"name\":\"Portugal Expo 2020 Dubai\",\"url\":\"https:\\\/\\\/portugalexpo2020dubai.pt\\\/\",\"logo\":{\"@type\":\"ImageObject\",\"inLanguage\":\"en-US\",\"@id\":\"https:\\\/\\\/portugalexpo2020dubai.pt\\\/#\\\/schema\\\/logo\\\/image\\\/\",\"url\":\"https:\\\/\\\/portugalexpo2020dubai.pt\\\/wp-content\\\/uploads\\\/2021\\\/09\\\/logo_aicep.png\",\"contentUrl\":\"https:\\\/\\\/portugalexpo2020dubai.pt\\\/wp-content\\\/uploads\\\/2021\\\/09\\\/logo_aicep.png\",\"width\":830,\"height\":200,\"caption\":\"Portugal Expo 2020 Dubai\"},\"image\":{\"@id\":\"https:\\\/\\\/portugalexpo2020dubai.pt\\\/#\\\/schema\\\/logo\\\/image\\\/\"},\"sameAs\":[\"https:\\\/\\\/www.facebook.com\\\/portugalexpo2020\",\"https:\\\/\\\/x.com\\\/PTexpo2020\",\"https:\\\/\\\/www.instagram.com\\\/portugalexpo2020\\\/\"]},{\"@type\":\"Person\",\"@id\":\"https:\\\/\\\/portugalexpo2020dubai.pt\\\/#\\\/schema\\\/person\\\/b3a886f492d6f9451dd81753e22488f9\",\"name\":\"Catarina Beija\",\"image\":{\"@type\":\"ImageObject\",\"inLanguage\":\"en-US\",\"@id\":\"https:\\\/\\\/secure.gravatar.com\\\/avatar\\\/4c9f1d7d0df92294044bdecb88b912257abbbac65d788bc499eb2cceb120941a?s=96&d=mm&r=g\",\"url\":\"https:\\\/\\\/secure.gravatar.com\\\/avatar\\\/4c9f1d7d0df92294044bdecb88b912257abbbac65d788bc499eb2cceb120941a?s=96&d=mm&r=g\",\"contentUrl\":\"https:\\\/\\\/secure.gravatar.com\\\/avatar\\\/4c9f1d7d0df92294044bdecb88b912257abbbac65d788bc499eb2cceb120941a?s=96&d=mm&r=g\",\"caption\":\"Catarina Beija\"},\"url\":\"https:\\\/\\\/portugalexpo2020dubai.pt\\\/index.php\\\/author\\\/catarina-beijaportugalglobal-pt\\\/\"}]}<\/script>\n<!-- \/ Yoast SEO plugin. -->","yoast_head_json":{"title":"Semin\u00e1rio econ\u00f3mico na Expo apresenta Portugal como 'parceiro ideal de neg\u00f3cio' - Portugal Expo 2020 Dubai","description":"O secret\u00e1rio de Estado dos Neg\u00f3cios Estrangeiros e da Coopera\u00e7\u00e3o, Francisco Andr\u00e9, defendeu hoje, no Dubai, que Portugal \u00e9 um parceiro ideal de neg\u00f3cio, destacando que a tradi\u00e7\u00e3o, associada \u00e0 inova\u00e7\u00e3o e \u00e0 sustentabilidade s\u00e3o prioridades para o pa\u00eds.","robots":{"index":"index","follow":"follow","max-snippet":"max-snippet:-1","max-image-preview":"max-image-preview:large","max-video-preview":"max-video-preview:-1"},"canonical":"https:\/\/portugalexpo2020dubai.pt\/index.php\/2022\/01\/13\/seminario-economico-na-expo-apresenta-portugal-como-parceiro-ideal-de-negocio\/","og_locale":"en_US","og_type":"article","og_title":"Semin\u00e1rio econ\u00f3mico na Expo apresenta Portugal como 'parceiro ideal de neg\u00f3cio' - Portugal Expo 2020 Dubai","og_description":"O secret\u00e1rio de Estado dos Neg\u00f3cios Estrangeiros e da Coopera\u00e7\u00e3o, Francisco Andr\u00e9, defendeu hoje, no Dubai, que Portugal \u00e9 um parceiro ideal de neg\u00f3cio, destacando que a tradi\u00e7\u00e3o, associada \u00e0 inova\u00e7\u00e3o e \u00e0 sustentabilidade s\u00e3o prioridades para o pa\u00eds.","og_url":"https:\/\/portugalexpo2020dubai.pt\/index.php\/2022\/01\/13\/seminario-economico-na-expo-apresenta-portugal-como-parceiro-ideal-de-negocio\/?lang=pt-pt","og_site_name":"Portugal Expo 2020 Dubai","article_publisher":"https:\/\/www.facebook.com\/portugalexpo2020","article_published_time":"2022-01-13T16:19:01+00:00","article_modified_time":"2022-01-15T14:13:56+00:00","og_image":[{"width":2560,"height":1707,"url":"https:\/\/portugalexpo2020dubai.pt\/wp-content\/uploads\/2022\/01\/Luis-Castro-Henriques-Presidente-AICEP-e-Comissario-Geral-de-Portugal-para-a-Expo-2020-Dubai-scaled.jpeg","type":"image\/jpeg"}],"author":"Catarina Beija","twitter_card":"summary_large_image","twitter_creator":"@PTexpo2020","twitter_site":"@PTexpo2020","twitter_misc":{"Written by":"Catarina Beija","Est. reading time":"2 minutes"},"schema":{"@context":"https:\/\/schema.org","@graph":[{"@type":"Article","@id":"https:\/\/portugalexpo2020dubai.pt\/index.php\/2022\/01\/13\/seminario-economico-na-expo-apresenta-portugal-como-parceiro-ideal-de-negocio\/?lang=pt-pt#article","isPartOf":{"@id":"https:\/\/portugalexpo2020dubai.pt\/index.php\/2022\/01\/13\/seminario-economico-na-expo-apresenta-portugal-como-parceiro-ideal-de-negocio\/?lang=pt-pt"},"author":{"name":"Catarina Beija","@id":"https:\/\/portugalexpo2020dubai.pt\/#\/schema\/person\/b3a886f492d6f9451dd81753e22488f9"},"headline":"Semin\u00e1rio econ\u00f3mico na Expo apresenta Portugal como &#8216;parceiro ideal de neg\u00f3cio&#8217;","datePublished":"2022-01-13T16:19:01+00:00","dateModified":"2022-01-15T14:13:56+00:00","mainEntityOfPage":{"@id":"https:\/\/portugalexpo2020dubai.pt\/index.php\/2022\/01\/13\/seminario-economico-na-expo-apresenta-portugal-como-parceiro-ideal-de-negocio\/?lang=pt-pt"},"wordCount":668,"publisher":{"@id":"https:\/\/portugalexpo2020dubai.pt\/#organization"},"image":{"@id":"https:\/\/portugalexpo2020dubai.pt\/index.php\/2022\/01\/13\/seminario-economico-na-expo-apresenta-portugal-como-parceiro-ideal-de-negocio\/?lang=pt-pt#primaryimage"},"thumbnailUrl":"https:\/\/portugalexpo2020dubai.pt\/wp-content\/uploads\/2022\/01\/Luis-Castro-Henriques-Presidente-AICEP-e-Comissario-Geral-de-Portugal-para-a-Expo-2020-Dubai-scaled.jpeg","articleSection":["Not\u00edcias"],"inLanguage":"en-US"},{"@type":"WebPage","@id":"https:\/\/portugalexpo2020dubai.pt\/index.php\/2022\/01\/13\/seminario-economico-na-expo-apresenta-portugal-como-parceiro-ideal-de-negocio\/?lang=pt-pt","url":"https:\/\/portugalexpo2020dubai.pt\/index.php\/2022\/01\/13\/seminario-economico-na-expo-apresenta-portugal-como-parceiro-ideal-de-negocio\/?lang=pt-pt","name":"Semin\u00e1rio econ\u00f3mico na Expo apresenta Portugal como 'parceiro ideal de neg\u00f3cio' - Portugal Expo 2020 Dubai","isPartOf":{"@id":"https:\/\/portugalexpo2020dubai.pt\/#website"},"primaryImageOfPage":{"@id":"https:\/\/portugalexpo2020dubai.pt\/index.php\/2022\/01\/13\/seminario-economico-na-expo-apresenta-portugal-como-parceiro-ideal-de-negocio\/?lang=pt-pt#primaryimage"},"image":{"@id":"https:\/\/portugalexpo2020dubai.pt\/index.php\/2022\/01\/13\/seminario-economico-na-expo-apresenta-portugal-como-parceiro-ideal-de-negocio\/?lang=pt-pt#primaryimage"},"thumbnailUrl":"https:\/\/portugalexpo2020dubai.pt\/wp-content\/uploads\/2022\/01\/Luis-Castro-Henriques-Presidente-AICEP-e-Comissario-Geral-de-Portugal-para-a-Expo-2020-Dubai-scaled.jpeg","datePublished":"2022-01-13T16:19:01+00:00","dateModified":"2022-01-15T14:13:56+00:00","description":"O secret\u00e1rio de Estado dos Neg\u00f3cios Estrangeiros e da Coopera\u00e7\u00e3o, Francisco Andr\u00e9, defendeu hoje, no Dubai, que Portugal \u00e9 um parceiro ideal de neg\u00f3cio, destacando que a tradi\u00e7\u00e3o, associada \u00e0 inova\u00e7\u00e3o e \u00e0 sustentabilidade s\u00e3o prioridades para o pa\u00eds.","breadcrumb":{"@id":"https:\/\/portugalexpo2020dubai.pt\/index.php\/2022\/01\/13\/seminario-economico-na-expo-apresenta-portugal-como-parceiro-ideal-de-negocio\/?lang=pt-pt#breadcrumb"},"inLanguage":"en-US","potentialAction":[{"@type":"ReadAction","target":["https:\/\/portugalexpo2020dubai.pt\/index.php\/2022\/01\/13\/seminario-economico-na-expo-apresenta-portugal-como-parceiro-ideal-de-negocio\/?lang=pt-pt"]}]},{"@type":"ImageObject","inLanguage":"en-US","@id":"https:\/\/portugalexpo2020dubai.pt\/index.php\/2022\/01\/13\/seminario-economico-na-expo-apresenta-portugal-como-parceiro-ideal-de-negocio\/?lang=pt-pt#primaryimage","url":"https:\/\/portugalexpo2020dubai.pt\/wp-content\/uploads\/2022\/01\/Luis-Castro-Henriques-Presidente-AICEP-e-Comissario-Geral-de-Portugal-para-a-Expo-2020-Dubai-scaled.jpeg","contentUrl":"https:\/\/portugalexpo2020dubai.pt\/wp-content\/uploads\/2022\/01\/Luis-Castro-Henriques-Presidente-AICEP-e-Comissario-Geral-de-Portugal-para-a-Expo-2020-Dubai-scaled.jpeg","width":2560,"height":1707,"caption":"\u00a9Rodrigo Marques \/ AICEP"},{"@type":"BreadcrumbList","@id":"https:\/\/portugalexpo2020dubai.pt\/index.php\/2022\/01\/13\/seminario-economico-na-expo-apresenta-portugal-como-parceiro-ideal-de-negocio\/?lang=pt-pt#breadcrumb","itemListElement":[{"@type":"ListItem","position":1,"name":"Home","item":"https:\/\/portugalexpo2020dubai.pt\/"},{"@type":"ListItem","position":2,"name":"Semin\u00e1rio econ\u00f3mico na Expo apresenta Portugal como &#8216;parceiro ideal de neg\u00f3cio&#8217;"}]},{"@type":"WebSite","@id":"https:\/\/portugalexpo2020dubai.pt\/#website","url":"https:\/\/portugalexpo2020dubai.pt\/","name":"Portugal Expo 2020 Dubai","description":"Portugal Expo 2020 Dubai","publisher":{"@id":"https:\/\/portugalexpo2020dubai.pt\/#organization"},"potentialAction":[{"@type":"SearchAction","target":{"@type":"EntryPoint","urlTemplate":"https:\/\/portugalexpo2020dubai.pt\/?s={search_term_string}"},"query-input":{"@type":"PropertyValueSpecification","valueRequired":true,"valueName":"search_term_string"}}],"inLanguage":"en-US"},{"@type":"Organization","@id":"https:\/\/portugalexpo2020dubai.pt\/#organization","name":"Portugal Expo 2020 Dubai","url":"https:\/\/portugalexpo2020dubai.pt\/","logo":{"@type":"ImageObject","inLanguage":"en-US","@id":"https:\/\/portugalexpo2020dubai.pt\/#\/schema\/logo\/image\/","url":"https:\/\/portugalexpo2020dubai.pt\/wp-content\/uploads\/2021\/09\/logo_aicep.png","contentUrl":"https:\/\/portugalexpo2020dubai.pt\/wp-content\/uploads\/2021\/09\/logo_aicep.png","width":830,"height":200,"caption":"Portugal Expo 2020 Dubai"},"image":{"@id":"https:\/\/portugalexpo2020dubai.pt\/#\/schema\/logo\/image\/"},"sameAs":["https:\/\/www.facebook.com\/portugalexpo2020","https:\/\/x.com\/PTexpo2020","https:\/\/www.instagram.com\/portugalexpo2020\/"]},{"@type":"Person","@id":"https:\/\/portugalexpo2020dubai.pt\/#\/schema\/person\/b3a886f492d6f9451dd81753e22488f9","name":"Catarina Beija","image":{"@type":"ImageObject","inLanguage":"en-US","@id":"https:\/\/secure.gravatar.com\/avatar\/4c9f1d7d0df92294044bdecb88b912257abbbac65d788bc499eb2cceb120941a?s=96&d=mm&r=g","url":"https:\/\/secure.gravatar.com\/avatar\/4c9f1d7d0df92294044bdecb88b912257abbbac65d788bc499eb2cceb120941a?s=96&d=mm&r=g","contentUrl":"https:\/\/secure.gravatar.com\/avatar\/4c9f1d7d0df92294044bdecb88b912257abbbac65d788bc499eb2cceb120941a?s=96&d=mm&r=g","caption":"Catarina Beija"},"url":"https:\/\/portugalexpo2020dubai.pt\/index.php\/author\/catarina-beijaportugalglobal-pt\/"}]}},"cc_featured_image_caption":{"caption_text":"","source_text":"","source_url":""},"_links":{"self":[{"href":"https:\/\/portugalexpo2020dubai.pt\/index.php\/wp-json\/wp\/v2\/posts\/7771","targetHints":{"allow":["GET"]}}],"collection":[{"href":"https:\/\/portugalexpo2020dubai.pt\/index.php\/wp-json\/wp\/v2\/posts"}],"about":[{"href":"https:\/\/portugalexpo2020dubai.pt\/index.php\/wp-json\/wp\/v2\/types\/post"}],"author":[{"embeddable":true,"href":"https:\/\/portugalexpo2020dubai.pt\/index.php\/wp-json\/wp\/v2\/users\/2"}],"replies":[{"embeddable":true,"href":"https:\/\/portugalexpo2020dubai.pt\/index.php\/wp-json\/wp\/v2\/comments?post=7771"}],"version-history":[{"count":4,"href":"https:\/\/portugalexpo2020dubai.pt\/index.php\/wp-json\/wp\/v2\/posts\/7771\/revisions"}],"predecessor-version":[{"id":7955,"href":"https:\/\/portugalexpo2020dubai.pt\/index.php\/wp-json\/wp\/v2\/posts\/7771\/revisions\/7955"}],"wp:featuredmedia":[{"embeddable":true,"href":"https:\/\/portugalexpo2020dubai.pt\/index.php\/wp-json\/wp\/v2\/media\/7910"}],"wp:attachment":[{"href":"https:\/\/portugalexpo2020dubai.pt\/index.php\/wp-json\/wp\/v2\/media?parent=7771"}],"wp:term":[{"taxonomy":"category","embeddable":true,"href":"https:\/\/portugalexpo2020dubai.pt\/index.php\/wp-json\/wp\/v2\/categories?post=7771"},{"taxonomy":"post_tag","embeddable":true,"href":"https:\/\/portugalexpo2020dubai.pt\/index.php\/wp-json\/wp\/v2\/tags?post=7771"}],"curies":[{"name":"wp","href":"https:\/\/api.w.org\/{rel}","templated":true}]}}