{"id":7596,"date":"2022-01-11T12:10:51","date_gmt":"2022-01-11T12:10:51","guid":{"rendered":"https:\/\/portugalexpo2020dubai.pt\/?p=7596"},"modified":"2022-01-11T15:39:45","modified_gmt":"2022-01-11T15:39:45","slug":"portugal-comemora-dia-nacional-na-expo-2020-dubai-a-14-de-janeiro","status":"publish","type":"post","link":"https:\/\/portugalexpo2020dubai.pt\/index.php\/2022\/01\/11\/portugal-comemora-dia-nacional-na-expo-2020-dubai-a-14-de-janeiro\/?lang=pt-pt","title":{"rendered":"Portugal comemora Dia Nacional na Expo 2020 Dubai a 14 de janeiro"},"content":{"rendered":"<p>[vc_row][vc_column][vc_empty_space height=&#8221;50px&#8221;][vc_column_text]<\/p>\n<div>\n<div><b><span lang=\"PT\">O <a href=\"https:\/\/portugalexpo2020dubai.pt\/index.php\/show-item\/dia-nacional-de-portugal\/?lang=pt-pt\">Dia de Portugal<\/a> na Expo 2020 Dubai vai ser assinalado esta sexta-feira, dia 14 de janeiro, com um programa repleto de espet\u00e1culos e atua\u00e7\u00f5es musicais em comemora\u00e7\u00e3o da cultura portuguesa e um <a href=\"https:\/\/portugalexpo2020dubai.pt\/index.php\/show-item\/seminario-fazer-negocio-em-portugal\/?lang=pt-pt\">Semin\u00e1rio Econ\u00f3mico<\/a> de promo\u00e7\u00e3o de Portugal como destino de investimento. Haver\u00e1, ainda, lugar ao lan\u00e7amento de um postal comemorativo dos CTT, bem como da edi\u00e7\u00e3o em \u00e1rabe de \u201cOs Lus\u00edadas\u201d e da \u201cMensagem\u201d. <\/span><\/b><\/div>\n<\/div>\n<p>&nbsp;<\/p>\n<p>Ser\u00e3o dois dias plenos de atividades na Expo: na v\u00e9spera, dia 13 de janeiro, decorre o <strong><a href=\"https:\/\/portugalexpo2020dubai.pt\/index.php\/show-item\/seminario-fazer-negocio-em-portugal\/?lang=pt-pt\"><em>Portugal Business Briefing<\/em><\/a><\/strong>, um semin\u00e1rio empresarial para apresentar Portugal na sua dimens\u00e3o de com\u00e9rcio e investimento, cuja abertura ser\u00e1 feita pelo secret\u00e1rio de Estado dos Neg\u00f3cios Estrangeiros e da Coopera\u00e7\u00e3o, Francisco Andr\u00e9. O evento contar\u00e1 com apresenta\u00e7\u00f5es do <strong>Presidente da AICEP e Comiss\u00e1rio-Geral de Portugal para a Expo 2020 Dubai, Lu\u00eds Castro Henriques<\/strong>, do <strong>Administrador do INESC TEC, Jos\u00e9 Carlos Caldeira<\/strong>, e do <strong>Presidente da Siemens Portugal, Pedro Pires de Miranda<\/strong>.<\/p>\n<p>&nbsp;<\/p>\n<p>No mesmo dia, haver\u00e1 ainda a comemora\u00e7\u00e3o dos 116 anos da Livraria Lello, com a edi\u00e7\u00e3o em \u00e1rabe de \u201cOs Lus\u00edadas\u201d e da \u201cMensagem\u201d, e o lan\u00e7amento de um postal comemorativo da participa\u00e7\u00e3o portuguesa na Expo 2020 Dubai, feito pelos CTT.<\/p>\n<p>&nbsp;<\/p>\n<p>J\u00e1 o <a href=\"https:\/\/portugalexpo2020dubai.pt\/index.php\/show-item\/dia-nacional-de-portugal\/?lang=pt-pt\">Dia de Portugal<\/a>, a 14 de janeiro, ter\u00e1 in\u00edcio \u00e0s 10h15 locais (6h15 em Lisboa) com a Cerim\u00f3nia Oficial na pra\u00e7a Al Wasl, organizada pela Expo, com a presen\u00e7a de delega\u00e7\u00f5es de Portugal e dos Emirados \u00c1rabes Unidos, seguindo-se o hastear da bandeira, o hino nacional de Portugal e discursos oficiais de altos representantes. A cerim\u00f3nia ser\u00e1 fechada com um momento de guitarra portuguesa, tocada por Ant\u00f3nio Chainho e Marta Pereira da Costa, seguido de uma atua\u00e7\u00e3o com Teresa Salgueiro.<\/p>\n<p>&nbsp;<\/p>\n<blockquote>\n<p style=\"text-align: left;\">\u201c<em>O Dia de Portugal ser\u00e1 sem d\u00favida o auge da participa\u00e7\u00e3o portuguesa na Expo 2020 Dubai. O programa cultural e econ\u00f3mico que temos previsto pretende celebrar o melhor do nosso pa\u00eds, da nossa cultura e do nosso talento, e acaba por refletir o objetivo que queremos ver cumprido neste grande evento mundial: dar notoriedade a Portugal no Mundo e, em especial, na regi\u00e3o do M\u00e9dio Oriente<\/em>\u201d, afirma o Comiss\u00e1rio-Geral de Portugal para a Expo 2020 Dubai, Lu\u00eds Castro Henriques.<\/p>\n<\/blockquote>\n<p>&nbsp;<\/p>\n<p>O ponto alto das celebra\u00e7\u00f5es ter\u00e1 lugar \u00e0s 18h no Jubilee Stage \u2013 um dos palcos principais do recinto \u2013 com o espet\u00e1culo de m\u00fasica e multim\u00e9dia <em>Al Qantara<\/em> (que significa \u201cponte\u201d em \u00e1rabe), criado exclusivamente para este dia.<\/p>\n<p>&nbsp;<\/p>\n<p>No concerto ser\u00e1 estreada a composi\u00e7\u00e3o <em>Al Qantara<\/em>, da autoria de Teresa Salgueiro e do m\u00fasico Fred Ferreira e na qual participam todos os protagonistas do evento, com destaque para as guitarras portuguesas de Ant\u00f3nio Chainho e Marta Pereira da Costa e as ra\u00edzes tradicionais do grupo Retimbrar.<\/p>\n<p>&nbsp;<\/p>\n<p>Ao longo destes dias, o Pavilh\u00e3o de Portugal recebe ainda o <a href=\"https:\/\/portugalexpo2020dubai.pt\/index.php\/show-item\/caderno-de-viagem-expo-2020-dubai-tomas-reis-desenhador-urbano\/?lang=pt-pt\"><em>sketcher<\/em> urbano Tom\u00e1s Reis<\/a>, que promete criar um registo \u00fanico da experi\u00eancia de visita \u00e0 Expo 2020 Dubai, e um caderno ilustrado para relembrar o Dia de Portugal, naquela que \u00e9 a primeira feira mundial realizada no M\u00e9dio Oriente.<\/p>\n<p>&nbsp;<\/p>\n<p><strong>Conhe\u00e7a o <a href=\"https:\/\/portugalexpo2020dubai.pt\/wp-content\/uploads\/2022\/01\/Expo2020Dubai_Flyer-Portugal-National-Day-14th-january-2022.pdf\">programa completo<\/a>.<\/strong>[\/vc_column_text][\/vc_column][\/vc_row]<\/p>\n","protected":false},"excerpt":{"rendered":"<p>O Dia de Portugal na Expo 2020 Dubai vai ser assinalado esta sexta-feira, dia 14 de janeiro, com um programa repleto de espet\u00e1culos e atua\u00e7\u00f5es musicais em comemora\u00e7\u00e3o da cultura portuguesa e um Semin\u00e1rio Econ\u00f3mico de promo\u00e7\u00e3o de Portugal como destino de investimento. <\/p>\n","protected":false},"author":2,"featured_media":7601,"comment_status":"closed","ping_status":"closed","sticky":false,"template":"","format":"standard","meta":{"_monsterinsights_skip_tracking":false,"_monsterinsights_sitenote_active":false,"_monsterinsights_sitenote_note":"","_monsterinsights_sitenote_category":0,"footnotes":""},"categories":[71],"tags":[],"class_list":["post-7596","post","type-post","status-publish","format-standard","has-post-thumbnail","hentry","category-news-pt-pt"],"yoast_head":"<!-- This site is optimized with the Yoast SEO plugin v27.5 - https:\/\/yoast.com\/product\/yoast-seo-wordpress\/ -->\n<title>Portugal comemora Dia Nacional na Expo 2020 Dubai a 14 de janeiro - Portugal Expo 2020 Dubai<\/title>\n<meta name=\"description\" content=\"O Dia de Portugal na Expo 2020 Dubai vai ser assinalado esta sexta-feira, dia 14 de janeiro, com um programa repleto de espet\u00e1culos e atua\u00e7\u00f5es musicais em comemora\u00e7\u00e3o da cultura portuguesa e um Semin\u00e1rio Econ\u00f3mico de promo\u00e7\u00e3o de Portugal como destino de investimento.\" \/>\n<meta name=\"robots\" content=\"index, follow, max-snippet:-1, max-image-preview:large, max-video-preview:-1\" \/>\n<link rel=\"canonical\" href=\"https:\/\/portugalexpo2020dubai.pt\/index.php\/2022\/01\/11\/portugal-comemora-dia-nacional-na-expo-2020-dubai-a-14-de-janeiro\/\" \/>\n<meta property=\"og:locale\" content=\"en_US\" \/>\n<meta property=\"og:type\" content=\"article\" \/>\n<meta property=\"og:title\" content=\"Portugal comemora Dia Nacional na Expo 2020 Dubai a 14 de janeiro - Portugal Expo 2020 Dubai\" \/>\n<meta property=\"og:description\" content=\"O Dia de Portugal na Expo 2020 Dubai vai ser assinalado esta sexta-feira, dia 14 de janeiro, com um programa repleto de espet\u00e1culos e atua\u00e7\u00f5es musicais em comemora\u00e7\u00e3o da cultura portuguesa e um Semin\u00e1rio Econ\u00f3mico de promo\u00e7\u00e3o de Portugal como destino de investimento.\" \/>\n<meta property=\"og:url\" content=\"https:\/\/portugalexpo2020dubai.pt\/index.php\/2022\/01\/11\/portugal-comemora-dia-nacional-na-expo-2020-dubai-a-14-de-janeiro\/?lang=pt-pt\" \/>\n<meta property=\"og:site_name\" content=\"Portugal Expo 2020 Dubai\" \/>\n<meta property=\"article:publisher\" content=\"https:\/\/www.facebook.com\/portugalexpo2020\" \/>\n<meta property=\"article:published_time\" content=\"2022-01-11T12:10:51+00:00\" \/>\n<meta property=\"article:modified_time\" content=\"2022-01-11T15:39:45+00:00\" \/>\n<meta property=\"og:image\" content=\"https:\/\/portugalexpo2020dubai.pt\/wp-content\/uploads\/2022\/01\/NIK9995-HDR-scaled.jpg\" \/>\n\t<meta property=\"og:image:width\" content=\"2560\" \/>\n\t<meta property=\"og:image:height\" content=\"1707\" \/>\n\t<meta property=\"og:image:type\" content=\"image\/jpeg\" \/>\n<meta name=\"author\" content=\"Catarina Beija\" \/>\n<meta name=\"twitter:card\" content=\"summary_large_image\" \/>\n<meta name=\"twitter:creator\" content=\"@PTexpo2020\" \/>\n<meta name=\"twitter:site\" content=\"@PTexpo2020\" \/>\n<meta name=\"twitter:label1\" content=\"Written by\" \/>\n\t<meta name=\"twitter:data1\" content=\"Catarina Beija\" \/>\n\t<meta name=\"twitter:label2\" content=\"Est. reading time\" \/>\n\t<meta name=\"twitter:data2\" content=\"1 minute\" \/>\n<script type=\"application\/ld+json\" class=\"yoast-schema-graph\">{\"@context\":\"https:\\\/\\\/schema.org\",\"@graph\":[{\"@type\":\"Article\",\"@id\":\"https:\\\/\\\/portugalexpo2020dubai.pt\\\/index.php\\\/2022\\\/01\\\/11\\\/portugal-comemora-dia-nacional-na-expo-2020-dubai-a-14-de-janeiro\\\/?lang=pt-pt#article\",\"isPartOf\":{\"@id\":\"https:\\\/\\\/portugalexpo2020dubai.pt\\\/index.php\\\/2022\\\/01\\\/11\\\/portugal-comemora-dia-nacional-na-expo-2020-dubai-a-14-de-janeiro\\\/?lang=pt-pt\"},\"author\":{\"name\":\"Catarina Beija\",\"@id\":\"https:\\\/\\\/portugalexpo2020dubai.pt\\\/#\\\/schema\\\/person\\\/b3a886f492d6f9451dd81753e22488f9\"},\"headline\":\"Portugal comemora Dia Nacional na Expo 2020 Dubai a 14 de janeiro\",\"datePublished\":\"2022-01-11T12:10:51+00:00\",\"dateModified\":\"2022-01-11T15:39:45+00:00\",\"mainEntityOfPage\":{\"@id\":\"https:\\\/\\\/portugalexpo2020dubai.pt\\\/index.php\\\/2022\\\/01\\\/11\\\/portugal-comemora-dia-nacional-na-expo-2020-dubai-a-14-de-janeiro\\\/?lang=pt-pt\"},\"wordCount\":573,\"publisher\":{\"@id\":\"https:\\\/\\\/portugalexpo2020dubai.pt\\\/#organization\"},\"image\":{\"@id\":\"https:\\\/\\\/portugalexpo2020dubai.pt\\\/index.php\\\/2022\\\/01\\\/11\\\/portugal-comemora-dia-nacional-na-expo-2020-dubai-a-14-de-janeiro\\\/?lang=pt-pt#primaryimage\"},\"thumbnailUrl\":\"https:\\\/\\\/portugalexpo2020dubai.pt\\\/wp-content\\\/uploads\\\/2022\\\/01\\\/NIK9995-HDR-scaled.jpg\",\"articleSection\":[\"Not\u00edcias\"],\"inLanguage\":\"en-US\"},{\"@type\":\"WebPage\",\"@id\":\"https:\\\/\\\/portugalexpo2020dubai.pt\\\/index.php\\\/2022\\\/01\\\/11\\\/portugal-comemora-dia-nacional-na-expo-2020-dubai-a-14-de-janeiro\\\/?lang=pt-pt\",\"url\":\"https:\\\/\\\/portugalexpo2020dubai.pt\\\/index.php\\\/2022\\\/01\\\/11\\\/portugal-comemora-dia-nacional-na-expo-2020-dubai-a-14-de-janeiro\\\/?lang=pt-pt\",\"name\":\"Portugal comemora Dia Nacional na Expo 2020 Dubai a 14 de janeiro - Portugal Expo 2020 Dubai\",\"isPartOf\":{\"@id\":\"https:\\\/\\\/portugalexpo2020dubai.pt\\\/#website\"},\"primaryImageOfPage\":{\"@id\":\"https:\\\/\\\/portugalexpo2020dubai.pt\\\/index.php\\\/2022\\\/01\\\/11\\\/portugal-comemora-dia-nacional-na-expo-2020-dubai-a-14-de-janeiro\\\/?lang=pt-pt#primaryimage\"},\"image\":{\"@id\":\"https:\\\/\\\/portugalexpo2020dubai.pt\\\/index.php\\\/2022\\\/01\\\/11\\\/portugal-comemora-dia-nacional-na-expo-2020-dubai-a-14-de-janeiro\\\/?lang=pt-pt#primaryimage\"},\"thumbnailUrl\":\"https:\\\/\\\/portugalexpo2020dubai.pt\\\/wp-content\\\/uploads\\\/2022\\\/01\\\/NIK9995-HDR-scaled.jpg\",\"datePublished\":\"2022-01-11T12:10:51+00:00\",\"dateModified\":\"2022-01-11T15:39:45+00:00\",\"description\":\"O Dia de Portugal na Expo 2020 Dubai vai ser assinalado esta sexta-feira, dia 14 de janeiro, com um programa repleto de espet\u00e1culos e atua\u00e7\u00f5es musicais em comemora\u00e7\u00e3o da cultura portuguesa e um Semin\u00e1rio Econ\u00f3mico de promo\u00e7\u00e3o de Portugal como destino de investimento.\",\"breadcrumb\":{\"@id\":\"https:\\\/\\\/portugalexpo2020dubai.pt\\\/index.php\\\/2022\\\/01\\\/11\\\/portugal-comemora-dia-nacional-na-expo-2020-dubai-a-14-de-janeiro\\\/?lang=pt-pt#breadcrumb\"},\"inLanguage\":\"en-US\",\"potentialAction\":[{\"@type\":\"ReadAction\",\"target\":[\"https:\\\/\\\/portugalexpo2020dubai.pt\\\/index.php\\\/2022\\\/01\\\/11\\\/portugal-comemora-dia-nacional-na-expo-2020-dubai-a-14-de-janeiro\\\/?lang=pt-pt\"]}]},{\"@type\":\"ImageObject\",\"inLanguage\":\"en-US\",\"@id\":\"https:\\\/\\\/portugalexpo2020dubai.pt\\\/index.php\\\/2022\\\/01\\\/11\\\/portugal-comemora-dia-nacional-na-expo-2020-dubai-a-14-de-janeiro\\\/?lang=pt-pt#primaryimage\",\"url\":\"https:\\\/\\\/portugalexpo2020dubai.pt\\\/wp-content\\\/uploads\\\/2022\\\/01\\\/NIK9995-HDR-scaled.jpg\",\"contentUrl\":\"https:\\\/\\\/portugalexpo2020dubai.pt\\\/wp-content\\\/uploads\\\/2022\\\/01\\\/NIK9995-HDR-scaled.jpg\",\"width\":2560,\"height\":1707},{\"@type\":\"BreadcrumbList\",\"@id\":\"https:\\\/\\\/portugalexpo2020dubai.pt\\\/index.php\\\/2022\\\/01\\\/11\\\/portugal-comemora-dia-nacional-na-expo-2020-dubai-a-14-de-janeiro\\\/?lang=pt-pt#breadcrumb\",\"itemListElement\":[{\"@type\":\"ListItem\",\"position\":1,\"name\":\"Home\",\"item\":\"https:\\\/\\\/portugalexpo2020dubai.pt\\\/\"},{\"@type\":\"ListItem\",\"position\":2,\"name\":\"Portugal comemora Dia Nacional na Expo 2020 Dubai a 14 de janeiro\"}]},{\"@type\":\"WebSite\",\"@id\":\"https:\\\/\\\/portugalexpo2020dubai.pt\\\/#website\",\"url\":\"https:\\\/\\\/portugalexpo2020dubai.pt\\\/\",\"name\":\"Portugal Expo 2020 Dubai\",\"description\":\"Portugal Expo 2020 Dubai\",\"publisher\":{\"@id\":\"https:\\\/\\\/portugalexpo2020dubai.pt\\\/#organization\"},\"potentialAction\":[{\"@type\":\"SearchAction\",\"target\":{\"@type\":\"EntryPoint\",\"urlTemplate\":\"https:\\\/\\\/portugalexpo2020dubai.pt\\\/?s={search_term_string}\"},\"query-input\":{\"@type\":\"PropertyValueSpecification\",\"valueRequired\":true,\"valueName\":\"search_term_string\"}}],\"inLanguage\":\"en-US\"},{\"@type\":\"Organization\",\"@id\":\"https:\\\/\\\/portugalexpo2020dubai.pt\\\/#organization\",\"name\":\"Portugal Expo 2020 Dubai\",\"url\":\"https:\\\/\\\/portugalexpo2020dubai.pt\\\/\",\"logo\":{\"@type\":\"ImageObject\",\"inLanguage\":\"en-US\",\"@id\":\"https:\\\/\\\/portugalexpo2020dubai.pt\\\/#\\\/schema\\\/logo\\\/image\\\/\",\"url\":\"https:\\\/\\\/portugalexpo2020dubai.pt\\\/wp-content\\\/uploads\\\/2021\\\/09\\\/logo_aicep.png\",\"contentUrl\":\"https:\\\/\\\/portugalexpo2020dubai.pt\\\/wp-content\\\/uploads\\\/2021\\\/09\\\/logo_aicep.png\",\"width\":830,\"height\":200,\"caption\":\"Portugal Expo 2020 Dubai\"},\"image\":{\"@id\":\"https:\\\/\\\/portugalexpo2020dubai.pt\\\/#\\\/schema\\\/logo\\\/image\\\/\"},\"sameAs\":[\"https:\\\/\\\/www.facebook.com\\\/portugalexpo2020\",\"https:\\\/\\\/x.com\\\/PTexpo2020\",\"https:\\\/\\\/www.instagram.com\\\/portugalexpo2020\\\/\"]},{\"@type\":\"Person\",\"@id\":\"https:\\\/\\\/portugalexpo2020dubai.pt\\\/#\\\/schema\\\/person\\\/b3a886f492d6f9451dd81753e22488f9\",\"name\":\"Catarina Beija\",\"image\":{\"@type\":\"ImageObject\",\"inLanguage\":\"en-US\",\"@id\":\"https:\\\/\\\/secure.gravatar.com\\\/avatar\\\/4c9f1d7d0df92294044bdecb88b912257abbbac65d788bc499eb2cceb120941a?s=96&d=mm&r=g\",\"url\":\"https:\\\/\\\/secure.gravatar.com\\\/avatar\\\/4c9f1d7d0df92294044bdecb88b912257abbbac65d788bc499eb2cceb120941a?s=96&d=mm&r=g\",\"contentUrl\":\"https:\\\/\\\/secure.gravatar.com\\\/avatar\\\/4c9f1d7d0df92294044bdecb88b912257abbbac65d788bc499eb2cceb120941a?s=96&d=mm&r=g\",\"caption\":\"Catarina Beija\"},\"url\":\"https:\\\/\\\/portugalexpo2020dubai.pt\\\/index.php\\\/author\\\/catarina-beijaportugalglobal-pt\\\/\"}]}<\/script>\n<!-- \/ Yoast SEO plugin. -->","yoast_head_json":{"title":"Portugal comemora Dia Nacional na Expo 2020 Dubai a 14 de janeiro - Portugal Expo 2020 Dubai","description":"O Dia de Portugal na Expo 2020 Dubai vai ser assinalado esta sexta-feira, dia 14 de janeiro, com um programa repleto de espet\u00e1culos e atua\u00e7\u00f5es musicais em comemora\u00e7\u00e3o da cultura portuguesa e um Semin\u00e1rio Econ\u00f3mico de promo\u00e7\u00e3o de Portugal como destino de investimento.","robots":{"index":"index","follow":"follow","max-snippet":"max-snippet:-1","max-image-preview":"max-image-preview:large","max-video-preview":"max-video-preview:-1"},"canonical":"https:\/\/portugalexpo2020dubai.pt\/index.php\/2022\/01\/11\/portugal-comemora-dia-nacional-na-expo-2020-dubai-a-14-de-janeiro\/","og_locale":"en_US","og_type":"article","og_title":"Portugal comemora Dia Nacional na Expo 2020 Dubai a 14 de janeiro - Portugal Expo 2020 Dubai","og_description":"O Dia de Portugal na Expo 2020 Dubai vai ser assinalado esta sexta-feira, dia 14 de janeiro, com um programa repleto de espet\u00e1culos e atua\u00e7\u00f5es musicais em comemora\u00e7\u00e3o da cultura portuguesa e um Semin\u00e1rio Econ\u00f3mico de promo\u00e7\u00e3o de Portugal como destino de investimento.","og_url":"https:\/\/portugalexpo2020dubai.pt\/index.php\/2022\/01\/11\/portugal-comemora-dia-nacional-na-expo-2020-dubai-a-14-de-janeiro\/?lang=pt-pt","og_site_name":"Portugal Expo 2020 Dubai","article_publisher":"https:\/\/www.facebook.com\/portugalexpo2020","article_published_time":"2022-01-11T12:10:51+00:00","article_modified_time":"2022-01-11T15:39:45+00:00","og_image":[{"width":2560,"height":1707,"url":"https:\/\/portugalexpo2020dubai.pt\/wp-content\/uploads\/2022\/01\/NIK9995-HDR-scaled.jpg","type":"image\/jpeg"}],"author":"Catarina Beija","twitter_card":"summary_large_image","twitter_creator":"@PTexpo2020","twitter_site":"@PTexpo2020","twitter_misc":{"Written by":"Catarina Beija","Est. reading time":"1 minute"},"schema":{"@context":"https:\/\/schema.org","@graph":[{"@type":"Article","@id":"https:\/\/portugalexpo2020dubai.pt\/index.php\/2022\/01\/11\/portugal-comemora-dia-nacional-na-expo-2020-dubai-a-14-de-janeiro\/?lang=pt-pt#article","isPartOf":{"@id":"https:\/\/portugalexpo2020dubai.pt\/index.php\/2022\/01\/11\/portugal-comemora-dia-nacional-na-expo-2020-dubai-a-14-de-janeiro\/?lang=pt-pt"},"author":{"name":"Catarina Beija","@id":"https:\/\/portugalexpo2020dubai.pt\/#\/schema\/person\/b3a886f492d6f9451dd81753e22488f9"},"headline":"Portugal comemora Dia Nacional na Expo 2020 Dubai a 14 de janeiro","datePublished":"2022-01-11T12:10:51+00:00","dateModified":"2022-01-11T15:39:45+00:00","mainEntityOfPage":{"@id":"https:\/\/portugalexpo2020dubai.pt\/index.php\/2022\/01\/11\/portugal-comemora-dia-nacional-na-expo-2020-dubai-a-14-de-janeiro\/?lang=pt-pt"},"wordCount":573,"publisher":{"@id":"https:\/\/portugalexpo2020dubai.pt\/#organization"},"image":{"@id":"https:\/\/portugalexpo2020dubai.pt\/index.php\/2022\/01\/11\/portugal-comemora-dia-nacional-na-expo-2020-dubai-a-14-de-janeiro\/?lang=pt-pt#primaryimage"},"thumbnailUrl":"https:\/\/portugalexpo2020dubai.pt\/wp-content\/uploads\/2022\/01\/NIK9995-HDR-scaled.jpg","articleSection":["Not\u00edcias"],"inLanguage":"en-US"},{"@type":"WebPage","@id":"https:\/\/portugalexpo2020dubai.pt\/index.php\/2022\/01\/11\/portugal-comemora-dia-nacional-na-expo-2020-dubai-a-14-de-janeiro\/?lang=pt-pt","url":"https:\/\/portugalexpo2020dubai.pt\/index.php\/2022\/01\/11\/portugal-comemora-dia-nacional-na-expo-2020-dubai-a-14-de-janeiro\/?lang=pt-pt","name":"Portugal comemora Dia Nacional na Expo 2020 Dubai a 14 de janeiro - Portugal Expo 2020 Dubai","isPartOf":{"@id":"https:\/\/portugalexpo2020dubai.pt\/#website"},"primaryImageOfPage":{"@id":"https:\/\/portugalexpo2020dubai.pt\/index.php\/2022\/01\/11\/portugal-comemora-dia-nacional-na-expo-2020-dubai-a-14-de-janeiro\/?lang=pt-pt#primaryimage"},"image":{"@id":"https:\/\/portugalexpo2020dubai.pt\/index.php\/2022\/01\/11\/portugal-comemora-dia-nacional-na-expo-2020-dubai-a-14-de-janeiro\/?lang=pt-pt#primaryimage"},"thumbnailUrl":"https:\/\/portugalexpo2020dubai.pt\/wp-content\/uploads\/2022\/01\/NIK9995-HDR-scaled.jpg","datePublished":"2022-01-11T12:10:51+00:00","dateModified":"2022-01-11T15:39:45+00:00","description":"O Dia de Portugal na Expo 2020 Dubai vai ser assinalado esta sexta-feira, dia 14 de janeiro, com um programa repleto de espet\u00e1culos e atua\u00e7\u00f5es musicais em comemora\u00e7\u00e3o da cultura portuguesa e um Semin\u00e1rio Econ\u00f3mico de promo\u00e7\u00e3o de Portugal como destino de investimento.","breadcrumb":{"@id":"https:\/\/portugalexpo2020dubai.pt\/index.php\/2022\/01\/11\/portugal-comemora-dia-nacional-na-expo-2020-dubai-a-14-de-janeiro\/?lang=pt-pt#breadcrumb"},"inLanguage":"en-US","potentialAction":[{"@type":"ReadAction","target":["https:\/\/portugalexpo2020dubai.pt\/index.php\/2022\/01\/11\/portugal-comemora-dia-nacional-na-expo-2020-dubai-a-14-de-janeiro\/?lang=pt-pt"]}]},{"@type":"ImageObject","inLanguage":"en-US","@id":"https:\/\/portugalexpo2020dubai.pt\/index.php\/2022\/01\/11\/portugal-comemora-dia-nacional-na-expo-2020-dubai-a-14-de-janeiro\/?lang=pt-pt#primaryimage","url":"https:\/\/portugalexpo2020dubai.pt\/wp-content\/uploads\/2022\/01\/NIK9995-HDR-scaled.jpg","contentUrl":"https:\/\/portugalexpo2020dubai.pt\/wp-content\/uploads\/2022\/01\/NIK9995-HDR-scaled.jpg","width":2560,"height":1707},{"@type":"BreadcrumbList","@id":"https:\/\/portugalexpo2020dubai.pt\/index.php\/2022\/01\/11\/portugal-comemora-dia-nacional-na-expo-2020-dubai-a-14-de-janeiro\/?lang=pt-pt#breadcrumb","itemListElement":[{"@type":"ListItem","position":1,"name":"Home","item":"https:\/\/portugalexpo2020dubai.pt\/"},{"@type":"ListItem","position":2,"name":"Portugal comemora Dia Nacional na Expo 2020 Dubai a 14 de janeiro"}]},{"@type":"WebSite","@id":"https:\/\/portugalexpo2020dubai.pt\/#website","url":"https:\/\/portugalexpo2020dubai.pt\/","name":"Portugal Expo 2020 Dubai","description":"Portugal Expo 2020 Dubai","publisher":{"@id":"https:\/\/portugalexpo2020dubai.pt\/#organization"},"potentialAction":[{"@type":"SearchAction","target":{"@type":"EntryPoint","urlTemplate":"https:\/\/portugalexpo2020dubai.pt\/?s={search_term_string}"},"query-input":{"@type":"PropertyValueSpecification","valueRequired":true,"valueName":"search_term_string"}}],"inLanguage":"en-US"},{"@type":"Organization","@id":"https:\/\/portugalexpo2020dubai.pt\/#organization","name":"Portugal Expo 2020 Dubai","url":"https:\/\/portugalexpo2020dubai.pt\/","logo":{"@type":"ImageObject","inLanguage":"en-US","@id":"https:\/\/portugalexpo2020dubai.pt\/#\/schema\/logo\/image\/","url":"https:\/\/portugalexpo2020dubai.pt\/wp-content\/uploads\/2021\/09\/logo_aicep.png","contentUrl":"https:\/\/portugalexpo2020dubai.pt\/wp-content\/uploads\/2021\/09\/logo_aicep.png","width":830,"height":200,"caption":"Portugal Expo 2020 Dubai"},"image":{"@id":"https:\/\/portugalexpo2020dubai.pt\/#\/schema\/logo\/image\/"},"sameAs":["https:\/\/www.facebook.com\/portugalexpo2020","https:\/\/x.com\/PTexpo2020","https:\/\/www.instagram.com\/portugalexpo2020\/"]},{"@type":"Person","@id":"https:\/\/portugalexpo2020dubai.pt\/#\/schema\/person\/b3a886f492d6f9451dd81753e22488f9","name":"Catarina Beija","image":{"@type":"ImageObject","inLanguage":"en-US","@id":"https:\/\/secure.gravatar.com\/avatar\/4c9f1d7d0df92294044bdecb88b912257abbbac65d788bc499eb2cceb120941a?s=96&d=mm&r=g","url":"https:\/\/secure.gravatar.com\/avatar\/4c9f1d7d0df92294044bdecb88b912257abbbac65d788bc499eb2cceb120941a?s=96&d=mm&r=g","contentUrl":"https:\/\/secure.gravatar.com\/avatar\/4c9f1d7d0df92294044bdecb88b912257abbbac65d788bc499eb2cceb120941a?s=96&d=mm&r=g","caption":"Catarina Beija"},"url":"https:\/\/portugalexpo2020dubai.pt\/index.php\/author\/catarina-beijaportugalglobal-pt\/"}]}},"cc_featured_image_caption":{"caption_text":"","source_text":"","source_url":""},"_links":{"self":[{"href":"https:\/\/portugalexpo2020dubai.pt\/index.php\/wp-json\/wp\/v2\/posts\/7596","targetHints":{"allow":["GET"]}}],"collection":[{"href":"https:\/\/portugalexpo2020dubai.pt\/index.php\/wp-json\/wp\/v2\/posts"}],"about":[{"href":"https:\/\/portugalexpo2020dubai.pt\/index.php\/wp-json\/wp\/v2\/types\/post"}],"author":[{"embeddable":true,"href":"https:\/\/portugalexpo2020dubai.pt\/index.php\/wp-json\/wp\/v2\/users\/2"}],"replies":[{"embeddable":true,"href":"https:\/\/portugalexpo2020dubai.pt\/index.php\/wp-json\/wp\/v2\/comments?post=7596"}],"version-history":[{"count":4,"href":"https:\/\/portugalexpo2020dubai.pt\/index.php\/wp-json\/wp\/v2\/posts\/7596\/revisions"}],"predecessor-version":[{"id":7608,"href":"https:\/\/portugalexpo2020dubai.pt\/index.php\/wp-json\/wp\/v2\/posts\/7596\/revisions\/7608"}],"wp:featuredmedia":[{"embeddable":true,"href":"https:\/\/portugalexpo2020dubai.pt\/index.php\/wp-json\/wp\/v2\/media\/7601"}],"wp:attachment":[{"href":"https:\/\/portugalexpo2020dubai.pt\/index.php\/wp-json\/wp\/v2\/media?parent=7596"}],"wp:term":[{"taxonomy":"category","embeddable":true,"href":"https:\/\/portugalexpo2020dubai.pt\/index.php\/wp-json\/wp\/v2\/categories?post=7596"},{"taxonomy":"post_tag","embeddable":true,"href":"https:\/\/portugalexpo2020dubai.pt\/index.php\/wp-json\/wp\/v2\/tags?post=7596"}],"curies":[{"name":"wp","href":"https:\/\/api.w.org\/{rel}","templated":true}]}}