{"id":7430,"date":"2021-12-29T15:10:37","date_gmt":"2021-12-29T15:10:37","guid":{"rendered":"https:\/\/portugalexpo2020dubai.pt\/?p=7430"},"modified":"2021-12-30T15:12:00","modified_gmt":"2021-12-30T15:12:00","slug":"visite-o-pavilhao-de-portugal-a-partir-de-sua-casa","status":"publish","type":"post","link":"https:\/\/portugalexpo2020dubai.pt\/index.php\/2021\/12\/29\/visite-o-pavilhao-de-portugal-a-partir-de-sua-casa\/?lang=pt-pt","title":{"rendered":"Visite o Pavilh\u00e3o de Portugal a partir de sua casa!"},"content":{"rendered":"<p>[vc_row][vc_column][vc_empty_space height=&#8221;50px&#8221;][vc_column_text]Quem n\u00e3o teve ainda oportunidade de viajar at\u00e9 \u00e0 Expo 2020 Dubai pode agora viver uma experi\u00eancia totalmente imersiva, a partir de casa, enquanto explora tudo o que a feira mundial tem para oferecer!<\/p>\n<p>&nbsp;<\/p>\n<p>Gra\u00e7as \u00e0s novas tecnologias, a organiza\u00e7\u00e3o lan\u00e7ou um conjunto de visitas virtuais interativas de 360 graus, proporcionando a qualquer pessoa uma experi\u00eancia marcante da Expo, onde quer que esteja no mundo. Atrav\u00e9s da plataforma <a href=\"https:\/\/virtualexpodubai.com\">Virtual Expo 2020 Dubai<\/a>, \u00e9 poss\u00edvel percorrer todo o recinto e interagir com centenas de exposi\u00e7\u00f5es internacionais.<\/p>\n<p>&nbsp;<\/p>\n<p>Tem curiosidade em conhecer o Pavilh\u00e3o de Portugal? Clique no bot\u00e3o e siga o roteiro da exposi\u00e7\u00e3o portuguesa:[\/vc_column_text][\/vc_column][\/vc_row][vc_row][vc_column][vc_empty_space height=&#8221;50px&#8221;]<a itemprop=\"url\" href=\"https:\/\/vod360.expo2020dubai.com\/tours\/VE064_portugal_V2_2810_TC\/index.htm\" target=\"_self\"  class=\"eltdf-btn eltdf-btn-medium eltdf-btn-outline-slit\"  >\n    <span class=\"eltdf-btn-text\">Visita Virtual<\/span>\n    <\/a>[\/vc_column][\/vc_row]<\/p>\n","protected":false},"excerpt":{"rendered":"<p>Quem n\u00e3o teve ainda oportunidade de viajar at\u00e9 \u00e0 Expo 2020 Dubai pode agora viver uma experi\u00eancia totalmente imersiva, a partir de casa, enquanto explora tudo o que a feira mundial tem para oferecer!<\/p>\n","protected":false},"author":2,"featured_media":7438,"comment_status":"closed","ping_status":"closed","sticky":false,"template":"","format":"standard","meta":{"_monsterinsights_skip_tracking":false,"_monsterinsights_sitenote_active":false,"_monsterinsights_sitenote_note":"","_monsterinsights_sitenote_category":0,"footnotes":""},"categories":[71],"tags":[],"class_list":["post-7430","post","type-post","status-publish","format-standard","has-post-thumbnail","hentry","category-news-pt-pt"],"yoast_head":"<!-- This site is optimized with the Yoast SEO plugin v27.5 - https:\/\/yoast.com\/product\/yoast-seo-wordpress\/ -->\n<title>Visite o Pavilh\u00e3o de Portugal a partir de sua casa! - Portugal Expo 2020 Dubai<\/title>\n<meta name=\"description\" content=\"Quem n\u00e3o teve ainda oportunidade de viajar at\u00e9 \u00e0 Expo 2020 Dubai pode agora viver uma experi\u00eancia totalmente imersiva, a partir de casa, enquanto explora tudo o que a feira mundial tem para oferecer!\" \/>\n<meta name=\"robots\" content=\"index, follow, max-snippet:-1, max-image-preview:large, max-video-preview:-1\" \/>\n<link rel=\"canonical\" href=\"https:\/\/portugalexpo2020dubai.pt\/index.php\/2021\/12\/29\/visite-o-pavilhao-de-portugal-a-partir-de-sua-casa\/\" \/>\n<meta property=\"og:locale\" content=\"en_US\" \/>\n<meta property=\"og:type\" content=\"article\" \/>\n<meta property=\"og:title\" content=\"Visite o Pavilh\u00e3o de Portugal a partir de sua casa! - Portugal Expo 2020 Dubai\" \/>\n<meta property=\"og:description\" content=\"Quem n\u00e3o teve ainda oportunidade de viajar at\u00e9 \u00e0 Expo 2020 Dubai pode agora viver uma experi\u00eancia totalmente imersiva, a partir de casa, enquanto explora tudo o que a feira mundial tem para oferecer!\" \/>\n<meta property=\"og:url\" content=\"https:\/\/portugalexpo2020dubai.pt\/index.php\/2021\/12\/29\/visite-o-pavilhao-de-portugal-a-partir-de-sua-casa\/?lang=pt-pt\" \/>\n<meta property=\"og:site_name\" content=\"Portugal Expo 2020 Dubai\" \/>\n<meta property=\"article:publisher\" content=\"https:\/\/www.facebook.com\/portugalexpo2020\" \/>\n<meta property=\"article:published_time\" content=\"2021-12-29T15:10:37+00:00\" \/>\n<meta property=\"article:modified_time\" content=\"2021-12-30T15:12:00+00:00\" \/>\n<meta property=\"og:image\" content=\"https:\/\/portugalexpo2020dubai.pt\/wp-content\/uploads\/2021\/12\/Screenshot-2021-12-30-at-13.26.39-1.png\" \/>\n\t<meta property=\"og:image:width\" content=\"2126\" \/>\n\t<meta property=\"og:image:height\" content=\"1258\" \/>\n\t<meta property=\"og:image:type\" content=\"image\/png\" \/>\n<meta name=\"author\" content=\"Catarina Beija\" \/>\n<meta name=\"twitter:card\" content=\"summary_large_image\" \/>\n<meta name=\"twitter:creator\" content=\"@PTexpo2020\" \/>\n<meta name=\"twitter:site\" content=\"@PTexpo2020\" \/>\n<meta name=\"twitter:label1\" content=\"Written by\" \/>\n\t<meta name=\"twitter:data1\" content=\"Catarina Beija\" \/>\n\t<meta name=\"twitter:label2\" content=\"Est. reading time\" \/>\n\t<meta name=\"twitter:data2\" content=\"1 minute\" \/>\n<script type=\"application\/ld+json\" class=\"yoast-schema-graph\">{\"@context\":\"https:\\\/\\\/schema.org\",\"@graph\":[{\"@type\":\"Article\",\"@id\":\"https:\\\/\\\/portugalexpo2020dubai.pt\\\/index.php\\\/2021\\\/12\\\/29\\\/visite-o-pavilhao-de-portugal-a-partir-de-sua-casa\\\/?lang=pt-pt#article\",\"isPartOf\":{\"@id\":\"https:\\\/\\\/portugalexpo2020dubai.pt\\\/index.php\\\/2021\\\/12\\\/29\\\/visite-o-pavilhao-de-portugal-a-partir-de-sua-casa\\\/?lang=pt-pt\"},\"author\":{\"name\":\"Catarina Beija\",\"@id\":\"https:\\\/\\\/portugalexpo2020dubai.pt\\\/#\\\/schema\\\/person\\\/b3a886f492d6f9451dd81753e22488f9\"},\"headline\":\"Visite o Pavilh\u00e3o de Portugal a partir de sua casa!\",\"datePublished\":\"2021-12-29T15:10:37+00:00\",\"dateModified\":\"2021-12-30T15:12:00+00:00\",\"mainEntityOfPage\":{\"@id\":\"https:\\\/\\\/portugalexpo2020dubai.pt\\\/index.php\\\/2021\\\/12\\\/29\\\/visite-o-pavilhao-de-portugal-a-partir-de-sua-casa\\\/?lang=pt-pt\"},\"wordCount\":183,\"publisher\":{\"@id\":\"https:\\\/\\\/portugalexpo2020dubai.pt\\\/#organization\"},\"image\":{\"@id\":\"https:\\\/\\\/portugalexpo2020dubai.pt\\\/index.php\\\/2021\\\/12\\\/29\\\/visite-o-pavilhao-de-portugal-a-partir-de-sua-casa\\\/?lang=pt-pt#primaryimage\"},\"thumbnailUrl\":\"https:\\\/\\\/portugalexpo2020dubai.pt\\\/wp-content\\\/uploads\\\/2021\\\/12\\\/Screenshot-2021-12-30-at-13.26.39-1.png\",\"articleSection\":[\"Not\u00edcias\"],\"inLanguage\":\"en-US\"},{\"@type\":\"WebPage\",\"@id\":\"https:\\\/\\\/portugalexpo2020dubai.pt\\\/index.php\\\/2021\\\/12\\\/29\\\/visite-o-pavilhao-de-portugal-a-partir-de-sua-casa\\\/?lang=pt-pt\",\"url\":\"https:\\\/\\\/portugalexpo2020dubai.pt\\\/index.php\\\/2021\\\/12\\\/29\\\/visite-o-pavilhao-de-portugal-a-partir-de-sua-casa\\\/?lang=pt-pt\",\"name\":\"Visite o Pavilh\u00e3o de Portugal a partir de sua casa! - Portugal Expo 2020 Dubai\",\"isPartOf\":{\"@id\":\"https:\\\/\\\/portugalexpo2020dubai.pt\\\/#website\"},\"primaryImageOfPage\":{\"@id\":\"https:\\\/\\\/portugalexpo2020dubai.pt\\\/index.php\\\/2021\\\/12\\\/29\\\/visite-o-pavilhao-de-portugal-a-partir-de-sua-casa\\\/?lang=pt-pt#primaryimage\"},\"image\":{\"@id\":\"https:\\\/\\\/portugalexpo2020dubai.pt\\\/index.php\\\/2021\\\/12\\\/29\\\/visite-o-pavilhao-de-portugal-a-partir-de-sua-casa\\\/?lang=pt-pt#primaryimage\"},\"thumbnailUrl\":\"https:\\\/\\\/portugalexpo2020dubai.pt\\\/wp-content\\\/uploads\\\/2021\\\/12\\\/Screenshot-2021-12-30-at-13.26.39-1.png\",\"datePublished\":\"2021-12-29T15:10:37+00:00\",\"dateModified\":\"2021-12-30T15:12:00+00:00\",\"description\":\"Quem n\u00e3o teve ainda oportunidade de viajar at\u00e9 \u00e0 Expo 2020 Dubai pode agora viver uma experi\u00eancia totalmente imersiva, a partir de casa, enquanto explora tudo o que a feira mundial tem para oferecer!\",\"breadcrumb\":{\"@id\":\"https:\\\/\\\/portugalexpo2020dubai.pt\\\/index.php\\\/2021\\\/12\\\/29\\\/visite-o-pavilhao-de-portugal-a-partir-de-sua-casa\\\/?lang=pt-pt#breadcrumb\"},\"inLanguage\":\"en-US\",\"potentialAction\":[{\"@type\":\"ReadAction\",\"target\":[\"https:\\\/\\\/portugalexpo2020dubai.pt\\\/index.php\\\/2021\\\/12\\\/29\\\/visite-o-pavilhao-de-portugal-a-partir-de-sua-casa\\\/?lang=pt-pt\"]}]},{\"@type\":\"ImageObject\",\"inLanguage\":\"en-US\",\"@id\":\"https:\\\/\\\/portugalexpo2020dubai.pt\\\/index.php\\\/2021\\\/12\\\/29\\\/visite-o-pavilhao-de-portugal-a-partir-de-sua-casa\\\/?lang=pt-pt#primaryimage\",\"url\":\"https:\\\/\\\/portugalexpo2020dubai.pt\\\/wp-content\\\/uploads\\\/2021\\\/12\\\/Screenshot-2021-12-30-at-13.26.39-1.png\",\"contentUrl\":\"https:\\\/\\\/portugalexpo2020dubai.pt\\\/wp-content\\\/uploads\\\/2021\\\/12\\\/Screenshot-2021-12-30-at-13.26.39-1.png\",\"width\":2126,\"height\":1258},{\"@type\":\"BreadcrumbList\",\"@id\":\"https:\\\/\\\/portugalexpo2020dubai.pt\\\/index.php\\\/2021\\\/12\\\/29\\\/visite-o-pavilhao-de-portugal-a-partir-de-sua-casa\\\/?lang=pt-pt#breadcrumb\",\"itemListElement\":[{\"@type\":\"ListItem\",\"position\":1,\"name\":\"Home\",\"item\":\"https:\\\/\\\/portugalexpo2020dubai.pt\\\/\"},{\"@type\":\"ListItem\",\"position\":2,\"name\":\"Visite o Pavilh\u00e3o de Portugal a partir de sua casa!\"}]},{\"@type\":\"WebSite\",\"@id\":\"https:\\\/\\\/portugalexpo2020dubai.pt\\\/#website\",\"url\":\"https:\\\/\\\/portugalexpo2020dubai.pt\\\/\",\"name\":\"Portugal Expo 2020 Dubai\",\"description\":\"Portugal Expo 2020 Dubai\",\"publisher\":{\"@id\":\"https:\\\/\\\/portugalexpo2020dubai.pt\\\/#organization\"},\"potentialAction\":[{\"@type\":\"SearchAction\",\"target\":{\"@type\":\"EntryPoint\",\"urlTemplate\":\"https:\\\/\\\/portugalexpo2020dubai.pt\\\/?s={search_term_string}\"},\"query-input\":{\"@type\":\"PropertyValueSpecification\",\"valueRequired\":true,\"valueName\":\"search_term_string\"}}],\"inLanguage\":\"en-US\"},{\"@type\":\"Organization\",\"@id\":\"https:\\\/\\\/portugalexpo2020dubai.pt\\\/#organization\",\"name\":\"Portugal Expo 2020 Dubai\",\"url\":\"https:\\\/\\\/portugalexpo2020dubai.pt\\\/\",\"logo\":{\"@type\":\"ImageObject\",\"inLanguage\":\"en-US\",\"@id\":\"https:\\\/\\\/portugalexpo2020dubai.pt\\\/#\\\/schema\\\/logo\\\/image\\\/\",\"url\":\"https:\\\/\\\/portugalexpo2020dubai.pt\\\/wp-content\\\/uploads\\\/2021\\\/09\\\/logo_aicep.png\",\"contentUrl\":\"https:\\\/\\\/portugalexpo2020dubai.pt\\\/wp-content\\\/uploads\\\/2021\\\/09\\\/logo_aicep.png\",\"width\":830,\"height\":200,\"caption\":\"Portugal Expo 2020 Dubai\"},\"image\":{\"@id\":\"https:\\\/\\\/portugalexpo2020dubai.pt\\\/#\\\/schema\\\/logo\\\/image\\\/\"},\"sameAs\":[\"https:\\\/\\\/www.facebook.com\\\/portugalexpo2020\",\"https:\\\/\\\/x.com\\\/PTexpo2020\",\"https:\\\/\\\/www.instagram.com\\\/portugalexpo2020\\\/\"]},{\"@type\":\"Person\",\"@id\":\"https:\\\/\\\/portugalexpo2020dubai.pt\\\/#\\\/schema\\\/person\\\/b3a886f492d6f9451dd81753e22488f9\",\"name\":\"Catarina Beija\",\"image\":{\"@type\":\"ImageObject\",\"inLanguage\":\"en-US\",\"@id\":\"https:\\\/\\\/secure.gravatar.com\\\/avatar\\\/4c9f1d7d0df92294044bdecb88b912257abbbac65d788bc499eb2cceb120941a?s=96&d=mm&r=g\",\"url\":\"https:\\\/\\\/secure.gravatar.com\\\/avatar\\\/4c9f1d7d0df92294044bdecb88b912257abbbac65d788bc499eb2cceb120941a?s=96&d=mm&r=g\",\"contentUrl\":\"https:\\\/\\\/secure.gravatar.com\\\/avatar\\\/4c9f1d7d0df92294044bdecb88b912257abbbac65d788bc499eb2cceb120941a?s=96&d=mm&r=g\",\"caption\":\"Catarina Beija\"},\"url\":\"https:\\\/\\\/portugalexpo2020dubai.pt\\\/index.php\\\/author\\\/catarina-beijaportugalglobal-pt\\\/\"}]}<\/script>\n<!-- \/ Yoast SEO plugin. -->","yoast_head_json":{"title":"Visite o Pavilh\u00e3o de Portugal a partir de sua casa! - Portugal Expo 2020 Dubai","description":"Quem n\u00e3o teve ainda oportunidade de viajar at\u00e9 \u00e0 Expo 2020 Dubai pode agora viver uma experi\u00eancia totalmente imersiva, a partir de casa, enquanto explora tudo o que a feira mundial tem para oferecer!","robots":{"index":"index","follow":"follow","max-snippet":"max-snippet:-1","max-image-preview":"max-image-preview:large","max-video-preview":"max-video-preview:-1"},"canonical":"https:\/\/portugalexpo2020dubai.pt\/index.php\/2021\/12\/29\/visite-o-pavilhao-de-portugal-a-partir-de-sua-casa\/","og_locale":"en_US","og_type":"article","og_title":"Visite o Pavilh\u00e3o de Portugal a partir de sua casa! - Portugal Expo 2020 Dubai","og_description":"Quem n\u00e3o teve ainda oportunidade de viajar at\u00e9 \u00e0 Expo 2020 Dubai pode agora viver uma experi\u00eancia totalmente imersiva, a partir de casa, enquanto explora tudo o que a feira mundial tem para oferecer!","og_url":"https:\/\/portugalexpo2020dubai.pt\/index.php\/2021\/12\/29\/visite-o-pavilhao-de-portugal-a-partir-de-sua-casa\/?lang=pt-pt","og_site_name":"Portugal Expo 2020 Dubai","article_publisher":"https:\/\/www.facebook.com\/portugalexpo2020","article_published_time":"2021-12-29T15:10:37+00:00","article_modified_time":"2021-12-30T15:12:00+00:00","og_image":[{"width":2126,"height":1258,"url":"https:\/\/portugalexpo2020dubai.pt\/wp-content\/uploads\/2021\/12\/Screenshot-2021-12-30-at-13.26.39-1.png","type":"image\/png"}],"author":"Catarina Beija","twitter_card":"summary_large_image","twitter_creator":"@PTexpo2020","twitter_site":"@PTexpo2020","twitter_misc":{"Written by":"Catarina Beija","Est. reading time":"1 minute"},"schema":{"@context":"https:\/\/schema.org","@graph":[{"@type":"Article","@id":"https:\/\/portugalexpo2020dubai.pt\/index.php\/2021\/12\/29\/visite-o-pavilhao-de-portugal-a-partir-de-sua-casa\/?lang=pt-pt#article","isPartOf":{"@id":"https:\/\/portugalexpo2020dubai.pt\/index.php\/2021\/12\/29\/visite-o-pavilhao-de-portugal-a-partir-de-sua-casa\/?lang=pt-pt"},"author":{"name":"Catarina Beija","@id":"https:\/\/portugalexpo2020dubai.pt\/#\/schema\/person\/b3a886f492d6f9451dd81753e22488f9"},"headline":"Visite o Pavilh\u00e3o de Portugal a partir de sua casa!","datePublished":"2021-12-29T15:10:37+00:00","dateModified":"2021-12-30T15:12:00+00:00","mainEntityOfPage":{"@id":"https:\/\/portugalexpo2020dubai.pt\/index.php\/2021\/12\/29\/visite-o-pavilhao-de-portugal-a-partir-de-sua-casa\/?lang=pt-pt"},"wordCount":183,"publisher":{"@id":"https:\/\/portugalexpo2020dubai.pt\/#organization"},"image":{"@id":"https:\/\/portugalexpo2020dubai.pt\/index.php\/2021\/12\/29\/visite-o-pavilhao-de-portugal-a-partir-de-sua-casa\/?lang=pt-pt#primaryimage"},"thumbnailUrl":"https:\/\/portugalexpo2020dubai.pt\/wp-content\/uploads\/2021\/12\/Screenshot-2021-12-30-at-13.26.39-1.png","articleSection":["Not\u00edcias"],"inLanguage":"en-US"},{"@type":"WebPage","@id":"https:\/\/portugalexpo2020dubai.pt\/index.php\/2021\/12\/29\/visite-o-pavilhao-de-portugal-a-partir-de-sua-casa\/?lang=pt-pt","url":"https:\/\/portugalexpo2020dubai.pt\/index.php\/2021\/12\/29\/visite-o-pavilhao-de-portugal-a-partir-de-sua-casa\/?lang=pt-pt","name":"Visite o Pavilh\u00e3o de Portugal a partir de sua casa! - Portugal Expo 2020 Dubai","isPartOf":{"@id":"https:\/\/portugalexpo2020dubai.pt\/#website"},"primaryImageOfPage":{"@id":"https:\/\/portugalexpo2020dubai.pt\/index.php\/2021\/12\/29\/visite-o-pavilhao-de-portugal-a-partir-de-sua-casa\/?lang=pt-pt#primaryimage"},"image":{"@id":"https:\/\/portugalexpo2020dubai.pt\/index.php\/2021\/12\/29\/visite-o-pavilhao-de-portugal-a-partir-de-sua-casa\/?lang=pt-pt#primaryimage"},"thumbnailUrl":"https:\/\/portugalexpo2020dubai.pt\/wp-content\/uploads\/2021\/12\/Screenshot-2021-12-30-at-13.26.39-1.png","datePublished":"2021-12-29T15:10:37+00:00","dateModified":"2021-12-30T15:12:00+00:00","description":"Quem n\u00e3o teve ainda oportunidade de viajar at\u00e9 \u00e0 Expo 2020 Dubai pode agora viver uma experi\u00eancia totalmente imersiva, a partir de casa, enquanto explora tudo o que a feira mundial tem para oferecer!","breadcrumb":{"@id":"https:\/\/portugalexpo2020dubai.pt\/index.php\/2021\/12\/29\/visite-o-pavilhao-de-portugal-a-partir-de-sua-casa\/?lang=pt-pt#breadcrumb"},"inLanguage":"en-US","potentialAction":[{"@type":"ReadAction","target":["https:\/\/portugalexpo2020dubai.pt\/index.php\/2021\/12\/29\/visite-o-pavilhao-de-portugal-a-partir-de-sua-casa\/?lang=pt-pt"]}]},{"@type":"ImageObject","inLanguage":"en-US","@id":"https:\/\/portugalexpo2020dubai.pt\/index.php\/2021\/12\/29\/visite-o-pavilhao-de-portugal-a-partir-de-sua-casa\/?lang=pt-pt#primaryimage","url":"https:\/\/portugalexpo2020dubai.pt\/wp-content\/uploads\/2021\/12\/Screenshot-2021-12-30-at-13.26.39-1.png","contentUrl":"https:\/\/portugalexpo2020dubai.pt\/wp-content\/uploads\/2021\/12\/Screenshot-2021-12-30-at-13.26.39-1.png","width":2126,"height":1258},{"@type":"BreadcrumbList","@id":"https:\/\/portugalexpo2020dubai.pt\/index.php\/2021\/12\/29\/visite-o-pavilhao-de-portugal-a-partir-de-sua-casa\/?lang=pt-pt#breadcrumb","itemListElement":[{"@type":"ListItem","position":1,"name":"Home","item":"https:\/\/portugalexpo2020dubai.pt\/"},{"@type":"ListItem","position":2,"name":"Visite o Pavilh\u00e3o de Portugal a partir de sua casa!"}]},{"@type":"WebSite","@id":"https:\/\/portugalexpo2020dubai.pt\/#website","url":"https:\/\/portugalexpo2020dubai.pt\/","name":"Portugal Expo 2020 Dubai","description":"Portugal Expo 2020 Dubai","publisher":{"@id":"https:\/\/portugalexpo2020dubai.pt\/#organization"},"potentialAction":[{"@type":"SearchAction","target":{"@type":"EntryPoint","urlTemplate":"https:\/\/portugalexpo2020dubai.pt\/?s={search_term_string}"},"query-input":{"@type":"PropertyValueSpecification","valueRequired":true,"valueName":"search_term_string"}}],"inLanguage":"en-US"},{"@type":"Organization","@id":"https:\/\/portugalexpo2020dubai.pt\/#organization","name":"Portugal Expo 2020 Dubai","url":"https:\/\/portugalexpo2020dubai.pt\/","logo":{"@type":"ImageObject","inLanguage":"en-US","@id":"https:\/\/portugalexpo2020dubai.pt\/#\/schema\/logo\/image\/","url":"https:\/\/portugalexpo2020dubai.pt\/wp-content\/uploads\/2021\/09\/logo_aicep.png","contentUrl":"https:\/\/portugalexpo2020dubai.pt\/wp-content\/uploads\/2021\/09\/logo_aicep.png","width":830,"height":200,"caption":"Portugal Expo 2020 Dubai"},"image":{"@id":"https:\/\/portugalexpo2020dubai.pt\/#\/schema\/logo\/image\/"},"sameAs":["https:\/\/www.facebook.com\/portugalexpo2020","https:\/\/x.com\/PTexpo2020","https:\/\/www.instagram.com\/portugalexpo2020\/"]},{"@type":"Person","@id":"https:\/\/portugalexpo2020dubai.pt\/#\/schema\/person\/b3a886f492d6f9451dd81753e22488f9","name":"Catarina Beija","image":{"@type":"ImageObject","inLanguage":"en-US","@id":"https:\/\/secure.gravatar.com\/avatar\/4c9f1d7d0df92294044bdecb88b912257abbbac65d788bc499eb2cceb120941a?s=96&d=mm&r=g","url":"https:\/\/secure.gravatar.com\/avatar\/4c9f1d7d0df92294044bdecb88b912257abbbac65d788bc499eb2cceb120941a?s=96&d=mm&r=g","contentUrl":"https:\/\/secure.gravatar.com\/avatar\/4c9f1d7d0df92294044bdecb88b912257abbbac65d788bc499eb2cceb120941a?s=96&d=mm&r=g","caption":"Catarina Beija"},"url":"https:\/\/portugalexpo2020dubai.pt\/index.php\/author\/catarina-beijaportugalglobal-pt\/"}]}},"cc_featured_image_caption":{"caption_text":"","source_text":"","source_url":""},"_links":{"self":[{"href":"https:\/\/portugalexpo2020dubai.pt\/index.php\/wp-json\/wp\/v2\/posts\/7430","targetHints":{"allow":["GET"]}}],"collection":[{"href":"https:\/\/portugalexpo2020dubai.pt\/index.php\/wp-json\/wp\/v2\/posts"}],"about":[{"href":"https:\/\/portugalexpo2020dubai.pt\/index.php\/wp-json\/wp\/v2\/types\/post"}],"author":[{"embeddable":true,"href":"https:\/\/portugalexpo2020dubai.pt\/index.php\/wp-json\/wp\/v2\/users\/2"}],"replies":[{"embeddable":true,"href":"https:\/\/portugalexpo2020dubai.pt\/index.php\/wp-json\/wp\/v2\/comments?post=7430"}],"version-history":[{"count":4,"href":"https:\/\/portugalexpo2020dubai.pt\/index.php\/wp-json\/wp\/v2\/posts\/7430\/revisions"}],"predecessor-version":[{"id":7447,"href":"https:\/\/portugalexpo2020dubai.pt\/index.php\/wp-json\/wp\/v2\/posts\/7430\/revisions\/7447"}],"wp:featuredmedia":[{"embeddable":true,"href":"https:\/\/portugalexpo2020dubai.pt\/index.php\/wp-json\/wp\/v2\/media\/7438"}],"wp:attachment":[{"href":"https:\/\/portugalexpo2020dubai.pt\/index.php\/wp-json\/wp\/v2\/media?parent=7430"}],"wp:term":[{"taxonomy":"category","embeddable":true,"href":"https:\/\/portugalexpo2020dubai.pt\/index.php\/wp-json\/wp\/v2\/categories?post=7430"},{"taxonomy":"post_tag","embeddable":true,"href":"https:\/\/portugalexpo2020dubai.pt\/index.php\/wp-json\/wp\/v2\/tags?post=7430"}],"curies":[{"name":"wp","href":"https:\/\/api.w.org\/{rel}","templated":true}]}}