{"id":7200,"date":"2021-12-22T14:54:56","date_gmt":"2021-12-22T14:54:56","guid":{"rendered":"https:\/\/portugalexpo2020dubai.pt\/?p=7200"},"modified":"2021-12-22T14:54:56","modified_gmt":"2021-12-22T14:54:56","slug":"arvore-de-natal-portuguesa-na-expo-2020-dubai-reveste-se-de-simbolismo-nacional-2","status":"publish","type":"post","link":"https:\/\/portugalexpo2020dubai.pt\/index.php\/2021\/12\/22\/arvore-de-natal-portuguesa-na-expo-2020-dubai-reveste-se-de-simbolismo-nacional-2\/?lang=pt-pt","title":{"rendered":"\u00c1rvore de Natal portuguesa na Expo 2020 Dubai reveste-se de simbolismo nacional"},"content":{"rendered":"<p>[vc_row][vc_column][vc_empty_space height=&#8221;50px&#8221;][vc_column_text]<b>Em v\u00e9speras de festividades, o Pavilh\u00e3o de Portugal na Expo 2020 Dubai promove o esp\u00edrito natal\u00edcio \u00e0 verdadeira moda portuguesa, com uma \u00e1rvore de Natal repleta de cores e s\u00edmbolos nacionais, como o Galo de Barcelos.<\/b><\/p>\n<p>&nbsp;<\/p>\n<p>O pinheiro de Natal, que ilumina a pra\u00e7a exterior do pavilh\u00e3o, conta com mais de 500 Galos de Barcelos, para decorar a \u00e1rvore portuguesa na Expo. S\u00edmbolo m\u00e1ximo da portugalidade, o Galo de Barcelos conta uma das mais importantes lendas da cultura popular portuguesa.<\/p>\n<p>&nbsp;<\/p>\n<p>Al\u00e9m disso, a \u00e1rvore de Natal do Pavilh\u00e3o de Portugal tamb\u00e9m se reveste de centenas de enfeites tradicionais, incluindo andorinhas, grinaldas e cora\u00e7\u00f5es todos feitos em burel \u2013 um tecido de l\u00e3 \u00fanico, considerado patrim\u00f3nio industrial da regi\u00e3o da Serra da Estrela.<\/p>\n<p>&nbsp;<\/p>\n<p>A iniciativa contou com o apoio da C\u00e2mara Municipal de Barcelos, que doou ao Pavilh\u00e3o de Portugal os Galos de Barcelos, bem como da empresa t\u00eaxtil portuguesa <a href=\"https:\/\/www.burelfactory.com\/pt\/\">Burel Factory<\/a>.<\/p>\n<p>&nbsp;<\/p>\n<h6><strong>LENDA DO GALO DE BARCELOS<\/strong><\/h6>\n<p>Segundo a lenda, um peregrino que passava por Barcelos foi acusado de um crime e condenado \u00e0 forca. Na presen\u00e7a do juiz, implorou que este revertesse a sua senten\u00e7a e, apontando para um galo assado que estava sobre a mesa, disse: \u201c\u00c9 t\u00e3o certo eu estar inocente, como certo \u00e9 esse galo cantar quando me enforcarem\u201d.<\/p>\n<p>Quando o peregrino estava a ser enforcado, o galo assado ergueu-se na mesa e cantou. O juiz correu \u00e0 forca e viu, com espanto, o pobre homem de corda ao pesco\u00e7o. Imediatamente solto foi mandado em paz. Passados anos voltou a Barcelos e fez erguer o monumento em louvor a S. Tiago e \u00e0 Virgem.<\/p>\n<p>&nbsp;<\/p>\n<p><img loading=\"lazy\" decoding=\"async\" class=\"alignnone size-full wp-image-7186\" src=\"https:\/\/portugalexpo2020dubai.pt\/wp-content\/uploads\/2021\/12\/Portugal-Pavilion.Christmas-tree.3-scaled.jpg\" alt=\"\" width=\"2560\" height=\"1707\" srcset=\"https:\/\/portugalexpo2020dubai.pt\/wp-content\/uploads\/2021\/12\/Portugal-Pavilion.Christmas-tree.3-scaled.jpg 2560w, https:\/\/portugalexpo2020dubai.pt\/wp-content\/uploads\/2021\/12\/Portugal-Pavilion.Christmas-tree.3-300x200.jpg 300w, https:\/\/portugalexpo2020dubai.pt\/wp-content\/uploads\/2021\/12\/Portugal-Pavilion.Christmas-tree.3-1024x683.jpg 1024w, https:\/\/portugalexpo2020dubai.pt\/wp-content\/uploads\/2021\/12\/Portugal-Pavilion.Christmas-tree.3-768x512.jpg 768w, https:\/\/portugalexpo2020dubai.pt\/wp-content\/uploads\/2021\/12\/Portugal-Pavilion.Christmas-tree.3-1536x1024.jpg 1536w\" sizes=\"auto, (max-width: 2560px) 100vw, 2560px\" \/>[\/vc_column_text][\/vc_column][\/vc_row]<\/p>\n","protected":false},"excerpt":{"rendered":"<p>With the holiday season in full swing, the Portugal Pavilion is spreading the festive cheer at Expo 2020 Dubai in true Portuguese fashion, with its very own Christmas tree, full of symbolic tradition.<\/p>\n","protected":false},"author":2,"featured_media":7184,"comment_status":"closed","ping_status":"closed","sticky":false,"template":"","format":"standard","meta":{"_monsterinsights_skip_tracking":false,"_monsterinsights_sitenote_active":false,"_monsterinsights_sitenote_note":"","_monsterinsights_sitenote_category":0,"footnotes":""},"categories":[71],"tags":[],"class_list":["post-7200","post","type-post","status-publish","format-standard","has-post-thumbnail","hentry","category-news-pt-pt"],"yoast_head":"<!-- This site is optimized with the Yoast SEO plugin v27.5 - https:\/\/yoast.com\/product\/yoast-seo-wordpress\/ -->\n<title>\u00c1rvore de Natal portuguesa na Expo 2020 Dubai reveste-se de simbolismo nacional - Portugal Expo 2020 Dubai<\/title>\n<meta name=\"description\" content=\"With the holiday season in full swing, the Portugal Pavilion is spreading the festive cheer at Expo 2020 Dubai in true Portuguese fashion, with its very own Christmas tree, full of symbolic tradition.\" \/>\n<meta name=\"robots\" content=\"index, follow, max-snippet:-1, max-image-preview:large, max-video-preview:-1\" \/>\n<link rel=\"canonical\" href=\"https:\/\/portugalexpo2020dubai.pt\/index.php\/2021\/12\/22\/arvore-de-natal-portuguesa-na-expo-2020-dubai-reveste-se-de-simbolismo-nacional-2\/\" \/>\n<meta property=\"og:locale\" content=\"en_US\" \/>\n<meta property=\"og:type\" content=\"article\" \/>\n<meta property=\"og:title\" content=\"\u00c1rvore de Natal portuguesa na Expo 2020 Dubai reveste-se de simbolismo nacional - Portugal Expo 2020 Dubai\" \/>\n<meta property=\"og:description\" content=\"With the holiday season in full swing, the Portugal Pavilion is spreading the festive cheer at Expo 2020 Dubai in true Portuguese fashion, with its very own Christmas tree, full of symbolic tradition.\" \/>\n<meta property=\"og:url\" content=\"https:\/\/portugalexpo2020dubai.pt\/index.php\/2021\/12\/22\/arvore-de-natal-portuguesa-na-expo-2020-dubai-reveste-se-de-simbolismo-nacional-2\/?lang=pt-pt\" \/>\n<meta property=\"og:site_name\" content=\"Portugal Expo 2020 Dubai\" \/>\n<meta property=\"article:publisher\" content=\"https:\/\/www.facebook.com\/portugalexpo2020\" \/>\n<meta property=\"article:published_time\" content=\"2021-12-22T14:54:56+00:00\" \/>\n<meta property=\"og:image\" content=\"https:\/\/portugalexpo2020dubai.pt\/wp-content\/uploads\/2021\/12\/Portugal-Pavilion.Christmas-tree.1-scaled.jpg\" \/>\n\t<meta property=\"og:image:width\" content=\"2560\" \/>\n\t<meta property=\"og:image:height\" content=\"1920\" \/>\n\t<meta property=\"og:image:type\" content=\"image\/jpeg\" \/>\n<meta name=\"author\" content=\"Catarina Beija\" \/>\n<meta name=\"twitter:card\" content=\"summary_large_image\" \/>\n<meta name=\"twitter:creator\" content=\"@PTexpo2020\" \/>\n<meta name=\"twitter:site\" content=\"@PTexpo2020\" \/>\n<meta name=\"twitter:label1\" content=\"Written by\" \/>\n\t<meta name=\"twitter:data1\" content=\"Catarina Beija\" \/>\n\t<meta name=\"twitter:label2\" content=\"Est. reading time\" \/>\n\t<meta name=\"twitter:data2\" content=\"2 minutes\" \/>\n<script type=\"application\/ld+json\" class=\"yoast-schema-graph\">{\"@context\":\"https:\\\/\\\/schema.org\",\"@graph\":[{\"@type\":\"Article\",\"@id\":\"https:\\\/\\\/portugalexpo2020dubai.pt\\\/index.php\\\/2021\\\/12\\\/22\\\/arvore-de-natal-portuguesa-na-expo-2020-dubai-reveste-se-de-simbolismo-nacional-2\\\/?lang=pt-pt#article\",\"isPartOf\":{\"@id\":\"https:\\\/\\\/portugalexpo2020dubai.pt\\\/index.php\\\/2021\\\/12\\\/22\\\/arvore-de-natal-portuguesa-na-expo-2020-dubai-reveste-se-de-simbolismo-nacional-2\\\/?lang=pt-pt\"},\"author\":{\"name\":\"Catarina Beija\",\"@id\":\"https:\\\/\\\/portugalexpo2020dubai.pt\\\/#\\\/schema\\\/person\\\/b3a886f492d6f9451dd81753e22488f9\"},\"headline\":\"\u00c1rvore de Natal portuguesa na Expo 2020 Dubai reveste-se de simbolismo nacional\",\"datePublished\":\"2021-12-22T14:54:56+00:00\",\"mainEntityOfPage\":{\"@id\":\"https:\\\/\\\/portugalexpo2020dubai.pt\\\/index.php\\\/2021\\\/12\\\/22\\\/arvore-de-natal-portuguesa-na-expo-2020-dubai-reveste-se-de-simbolismo-nacional-2\\\/?lang=pt-pt\"},\"wordCount\":315,\"publisher\":{\"@id\":\"https:\\\/\\\/portugalexpo2020dubai.pt\\\/#organization\"},\"image\":{\"@id\":\"https:\\\/\\\/portugalexpo2020dubai.pt\\\/index.php\\\/2021\\\/12\\\/22\\\/arvore-de-natal-portuguesa-na-expo-2020-dubai-reveste-se-de-simbolismo-nacional-2\\\/?lang=pt-pt#primaryimage\"},\"thumbnailUrl\":\"https:\\\/\\\/portugalexpo2020dubai.pt\\\/wp-content\\\/uploads\\\/2021\\\/12\\\/Portugal-Pavilion.Christmas-tree.1-scaled.jpg\",\"articleSection\":[\"Not\u00edcias\"],\"inLanguage\":\"en-US\"},{\"@type\":\"WebPage\",\"@id\":\"https:\\\/\\\/portugalexpo2020dubai.pt\\\/index.php\\\/2021\\\/12\\\/22\\\/arvore-de-natal-portuguesa-na-expo-2020-dubai-reveste-se-de-simbolismo-nacional-2\\\/?lang=pt-pt\",\"url\":\"https:\\\/\\\/portugalexpo2020dubai.pt\\\/index.php\\\/2021\\\/12\\\/22\\\/arvore-de-natal-portuguesa-na-expo-2020-dubai-reveste-se-de-simbolismo-nacional-2\\\/?lang=pt-pt\",\"name\":\"\u00c1rvore de Natal portuguesa na Expo 2020 Dubai reveste-se de simbolismo nacional - Portugal Expo 2020 Dubai\",\"isPartOf\":{\"@id\":\"https:\\\/\\\/portugalexpo2020dubai.pt\\\/#website\"},\"primaryImageOfPage\":{\"@id\":\"https:\\\/\\\/portugalexpo2020dubai.pt\\\/index.php\\\/2021\\\/12\\\/22\\\/arvore-de-natal-portuguesa-na-expo-2020-dubai-reveste-se-de-simbolismo-nacional-2\\\/?lang=pt-pt#primaryimage\"},\"image\":{\"@id\":\"https:\\\/\\\/portugalexpo2020dubai.pt\\\/index.php\\\/2021\\\/12\\\/22\\\/arvore-de-natal-portuguesa-na-expo-2020-dubai-reveste-se-de-simbolismo-nacional-2\\\/?lang=pt-pt#primaryimage\"},\"thumbnailUrl\":\"https:\\\/\\\/portugalexpo2020dubai.pt\\\/wp-content\\\/uploads\\\/2021\\\/12\\\/Portugal-Pavilion.Christmas-tree.1-scaled.jpg\",\"datePublished\":\"2021-12-22T14:54:56+00:00\",\"description\":\"With the holiday season in full swing, the Portugal Pavilion is spreading the festive cheer at Expo 2020 Dubai in true Portuguese fashion, with its very own Christmas tree, full of symbolic tradition.\",\"breadcrumb\":{\"@id\":\"https:\\\/\\\/portugalexpo2020dubai.pt\\\/index.php\\\/2021\\\/12\\\/22\\\/arvore-de-natal-portuguesa-na-expo-2020-dubai-reveste-se-de-simbolismo-nacional-2\\\/?lang=pt-pt#breadcrumb\"},\"inLanguage\":\"en-US\",\"potentialAction\":[{\"@type\":\"ReadAction\",\"target\":[\"https:\\\/\\\/portugalexpo2020dubai.pt\\\/index.php\\\/2021\\\/12\\\/22\\\/arvore-de-natal-portuguesa-na-expo-2020-dubai-reveste-se-de-simbolismo-nacional-2\\\/?lang=pt-pt\"]}]},{\"@type\":\"ImageObject\",\"inLanguage\":\"en-US\",\"@id\":\"https:\\\/\\\/portugalexpo2020dubai.pt\\\/index.php\\\/2021\\\/12\\\/22\\\/arvore-de-natal-portuguesa-na-expo-2020-dubai-reveste-se-de-simbolismo-nacional-2\\\/?lang=pt-pt#primaryimage\",\"url\":\"https:\\\/\\\/portugalexpo2020dubai.pt\\\/wp-content\\\/uploads\\\/2021\\\/12\\\/Portugal-Pavilion.Christmas-tree.1-scaled.jpg\",\"contentUrl\":\"https:\\\/\\\/portugalexpo2020dubai.pt\\\/wp-content\\\/uploads\\\/2021\\\/12\\\/Portugal-Pavilion.Christmas-tree.1-scaled.jpg\",\"width\":2560,\"height\":1920},{\"@type\":\"BreadcrumbList\",\"@id\":\"https:\\\/\\\/portugalexpo2020dubai.pt\\\/index.php\\\/2021\\\/12\\\/22\\\/arvore-de-natal-portuguesa-na-expo-2020-dubai-reveste-se-de-simbolismo-nacional-2\\\/?lang=pt-pt#breadcrumb\",\"itemListElement\":[{\"@type\":\"ListItem\",\"position\":1,\"name\":\"Home\",\"item\":\"https:\\\/\\\/portugalexpo2020dubai.pt\\\/\"},{\"@type\":\"ListItem\",\"position\":2,\"name\":\"\u00c1rvore de Natal portuguesa na Expo 2020 Dubai reveste-se de simbolismo nacional\"}]},{\"@type\":\"WebSite\",\"@id\":\"https:\\\/\\\/portugalexpo2020dubai.pt\\\/#website\",\"url\":\"https:\\\/\\\/portugalexpo2020dubai.pt\\\/\",\"name\":\"Portugal Expo 2020 Dubai\",\"description\":\"Portugal Expo 2020 Dubai\",\"publisher\":{\"@id\":\"https:\\\/\\\/portugalexpo2020dubai.pt\\\/#organization\"},\"potentialAction\":[{\"@type\":\"SearchAction\",\"target\":{\"@type\":\"EntryPoint\",\"urlTemplate\":\"https:\\\/\\\/portugalexpo2020dubai.pt\\\/?s={search_term_string}\"},\"query-input\":{\"@type\":\"PropertyValueSpecification\",\"valueRequired\":true,\"valueName\":\"search_term_string\"}}],\"inLanguage\":\"en-US\"},{\"@type\":\"Organization\",\"@id\":\"https:\\\/\\\/portugalexpo2020dubai.pt\\\/#organization\",\"name\":\"Portugal Expo 2020 Dubai\",\"url\":\"https:\\\/\\\/portugalexpo2020dubai.pt\\\/\",\"logo\":{\"@type\":\"ImageObject\",\"inLanguage\":\"en-US\",\"@id\":\"https:\\\/\\\/portugalexpo2020dubai.pt\\\/#\\\/schema\\\/logo\\\/image\\\/\",\"url\":\"https:\\\/\\\/portugalexpo2020dubai.pt\\\/wp-content\\\/uploads\\\/2021\\\/09\\\/logo_aicep.png\",\"contentUrl\":\"https:\\\/\\\/portugalexpo2020dubai.pt\\\/wp-content\\\/uploads\\\/2021\\\/09\\\/logo_aicep.png\",\"width\":830,\"height\":200,\"caption\":\"Portugal Expo 2020 Dubai\"},\"image\":{\"@id\":\"https:\\\/\\\/portugalexpo2020dubai.pt\\\/#\\\/schema\\\/logo\\\/image\\\/\"},\"sameAs\":[\"https:\\\/\\\/www.facebook.com\\\/portugalexpo2020\",\"https:\\\/\\\/x.com\\\/PTexpo2020\",\"https:\\\/\\\/www.instagram.com\\\/portugalexpo2020\\\/\"]},{\"@type\":\"Person\",\"@id\":\"https:\\\/\\\/portugalexpo2020dubai.pt\\\/#\\\/schema\\\/person\\\/b3a886f492d6f9451dd81753e22488f9\",\"name\":\"Catarina Beija\",\"image\":{\"@type\":\"ImageObject\",\"inLanguage\":\"en-US\",\"@id\":\"https:\\\/\\\/secure.gravatar.com\\\/avatar\\\/4c9f1d7d0df92294044bdecb88b912257abbbac65d788bc499eb2cceb120941a?s=96&d=mm&r=g\",\"url\":\"https:\\\/\\\/secure.gravatar.com\\\/avatar\\\/4c9f1d7d0df92294044bdecb88b912257abbbac65d788bc499eb2cceb120941a?s=96&d=mm&r=g\",\"contentUrl\":\"https:\\\/\\\/secure.gravatar.com\\\/avatar\\\/4c9f1d7d0df92294044bdecb88b912257abbbac65d788bc499eb2cceb120941a?s=96&d=mm&r=g\",\"caption\":\"Catarina Beija\"},\"url\":\"https:\\\/\\\/portugalexpo2020dubai.pt\\\/index.php\\\/author\\\/catarina-beijaportugalglobal-pt\\\/\"}]}<\/script>\n<!-- \/ Yoast SEO plugin. -->","yoast_head_json":{"title":"\u00c1rvore de Natal portuguesa na Expo 2020 Dubai reveste-se de simbolismo nacional - Portugal Expo 2020 Dubai","description":"With the holiday season in full swing, the Portugal Pavilion is spreading the festive cheer at Expo 2020 Dubai in true Portuguese fashion, with its very own Christmas tree, full of symbolic tradition.","robots":{"index":"index","follow":"follow","max-snippet":"max-snippet:-1","max-image-preview":"max-image-preview:large","max-video-preview":"max-video-preview:-1"},"canonical":"https:\/\/portugalexpo2020dubai.pt\/index.php\/2021\/12\/22\/arvore-de-natal-portuguesa-na-expo-2020-dubai-reveste-se-de-simbolismo-nacional-2\/","og_locale":"en_US","og_type":"article","og_title":"\u00c1rvore de Natal portuguesa na Expo 2020 Dubai reveste-se de simbolismo nacional - Portugal Expo 2020 Dubai","og_description":"With the holiday season in full swing, the Portugal Pavilion is spreading the festive cheer at Expo 2020 Dubai in true Portuguese fashion, with its very own Christmas tree, full of symbolic tradition.","og_url":"https:\/\/portugalexpo2020dubai.pt\/index.php\/2021\/12\/22\/arvore-de-natal-portuguesa-na-expo-2020-dubai-reveste-se-de-simbolismo-nacional-2\/?lang=pt-pt","og_site_name":"Portugal Expo 2020 Dubai","article_publisher":"https:\/\/www.facebook.com\/portugalexpo2020","article_published_time":"2021-12-22T14:54:56+00:00","og_image":[{"width":2560,"height":1920,"url":"https:\/\/portugalexpo2020dubai.pt\/wp-content\/uploads\/2021\/12\/Portugal-Pavilion.Christmas-tree.1-scaled.jpg","type":"image\/jpeg"}],"author":"Catarina Beija","twitter_card":"summary_large_image","twitter_creator":"@PTexpo2020","twitter_site":"@PTexpo2020","twitter_misc":{"Written by":"Catarina Beija","Est. reading time":"2 minutes"},"schema":{"@context":"https:\/\/schema.org","@graph":[{"@type":"Article","@id":"https:\/\/portugalexpo2020dubai.pt\/index.php\/2021\/12\/22\/arvore-de-natal-portuguesa-na-expo-2020-dubai-reveste-se-de-simbolismo-nacional-2\/?lang=pt-pt#article","isPartOf":{"@id":"https:\/\/portugalexpo2020dubai.pt\/index.php\/2021\/12\/22\/arvore-de-natal-portuguesa-na-expo-2020-dubai-reveste-se-de-simbolismo-nacional-2\/?lang=pt-pt"},"author":{"name":"Catarina Beija","@id":"https:\/\/portugalexpo2020dubai.pt\/#\/schema\/person\/b3a886f492d6f9451dd81753e22488f9"},"headline":"\u00c1rvore de Natal portuguesa na Expo 2020 Dubai reveste-se de simbolismo nacional","datePublished":"2021-12-22T14:54:56+00:00","mainEntityOfPage":{"@id":"https:\/\/portugalexpo2020dubai.pt\/index.php\/2021\/12\/22\/arvore-de-natal-portuguesa-na-expo-2020-dubai-reveste-se-de-simbolismo-nacional-2\/?lang=pt-pt"},"wordCount":315,"publisher":{"@id":"https:\/\/portugalexpo2020dubai.pt\/#organization"},"image":{"@id":"https:\/\/portugalexpo2020dubai.pt\/index.php\/2021\/12\/22\/arvore-de-natal-portuguesa-na-expo-2020-dubai-reveste-se-de-simbolismo-nacional-2\/?lang=pt-pt#primaryimage"},"thumbnailUrl":"https:\/\/portugalexpo2020dubai.pt\/wp-content\/uploads\/2021\/12\/Portugal-Pavilion.Christmas-tree.1-scaled.jpg","articleSection":["Not\u00edcias"],"inLanguage":"en-US"},{"@type":"WebPage","@id":"https:\/\/portugalexpo2020dubai.pt\/index.php\/2021\/12\/22\/arvore-de-natal-portuguesa-na-expo-2020-dubai-reveste-se-de-simbolismo-nacional-2\/?lang=pt-pt","url":"https:\/\/portugalexpo2020dubai.pt\/index.php\/2021\/12\/22\/arvore-de-natal-portuguesa-na-expo-2020-dubai-reveste-se-de-simbolismo-nacional-2\/?lang=pt-pt","name":"\u00c1rvore de Natal portuguesa na Expo 2020 Dubai reveste-se de simbolismo nacional - Portugal Expo 2020 Dubai","isPartOf":{"@id":"https:\/\/portugalexpo2020dubai.pt\/#website"},"primaryImageOfPage":{"@id":"https:\/\/portugalexpo2020dubai.pt\/index.php\/2021\/12\/22\/arvore-de-natal-portuguesa-na-expo-2020-dubai-reveste-se-de-simbolismo-nacional-2\/?lang=pt-pt#primaryimage"},"image":{"@id":"https:\/\/portugalexpo2020dubai.pt\/index.php\/2021\/12\/22\/arvore-de-natal-portuguesa-na-expo-2020-dubai-reveste-se-de-simbolismo-nacional-2\/?lang=pt-pt#primaryimage"},"thumbnailUrl":"https:\/\/portugalexpo2020dubai.pt\/wp-content\/uploads\/2021\/12\/Portugal-Pavilion.Christmas-tree.1-scaled.jpg","datePublished":"2021-12-22T14:54:56+00:00","description":"With the holiday season in full swing, the Portugal Pavilion is spreading the festive cheer at Expo 2020 Dubai in true Portuguese fashion, with its very own Christmas tree, full of symbolic tradition.","breadcrumb":{"@id":"https:\/\/portugalexpo2020dubai.pt\/index.php\/2021\/12\/22\/arvore-de-natal-portuguesa-na-expo-2020-dubai-reveste-se-de-simbolismo-nacional-2\/?lang=pt-pt#breadcrumb"},"inLanguage":"en-US","potentialAction":[{"@type":"ReadAction","target":["https:\/\/portugalexpo2020dubai.pt\/index.php\/2021\/12\/22\/arvore-de-natal-portuguesa-na-expo-2020-dubai-reveste-se-de-simbolismo-nacional-2\/?lang=pt-pt"]}]},{"@type":"ImageObject","inLanguage":"en-US","@id":"https:\/\/portugalexpo2020dubai.pt\/index.php\/2021\/12\/22\/arvore-de-natal-portuguesa-na-expo-2020-dubai-reveste-se-de-simbolismo-nacional-2\/?lang=pt-pt#primaryimage","url":"https:\/\/portugalexpo2020dubai.pt\/wp-content\/uploads\/2021\/12\/Portugal-Pavilion.Christmas-tree.1-scaled.jpg","contentUrl":"https:\/\/portugalexpo2020dubai.pt\/wp-content\/uploads\/2021\/12\/Portugal-Pavilion.Christmas-tree.1-scaled.jpg","width":2560,"height":1920},{"@type":"BreadcrumbList","@id":"https:\/\/portugalexpo2020dubai.pt\/index.php\/2021\/12\/22\/arvore-de-natal-portuguesa-na-expo-2020-dubai-reveste-se-de-simbolismo-nacional-2\/?lang=pt-pt#breadcrumb","itemListElement":[{"@type":"ListItem","position":1,"name":"Home","item":"https:\/\/portugalexpo2020dubai.pt\/"},{"@type":"ListItem","position":2,"name":"\u00c1rvore de Natal portuguesa na Expo 2020 Dubai reveste-se de simbolismo nacional"}]},{"@type":"WebSite","@id":"https:\/\/portugalexpo2020dubai.pt\/#website","url":"https:\/\/portugalexpo2020dubai.pt\/","name":"Portugal Expo 2020 Dubai","description":"Portugal Expo 2020 Dubai","publisher":{"@id":"https:\/\/portugalexpo2020dubai.pt\/#organization"},"potentialAction":[{"@type":"SearchAction","target":{"@type":"EntryPoint","urlTemplate":"https:\/\/portugalexpo2020dubai.pt\/?s={search_term_string}"},"query-input":{"@type":"PropertyValueSpecification","valueRequired":true,"valueName":"search_term_string"}}],"inLanguage":"en-US"},{"@type":"Organization","@id":"https:\/\/portugalexpo2020dubai.pt\/#organization","name":"Portugal Expo 2020 Dubai","url":"https:\/\/portugalexpo2020dubai.pt\/","logo":{"@type":"ImageObject","inLanguage":"en-US","@id":"https:\/\/portugalexpo2020dubai.pt\/#\/schema\/logo\/image\/","url":"https:\/\/portugalexpo2020dubai.pt\/wp-content\/uploads\/2021\/09\/logo_aicep.png","contentUrl":"https:\/\/portugalexpo2020dubai.pt\/wp-content\/uploads\/2021\/09\/logo_aicep.png","width":830,"height":200,"caption":"Portugal Expo 2020 Dubai"},"image":{"@id":"https:\/\/portugalexpo2020dubai.pt\/#\/schema\/logo\/image\/"},"sameAs":["https:\/\/www.facebook.com\/portugalexpo2020","https:\/\/x.com\/PTexpo2020","https:\/\/www.instagram.com\/portugalexpo2020\/"]},{"@type":"Person","@id":"https:\/\/portugalexpo2020dubai.pt\/#\/schema\/person\/b3a886f492d6f9451dd81753e22488f9","name":"Catarina Beija","image":{"@type":"ImageObject","inLanguage":"en-US","@id":"https:\/\/secure.gravatar.com\/avatar\/4c9f1d7d0df92294044bdecb88b912257abbbac65d788bc499eb2cceb120941a?s=96&d=mm&r=g","url":"https:\/\/secure.gravatar.com\/avatar\/4c9f1d7d0df92294044bdecb88b912257abbbac65d788bc499eb2cceb120941a?s=96&d=mm&r=g","contentUrl":"https:\/\/secure.gravatar.com\/avatar\/4c9f1d7d0df92294044bdecb88b912257abbbac65d788bc499eb2cceb120941a?s=96&d=mm&r=g","caption":"Catarina Beija"},"url":"https:\/\/portugalexpo2020dubai.pt\/index.php\/author\/catarina-beijaportugalglobal-pt\/"}]}},"cc_featured_image_caption":{"caption_text":"","source_text":"","source_url":""},"_links":{"self":[{"href":"https:\/\/portugalexpo2020dubai.pt\/index.php\/wp-json\/wp\/v2\/posts\/7200","targetHints":{"allow":["GET"]}}],"collection":[{"href":"https:\/\/portugalexpo2020dubai.pt\/index.php\/wp-json\/wp\/v2\/posts"}],"about":[{"href":"https:\/\/portugalexpo2020dubai.pt\/index.php\/wp-json\/wp\/v2\/types\/post"}],"author":[{"embeddable":true,"href":"https:\/\/portugalexpo2020dubai.pt\/index.php\/wp-json\/wp\/v2\/users\/2"}],"replies":[{"embeddable":true,"href":"https:\/\/portugalexpo2020dubai.pt\/index.php\/wp-json\/wp\/v2\/comments?post=7200"}],"version-history":[{"count":3,"href":"https:\/\/portugalexpo2020dubai.pt\/index.php\/wp-json\/wp\/v2\/posts\/7200\/revisions"}],"predecessor-version":[{"id":7205,"href":"https:\/\/portugalexpo2020dubai.pt\/index.php\/wp-json\/wp\/v2\/posts\/7200\/revisions\/7205"}],"wp:featuredmedia":[{"embeddable":true,"href":"https:\/\/portugalexpo2020dubai.pt\/index.php\/wp-json\/wp\/v2\/media\/7184"}],"wp:attachment":[{"href":"https:\/\/portugalexpo2020dubai.pt\/index.php\/wp-json\/wp\/v2\/media?parent=7200"}],"wp:term":[{"taxonomy":"category","embeddable":true,"href":"https:\/\/portugalexpo2020dubai.pt\/index.php\/wp-json\/wp\/v2\/categories?post=7200"},{"taxonomy":"post_tag","embeddable":true,"href":"https:\/\/portugalexpo2020dubai.pt\/index.php\/wp-json\/wp\/v2\/tags?post=7200"}],"curies":[{"name":"wp","href":"https:\/\/api.w.org\/{rel}","templated":true}]}}