{"id":6875,"date":"2021-12-05T21:32:02","date_gmt":"2021-12-05T21:32:02","guid":{"rendered":"https:\/\/portugalexpo2020dubai.pt\/?p=6875"},"modified":"2021-12-13T21:42:56","modified_gmt":"2021-12-13T21:42:56","slug":"marcenaria-renda-de-bilros-e-camisolas-poveiras-conheca-os-artesaos-que-levam-as-artes-portuguesas-ao-dubai","status":"publish","type":"post","link":"https:\/\/portugalexpo2020dubai.pt\/index.php\/2021\/12\/05\/marcenaria-renda-de-bilros-e-camisolas-poveiras-conheca-os-artesaos-que-levam-as-artes-portuguesas-ao-dubai\/?lang=pt-pt","title":{"rendered":"Marcenaria, renda de bilros e camisolas poveiras: conhe\u00e7a os artes\u00e3os que levam as artes portuguesas ao Dubai"},"content":{"rendered":"<p>[vc_row][vc_column][vc_empty_space height=&#8221;50px&#8221;][vc_column_text]Entre novembro e dezembro, o Pavilh\u00e3o de Portugal destaca as artes ancestrais e o saber-fazer portugu\u00eas com demonstra\u00e7\u00f5es ao vivo de artes\u00e3os nacionais. Esta semana, Portugal partilhou com a Expo a marcenaria, a renda de bilros de Vila do Conde e as camisolas bordadas de P\u00f3voa de Varzim.<\/p>\n<div><\/div>\n<p>&nbsp;<\/p>\n<h6>T\u00e9cnicas de marcenaria<\/h6>\n<p>[\/vc_column_text][\/vc_column][\/vc_row][vc_row][vc_column][vc_column_text]<\/p>\n<p>&nbsp;<\/p>\n<p>Pedro Cunha e Rui Pacheco, juntamente com o professor Jos\u00e9 Macedo, partiram de Paredes para o Dubai para mostrar a arte da marcenaria na exposi\u00e7\u00e3o mundial. Juntos representam o <a href=\"https:\/\/cfpimm.pt\">Centro de Forma\u00e7\u00e3o Profissional das Ind\u00fastrias da Madeira e Mobili\u00e1rio (CFPIMM)<\/a>, que tem como principal objetivo o desenvolvimento de recursos humanos para as Ind\u00fastrias da Madeira e do Mobili\u00e1rio.<\/p>\n<p>No anfiteatro do Pavilh\u00e3o de Portugal, trabalharam v\u00e1rias cadeiras de madeira, apresentando t\u00e9cnicas de estofamento, talha e de acabamento.[\/vc_column_text][\/vc_column][\/vc_row][vc_row][vc_column][vc_empty_space height=&#8221;40px&#8221;][vc_images_carousel images=&#8221;6934,6926,6928,6924,6930&#8243; img_size=&#8221;full&#8221; onclick=&#8221;link_no&#8221; speed=&#8221;3000&#8243;][vc_empty_space height=&#8221;80px&#8221;][\/vc_column][\/vc_row][vc_row][vc_column][vc_column_text]<\/p>\n<h6><strong>RENDA DE BILROS DE VILA DO CONDE<\/strong><\/h6>\n<p>&nbsp;<\/p>\n<p>Artes\u00e3 natural de Vila do Conde, Maria do Ce\u00fa Salazar come\u00e7ou a aprender a Renda de Bilros com apenas tr\u00eas anos, devido \u00e0 forte liga\u00e7\u00e3o familiar com esta arte milenar. A sua av\u00f3, Julieta de Castro Estrela, foi fundadora da Escola de Renda de Bilros de Vila do Conde em 1919, tendo sido a primeira professora. A sua m\u00e3e e tia seguiram-lhe seus passos ao longo de mais de 40 anos, e sua irm\u00e3 \u00e9 a atual respons\u00e1vel pela escola.<\/p>\n<blockquote>\n<p style=\"text-align: left;\">&#8220;Mais do que uma tradi\u00e7\u00e3o familiar, as rendas s\u00e3o verdadeira paix\u00e3o. Decidi dedicar-me a tempo inteiro a esta heran\u00e7a cultural e, nos \u00faltimos 8 anos, tenho feito um percurso que alia o tradicional e o contempor\u00e2neo, num investimento pessoal que me deixa repleta de desafios&#8221;, diz.<\/p>\n<\/blockquote>\n<p>A Renda de Bilros \u00e9 produzida manualmente, atrav\u00e9s do cruzamento de fios de algod\u00e3o, sobre o pique, que assenta numa almofada cil\u00edndrica, com a ajuda de alfinetes e dos bilros. O pique \u00e9 um cart\u00e3o, onde \u00e9 decalcado o desenho. Trata-se de um saber-fazer com grande variedade de pontos e de t\u00e9cnicas, sendo os motivos mais usados os geom\u00e9tricos, os marinhos e os florais.<\/p>\n<p>Em Portugal, a arte da renda de bilros tem especial express\u00e3o nas zonas piscat\u00f3rias do litoral, como \u00e9 o caso de Vila do Conde, onde o ex-l\u00edbris remonta ao s\u00e9culo XVI.[\/vc_column_text][\/vc_column][\/vc_row][vc_row][vc_column][vc_empty_space height=&#8221;40px&#8221;][vc_images_carousel images=&#8221;6916,6914,6932&#8243; img_size=&#8221;full&#8221; onclick=&#8221;link_no&#8221; speed=&#8221;3000&#8243;][vc_empty_space height=&#8221;80px&#8221;][\/vc_column][\/vc_row][vc_row][vc_column][vc_column_text]<\/p>\n<h6><strong>CAMISOLAS BORDADAS DA P\u00d3VOA DE VARZIM<\/strong><\/h6>\n<p>&nbsp;<\/p>\n<p>H\u00e1 d\u00e9cadas que Maria da Luz Ferreira luta pela preserva\u00e7\u00e3o das tradicionais camisolas poveiras. Os anos de pesquisa e pr\u00e1tica levaram-na, inclusive, a escrever um livro para contar a hist\u00f3ria deste traje secular, muito ligado \u00e0s tradi\u00e7\u00f5es piscat\u00f3rias da P\u00f3voa de Varzim.<\/p>\n<blockquote>\n<p style=\"text-align: left;\">&#8220;Estou de cora\u00e7\u00e3o cheio&#8230;lutei muito pela preserva\u00e7\u00e3o desta tradi\u00e7\u00e3o, e poder traz\u00ea-la ao p\u00fablico e divulgar o que \u00e9 nosso \u00e9 uma honra. Nas \u00faltimas d\u00e9cadas, houve um per\u00edodo em que os portugueses viam este produto como um produto pobre, do passado, mas hoje sabemos que \u00e9 um produto nobre&#8221;, diz Maria da Luz.<\/p>\n<\/blockquote>\n<p>A\u00a0camisola poveira\u00a0bordada \u00e9 feita em l\u00e3 branca de fio grosso, da zona da Serra da Estrela, denominada \u201cl\u00e3 poveira\u201d e decorada a ponto de cruz, com motivos de inspira\u00e7\u00e3o diversa (escudo nacional, com coroa real; patinhos; siglas; remos cruzados; vertedouros; etc), sendo somente utilizada l\u00e3 de cor preta e vermelha nos bordados.<\/p>\n<p>&nbsp;<\/p>\n<p>Esta pe\u00e7a integrava o traje masculino de romaria e festa do pescador poveiro, cuja origem remonta ao primeiro quarteir\u00e3o do s\u00e9culo XIX. Inicialmente bordada na P\u00f3voa pelos velhos pescadores, a tradi\u00e7\u00e3o foi sendo adoptada pelas m\u00e3es, esposas e noivas dos pescadores.[\/vc_column_text][\/vc_column][\/vc_row][vc_row][vc_column][vc_empty_space height=&#8221;40px&#8221;][vc_images_carousel images=&#8221;6918,6922,6957,6920&#8243; img_size=&#8221;full&#8221; onclick=&#8221;link_no&#8221; speed=&#8221;3000&#8243;][vc_empty_space height=&#8221;80px&#8221;][\/vc_column][\/vc_row]<\/p>\n","protected":false},"excerpt":{"rendered":"<p>Entre novembro e dezembro, o Pavilh\u00e3o de Portugal destaca as artes ancestrais e o saber-fazer portugu\u00eas com demonstra\u00e7\u00f5es ao vivo de artes\u00e3os nacionais. Esta semana, Portugal partilhou com a Expo a marcenaria, a renda de bilros de Vila do Conde e as camisolas bordadas de P\u00f3voa de Varzim.<\/p>\n","protected":false},"author":2,"featured_media":6922,"comment_status":"closed","ping_status":"closed","sticky":false,"template":"","format":"standard","meta":{"_monsterinsights_skip_tracking":false,"_monsterinsights_sitenote_active":false,"_monsterinsights_sitenote_note":"","_monsterinsights_sitenote_category":0,"footnotes":""},"categories":[71],"tags":[],"class_list":["post-6875","post","type-post","status-publish","format-standard","has-post-thumbnail","hentry","category-news-pt-pt"],"yoast_head":"<!-- This site is optimized with the Yoast SEO plugin v27.5 - https:\/\/yoast.com\/product\/yoast-seo-wordpress\/ -->\n<title>Marcenaria, renda de bilros e camisolas poveiras: conhe\u00e7a os artes\u00e3os que levam as artes portuguesas ao Dubai - Portugal Expo 2020 Dubai %<\/title>\n<meta name=\"description\" content=\"Entre novembro e dezembro, o Pavilh\u00e3o de Portugal destaca as artes ancestrais e o saber-fazer portugu\u00eas com demonstra\u00e7\u00f5es ao vivo de artes\u00e3os nacionais. Esta semana, Portugal partilhou com a Expo a marcenaria, a renda de bilros de Vila do Conde e as camisolas bordadas de P\u00f3voa de Varzim.\" \/>\n<meta name=\"robots\" content=\"index, follow, max-snippet:-1, max-image-preview:large, max-video-preview:-1\" \/>\n<link rel=\"canonical\" href=\"https:\/\/portugalexpo2020dubai.pt\/index.php\/2021\/12\/05\/marcenaria-renda-de-bilros-e-camisolas-poveiras-conheca-os-artesaos-que-levam-as-artes-portuguesas-ao-dubai\/\" \/>\n<meta property=\"og:locale\" content=\"en_US\" \/>\n<meta property=\"og:type\" content=\"article\" \/>\n<meta property=\"og:title\" content=\"Marcenaria, renda de bilros e camisolas poveiras: conhe\u00e7a os artes\u00e3os que levam as artes portuguesas ao Dubai - Portugal Expo 2020 Dubai %\" \/>\n<meta property=\"og:description\" content=\"Entre novembro e dezembro, o Pavilh\u00e3o de Portugal destaca as artes ancestrais e o saber-fazer portugu\u00eas com demonstra\u00e7\u00f5es ao vivo de artes\u00e3os nacionais. Esta semana, Portugal partilhou com a Expo a marcenaria, a renda de bilros de Vila do Conde e as camisolas bordadas de P\u00f3voa de Varzim.\" \/>\n<meta property=\"og:url\" content=\"https:\/\/portugalexpo2020dubai.pt\/index.php\/2021\/12\/05\/marcenaria-renda-de-bilros-e-camisolas-poveiras-conheca-os-artesaos-que-levam-as-artes-portuguesas-ao-dubai\/?lang=pt-pt\" \/>\n<meta property=\"og:site_name\" content=\"Portugal Expo 2020 Dubai\" \/>\n<meta property=\"article:publisher\" content=\"https:\/\/www.facebook.com\/portugalexpo2020\" \/>\n<meta property=\"article:published_time\" content=\"2021-12-05T21:32:02+00:00\" \/>\n<meta property=\"article:modified_time\" content=\"2021-12-13T21:42:56+00:00\" \/>\n<meta property=\"og:image\" content=\"https:\/\/portugalexpo2020dubai.pt\/wp-content\/uploads\/2021\/11\/NIK9883-scaled.jpg\" \/>\n\t<meta property=\"og:image:width\" content=\"2560\" \/>\n\t<meta property=\"og:image:height\" content=\"1707\" \/>\n\t<meta property=\"og:image:type\" content=\"image\/jpeg\" \/>\n<meta name=\"author\" content=\"Catarina Beija\" \/>\n<meta name=\"twitter:card\" content=\"summary_large_image\" \/>\n<meta name=\"twitter:image\" content=\"https:\/\/portugalexpo2020dubai.pt\/wp-content\/uploads\/2021\/11\/NIK9883-scaled.jpg\" \/>\n<meta name=\"twitter:creator\" content=\"@PTexpo2020\" \/>\n<meta name=\"twitter:site\" content=\"@PTexpo2020\" \/>\n<meta name=\"twitter:label1\" content=\"Written by\" \/>\n\t<meta name=\"twitter:data1\" content=\"Catarina Beija\" \/>\n\t<meta name=\"twitter:label2\" content=\"Est. reading time\" \/>\n\t<meta name=\"twitter:data2\" content=\"3 minutes\" \/>\n<script type=\"application\/ld+json\" class=\"yoast-schema-graph\">{\"@context\":\"https:\\\/\\\/schema.org\",\"@graph\":[{\"@type\":\"Article\",\"@id\":\"https:\\\/\\\/portugalexpo2020dubai.pt\\\/index.php\\\/2021\\\/12\\\/05\\\/marcenaria-renda-de-bilros-e-camisolas-poveiras-conheca-os-artesaos-que-levam-as-artes-portuguesas-ao-dubai\\\/?lang=pt-pt#article\",\"isPartOf\":{\"@id\":\"https:\\\/\\\/portugalexpo2020dubai.pt\\\/index.php\\\/2021\\\/12\\\/05\\\/marcenaria-renda-de-bilros-e-camisolas-poveiras-conheca-os-artesaos-que-levam-as-artes-portuguesas-ao-dubai\\\/?lang=pt-pt\"},\"author\":{\"name\":\"Catarina Beija\",\"@id\":\"https:\\\/\\\/portugalexpo2020dubai.pt\\\/#\\\/schema\\\/person\\\/b3a886f492d6f9451dd81753e22488f9\"},\"headline\":\"Marcenaria, renda de bilros e camisolas poveiras: conhe\u00e7a os artes\u00e3os que levam as artes portuguesas ao Dubai\",\"datePublished\":\"2021-12-05T21:32:02+00:00\",\"dateModified\":\"2021-12-13T21:42:56+00:00\",\"mainEntityOfPage\":{\"@id\":\"https:\\\/\\\/portugalexpo2020dubai.pt\\\/index.php\\\/2021\\\/12\\\/05\\\/marcenaria-renda-de-bilros-e-camisolas-poveiras-conheca-os-artesaos-que-levam-as-artes-portuguesas-ao-dubai\\\/?lang=pt-pt\"},\"wordCount\":770,\"publisher\":{\"@id\":\"https:\\\/\\\/portugalexpo2020dubai.pt\\\/#organization\"},\"image\":{\"@id\":\"https:\\\/\\\/portugalexpo2020dubai.pt\\\/index.php\\\/2021\\\/12\\\/05\\\/marcenaria-renda-de-bilros-e-camisolas-poveiras-conheca-os-artesaos-que-levam-as-artes-portuguesas-ao-dubai\\\/?lang=pt-pt#primaryimage\"},\"thumbnailUrl\":\"https:\\\/\\\/portugalexpo2020dubai.pt\\\/wp-content\\\/uploads\\\/2021\\\/12\\\/DSC_0255-2-scaled.jpeg\",\"articleSection\":[\"Not\u00edcias\"],\"inLanguage\":\"en-US\"},{\"@type\":\"WebPage\",\"@id\":\"https:\\\/\\\/portugalexpo2020dubai.pt\\\/index.php\\\/2021\\\/12\\\/05\\\/marcenaria-renda-de-bilros-e-camisolas-poveiras-conheca-os-artesaos-que-levam-as-artes-portuguesas-ao-dubai\\\/?lang=pt-pt\",\"url\":\"https:\\\/\\\/portugalexpo2020dubai.pt\\\/index.php\\\/2021\\\/12\\\/05\\\/marcenaria-renda-de-bilros-e-camisolas-poveiras-conheca-os-artesaos-que-levam-as-artes-portuguesas-ao-dubai\\\/?lang=pt-pt\",\"name\":\"Marcenaria, renda de bilros e camisolas poveiras: conhe\u00e7a os artes\u00e3os que levam as artes portuguesas ao Dubai - Portugal Expo 2020 Dubai %\",\"isPartOf\":{\"@id\":\"https:\\\/\\\/portugalexpo2020dubai.pt\\\/#website\"},\"primaryImageOfPage\":{\"@id\":\"https:\\\/\\\/portugalexpo2020dubai.pt\\\/index.php\\\/2021\\\/12\\\/05\\\/marcenaria-renda-de-bilros-e-camisolas-poveiras-conheca-os-artesaos-que-levam-as-artes-portuguesas-ao-dubai\\\/?lang=pt-pt#primaryimage\"},\"image\":{\"@id\":\"https:\\\/\\\/portugalexpo2020dubai.pt\\\/index.php\\\/2021\\\/12\\\/05\\\/marcenaria-renda-de-bilros-e-camisolas-poveiras-conheca-os-artesaos-que-levam-as-artes-portuguesas-ao-dubai\\\/?lang=pt-pt#primaryimage\"},\"thumbnailUrl\":\"https:\\\/\\\/portugalexpo2020dubai.pt\\\/wp-content\\\/uploads\\\/2021\\\/12\\\/DSC_0255-2-scaled.jpeg\",\"datePublished\":\"2021-12-05T21:32:02+00:00\",\"dateModified\":\"2021-12-13T21:42:56+00:00\",\"description\":\"Entre novembro e dezembro, o Pavilh\u00e3o de Portugal destaca as artes ancestrais e o saber-fazer portugu\u00eas com demonstra\u00e7\u00f5es ao vivo de artes\u00e3os nacionais. Esta semana, Portugal partilhou com a Expo a marcenaria, a renda de bilros de Vila do Conde e as camisolas bordadas de P\u00f3voa de Varzim.\",\"breadcrumb\":{\"@id\":\"https:\\\/\\\/portugalexpo2020dubai.pt\\\/index.php\\\/2021\\\/12\\\/05\\\/marcenaria-renda-de-bilros-e-camisolas-poveiras-conheca-os-artesaos-que-levam-as-artes-portuguesas-ao-dubai\\\/?lang=pt-pt#breadcrumb\"},\"inLanguage\":\"en-US\",\"potentialAction\":[{\"@type\":\"ReadAction\",\"target\":[\"https:\\\/\\\/portugalexpo2020dubai.pt\\\/index.php\\\/2021\\\/12\\\/05\\\/marcenaria-renda-de-bilros-e-camisolas-poveiras-conheca-os-artesaos-que-levam-as-artes-portuguesas-ao-dubai\\\/?lang=pt-pt\"]}]},{\"@type\":\"ImageObject\",\"inLanguage\":\"en-US\",\"@id\":\"https:\\\/\\\/portugalexpo2020dubai.pt\\\/index.php\\\/2021\\\/12\\\/05\\\/marcenaria-renda-de-bilros-e-camisolas-poveiras-conheca-os-artesaos-que-levam-as-artes-portuguesas-ao-dubai\\\/?lang=pt-pt#primaryimage\",\"url\":\"https:\\\/\\\/portugalexpo2020dubai.pt\\\/wp-content\\\/uploads\\\/2021\\\/12\\\/DSC_0255-2-scaled.jpeg\",\"contentUrl\":\"https:\\\/\\\/portugalexpo2020dubai.pt\\\/wp-content\\\/uploads\\\/2021\\\/12\\\/DSC_0255-2-scaled.jpeg\",\"width\":2560,\"height\":1707,\"caption\":\"\u00a9Catarina Beija \\\/ AICEP\"},{\"@type\":\"BreadcrumbList\",\"@id\":\"https:\\\/\\\/portugalexpo2020dubai.pt\\\/index.php\\\/2021\\\/12\\\/05\\\/marcenaria-renda-de-bilros-e-camisolas-poveiras-conheca-os-artesaos-que-levam-as-artes-portuguesas-ao-dubai\\\/?lang=pt-pt#breadcrumb\",\"itemListElement\":[{\"@type\":\"ListItem\",\"position\":1,\"name\":\"Home\",\"item\":\"https:\\\/\\\/portugalexpo2020dubai.pt\\\/\"},{\"@type\":\"ListItem\",\"position\":2,\"name\":\"Marcenaria, renda de bilros e camisolas poveiras: conhe\u00e7a os artes\u00e3os que levam as artes portuguesas ao Dubai\"}]},{\"@type\":\"WebSite\",\"@id\":\"https:\\\/\\\/portugalexpo2020dubai.pt\\\/#website\",\"url\":\"https:\\\/\\\/portugalexpo2020dubai.pt\\\/\",\"name\":\"Portugal Expo 2020 Dubai\",\"description\":\"Portugal Expo 2020 Dubai\",\"publisher\":{\"@id\":\"https:\\\/\\\/portugalexpo2020dubai.pt\\\/#organization\"},\"potentialAction\":[{\"@type\":\"SearchAction\",\"target\":{\"@type\":\"EntryPoint\",\"urlTemplate\":\"https:\\\/\\\/portugalexpo2020dubai.pt\\\/?s={search_term_string}\"},\"query-input\":{\"@type\":\"PropertyValueSpecification\",\"valueRequired\":true,\"valueName\":\"search_term_string\"}}],\"inLanguage\":\"en-US\"},{\"@type\":\"Organization\",\"@id\":\"https:\\\/\\\/portugalexpo2020dubai.pt\\\/#organization\",\"name\":\"Portugal Expo 2020 Dubai\",\"url\":\"https:\\\/\\\/portugalexpo2020dubai.pt\\\/\",\"logo\":{\"@type\":\"ImageObject\",\"inLanguage\":\"en-US\",\"@id\":\"https:\\\/\\\/portugalexpo2020dubai.pt\\\/#\\\/schema\\\/logo\\\/image\\\/\",\"url\":\"https:\\\/\\\/portugalexpo2020dubai.pt\\\/wp-content\\\/uploads\\\/2021\\\/09\\\/logo_aicep.png\",\"contentUrl\":\"https:\\\/\\\/portugalexpo2020dubai.pt\\\/wp-content\\\/uploads\\\/2021\\\/09\\\/logo_aicep.png\",\"width\":830,\"height\":200,\"caption\":\"Portugal Expo 2020 Dubai\"},\"image\":{\"@id\":\"https:\\\/\\\/portugalexpo2020dubai.pt\\\/#\\\/schema\\\/logo\\\/image\\\/\"},\"sameAs\":[\"https:\\\/\\\/www.facebook.com\\\/portugalexpo2020\",\"https:\\\/\\\/x.com\\\/PTexpo2020\",\"https:\\\/\\\/www.instagram.com\\\/portugalexpo2020\\\/\"]},{\"@type\":\"Person\",\"@id\":\"https:\\\/\\\/portugalexpo2020dubai.pt\\\/#\\\/schema\\\/person\\\/b3a886f492d6f9451dd81753e22488f9\",\"name\":\"Catarina Beija\",\"image\":{\"@type\":\"ImageObject\",\"inLanguage\":\"en-US\",\"@id\":\"https:\\\/\\\/secure.gravatar.com\\\/avatar\\\/4c9f1d7d0df92294044bdecb88b912257abbbac65d788bc499eb2cceb120941a?s=96&d=mm&r=g\",\"url\":\"https:\\\/\\\/secure.gravatar.com\\\/avatar\\\/4c9f1d7d0df92294044bdecb88b912257abbbac65d788bc499eb2cceb120941a?s=96&d=mm&r=g\",\"contentUrl\":\"https:\\\/\\\/secure.gravatar.com\\\/avatar\\\/4c9f1d7d0df92294044bdecb88b912257abbbac65d788bc499eb2cceb120941a?s=96&d=mm&r=g\",\"caption\":\"Catarina Beija\"},\"url\":\"https:\\\/\\\/portugalexpo2020dubai.pt\\\/index.php\\\/author\\\/catarina-beijaportugalglobal-pt\\\/\"}]}<\/script>\n<!-- \/ Yoast SEO plugin. -->","yoast_head_json":{"title":"Marcenaria, renda de bilros e camisolas poveiras: conhe\u00e7a os artes\u00e3os que levam as artes portuguesas ao Dubai - Portugal Expo 2020 Dubai %","description":"Entre novembro e dezembro, o Pavilh\u00e3o de Portugal destaca as artes ancestrais e o saber-fazer portugu\u00eas com demonstra\u00e7\u00f5es ao vivo de artes\u00e3os nacionais. Esta semana, Portugal partilhou com a Expo a marcenaria, a renda de bilros de Vila do Conde e as camisolas bordadas de P\u00f3voa de Varzim.","robots":{"index":"index","follow":"follow","max-snippet":"max-snippet:-1","max-image-preview":"max-image-preview:large","max-video-preview":"max-video-preview:-1"},"canonical":"https:\/\/portugalexpo2020dubai.pt\/index.php\/2021\/12\/05\/marcenaria-renda-de-bilros-e-camisolas-poveiras-conheca-os-artesaos-que-levam-as-artes-portuguesas-ao-dubai\/","og_locale":"en_US","og_type":"article","og_title":"Marcenaria, renda de bilros e camisolas poveiras: conhe\u00e7a os artes\u00e3os que levam as artes portuguesas ao Dubai - Portugal Expo 2020 Dubai %","og_description":"Entre novembro e dezembro, o Pavilh\u00e3o de Portugal destaca as artes ancestrais e o saber-fazer portugu\u00eas com demonstra\u00e7\u00f5es ao vivo de artes\u00e3os nacionais. Esta semana, Portugal partilhou com a Expo a marcenaria, a renda de bilros de Vila do Conde e as camisolas bordadas de P\u00f3voa de Varzim.","og_url":"https:\/\/portugalexpo2020dubai.pt\/index.php\/2021\/12\/05\/marcenaria-renda-de-bilros-e-camisolas-poveiras-conheca-os-artesaos-que-levam-as-artes-portuguesas-ao-dubai\/?lang=pt-pt","og_site_name":"Portugal Expo 2020 Dubai","article_publisher":"https:\/\/www.facebook.com\/portugalexpo2020","article_published_time":"2021-12-05T21:32:02+00:00","article_modified_time":"2021-12-13T21:42:56+00:00","og_image":[{"width":2560,"height":1707,"url":"https:\/\/portugalexpo2020dubai.pt\/wp-content\/uploads\/2021\/11\/NIK9883-scaled.jpg","type":"image\/jpeg"}],"author":"Catarina Beija","twitter_card":"summary_large_image","twitter_image":"https:\/\/portugalexpo2020dubai.pt\/wp-content\/uploads\/2021\/11\/NIK9883-scaled.jpg","twitter_creator":"@PTexpo2020","twitter_site":"@PTexpo2020","twitter_misc":{"Written by":"Catarina Beija","Est. reading time":"3 minutes"},"schema":{"@context":"https:\/\/schema.org","@graph":[{"@type":"Article","@id":"https:\/\/portugalexpo2020dubai.pt\/index.php\/2021\/12\/05\/marcenaria-renda-de-bilros-e-camisolas-poveiras-conheca-os-artesaos-que-levam-as-artes-portuguesas-ao-dubai\/?lang=pt-pt#article","isPartOf":{"@id":"https:\/\/portugalexpo2020dubai.pt\/index.php\/2021\/12\/05\/marcenaria-renda-de-bilros-e-camisolas-poveiras-conheca-os-artesaos-que-levam-as-artes-portuguesas-ao-dubai\/?lang=pt-pt"},"author":{"name":"Catarina Beija","@id":"https:\/\/portugalexpo2020dubai.pt\/#\/schema\/person\/b3a886f492d6f9451dd81753e22488f9"},"headline":"Marcenaria, renda de bilros e camisolas poveiras: conhe\u00e7a os artes\u00e3os que levam as artes portuguesas ao Dubai","datePublished":"2021-12-05T21:32:02+00:00","dateModified":"2021-12-13T21:42:56+00:00","mainEntityOfPage":{"@id":"https:\/\/portugalexpo2020dubai.pt\/index.php\/2021\/12\/05\/marcenaria-renda-de-bilros-e-camisolas-poveiras-conheca-os-artesaos-que-levam-as-artes-portuguesas-ao-dubai\/?lang=pt-pt"},"wordCount":770,"publisher":{"@id":"https:\/\/portugalexpo2020dubai.pt\/#organization"},"image":{"@id":"https:\/\/portugalexpo2020dubai.pt\/index.php\/2021\/12\/05\/marcenaria-renda-de-bilros-e-camisolas-poveiras-conheca-os-artesaos-que-levam-as-artes-portuguesas-ao-dubai\/?lang=pt-pt#primaryimage"},"thumbnailUrl":"https:\/\/portugalexpo2020dubai.pt\/wp-content\/uploads\/2021\/12\/DSC_0255-2-scaled.jpeg","articleSection":["Not\u00edcias"],"inLanguage":"en-US"},{"@type":"WebPage","@id":"https:\/\/portugalexpo2020dubai.pt\/index.php\/2021\/12\/05\/marcenaria-renda-de-bilros-e-camisolas-poveiras-conheca-os-artesaos-que-levam-as-artes-portuguesas-ao-dubai\/?lang=pt-pt","url":"https:\/\/portugalexpo2020dubai.pt\/index.php\/2021\/12\/05\/marcenaria-renda-de-bilros-e-camisolas-poveiras-conheca-os-artesaos-que-levam-as-artes-portuguesas-ao-dubai\/?lang=pt-pt","name":"Marcenaria, renda de bilros e camisolas poveiras: conhe\u00e7a os artes\u00e3os que levam as artes portuguesas ao Dubai - Portugal Expo 2020 Dubai %","isPartOf":{"@id":"https:\/\/portugalexpo2020dubai.pt\/#website"},"primaryImageOfPage":{"@id":"https:\/\/portugalexpo2020dubai.pt\/index.php\/2021\/12\/05\/marcenaria-renda-de-bilros-e-camisolas-poveiras-conheca-os-artesaos-que-levam-as-artes-portuguesas-ao-dubai\/?lang=pt-pt#primaryimage"},"image":{"@id":"https:\/\/portugalexpo2020dubai.pt\/index.php\/2021\/12\/05\/marcenaria-renda-de-bilros-e-camisolas-poveiras-conheca-os-artesaos-que-levam-as-artes-portuguesas-ao-dubai\/?lang=pt-pt#primaryimage"},"thumbnailUrl":"https:\/\/portugalexpo2020dubai.pt\/wp-content\/uploads\/2021\/12\/DSC_0255-2-scaled.jpeg","datePublished":"2021-12-05T21:32:02+00:00","dateModified":"2021-12-13T21:42:56+00:00","description":"Entre novembro e dezembro, o Pavilh\u00e3o de Portugal destaca as artes ancestrais e o saber-fazer portugu\u00eas com demonstra\u00e7\u00f5es ao vivo de artes\u00e3os nacionais. Esta semana, Portugal partilhou com a Expo a marcenaria, a renda de bilros de Vila do Conde e as camisolas bordadas de P\u00f3voa de Varzim.","breadcrumb":{"@id":"https:\/\/portugalexpo2020dubai.pt\/index.php\/2021\/12\/05\/marcenaria-renda-de-bilros-e-camisolas-poveiras-conheca-os-artesaos-que-levam-as-artes-portuguesas-ao-dubai\/?lang=pt-pt#breadcrumb"},"inLanguage":"en-US","potentialAction":[{"@type":"ReadAction","target":["https:\/\/portugalexpo2020dubai.pt\/index.php\/2021\/12\/05\/marcenaria-renda-de-bilros-e-camisolas-poveiras-conheca-os-artesaos-que-levam-as-artes-portuguesas-ao-dubai\/?lang=pt-pt"]}]},{"@type":"ImageObject","inLanguage":"en-US","@id":"https:\/\/portugalexpo2020dubai.pt\/index.php\/2021\/12\/05\/marcenaria-renda-de-bilros-e-camisolas-poveiras-conheca-os-artesaos-que-levam-as-artes-portuguesas-ao-dubai\/?lang=pt-pt#primaryimage","url":"https:\/\/portugalexpo2020dubai.pt\/wp-content\/uploads\/2021\/12\/DSC_0255-2-scaled.jpeg","contentUrl":"https:\/\/portugalexpo2020dubai.pt\/wp-content\/uploads\/2021\/12\/DSC_0255-2-scaled.jpeg","width":2560,"height":1707,"caption":"\u00a9Catarina Beija \/ AICEP"},{"@type":"BreadcrumbList","@id":"https:\/\/portugalexpo2020dubai.pt\/index.php\/2021\/12\/05\/marcenaria-renda-de-bilros-e-camisolas-poveiras-conheca-os-artesaos-que-levam-as-artes-portuguesas-ao-dubai\/?lang=pt-pt#breadcrumb","itemListElement":[{"@type":"ListItem","position":1,"name":"Home","item":"https:\/\/portugalexpo2020dubai.pt\/"},{"@type":"ListItem","position":2,"name":"Marcenaria, renda de bilros e camisolas poveiras: conhe\u00e7a os artes\u00e3os que levam as artes portuguesas ao Dubai"}]},{"@type":"WebSite","@id":"https:\/\/portugalexpo2020dubai.pt\/#website","url":"https:\/\/portugalexpo2020dubai.pt\/","name":"Portugal Expo 2020 Dubai","description":"Portugal Expo 2020 Dubai","publisher":{"@id":"https:\/\/portugalexpo2020dubai.pt\/#organization"},"potentialAction":[{"@type":"SearchAction","target":{"@type":"EntryPoint","urlTemplate":"https:\/\/portugalexpo2020dubai.pt\/?s={search_term_string}"},"query-input":{"@type":"PropertyValueSpecification","valueRequired":true,"valueName":"search_term_string"}}],"inLanguage":"en-US"},{"@type":"Organization","@id":"https:\/\/portugalexpo2020dubai.pt\/#organization","name":"Portugal Expo 2020 Dubai","url":"https:\/\/portugalexpo2020dubai.pt\/","logo":{"@type":"ImageObject","inLanguage":"en-US","@id":"https:\/\/portugalexpo2020dubai.pt\/#\/schema\/logo\/image\/","url":"https:\/\/portugalexpo2020dubai.pt\/wp-content\/uploads\/2021\/09\/logo_aicep.png","contentUrl":"https:\/\/portugalexpo2020dubai.pt\/wp-content\/uploads\/2021\/09\/logo_aicep.png","width":830,"height":200,"caption":"Portugal Expo 2020 Dubai"},"image":{"@id":"https:\/\/portugalexpo2020dubai.pt\/#\/schema\/logo\/image\/"},"sameAs":["https:\/\/www.facebook.com\/portugalexpo2020","https:\/\/x.com\/PTexpo2020","https:\/\/www.instagram.com\/portugalexpo2020\/"]},{"@type":"Person","@id":"https:\/\/portugalexpo2020dubai.pt\/#\/schema\/person\/b3a886f492d6f9451dd81753e22488f9","name":"Catarina Beija","image":{"@type":"ImageObject","inLanguage":"en-US","@id":"https:\/\/secure.gravatar.com\/avatar\/4c9f1d7d0df92294044bdecb88b912257abbbac65d788bc499eb2cceb120941a?s=96&d=mm&r=g","url":"https:\/\/secure.gravatar.com\/avatar\/4c9f1d7d0df92294044bdecb88b912257abbbac65d788bc499eb2cceb120941a?s=96&d=mm&r=g","contentUrl":"https:\/\/secure.gravatar.com\/avatar\/4c9f1d7d0df92294044bdecb88b912257abbbac65d788bc499eb2cceb120941a?s=96&d=mm&r=g","caption":"Catarina Beija"},"url":"https:\/\/portugalexpo2020dubai.pt\/index.php\/author\/catarina-beijaportugalglobal-pt\/"}]}},"cc_featured_image_caption":{"caption_text":"","source_text":"","source_url":""},"_links":{"self":[{"href":"https:\/\/portugalexpo2020dubai.pt\/index.php\/wp-json\/wp\/v2\/posts\/6875","targetHints":{"allow":["GET"]}}],"collection":[{"href":"https:\/\/portugalexpo2020dubai.pt\/index.php\/wp-json\/wp\/v2\/posts"}],"about":[{"href":"https:\/\/portugalexpo2020dubai.pt\/index.php\/wp-json\/wp\/v2\/types\/post"}],"author":[{"embeddable":true,"href":"https:\/\/portugalexpo2020dubai.pt\/index.php\/wp-json\/wp\/v2\/users\/2"}],"replies":[{"embeddable":true,"href":"https:\/\/portugalexpo2020dubai.pt\/index.php\/wp-json\/wp\/v2\/comments?post=6875"}],"version-history":[{"count":4,"href":"https:\/\/portugalexpo2020dubai.pt\/index.php\/wp-json\/wp\/v2\/posts\/6875\/revisions"}],"predecessor-version":[{"id":6966,"href":"https:\/\/portugalexpo2020dubai.pt\/index.php\/wp-json\/wp\/v2\/posts\/6875\/revisions\/6966"}],"wp:featuredmedia":[{"embeddable":true,"href":"https:\/\/portugalexpo2020dubai.pt\/index.php\/wp-json\/wp\/v2\/media\/6922"}],"wp:attachment":[{"href":"https:\/\/portugalexpo2020dubai.pt\/index.php\/wp-json\/wp\/v2\/media?parent=6875"}],"wp:term":[{"taxonomy":"category","embeddable":true,"href":"https:\/\/portugalexpo2020dubai.pt\/index.php\/wp-json\/wp\/v2\/categories?post=6875"},{"taxonomy":"post_tag","embeddable":true,"href":"https:\/\/portugalexpo2020dubai.pt\/index.php\/wp-json\/wp\/v2\/tags?post=6875"}],"curies":[{"name":"wp","href":"https:\/\/api.w.org\/{rel}","templated":true}]}}