{"id":6771,"date":"2021-12-04T05:32:07","date_gmt":"2021-12-04T05:32:07","guid":{"rendered":"https:\/\/portugalexpo2020dubai.pt\/?p=6771"},"modified":"2021-12-03T10:35:45","modified_gmt":"2021-12-03T10:35:45","slug":"filigrana-de-gondomar-expoe-maior-coracao-do-mundo-na-expo-dubai","status":"publish","type":"post","link":"https:\/\/portugalexpo2020dubai.pt\/index.php\/2021\/12\/04\/filigrana-de-gondomar-expoe-maior-coracao-do-mundo-na-expo-dubai\/?lang=pt-pt","title":{"rendered":"Filigrana de Gondomar \u201cexp\u00f5e maior cora\u00e7\u00e3o do mundo\u201d na Expo Dubai"},"content":{"rendered":"<p>[vc_row][vc_column][vc_empty_space height=&#8221;50px&#8221;][vc_column_text]<\/p>\n<p><b>A filigrana de Gondomar vai estar em destaque no pavilh\u00e3o de Portugal da Expo 2002 Dubai, entre os dias 07 e 12 de dezembro, com a exposi\u00e7\u00e3o do \u201cmaior cora\u00e7\u00e3o de filigrana do mundo\u201d.<\/b><\/p>\n<p>&nbsp;<\/p>\n<p>Em comunicado, o munic\u00edpio de Gondomar assinala a parceria com o Turismo do Porto e Norte de Portugal (TPNP) e a Ag\u00eancia para o Investimento e Com\u00e9rcio Externo (AICEP) na presen\u00e7a nesta montra mundial para valorizar \u201c\u2019a joia da coroa\u2019 da ourivesaria de Gondomar ao mundo inteiro\u201d.<\/p>\n<p>Para al\u00e9m dos artes\u00e3os Ant\u00f3nio Cardoso e Rosa Maria (AC Filigranas) e Nuno Resende (F. Ribeiro, Lda), que\u00a0 demonstrar\u00e3o \u201ca min\u00facia da filigrana\u201d e \u201cpromover\u00e3o esta arte\u201d, estar\u00e3o em exposi\u00e7\u00e3o \u201cas pe\u00e7as mais emblem\u00e1ticas da filigrana tradicional portuguesa desde a Caravela Portuguesa, a Cruz de Malta, os brincos rainha, bem como \u201cO Maior Cora\u00e7\u00e3o em Filigrana do Mundo\u201d (um projeto [de 2018] que contou com a colabora\u00e7\u00e3o de 12 empresas locais com 25 artes\u00e3os envolvidos sob a dire\u00e7\u00e3o de Paulo Martingo, formador do CINDOR &#8211; Centro de Forma\u00e7\u00e3o Profissional da Ind\u00fastria de Ourivesaria e Relojoaria)\u201d, l\u00ea-se na nota de imprensa.<\/p>\n<p>Acrescenta a autarquia que a mostra inclui outra surpresa, \u201ca apresenta\u00e7\u00e3o oficial de um vestido em filigrana assinado pela estilista Micaela Oliveira em colabora\u00e7\u00e3o com o \u2018designer\u2019 e ourives gondomarense Arlindo Moura (Arlindo Moura Jewellery)\u201d.<br \/>\n\u201cNa elabora\u00e7\u00e3o desta pe\u00e7a de vestu\u00e1rio \u00fanica estiveram envolvidos mais de dez artes\u00e3os de filigrana, que contabilizaram cerca de duas mil horas de trabalho \u00e0 volta deste projeto arrojado. S\u00e3o, no total, cerca de 30 pe\u00e7as de filigranas produzidas especialmente para incorporar o vestido\u201d, assinala a nota de imprensa.<\/p>\n<p>Citado pelo comunicado, o presidente da c\u00e2mara, Marco Martins, afirmou ser \u201cum orgulho para Gondomar levar a filigrana ao Dubai\u201d.<br \/>\n\u201cLutamos muito para preservar e divulgar o nosso patrim\u00f3nio imaterial. A Expo Dubai 2020 \u00e9 uma montra mundial, com milh\u00f5es de visitantes que descobrir\u00e3o Portugal, o Norte, Gondomar, a filigrana artesanal e a nossa Rota da Filigrana\u201d, acrescenta Sandra Almeida, Vereadora do Turismo, igualmente citada.<\/p>\n<p>O executivo gondomarense, refere a publica\u00e7\u00e3o, tem promovido diversas a\u00e7\u00f5es de promo\u00e7\u00e3o desta arte secular: destacando-se o registo da produ\u00e7\u00e3o tradicional \u201cFiligrana de Portugal\u201d que hoje integra o Registo Nacional de Produ\u00e7\u00f5es Artesanais Tradicionais Certificadas e a cria\u00e7\u00e3o da Rota da Filigrana.<\/p>\n<p>Trata-se, segundo o comunicado, de \u201cum produto tur\u00edstico que pretende promover e valorizar os ourives genu\u00ednos e artes\u00e3os do concelho, dinamizando as suas oficinas tradicionais, e que contempla n\u00e3o s\u00f3 a visita \u00e0s oficinas, mas tamb\u00e9m, a oportunidade de comprar diretamente verdadeiras obras de arte e de conhecer o autor das pe\u00e7as e todo o seu processo produtivo\u201d.<\/p>\n<p>Para al\u00e9m da cria\u00e7\u00e3o do \u201cMaior Cora\u00e7\u00e3o de Filigrana do Mundo\u201d, a c\u00e2mara anuncia para breve a inaugura\u00e7\u00e3o do Museu Municipal da Filigrana de Gondomar, instalado na Casa Branca de Gramido.<\/p>\n<p>A programa\u00e7\u00e3o no pavilh\u00e3o de Portugal foi definida com base nas classifica\u00e7\u00f5es e candidaturas a Patrim\u00f3nio Cultural Imaterial da Humanidade. Nesse sentido, a presen\u00e7a do Munic\u00edpio de Gondomar surge no seguimento da submiss\u00e3o da Filigrana de Gondomar ao Invent\u00e1rio Nacional. Al\u00e9m disso, atributos como a qualidade, a autenticidade e o legado comum garantem o alinhamento da Filigrana de Gondomar com os objetivos da participa\u00e7\u00e3o de Portugal na exposi\u00e7\u00e3o, acrescenta a nota de imprensa.<\/p>\n<p>A Expo 2020 Dubai conta com a participa\u00e7\u00e3o de 192 pa\u00edses e \u00e9 a primeira a decorrer no M\u00e9dio Oriente entre 01 de outubro e 31 de mar\u00e7o e tida como \u201co grande evento \u00e0 escala mundial depois da pandemia\u201d.<\/p>\n<p>&nbsp;<\/p>\n<p><strong>Lusa<\/strong><\/p>\n","protected":false},"excerpt":{"rendered":"<p>A filigrana de Gondomar vai estar em destaque no pavilh\u00e3o de Portugal da Expo Dubai 2020, entre os dias 07 e 12 de dezembro, com a exposi\u00e7\u00e3o do \u201cmaior cora\u00e7\u00e3o de filigrana do mundo\u201d, anunciou hoje a c\u00e2mara municipal.<\/p>\n","protected":false},"author":2,"featured_media":6774,"comment_status":"closed","ping_status":"closed","sticky":false,"template":"","format":"standard","meta":{"_monsterinsights_skip_tracking":false,"_monsterinsights_sitenote_active":false,"_monsterinsights_sitenote_note":"","_monsterinsights_sitenote_category":0,"footnotes":""},"categories":[71],"tags":[],"class_list":["post-6771","post","type-post","status-publish","format-standard","has-post-thumbnail","hentry","category-news-pt-pt"],"yoast_head":"<!-- This site is optimized with the Yoast SEO plugin v27.5 - https:\/\/yoast.com\/product\/yoast-seo-wordpress\/ -->\n<title>Filigrana de Gondomar \u201cexp\u00f5e maior cora\u00e7\u00e3o do mundo\u201d na Expo Dubai - Portugal Expo 2020 Dubai<\/title>\n<meta name=\"description\" content=\"A filigrana de Gondomar vai estar em destaque no pavilh\u00e3o de Portugal da Expo Dubai 2020, entre os dias 07 e 12 de dezembro, com a exposi\u00e7\u00e3o do \u201cmaior cora\u00e7\u00e3o de filigrana do mundo\u201d, anunciou hoje a c\u00e2mara municipal.\" \/>\n<meta name=\"robots\" content=\"index, follow, max-snippet:-1, max-image-preview:large, max-video-preview:-1\" \/>\n<link rel=\"canonical\" href=\"https:\/\/portugalexpo2020dubai.pt\/index.php\/2021\/12\/04\/filigrana-de-gondomar-expoe-maior-coracao-do-mundo-na-expo-dubai\/\" \/>\n<meta property=\"og:locale\" content=\"en_US\" \/>\n<meta property=\"og:type\" content=\"article\" \/>\n<meta property=\"og:title\" content=\"Filigrana de Gondomar \u201cexp\u00f5e maior cora\u00e7\u00e3o do mundo\u201d na Expo Dubai - Portugal Expo 2020 Dubai\" \/>\n<meta property=\"og:description\" content=\"A filigrana de Gondomar vai estar em destaque no pavilh\u00e3o de Portugal da Expo Dubai 2020, entre os dias 07 e 12 de dezembro, com a exposi\u00e7\u00e3o do \u201cmaior cora\u00e7\u00e3o de filigrana do mundo\u201d, anunciou hoje a c\u00e2mara municipal.\" \/>\n<meta property=\"og:url\" content=\"https:\/\/portugalexpo2020dubai.pt\/index.php\/2021\/12\/04\/filigrana-de-gondomar-expoe-maior-coracao-do-mundo-na-expo-dubai\/?lang=pt-pt\" \/>\n<meta property=\"og:site_name\" content=\"Portugal Expo 2020 Dubai\" \/>\n<meta property=\"article:publisher\" content=\"https:\/\/www.facebook.com\/portugalexpo2020\" \/>\n<meta property=\"article:published_time\" content=\"2021-12-04T05:32:07+00:00\" \/>\n<meta property=\"og:image\" content=\"https:\/\/portugalexpo2020dubai.pt\/wp-content\/uploads\/2021\/12\/33.png\" \/>\n\t<meta property=\"og:image:width\" content=\"2160\" \/>\n\t<meta property=\"og:image:height\" content=\"1110\" \/>\n\t<meta property=\"og:image:type\" content=\"image\/png\" \/>\n<meta name=\"author\" content=\"Catarina Beija\" \/>\n<meta name=\"twitter:card\" content=\"summary_large_image\" \/>\n<meta name=\"twitter:creator\" content=\"@PTexpo2020\" \/>\n<meta name=\"twitter:site\" content=\"@PTexpo2020\" \/>\n<meta name=\"twitter:label1\" content=\"Written by\" \/>\n\t<meta name=\"twitter:data1\" content=\"Catarina Beija\" \/>\n\t<meta name=\"twitter:label2\" content=\"Est. reading time\" \/>\n\t<meta name=\"twitter:data2\" content=\"3 minutes\" \/>\n<script type=\"application\/ld+json\" class=\"yoast-schema-graph\">{\"@context\":\"https:\\\/\\\/schema.org\",\"@graph\":[{\"@type\":\"Article\",\"@id\":\"https:\\\/\\\/portugalexpo2020dubai.pt\\\/index.php\\\/2021\\\/12\\\/04\\\/filigrana-de-gondomar-expoe-maior-coracao-do-mundo-na-expo-dubai\\\/?lang=pt-pt#article\",\"isPartOf\":{\"@id\":\"https:\\\/\\\/portugalexpo2020dubai.pt\\\/index.php\\\/2021\\\/12\\\/04\\\/filigrana-de-gondomar-expoe-maior-coracao-do-mundo-na-expo-dubai\\\/?lang=pt-pt\"},\"author\":{\"name\":\"Catarina Beija\",\"@id\":\"https:\\\/\\\/portugalexpo2020dubai.pt\\\/#\\\/schema\\\/person\\\/b3a886f492d6f9451dd81753e22488f9\"},\"headline\":\"Filigrana de Gondomar \u201cexp\u00f5e maior cora\u00e7\u00e3o do mundo\u201d na Expo Dubai\",\"datePublished\":\"2021-12-04T05:32:07+00:00\",\"mainEntityOfPage\":{\"@id\":\"https:\\\/\\\/portugalexpo2020dubai.pt\\\/index.php\\\/2021\\\/12\\\/04\\\/filigrana-de-gondomar-expoe-maior-coracao-do-mundo-na-expo-dubai\\\/?lang=pt-pt\"},\"wordCount\":654,\"publisher\":{\"@id\":\"https:\\\/\\\/portugalexpo2020dubai.pt\\\/#organization\"},\"image\":{\"@id\":\"https:\\\/\\\/portugalexpo2020dubai.pt\\\/index.php\\\/2021\\\/12\\\/04\\\/filigrana-de-gondomar-expoe-maior-coracao-do-mundo-na-expo-dubai\\\/?lang=pt-pt#primaryimage\"},\"thumbnailUrl\":\"https:\\\/\\\/portugalexpo2020dubai.pt\\\/wp-content\\\/uploads\\\/2021\\\/12\\\/33.png\",\"articleSection\":[\"Not\u00edcias\"],\"inLanguage\":\"en-US\"},{\"@type\":\"WebPage\",\"@id\":\"https:\\\/\\\/portugalexpo2020dubai.pt\\\/index.php\\\/2021\\\/12\\\/04\\\/filigrana-de-gondomar-expoe-maior-coracao-do-mundo-na-expo-dubai\\\/?lang=pt-pt\",\"url\":\"https:\\\/\\\/portugalexpo2020dubai.pt\\\/index.php\\\/2021\\\/12\\\/04\\\/filigrana-de-gondomar-expoe-maior-coracao-do-mundo-na-expo-dubai\\\/?lang=pt-pt\",\"name\":\"Filigrana de Gondomar \u201cexp\u00f5e maior cora\u00e7\u00e3o do mundo\u201d na Expo Dubai - Portugal Expo 2020 Dubai\",\"isPartOf\":{\"@id\":\"https:\\\/\\\/portugalexpo2020dubai.pt\\\/#website\"},\"primaryImageOfPage\":{\"@id\":\"https:\\\/\\\/portugalexpo2020dubai.pt\\\/index.php\\\/2021\\\/12\\\/04\\\/filigrana-de-gondomar-expoe-maior-coracao-do-mundo-na-expo-dubai\\\/?lang=pt-pt#primaryimage\"},\"image\":{\"@id\":\"https:\\\/\\\/portugalexpo2020dubai.pt\\\/index.php\\\/2021\\\/12\\\/04\\\/filigrana-de-gondomar-expoe-maior-coracao-do-mundo-na-expo-dubai\\\/?lang=pt-pt#primaryimage\"},\"thumbnailUrl\":\"https:\\\/\\\/portugalexpo2020dubai.pt\\\/wp-content\\\/uploads\\\/2021\\\/12\\\/33.png\",\"datePublished\":\"2021-12-04T05:32:07+00:00\",\"description\":\"A filigrana de Gondomar vai estar em destaque no pavilh\u00e3o de Portugal da Expo Dubai 2020, entre os dias 07 e 12 de dezembro, com a exposi\u00e7\u00e3o do \u201cmaior cora\u00e7\u00e3o de filigrana do mundo\u201d, anunciou hoje a c\u00e2mara municipal.\",\"breadcrumb\":{\"@id\":\"https:\\\/\\\/portugalexpo2020dubai.pt\\\/index.php\\\/2021\\\/12\\\/04\\\/filigrana-de-gondomar-expoe-maior-coracao-do-mundo-na-expo-dubai\\\/?lang=pt-pt#breadcrumb\"},\"inLanguage\":\"en-US\",\"potentialAction\":[{\"@type\":\"ReadAction\",\"target\":[\"https:\\\/\\\/portugalexpo2020dubai.pt\\\/index.php\\\/2021\\\/12\\\/04\\\/filigrana-de-gondomar-expoe-maior-coracao-do-mundo-na-expo-dubai\\\/?lang=pt-pt\"]}]},{\"@type\":\"ImageObject\",\"inLanguage\":\"en-US\",\"@id\":\"https:\\\/\\\/portugalexpo2020dubai.pt\\\/index.php\\\/2021\\\/12\\\/04\\\/filigrana-de-gondomar-expoe-maior-coracao-do-mundo-na-expo-dubai\\\/?lang=pt-pt#primaryimage\",\"url\":\"https:\\\/\\\/portugalexpo2020dubai.pt\\\/wp-content\\\/uploads\\\/2021\\\/12\\\/33.png\",\"contentUrl\":\"https:\\\/\\\/portugalexpo2020dubai.pt\\\/wp-content\\\/uploads\\\/2021\\\/12\\\/33.png\",\"width\":2160,\"height\":1110,\"caption\":\"\u00a9Rodrigo Marques \\\/ AICEP\"},{\"@type\":\"BreadcrumbList\",\"@id\":\"https:\\\/\\\/portugalexpo2020dubai.pt\\\/index.php\\\/2021\\\/12\\\/04\\\/filigrana-de-gondomar-expoe-maior-coracao-do-mundo-na-expo-dubai\\\/?lang=pt-pt#breadcrumb\",\"itemListElement\":[{\"@type\":\"ListItem\",\"position\":1,\"name\":\"Home\",\"item\":\"https:\\\/\\\/portugalexpo2020dubai.pt\\\/\"},{\"@type\":\"ListItem\",\"position\":2,\"name\":\"Filigrana de Gondomar \u201cexp\u00f5e maior cora\u00e7\u00e3o do mundo\u201d na Expo Dubai\"}]},{\"@type\":\"WebSite\",\"@id\":\"https:\\\/\\\/portugalexpo2020dubai.pt\\\/#website\",\"url\":\"https:\\\/\\\/portugalexpo2020dubai.pt\\\/\",\"name\":\"Portugal Expo 2020 Dubai\",\"description\":\"Portugal Expo 2020 Dubai\",\"publisher\":{\"@id\":\"https:\\\/\\\/portugalexpo2020dubai.pt\\\/#organization\"},\"potentialAction\":[{\"@type\":\"SearchAction\",\"target\":{\"@type\":\"EntryPoint\",\"urlTemplate\":\"https:\\\/\\\/portugalexpo2020dubai.pt\\\/?s={search_term_string}\"},\"query-input\":{\"@type\":\"PropertyValueSpecification\",\"valueRequired\":true,\"valueName\":\"search_term_string\"}}],\"inLanguage\":\"en-US\"},{\"@type\":\"Organization\",\"@id\":\"https:\\\/\\\/portugalexpo2020dubai.pt\\\/#organization\",\"name\":\"Portugal Expo 2020 Dubai\",\"url\":\"https:\\\/\\\/portugalexpo2020dubai.pt\\\/\",\"logo\":{\"@type\":\"ImageObject\",\"inLanguage\":\"en-US\",\"@id\":\"https:\\\/\\\/portugalexpo2020dubai.pt\\\/#\\\/schema\\\/logo\\\/image\\\/\",\"url\":\"https:\\\/\\\/portugalexpo2020dubai.pt\\\/wp-content\\\/uploads\\\/2021\\\/09\\\/logo_aicep.png\",\"contentUrl\":\"https:\\\/\\\/portugalexpo2020dubai.pt\\\/wp-content\\\/uploads\\\/2021\\\/09\\\/logo_aicep.png\",\"width\":830,\"height\":200,\"caption\":\"Portugal Expo 2020 Dubai\"},\"image\":{\"@id\":\"https:\\\/\\\/portugalexpo2020dubai.pt\\\/#\\\/schema\\\/logo\\\/image\\\/\"},\"sameAs\":[\"https:\\\/\\\/www.facebook.com\\\/portugalexpo2020\",\"https:\\\/\\\/x.com\\\/PTexpo2020\",\"https:\\\/\\\/www.instagram.com\\\/portugalexpo2020\\\/\"]},{\"@type\":\"Person\",\"@id\":\"https:\\\/\\\/portugalexpo2020dubai.pt\\\/#\\\/schema\\\/person\\\/b3a886f492d6f9451dd81753e22488f9\",\"name\":\"Catarina Beija\",\"image\":{\"@type\":\"ImageObject\",\"inLanguage\":\"en-US\",\"@id\":\"https:\\\/\\\/secure.gravatar.com\\\/avatar\\\/4c9f1d7d0df92294044bdecb88b912257abbbac65d788bc499eb2cceb120941a?s=96&d=mm&r=g\",\"url\":\"https:\\\/\\\/secure.gravatar.com\\\/avatar\\\/4c9f1d7d0df92294044bdecb88b912257abbbac65d788bc499eb2cceb120941a?s=96&d=mm&r=g\",\"contentUrl\":\"https:\\\/\\\/secure.gravatar.com\\\/avatar\\\/4c9f1d7d0df92294044bdecb88b912257abbbac65d788bc499eb2cceb120941a?s=96&d=mm&r=g\",\"caption\":\"Catarina Beija\"},\"url\":\"https:\\\/\\\/portugalexpo2020dubai.pt\\\/index.php\\\/author\\\/catarina-beijaportugalglobal-pt\\\/\"}]}<\/script>\n<!-- \/ Yoast SEO plugin. -->","yoast_head_json":{"title":"Filigrana de Gondomar \u201cexp\u00f5e maior cora\u00e7\u00e3o do mundo\u201d na Expo Dubai - Portugal Expo 2020 Dubai","description":"A filigrana de Gondomar vai estar em destaque no pavilh\u00e3o de Portugal da Expo Dubai 2020, entre os dias 07 e 12 de dezembro, com a exposi\u00e7\u00e3o do \u201cmaior cora\u00e7\u00e3o de filigrana do mundo\u201d, anunciou hoje a c\u00e2mara municipal.","robots":{"index":"index","follow":"follow","max-snippet":"max-snippet:-1","max-image-preview":"max-image-preview:large","max-video-preview":"max-video-preview:-1"},"canonical":"https:\/\/portugalexpo2020dubai.pt\/index.php\/2021\/12\/04\/filigrana-de-gondomar-expoe-maior-coracao-do-mundo-na-expo-dubai\/","og_locale":"en_US","og_type":"article","og_title":"Filigrana de Gondomar \u201cexp\u00f5e maior cora\u00e7\u00e3o do mundo\u201d na Expo Dubai - Portugal Expo 2020 Dubai","og_description":"A filigrana de Gondomar vai estar em destaque no pavilh\u00e3o de Portugal da Expo Dubai 2020, entre os dias 07 e 12 de dezembro, com a exposi\u00e7\u00e3o do \u201cmaior cora\u00e7\u00e3o de filigrana do mundo\u201d, anunciou hoje a c\u00e2mara municipal.","og_url":"https:\/\/portugalexpo2020dubai.pt\/index.php\/2021\/12\/04\/filigrana-de-gondomar-expoe-maior-coracao-do-mundo-na-expo-dubai\/?lang=pt-pt","og_site_name":"Portugal Expo 2020 Dubai","article_publisher":"https:\/\/www.facebook.com\/portugalexpo2020","article_published_time":"2021-12-04T05:32:07+00:00","og_image":[{"width":2160,"height":1110,"url":"https:\/\/portugalexpo2020dubai.pt\/wp-content\/uploads\/2021\/12\/33.png","type":"image\/png"}],"author":"Catarina Beija","twitter_card":"summary_large_image","twitter_creator":"@PTexpo2020","twitter_site":"@PTexpo2020","twitter_misc":{"Written by":"Catarina Beija","Est. reading time":"3 minutes"},"schema":{"@context":"https:\/\/schema.org","@graph":[{"@type":"Article","@id":"https:\/\/portugalexpo2020dubai.pt\/index.php\/2021\/12\/04\/filigrana-de-gondomar-expoe-maior-coracao-do-mundo-na-expo-dubai\/?lang=pt-pt#article","isPartOf":{"@id":"https:\/\/portugalexpo2020dubai.pt\/index.php\/2021\/12\/04\/filigrana-de-gondomar-expoe-maior-coracao-do-mundo-na-expo-dubai\/?lang=pt-pt"},"author":{"name":"Catarina Beija","@id":"https:\/\/portugalexpo2020dubai.pt\/#\/schema\/person\/b3a886f492d6f9451dd81753e22488f9"},"headline":"Filigrana de Gondomar \u201cexp\u00f5e maior cora\u00e7\u00e3o do mundo\u201d na Expo Dubai","datePublished":"2021-12-04T05:32:07+00:00","mainEntityOfPage":{"@id":"https:\/\/portugalexpo2020dubai.pt\/index.php\/2021\/12\/04\/filigrana-de-gondomar-expoe-maior-coracao-do-mundo-na-expo-dubai\/?lang=pt-pt"},"wordCount":654,"publisher":{"@id":"https:\/\/portugalexpo2020dubai.pt\/#organization"},"image":{"@id":"https:\/\/portugalexpo2020dubai.pt\/index.php\/2021\/12\/04\/filigrana-de-gondomar-expoe-maior-coracao-do-mundo-na-expo-dubai\/?lang=pt-pt#primaryimage"},"thumbnailUrl":"https:\/\/portugalexpo2020dubai.pt\/wp-content\/uploads\/2021\/12\/33.png","articleSection":["Not\u00edcias"],"inLanguage":"en-US"},{"@type":"WebPage","@id":"https:\/\/portugalexpo2020dubai.pt\/index.php\/2021\/12\/04\/filigrana-de-gondomar-expoe-maior-coracao-do-mundo-na-expo-dubai\/?lang=pt-pt","url":"https:\/\/portugalexpo2020dubai.pt\/index.php\/2021\/12\/04\/filigrana-de-gondomar-expoe-maior-coracao-do-mundo-na-expo-dubai\/?lang=pt-pt","name":"Filigrana de Gondomar \u201cexp\u00f5e maior cora\u00e7\u00e3o do mundo\u201d na Expo Dubai - Portugal Expo 2020 Dubai","isPartOf":{"@id":"https:\/\/portugalexpo2020dubai.pt\/#website"},"primaryImageOfPage":{"@id":"https:\/\/portugalexpo2020dubai.pt\/index.php\/2021\/12\/04\/filigrana-de-gondomar-expoe-maior-coracao-do-mundo-na-expo-dubai\/?lang=pt-pt#primaryimage"},"image":{"@id":"https:\/\/portugalexpo2020dubai.pt\/index.php\/2021\/12\/04\/filigrana-de-gondomar-expoe-maior-coracao-do-mundo-na-expo-dubai\/?lang=pt-pt#primaryimage"},"thumbnailUrl":"https:\/\/portugalexpo2020dubai.pt\/wp-content\/uploads\/2021\/12\/33.png","datePublished":"2021-12-04T05:32:07+00:00","description":"A filigrana de Gondomar vai estar em destaque no pavilh\u00e3o de Portugal da Expo Dubai 2020, entre os dias 07 e 12 de dezembro, com a exposi\u00e7\u00e3o do \u201cmaior cora\u00e7\u00e3o de filigrana do mundo\u201d, anunciou hoje a c\u00e2mara municipal.","breadcrumb":{"@id":"https:\/\/portugalexpo2020dubai.pt\/index.php\/2021\/12\/04\/filigrana-de-gondomar-expoe-maior-coracao-do-mundo-na-expo-dubai\/?lang=pt-pt#breadcrumb"},"inLanguage":"en-US","potentialAction":[{"@type":"ReadAction","target":["https:\/\/portugalexpo2020dubai.pt\/index.php\/2021\/12\/04\/filigrana-de-gondomar-expoe-maior-coracao-do-mundo-na-expo-dubai\/?lang=pt-pt"]}]},{"@type":"ImageObject","inLanguage":"en-US","@id":"https:\/\/portugalexpo2020dubai.pt\/index.php\/2021\/12\/04\/filigrana-de-gondomar-expoe-maior-coracao-do-mundo-na-expo-dubai\/?lang=pt-pt#primaryimage","url":"https:\/\/portugalexpo2020dubai.pt\/wp-content\/uploads\/2021\/12\/33.png","contentUrl":"https:\/\/portugalexpo2020dubai.pt\/wp-content\/uploads\/2021\/12\/33.png","width":2160,"height":1110,"caption":"\u00a9Rodrigo Marques \/ AICEP"},{"@type":"BreadcrumbList","@id":"https:\/\/portugalexpo2020dubai.pt\/index.php\/2021\/12\/04\/filigrana-de-gondomar-expoe-maior-coracao-do-mundo-na-expo-dubai\/?lang=pt-pt#breadcrumb","itemListElement":[{"@type":"ListItem","position":1,"name":"Home","item":"https:\/\/portugalexpo2020dubai.pt\/"},{"@type":"ListItem","position":2,"name":"Filigrana de Gondomar \u201cexp\u00f5e maior cora\u00e7\u00e3o do mundo\u201d na Expo Dubai"}]},{"@type":"WebSite","@id":"https:\/\/portugalexpo2020dubai.pt\/#website","url":"https:\/\/portugalexpo2020dubai.pt\/","name":"Portugal Expo 2020 Dubai","description":"Portugal Expo 2020 Dubai","publisher":{"@id":"https:\/\/portugalexpo2020dubai.pt\/#organization"},"potentialAction":[{"@type":"SearchAction","target":{"@type":"EntryPoint","urlTemplate":"https:\/\/portugalexpo2020dubai.pt\/?s={search_term_string}"},"query-input":{"@type":"PropertyValueSpecification","valueRequired":true,"valueName":"search_term_string"}}],"inLanguage":"en-US"},{"@type":"Organization","@id":"https:\/\/portugalexpo2020dubai.pt\/#organization","name":"Portugal Expo 2020 Dubai","url":"https:\/\/portugalexpo2020dubai.pt\/","logo":{"@type":"ImageObject","inLanguage":"en-US","@id":"https:\/\/portugalexpo2020dubai.pt\/#\/schema\/logo\/image\/","url":"https:\/\/portugalexpo2020dubai.pt\/wp-content\/uploads\/2021\/09\/logo_aicep.png","contentUrl":"https:\/\/portugalexpo2020dubai.pt\/wp-content\/uploads\/2021\/09\/logo_aicep.png","width":830,"height":200,"caption":"Portugal Expo 2020 Dubai"},"image":{"@id":"https:\/\/portugalexpo2020dubai.pt\/#\/schema\/logo\/image\/"},"sameAs":["https:\/\/www.facebook.com\/portugalexpo2020","https:\/\/x.com\/PTexpo2020","https:\/\/www.instagram.com\/portugalexpo2020\/"]},{"@type":"Person","@id":"https:\/\/portugalexpo2020dubai.pt\/#\/schema\/person\/b3a886f492d6f9451dd81753e22488f9","name":"Catarina Beija","image":{"@type":"ImageObject","inLanguage":"en-US","@id":"https:\/\/secure.gravatar.com\/avatar\/4c9f1d7d0df92294044bdecb88b912257abbbac65d788bc499eb2cceb120941a?s=96&d=mm&r=g","url":"https:\/\/secure.gravatar.com\/avatar\/4c9f1d7d0df92294044bdecb88b912257abbbac65d788bc499eb2cceb120941a?s=96&d=mm&r=g","contentUrl":"https:\/\/secure.gravatar.com\/avatar\/4c9f1d7d0df92294044bdecb88b912257abbbac65d788bc499eb2cceb120941a?s=96&d=mm&r=g","caption":"Catarina Beija"},"url":"https:\/\/portugalexpo2020dubai.pt\/index.php\/author\/catarina-beijaportugalglobal-pt\/"}]}},"cc_featured_image_caption":{"caption_text":"","source_text":"","source_url":""},"_links":{"self":[{"href":"https:\/\/portugalexpo2020dubai.pt\/index.php\/wp-json\/wp\/v2\/posts\/6771","targetHints":{"allow":["GET"]}}],"collection":[{"href":"https:\/\/portugalexpo2020dubai.pt\/index.php\/wp-json\/wp\/v2\/posts"}],"about":[{"href":"https:\/\/portugalexpo2020dubai.pt\/index.php\/wp-json\/wp\/v2\/types\/post"}],"author":[{"embeddable":true,"href":"https:\/\/portugalexpo2020dubai.pt\/index.php\/wp-json\/wp\/v2\/users\/2"}],"replies":[{"embeddable":true,"href":"https:\/\/portugalexpo2020dubai.pt\/index.php\/wp-json\/wp\/v2\/comments?post=6771"}],"version-history":[{"count":1,"href":"https:\/\/portugalexpo2020dubai.pt\/index.php\/wp-json\/wp\/v2\/posts\/6771\/revisions"}],"predecessor-version":[{"id":6776,"href":"https:\/\/portugalexpo2020dubai.pt\/index.php\/wp-json\/wp\/v2\/posts\/6771\/revisions\/6776"}],"wp:featuredmedia":[{"embeddable":true,"href":"https:\/\/portugalexpo2020dubai.pt\/index.php\/wp-json\/wp\/v2\/media\/6774"}],"wp:attachment":[{"href":"https:\/\/portugalexpo2020dubai.pt\/index.php\/wp-json\/wp\/v2\/media?parent=6771"}],"wp:term":[{"taxonomy":"category","embeddable":true,"href":"https:\/\/portugalexpo2020dubai.pt\/index.php\/wp-json\/wp\/v2\/categories?post=6771"},{"taxonomy":"post_tag","embeddable":true,"href":"https:\/\/portugalexpo2020dubai.pt\/index.php\/wp-json\/wp\/v2\/tags?post=6771"}],"curies":[{"name":"wp","href":"https:\/\/api.w.org\/{rel}","templated":true}]}}