{"id":6665,"date":"2021-11-29T20:57:48","date_gmt":"2021-11-29T20:57:48","guid":{"rendered":"https:\/\/portugalexpo2020dubai.pt\/?p=6665"},"modified":"2021-12-01T20:58:46","modified_gmt":"2021-12-01T20:58:46","slug":"portugal-leva-o-cante-alentejano-a-expo-dubai-em-comemoracao-dos-50-anos-dos-emirados-arabes-unidos","status":"publish","type":"post","link":"https:\/\/portugalexpo2020dubai.pt\/index.php\/2021\/11\/29\/portugal-leva-o-cante-alentejano-a-expo-dubai-em-comemoracao-dos-50-anos-dos-emirados-arabes-unidos\/?lang=pt-pt","title":{"rendered":"Portugal leva o Cante Alentejano \u00e0 Expo Dubai em comemora\u00e7\u00e3o dos 50 anos dos Emirados \u00c1rabes Unidos"},"content":{"rendered":"<p>[vc_row][vc_column][vc_empty_space height=&#8221;50px&#8221;][vc_column_text]<\/p>\n<p><b>Portugal vai marcar presen\u00e7a nas celebra\u00e7\u00f5es do Jubileu de Ouro dos Emirados \u00c1rabes Unidos, entre os dias 1 e 2 de dezembro, na Expo 2020 Dubai, com atua\u00e7\u00f5es da cantora e acordeonista Celina da Piedade e do grupo Vozes do Cante.<\/b><\/p>\n<p>&nbsp;<\/p>\n<p>A participa\u00e7\u00e3o portuguesa conta com tr\u00eas atua\u00e7\u00f5es das Vozes do Cante (um grupo de seis cantadores de Cante Alentejano) no dia 1 de dezembro, \u00e0s 16:30, 17:30 e 20:30 locais, no palco Earth da Exposi\u00e7\u00e3o mundial.<\/p>\n<p>&nbsp;<\/p>\n<p>No dia seguinte, que assinala o Dia Nacional dos Emirados \u00c1rabes Unidos, Celina da Piedade e as Vozes do Cante sobem ao palco Dubai Millennium Amphitheatre pelas 21:00 locais, num espet\u00e1culo que conta com a participa\u00e7\u00e3o especial da alaudista \u00e1rabe Sherin Tohamy.<\/p>\n<p>&nbsp;<\/p>\n<p>\u201c\u00c9 com muito orgulho que Portugal se associa a esta data, que representa um momento hist\u00f3rico para os Emirados \u00c1rabes Unidos. A representa\u00e7\u00e3o do Cante Alentejano na Expo \u00e9 uma oportunidade \u00fanica de mostrar ao Mundo a riqueza da cultura portuguesa, neste caso reconhecida pela UNESCO como Patrim\u00f3nio Cultural Imaterial da Humanidade\u201d, afirma o Presidente da AICEP e Comiss\u00e1rio-Geral de Portugal para a Expo 2020 Dubai, Lu\u00eds Castro Henriques.<\/p>\n<p>&nbsp;<\/p>\n<p>O Jubileu de Ouro marca o 50\u00ba anivers\u00e1rio dos Emirados \u00c1rabes Unidos, uma confedera\u00e7\u00e3o de seis monarquias \u2013 Abu Dhabi,\u00a0Dubai,\u00a0Al-Sharja,\u00a0Ajdman, Oumm al-Quwain,\u00a0Ras al-Khaimah\u00a0e\u00a0Fujeira \u2013 constitu\u00edda em 1971.<\/p>\n<p>&nbsp;<\/p>\n<p>Para conhecer o programa completo, visite <a href=\"https:\/\/portugalexpo2020dubai.pt\/index.php\/eventos\/?lang=pt-pt\">a nossa p\u00e1gina<\/a>![\/vc_column_text][\/vc_column][\/vc_row]<\/p>\n","protected":false},"excerpt":{"rendered":"<p>Portugal vai marcar presen\u00e7a nas celebra\u00e7\u00f5es do Jubileu de Ouro dos Emirados \u00c1rabes Unidos, entre os dias 1 e 2 de dezembro, na Expo 2020 Dubai, com atua\u00e7\u00f5es da cantora e acordeonista Celina da Piedade e do grupo Vozes do Cante.<\/p>\n","protected":false},"author":2,"featured_media":6500,"comment_status":"closed","ping_status":"closed","sticky":false,"template":"","format":"standard","meta":{"_monsterinsights_skip_tracking":false,"_monsterinsights_sitenote_active":false,"_monsterinsights_sitenote_note":"","_monsterinsights_sitenote_category":0,"footnotes":""},"categories":[71],"tags":[],"class_list":["post-6665","post","type-post","status-publish","format-standard","has-post-thumbnail","hentry","category-news-pt-pt"],"yoast_head":"<!-- This site is optimized with the Yoast SEO plugin v27.5 - https:\/\/yoast.com\/product\/yoast-seo-wordpress\/ -->\n<title>Portugal leva o Cante Alentejano \u00e0 Expo Dubai em comemora\u00e7\u00e3o dos 50 anos dos Emirados \u00c1rabes Unidos - Portugal Expo 2020 Dubai<\/title>\n<meta name=\"description\" content=\"Portugal vai marcar presen\u00e7a nas celebra\u00e7\u00f5es do Jubileu de Ouro dos Emirados \u00c1rabes Unidos, entre os dias 1 e 2 de dezembro, na Expo 2020 Dubai, com atua\u00e7\u00f5es da cantora e acordeonista Celina da Piedade e do grupo Vozes do Cante.\" \/>\n<meta name=\"robots\" content=\"index, follow, max-snippet:-1, max-image-preview:large, max-video-preview:-1\" \/>\n<link rel=\"canonical\" href=\"https:\/\/portugalexpo2020dubai.pt\/index.php\/2021\/11\/29\/portugal-leva-o-cante-alentejano-a-expo-dubai-em-comemoracao-dos-50-anos-dos-emirados-arabes-unidos\/\" \/>\n<meta property=\"og:locale\" content=\"en_US\" \/>\n<meta property=\"og:type\" content=\"article\" \/>\n<meta property=\"og:title\" content=\"Portugal leva o Cante Alentejano \u00e0 Expo Dubai em comemora\u00e7\u00e3o dos 50 anos dos Emirados \u00c1rabes Unidos - Portugal Expo 2020 Dubai\" \/>\n<meta property=\"og:description\" content=\"Portugal vai marcar presen\u00e7a nas celebra\u00e7\u00f5es do Jubileu de Ouro dos Emirados \u00c1rabes Unidos, entre os dias 1 e 2 de dezembro, na Expo 2020 Dubai, com atua\u00e7\u00f5es da cantora e acordeonista Celina da Piedade e do grupo Vozes do Cante.\" \/>\n<meta property=\"og:url\" content=\"https:\/\/portugalexpo2020dubai.pt\/index.php\/2021\/11\/29\/portugal-leva-o-cante-alentejano-a-expo-dubai-em-comemoracao-dos-50-anos-dos-emirados-arabes-unidos\/?lang=pt-pt\" \/>\n<meta property=\"og:site_name\" content=\"Portugal Expo 2020 Dubai\" \/>\n<meta property=\"article:publisher\" content=\"https:\/\/www.facebook.com\/portugalexpo2020\" \/>\n<meta property=\"article:published_time\" content=\"2021-11-29T20:57:48+00:00\" \/>\n<meta property=\"article:modified_time\" content=\"2021-12-01T20:58:46+00:00\" \/>\n<meta property=\"og:image\" content=\"https:\/\/portugalexpo2020dubai.pt\/wp-content\/uploads\/2021\/11\/31.png\" \/>\n\t<meta property=\"og:image:width\" content=\"2160\" \/>\n\t<meta property=\"og:image:height\" content=\"1110\" \/>\n\t<meta property=\"og:image:type\" content=\"image\/png\" \/>\n<meta name=\"author\" content=\"Catarina Beija\" \/>\n<meta name=\"twitter:card\" content=\"summary_large_image\" \/>\n<meta name=\"twitter:creator\" content=\"@PTexpo2020\" \/>\n<meta name=\"twitter:site\" content=\"@PTexpo2020\" \/>\n<meta name=\"twitter:label1\" content=\"Written by\" \/>\n\t<meta name=\"twitter:data1\" content=\"Catarina Beija\" \/>\n\t<meta name=\"twitter:label2\" content=\"Est. reading time\" \/>\n\t<meta name=\"twitter:data2\" content=\"2 minutes\" \/>\n<script type=\"application\/ld+json\" class=\"yoast-schema-graph\">{\"@context\":\"https:\\\/\\\/schema.org\",\"@graph\":[{\"@type\":\"Article\",\"@id\":\"https:\\\/\\\/portugalexpo2020dubai.pt\\\/index.php\\\/2021\\\/11\\\/29\\\/portugal-leva-o-cante-alentejano-a-expo-dubai-em-comemoracao-dos-50-anos-dos-emirados-arabes-unidos\\\/?lang=pt-pt#article\",\"isPartOf\":{\"@id\":\"https:\\\/\\\/portugalexpo2020dubai.pt\\\/index.php\\\/2021\\\/11\\\/29\\\/portugal-leva-o-cante-alentejano-a-expo-dubai-em-comemoracao-dos-50-anos-dos-emirados-arabes-unidos\\\/?lang=pt-pt\"},\"author\":{\"name\":\"Catarina Beija\",\"@id\":\"https:\\\/\\\/portugalexpo2020dubai.pt\\\/#\\\/schema\\\/person\\\/b3a886f492d6f9451dd81753e22488f9\"},\"headline\":\"Portugal leva o Cante Alentejano \u00e0 Expo Dubai em comemora\u00e7\u00e3o dos 50 anos dos Emirados \u00c1rabes Unidos\",\"datePublished\":\"2021-11-29T20:57:48+00:00\",\"dateModified\":\"2021-12-01T20:58:46+00:00\",\"mainEntityOfPage\":{\"@id\":\"https:\\\/\\\/portugalexpo2020dubai.pt\\\/index.php\\\/2021\\\/11\\\/29\\\/portugal-leva-o-cante-alentejano-a-expo-dubai-em-comemoracao-dos-50-anos-dos-emirados-arabes-unidos\\\/?lang=pt-pt\"},\"wordCount\":273,\"publisher\":{\"@id\":\"https:\\\/\\\/portugalexpo2020dubai.pt\\\/#organization\"},\"image\":{\"@id\":\"https:\\\/\\\/portugalexpo2020dubai.pt\\\/index.php\\\/2021\\\/11\\\/29\\\/portugal-leva-o-cante-alentejano-a-expo-dubai-em-comemoracao-dos-50-anos-dos-emirados-arabes-unidos\\\/?lang=pt-pt#primaryimage\"},\"thumbnailUrl\":\"https:\\\/\\\/portugalexpo2020dubai.pt\\\/wp-content\\\/uploads\\\/2021\\\/11\\\/31.png\",\"articleSection\":[\"Not\u00edcias\"],\"inLanguage\":\"en-US\"},{\"@type\":\"WebPage\",\"@id\":\"https:\\\/\\\/portugalexpo2020dubai.pt\\\/index.php\\\/2021\\\/11\\\/29\\\/portugal-leva-o-cante-alentejano-a-expo-dubai-em-comemoracao-dos-50-anos-dos-emirados-arabes-unidos\\\/?lang=pt-pt\",\"url\":\"https:\\\/\\\/portugalexpo2020dubai.pt\\\/index.php\\\/2021\\\/11\\\/29\\\/portugal-leva-o-cante-alentejano-a-expo-dubai-em-comemoracao-dos-50-anos-dos-emirados-arabes-unidos\\\/?lang=pt-pt\",\"name\":\"Portugal leva o Cante Alentejano \u00e0 Expo Dubai em comemora\u00e7\u00e3o dos 50 anos dos Emirados \u00c1rabes Unidos - Portugal Expo 2020 Dubai\",\"isPartOf\":{\"@id\":\"https:\\\/\\\/portugalexpo2020dubai.pt\\\/#website\"},\"primaryImageOfPage\":{\"@id\":\"https:\\\/\\\/portugalexpo2020dubai.pt\\\/index.php\\\/2021\\\/11\\\/29\\\/portugal-leva-o-cante-alentejano-a-expo-dubai-em-comemoracao-dos-50-anos-dos-emirados-arabes-unidos\\\/?lang=pt-pt#primaryimage\"},\"image\":{\"@id\":\"https:\\\/\\\/portugalexpo2020dubai.pt\\\/index.php\\\/2021\\\/11\\\/29\\\/portugal-leva-o-cante-alentejano-a-expo-dubai-em-comemoracao-dos-50-anos-dos-emirados-arabes-unidos\\\/?lang=pt-pt#primaryimage\"},\"thumbnailUrl\":\"https:\\\/\\\/portugalexpo2020dubai.pt\\\/wp-content\\\/uploads\\\/2021\\\/11\\\/31.png\",\"datePublished\":\"2021-11-29T20:57:48+00:00\",\"dateModified\":\"2021-12-01T20:58:46+00:00\",\"description\":\"Portugal vai marcar presen\u00e7a nas celebra\u00e7\u00f5es do Jubileu de Ouro dos Emirados \u00c1rabes Unidos, entre os dias 1 e 2 de dezembro, na Expo 2020 Dubai, com atua\u00e7\u00f5es da cantora e acordeonista Celina da Piedade e do grupo Vozes do Cante.\",\"breadcrumb\":{\"@id\":\"https:\\\/\\\/portugalexpo2020dubai.pt\\\/index.php\\\/2021\\\/11\\\/29\\\/portugal-leva-o-cante-alentejano-a-expo-dubai-em-comemoracao-dos-50-anos-dos-emirados-arabes-unidos\\\/?lang=pt-pt#breadcrumb\"},\"inLanguage\":\"en-US\",\"potentialAction\":[{\"@type\":\"ReadAction\",\"target\":[\"https:\\\/\\\/portugalexpo2020dubai.pt\\\/index.php\\\/2021\\\/11\\\/29\\\/portugal-leva-o-cante-alentejano-a-expo-dubai-em-comemoracao-dos-50-anos-dos-emirados-arabes-unidos\\\/?lang=pt-pt\"]}]},{\"@type\":\"ImageObject\",\"inLanguage\":\"en-US\",\"@id\":\"https:\\\/\\\/portugalexpo2020dubai.pt\\\/index.php\\\/2021\\\/11\\\/29\\\/portugal-leva-o-cante-alentejano-a-expo-dubai-em-comemoracao-dos-50-anos-dos-emirados-arabes-unidos\\\/?lang=pt-pt#primaryimage\",\"url\":\"https:\\\/\\\/portugalexpo2020dubai.pt\\\/wp-content\\\/uploads\\\/2021\\\/11\\\/31.png\",\"contentUrl\":\"https:\\\/\\\/portugalexpo2020dubai.pt\\\/wp-content\\\/uploads\\\/2021\\\/11\\\/31.png\",\"width\":2160,\"height\":1110},{\"@type\":\"BreadcrumbList\",\"@id\":\"https:\\\/\\\/portugalexpo2020dubai.pt\\\/index.php\\\/2021\\\/11\\\/29\\\/portugal-leva-o-cante-alentejano-a-expo-dubai-em-comemoracao-dos-50-anos-dos-emirados-arabes-unidos\\\/?lang=pt-pt#breadcrumb\",\"itemListElement\":[{\"@type\":\"ListItem\",\"position\":1,\"name\":\"Home\",\"item\":\"https:\\\/\\\/portugalexpo2020dubai.pt\\\/\"},{\"@type\":\"ListItem\",\"position\":2,\"name\":\"Portugal leva o Cante Alentejano \u00e0 Expo Dubai em comemora\u00e7\u00e3o dos 50 anos dos Emirados \u00c1rabes Unidos\"}]},{\"@type\":\"WebSite\",\"@id\":\"https:\\\/\\\/portugalexpo2020dubai.pt\\\/#website\",\"url\":\"https:\\\/\\\/portugalexpo2020dubai.pt\\\/\",\"name\":\"Portugal Expo 2020 Dubai\",\"description\":\"Portugal Expo 2020 Dubai\",\"publisher\":{\"@id\":\"https:\\\/\\\/portugalexpo2020dubai.pt\\\/#organization\"},\"potentialAction\":[{\"@type\":\"SearchAction\",\"target\":{\"@type\":\"EntryPoint\",\"urlTemplate\":\"https:\\\/\\\/portugalexpo2020dubai.pt\\\/?s={search_term_string}\"},\"query-input\":{\"@type\":\"PropertyValueSpecification\",\"valueRequired\":true,\"valueName\":\"search_term_string\"}}],\"inLanguage\":\"en-US\"},{\"@type\":\"Organization\",\"@id\":\"https:\\\/\\\/portugalexpo2020dubai.pt\\\/#organization\",\"name\":\"Portugal Expo 2020 Dubai\",\"url\":\"https:\\\/\\\/portugalexpo2020dubai.pt\\\/\",\"logo\":{\"@type\":\"ImageObject\",\"inLanguage\":\"en-US\",\"@id\":\"https:\\\/\\\/portugalexpo2020dubai.pt\\\/#\\\/schema\\\/logo\\\/image\\\/\",\"url\":\"https:\\\/\\\/portugalexpo2020dubai.pt\\\/wp-content\\\/uploads\\\/2021\\\/09\\\/logo_aicep.png\",\"contentUrl\":\"https:\\\/\\\/portugalexpo2020dubai.pt\\\/wp-content\\\/uploads\\\/2021\\\/09\\\/logo_aicep.png\",\"width\":830,\"height\":200,\"caption\":\"Portugal Expo 2020 Dubai\"},\"image\":{\"@id\":\"https:\\\/\\\/portugalexpo2020dubai.pt\\\/#\\\/schema\\\/logo\\\/image\\\/\"},\"sameAs\":[\"https:\\\/\\\/www.facebook.com\\\/portugalexpo2020\",\"https:\\\/\\\/x.com\\\/PTexpo2020\",\"https:\\\/\\\/www.instagram.com\\\/portugalexpo2020\\\/\"]},{\"@type\":\"Person\",\"@id\":\"https:\\\/\\\/portugalexpo2020dubai.pt\\\/#\\\/schema\\\/person\\\/b3a886f492d6f9451dd81753e22488f9\",\"name\":\"Catarina Beija\",\"image\":{\"@type\":\"ImageObject\",\"inLanguage\":\"en-US\",\"@id\":\"https:\\\/\\\/secure.gravatar.com\\\/avatar\\\/4c9f1d7d0df92294044bdecb88b912257abbbac65d788bc499eb2cceb120941a?s=96&d=mm&r=g\",\"url\":\"https:\\\/\\\/secure.gravatar.com\\\/avatar\\\/4c9f1d7d0df92294044bdecb88b912257abbbac65d788bc499eb2cceb120941a?s=96&d=mm&r=g\",\"contentUrl\":\"https:\\\/\\\/secure.gravatar.com\\\/avatar\\\/4c9f1d7d0df92294044bdecb88b912257abbbac65d788bc499eb2cceb120941a?s=96&d=mm&r=g\",\"caption\":\"Catarina Beija\"},\"url\":\"https:\\\/\\\/portugalexpo2020dubai.pt\\\/index.php\\\/author\\\/catarina-beijaportugalglobal-pt\\\/\"}]}<\/script>\n<!-- \/ Yoast SEO plugin. -->","yoast_head_json":{"title":"Portugal leva o Cante Alentejano \u00e0 Expo Dubai em comemora\u00e7\u00e3o dos 50 anos dos Emirados \u00c1rabes Unidos - Portugal Expo 2020 Dubai","description":"Portugal vai marcar presen\u00e7a nas celebra\u00e7\u00f5es do Jubileu de Ouro dos Emirados \u00c1rabes Unidos, entre os dias 1 e 2 de dezembro, na Expo 2020 Dubai, com atua\u00e7\u00f5es da cantora e acordeonista Celina da Piedade e do grupo Vozes do Cante.","robots":{"index":"index","follow":"follow","max-snippet":"max-snippet:-1","max-image-preview":"max-image-preview:large","max-video-preview":"max-video-preview:-1"},"canonical":"https:\/\/portugalexpo2020dubai.pt\/index.php\/2021\/11\/29\/portugal-leva-o-cante-alentejano-a-expo-dubai-em-comemoracao-dos-50-anos-dos-emirados-arabes-unidos\/","og_locale":"en_US","og_type":"article","og_title":"Portugal leva o Cante Alentejano \u00e0 Expo Dubai em comemora\u00e7\u00e3o dos 50 anos dos Emirados \u00c1rabes Unidos - Portugal Expo 2020 Dubai","og_description":"Portugal vai marcar presen\u00e7a nas celebra\u00e7\u00f5es do Jubileu de Ouro dos Emirados \u00c1rabes Unidos, entre os dias 1 e 2 de dezembro, na Expo 2020 Dubai, com atua\u00e7\u00f5es da cantora e acordeonista Celina da Piedade e do grupo Vozes do Cante.","og_url":"https:\/\/portugalexpo2020dubai.pt\/index.php\/2021\/11\/29\/portugal-leva-o-cante-alentejano-a-expo-dubai-em-comemoracao-dos-50-anos-dos-emirados-arabes-unidos\/?lang=pt-pt","og_site_name":"Portugal Expo 2020 Dubai","article_publisher":"https:\/\/www.facebook.com\/portugalexpo2020","article_published_time":"2021-11-29T20:57:48+00:00","article_modified_time":"2021-12-01T20:58:46+00:00","og_image":[{"width":2160,"height":1110,"url":"https:\/\/portugalexpo2020dubai.pt\/wp-content\/uploads\/2021\/11\/31.png","type":"image\/png"}],"author":"Catarina Beija","twitter_card":"summary_large_image","twitter_creator":"@PTexpo2020","twitter_site":"@PTexpo2020","twitter_misc":{"Written by":"Catarina Beija","Est. reading time":"2 minutes"},"schema":{"@context":"https:\/\/schema.org","@graph":[{"@type":"Article","@id":"https:\/\/portugalexpo2020dubai.pt\/index.php\/2021\/11\/29\/portugal-leva-o-cante-alentejano-a-expo-dubai-em-comemoracao-dos-50-anos-dos-emirados-arabes-unidos\/?lang=pt-pt#article","isPartOf":{"@id":"https:\/\/portugalexpo2020dubai.pt\/index.php\/2021\/11\/29\/portugal-leva-o-cante-alentejano-a-expo-dubai-em-comemoracao-dos-50-anos-dos-emirados-arabes-unidos\/?lang=pt-pt"},"author":{"name":"Catarina Beija","@id":"https:\/\/portugalexpo2020dubai.pt\/#\/schema\/person\/b3a886f492d6f9451dd81753e22488f9"},"headline":"Portugal leva o Cante Alentejano \u00e0 Expo Dubai em comemora\u00e7\u00e3o dos 50 anos dos Emirados \u00c1rabes Unidos","datePublished":"2021-11-29T20:57:48+00:00","dateModified":"2021-12-01T20:58:46+00:00","mainEntityOfPage":{"@id":"https:\/\/portugalexpo2020dubai.pt\/index.php\/2021\/11\/29\/portugal-leva-o-cante-alentejano-a-expo-dubai-em-comemoracao-dos-50-anos-dos-emirados-arabes-unidos\/?lang=pt-pt"},"wordCount":273,"publisher":{"@id":"https:\/\/portugalexpo2020dubai.pt\/#organization"},"image":{"@id":"https:\/\/portugalexpo2020dubai.pt\/index.php\/2021\/11\/29\/portugal-leva-o-cante-alentejano-a-expo-dubai-em-comemoracao-dos-50-anos-dos-emirados-arabes-unidos\/?lang=pt-pt#primaryimage"},"thumbnailUrl":"https:\/\/portugalexpo2020dubai.pt\/wp-content\/uploads\/2021\/11\/31.png","articleSection":["Not\u00edcias"],"inLanguage":"en-US"},{"@type":"WebPage","@id":"https:\/\/portugalexpo2020dubai.pt\/index.php\/2021\/11\/29\/portugal-leva-o-cante-alentejano-a-expo-dubai-em-comemoracao-dos-50-anos-dos-emirados-arabes-unidos\/?lang=pt-pt","url":"https:\/\/portugalexpo2020dubai.pt\/index.php\/2021\/11\/29\/portugal-leva-o-cante-alentejano-a-expo-dubai-em-comemoracao-dos-50-anos-dos-emirados-arabes-unidos\/?lang=pt-pt","name":"Portugal leva o Cante Alentejano \u00e0 Expo Dubai em comemora\u00e7\u00e3o dos 50 anos dos Emirados \u00c1rabes Unidos - Portugal Expo 2020 Dubai","isPartOf":{"@id":"https:\/\/portugalexpo2020dubai.pt\/#website"},"primaryImageOfPage":{"@id":"https:\/\/portugalexpo2020dubai.pt\/index.php\/2021\/11\/29\/portugal-leva-o-cante-alentejano-a-expo-dubai-em-comemoracao-dos-50-anos-dos-emirados-arabes-unidos\/?lang=pt-pt#primaryimage"},"image":{"@id":"https:\/\/portugalexpo2020dubai.pt\/index.php\/2021\/11\/29\/portugal-leva-o-cante-alentejano-a-expo-dubai-em-comemoracao-dos-50-anos-dos-emirados-arabes-unidos\/?lang=pt-pt#primaryimage"},"thumbnailUrl":"https:\/\/portugalexpo2020dubai.pt\/wp-content\/uploads\/2021\/11\/31.png","datePublished":"2021-11-29T20:57:48+00:00","dateModified":"2021-12-01T20:58:46+00:00","description":"Portugal vai marcar presen\u00e7a nas celebra\u00e7\u00f5es do Jubileu de Ouro dos Emirados \u00c1rabes Unidos, entre os dias 1 e 2 de dezembro, na Expo 2020 Dubai, com atua\u00e7\u00f5es da cantora e acordeonista Celina da Piedade e do grupo Vozes do Cante.","breadcrumb":{"@id":"https:\/\/portugalexpo2020dubai.pt\/index.php\/2021\/11\/29\/portugal-leva-o-cante-alentejano-a-expo-dubai-em-comemoracao-dos-50-anos-dos-emirados-arabes-unidos\/?lang=pt-pt#breadcrumb"},"inLanguage":"en-US","potentialAction":[{"@type":"ReadAction","target":["https:\/\/portugalexpo2020dubai.pt\/index.php\/2021\/11\/29\/portugal-leva-o-cante-alentejano-a-expo-dubai-em-comemoracao-dos-50-anos-dos-emirados-arabes-unidos\/?lang=pt-pt"]}]},{"@type":"ImageObject","inLanguage":"en-US","@id":"https:\/\/portugalexpo2020dubai.pt\/index.php\/2021\/11\/29\/portugal-leva-o-cante-alentejano-a-expo-dubai-em-comemoracao-dos-50-anos-dos-emirados-arabes-unidos\/?lang=pt-pt#primaryimage","url":"https:\/\/portugalexpo2020dubai.pt\/wp-content\/uploads\/2021\/11\/31.png","contentUrl":"https:\/\/portugalexpo2020dubai.pt\/wp-content\/uploads\/2021\/11\/31.png","width":2160,"height":1110},{"@type":"BreadcrumbList","@id":"https:\/\/portugalexpo2020dubai.pt\/index.php\/2021\/11\/29\/portugal-leva-o-cante-alentejano-a-expo-dubai-em-comemoracao-dos-50-anos-dos-emirados-arabes-unidos\/?lang=pt-pt#breadcrumb","itemListElement":[{"@type":"ListItem","position":1,"name":"Home","item":"https:\/\/portugalexpo2020dubai.pt\/"},{"@type":"ListItem","position":2,"name":"Portugal leva o Cante Alentejano \u00e0 Expo Dubai em comemora\u00e7\u00e3o dos 50 anos dos Emirados \u00c1rabes Unidos"}]},{"@type":"WebSite","@id":"https:\/\/portugalexpo2020dubai.pt\/#website","url":"https:\/\/portugalexpo2020dubai.pt\/","name":"Portugal Expo 2020 Dubai","description":"Portugal Expo 2020 Dubai","publisher":{"@id":"https:\/\/portugalexpo2020dubai.pt\/#organization"},"potentialAction":[{"@type":"SearchAction","target":{"@type":"EntryPoint","urlTemplate":"https:\/\/portugalexpo2020dubai.pt\/?s={search_term_string}"},"query-input":{"@type":"PropertyValueSpecification","valueRequired":true,"valueName":"search_term_string"}}],"inLanguage":"en-US"},{"@type":"Organization","@id":"https:\/\/portugalexpo2020dubai.pt\/#organization","name":"Portugal Expo 2020 Dubai","url":"https:\/\/portugalexpo2020dubai.pt\/","logo":{"@type":"ImageObject","inLanguage":"en-US","@id":"https:\/\/portugalexpo2020dubai.pt\/#\/schema\/logo\/image\/","url":"https:\/\/portugalexpo2020dubai.pt\/wp-content\/uploads\/2021\/09\/logo_aicep.png","contentUrl":"https:\/\/portugalexpo2020dubai.pt\/wp-content\/uploads\/2021\/09\/logo_aicep.png","width":830,"height":200,"caption":"Portugal Expo 2020 Dubai"},"image":{"@id":"https:\/\/portugalexpo2020dubai.pt\/#\/schema\/logo\/image\/"},"sameAs":["https:\/\/www.facebook.com\/portugalexpo2020","https:\/\/x.com\/PTexpo2020","https:\/\/www.instagram.com\/portugalexpo2020\/"]},{"@type":"Person","@id":"https:\/\/portugalexpo2020dubai.pt\/#\/schema\/person\/b3a886f492d6f9451dd81753e22488f9","name":"Catarina Beija","image":{"@type":"ImageObject","inLanguage":"en-US","@id":"https:\/\/secure.gravatar.com\/avatar\/4c9f1d7d0df92294044bdecb88b912257abbbac65d788bc499eb2cceb120941a?s=96&d=mm&r=g","url":"https:\/\/secure.gravatar.com\/avatar\/4c9f1d7d0df92294044bdecb88b912257abbbac65d788bc499eb2cceb120941a?s=96&d=mm&r=g","contentUrl":"https:\/\/secure.gravatar.com\/avatar\/4c9f1d7d0df92294044bdecb88b912257abbbac65d788bc499eb2cceb120941a?s=96&d=mm&r=g","caption":"Catarina Beija"},"url":"https:\/\/portugalexpo2020dubai.pt\/index.php\/author\/catarina-beijaportugalglobal-pt\/"}]}},"cc_featured_image_caption":{"caption_text":"","source_text":"","source_url":""},"_links":{"self":[{"href":"https:\/\/portugalexpo2020dubai.pt\/index.php\/wp-json\/wp\/v2\/posts\/6665","targetHints":{"allow":["GET"]}}],"collection":[{"href":"https:\/\/portugalexpo2020dubai.pt\/index.php\/wp-json\/wp\/v2\/posts"}],"about":[{"href":"https:\/\/portugalexpo2020dubai.pt\/index.php\/wp-json\/wp\/v2\/types\/post"}],"author":[{"embeddable":true,"href":"https:\/\/portugalexpo2020dubai.pt\/index.php\/wp-json\/wp\/v2\/users\/2"}],"replies":[{"embeddable":true,"href":"https:\/\/portugalexpo2020dubai.pt\/index.php\/wp-json\/wp\/v2\/comments?post=6665"}],"version-history":[{"count":4,"href":"https:\/\/portugalexpo2020dubai.pt\/index.php\/wp-json\/wp\/v2\/posts\/6665\/revisions"}],"predecessor-version":[{"id":6671,"href":"https:\/\/portugalexpo2020dubai.pt\/index.php\/wp-json\/wp\/v2\/posts\/6665\/revisions\/6671"}],"wp:featuredmedia":[{"embeddable":true,"href":"https:\/\/portugalexpo2020dubai.pt\/index.php\/wp-json\/wp\/v2\/media\/6500"}],"wp:attachment":[{"href":"https:\/\/portugalexpo2020dubai.pt\/index.php\/wp-json\/wp\/v2\/media?parent=6665"}],"wp:term":[{"taxonomy":"category","embeddable":true,"href":"https:\/\/portugalexpo2020dubai.pt\/index.php\/wp-json\/wp\/v2\/categories?post=6665"},{"taxonomy":"post_tag","embeddable":true,"href":"https:\/\/portugalexpo2020dubai.pt\/index.php\/wp-json\/wp\/v2\/tags?post=6665"}],"curies":[{"name":"wp","href":"https:\/\/api.w.org\/{rel}","templated":true}]}}