{"id":6362,"date":"2021-11-21T10:55:03","date_gmt":"2021-11-21T10:55:03","guid":{"rendered":"https:\/\/portugalexpo2020dubai.pt\/?p=6362"},"modified":"2021-12-13T12:11:04","modified_gmt":"2021-12-13T12:11:04","slug":"pintura-em-ceramica-e-maquetaria-conheca-os-artesaos-que-levam-as-artes-portuguesas-ao-dubai","status":"publish","type":"post","link":"https:\/\/portugalexpo2020dubai.pt\/index.php\/2021\/11\/21\/pintura-em-ceramica-e-maquetaria-conheca-os-artesaos-que-levam-as-artes-portuguesas-ao-dubai\/?lang=pt-pt","title":{"rendered":"Pintura em cer\u00e2mica e maquetaria: conhe\u00e7a os artes\u00e3os que levam as artes portuguesas ao Dubai"},"content":{"rendered":"<p>[vc_row][vc_column][vc_empty_space height=&#8221;50px&#8221;]De 15 de novembro a 5 de dezembro, o Pavilh\u00e3o de Portugal destaca as artes ancestrais e o saber-fazer portugu\u00eas com demonstra\u00e7\u00f5es ao vivo de artes\u00e3os nacionais. Ao longo da \u00faltima semana, foram muitas as visitas ao anfiteatro do pavilh\u00e3o para assistir \u00e0<strong><span lang=\"EN-US\">\u00a0pintura manual em cer\u00e2mica e \u00e0s t\u00e9cnicas de maquetaria<\/span><\/strong><strong><span lang=\"EN-US\">. Veja o que os nossos artes\u00e3os partilharam com a Expo 2020 Dubai!<\/span><\/strong><\/p>\n<div><\/div>\n<p>&nbsp;<\/p>\n<h6>Pintura manual em cer\u00e2mica<\/h6>\n<p>[\/vc_column][\/vc_row][vc_row][vc_column][vc_empty_space height=&#8221;40px&#8221;][vc_images_carousel images=&#8221;6375,6377,6365,6381,6396,6310&#8243; img_size=&#8221;full&#8221; onclick=&#8221;link_no&#8221; speed=&#8221;3000&#8243;][vc_empty_space height=&#8221;80px&#8221;][\/vc_column][\/vc_row][vc_row][vc_column]<\/p>\n<div>\n<p><strong>Isabel Alegrete, pintora de porcelana<\/strong>, viajou de Aveiro at\u00e9 ao Dubai para mostrar a sua arte ao mundo. H\u00e1 37 anos que \u00e9 artista da\u00a0<a href=\"https:\/\/vistaalegre.com\/pt\/\">Vista Alegre<\/a> &#8211; uma das mais c\u00e9lebres e antigas f\u00e1bricas de porcelana portuguesa.<\/p>\n<blockquote>\n<p style=\"text-align: left;\">\u201cUma das coisas que me d\u00e1 mais prazer na minha profiss\u00e3o \u00e9 exatamente mostrar o que eu fa\u00e7o, por isso, estar aqui, nesta montra para o mundo, \u00e9 excelente. N\u00e3o s\u00f3 representamos a nossa arte e a nossa marca, representamos tamb\u00e9m o nosso pa\u00eds, que \u00e9 algo ainda maior, e \u00e9 um orgulho&#8221;, diz Isabel.<\/p>\n<\/blockquote>\n<p>\u00c9 dif\u00edcil determinar a origem exata da arte da cer\u00e2mica em Portugal. Segundo historiadores e investigadores, os artefactos encontrados apresentam vest\u00edgios de influ\u00eancia \u00e1rabe, pelo que podem remontar \u00e0 funda\u00e7\u00e3o do pa\u00eds.<\/p>\n<p>Desempenhando desde ent\u00e3o um papel importante a n\u00edvel social, econ\u00f3mico e cultural, a cer\u00e2mica portuguesa utilizou o poder da tradi\u00e7\u00e3o para evoluir at\u00e9 aos dias de hoje, <strong>sendo Portugal um dos maiores exportadores mundiais de cer\u00e2mica em muitos setores<\/strong>. A marca <em>Made in Portugal<\/em> traduz a combina\u00e7\u00e3o perfeita entre qualidade e design, e um <em>know-how<\/em> \u00fanico que resulta de muitos anos de experi\u00eancia.<\/p>\n<p>&nbsp;<\/p>\n<\/div>\n<h6>Maquetaria<\/h6>\n<p>[\/vc_column][\/vc_row][vc_row][vc_column][vc_empty_space height=&#8221;40px&#8221;][vc_images_carousel images=&#8221;6385,6387,6367,6391,6393,6369,6415&#8243; img_size=&#8221;full&#8221; onclick=&#8221;link_no&#8221; speed=&#8221;3000&#8243;][vc_empty_space height=&#8221;80px&#8221;][\/vc_column][\/vc_row][vc_row][vc_column][vc_column_text]<\/p>\n<div>\n<p>Uma das artes mais antigas da humanidade, a maquetaria \u00e9 descrita como o processo de aplicar pequenos peda\u00e7os de madeira em estruturas, para assim formar padr\u00f5es decorativos, desenhos e at\u00e9 quadros. <strong>Marco Ant\u00f3nio \u00e9 um artes\u00e3o de 21 anos, cuja fam\u00edlia se dedica a esta arte milenar<\/strong>, tendo fundado em 2017 a sua pr\u00f3pria marca &#8211; <a href=\"http:\/\/majufurniture.com\">Maju<\/a>.<\/p>\n<blockquote>\n<p style=\"text-align: left;\">O nosso principal objetivo na Expo Dubai\u00a0\u00e9 divulgar o produto portugu\u00eas, um produto com qualidade, feito \u00e0 m\u00e3o, que hoje em dia, num mundo cada vez mais industrializado, deve ser valorizado. Temos produtos numerados, feitos apenas uma vez. Quem nos visita gosta de saber que ainda h\u00e1 produtos feitos \u00e0 m\u00e3o\u201d, refere o artes\u00e3o.<\/p>\n<\/blockquote>\n<p>A tradi\u00e7\u00e3o da maquetaria conta com uma longa hist\u00f3ria em Portugal.\u00a0Em finais do s\u00e9culo XV,\u00a0o pa\u00eds iniciou a aventura das descobertas mar\u00edtimas, que viria a aproximar as mais distantes civiliza\u00e7\u00f5es do mundo. Embarcados nessa aventura, os artes\u00e3os portugueses criaram, com o passar do tempo, uma tradi\u00e7\u00e3o de mobili\u00e1rio combinando conhecimentos ancestrais europeus com t\u00e9cnicas e materiais trazidos dos quatro cantos do mundo.\u00a0Desta <strong>fus\u00e3o de saberes e materiais<\/strong> resultou a arte intemporal do mobili\u00e1rio portugu\u00eas, que contempla pe\u00e7as de extraordin\u00e1rio charme com uma mestria artesanal aberta ao mundo.<\/p>\n<p>Esta arte de fazer ornamentos esculpidos em madeira cria pe\u00e7as \u00fanicas e exclusivas que t\u00eam vindo a caracterizar a oferta portuguesa neste setor &#8211; uma express\u00e3o do passado nos dias do futuro.<\/p>\n<p>&nbsp;<\/p>\n<\/div>\n<p>[\/vc_column_text][\/vc_column][\/vc_row]<\/p>\n","protected":false},"excerpt":{"rendered":"<p>De 15 de novembro a 5 de dezembro, o Pavilh\u00e3o de Portugal destaca as artes ancestrais e o saber-fazer portugu\u00eas com demonstra\u00e7\u00f5es ao vivo de artes\u00e3os nacionais.<\/p>\n","protected":false},"author":2,"featured_media":6389,"comment_status":"closed","ping_status":"closed","sticky":false,"template":"","format":"standard","meta":{"_monsterinsights_skip_tracking":false,"_monsterinsights_sitenote_active":false,"_monsterinsights_sitenote_note":"","_monsterinsights_sitenote_category":0,"footnotes":""},"categories":[71],"tags":[],"class_list":["post-6362","post","type-post","status-publish","format-standard","has-post-thumbnail","hentry","category-news-pt-pt"],"yoast_head":"<!-- This site is optimized with the Yoast SEO plugin v27.5 - https:\/\/yoast.com\/product\/yoast-seo-wordpress\/ -->\n<title>Pintura em cer\u00e2mica e maquetaria: conhe\u00e7a os artes\u00e3os que levam as artes portuguesas ao Dubai - Portugal Expo 2020 Dubai %<\/title>\n<meta name=\"description\" content=\"De 15 de novembro a 5 de dezembro, o Pavilh\u00e3o de Portugal destaca as artes ancestrais e o saber-fazer portugu\u00eas com demonstra\u00e7\u00f5es ao vivo de artes\u00e3os nacionais.\" \/>\n<meta name=\"robots\" content=\"index, follow, max-snippet:-1, max-image-preview:large, max-video-preview:-1\" \/>\n<link rel=\"canonical\" href=\"https:\/\/portugalexpo2020dubai.pt\/index.php\/2021\/11\/21\/pintura-em-ceramica-e-maquetaria-conheca-os-artesaos-que-levam-as-artes-portuguesas-ao-dubai\/\" \/>\n<meta property=\"og:locale\" content=\"en_US\" \/>\n<meta property=\"og:type\" content=\"article\" \/>\n<meta property=\"og:title\" content=\"Pintura em cer\u00e2mica e maquetaria: conhe\u00e7a os artes\u00e3os que levam as artes portuguesas ao Dubai - Portugal Expo 2020 Dubai %\" \/>\n<meta property=\"og:description\" content=\"De 15 de novembro a 5 de dezembro, o Pavilh\u00e3o de Portugal destaca as artes ancestrais e o saber-fazer portugu\u00eas com demonstra\u00e7\u00f5es ao vivo de artes\u00e3os nacionais.\" \/>\n<meta property=\"og:url\" content=\"https:\/\/portugalexpo2020dubai.pt\/index.php\/2021\/11\/21\/pintura-em-ceramica-e-maquetaria-conheca-os-artesaos-que-levam-as-artes-portuguesas-ao-dubai\/?lang=pt-pt\" \/>\n<meta property=\"og:site_name\" content=\"Portugal Expo 2020 Dubai\" \/>\n<meta property=\"article:publisher\" content=\"https:\/\/www.facebook.com\/portugalexpo2020\" \/>\n<meta property=\"article:published_time\" content=\"2021-11-21T10:55:03+00:00\" \/>\n<meta property=\"article:modified_time\" content=\"2021-12-13T12:11:04+00:00\" \/>\n<meta property=\"og:image\" content=\"https:\/\/portugalexpo2020dubai.pt\/wp-content\/uploads\/2021\/11\/NIK9883-scaled.jpg\" \/>\n\t<meta property=\"og:image:width\" content=\"2560\" \/>\n\t<meta property=\"og:image:height\" content=\"1707\" \/>\n\t<meta property=\"og:image:type\" content=\"image\/jpeg\" \/>\n<meta name=\"author\" content=\"Catarina Beija\" \/>\n<meta name=\"twitter:card\" content=\"summary_large_image\" \/>\n<meta name=\"twitter:image\" content=\"https:\/\/portugalexpo2020dubai.pt\/wp-content\/uploads\/2021\/11\/NIK9883-scaled.jpg\" \/>\n<meta name=\"twitter:creator\" content=\"@PTexpo2020\" \/>\n<meta name=\"twitter:site\" content=\"@PTexpo2020\" \/>\n<meta name=\"twitter:label1\" content=\"Written by\" \/>\n\t<meta name=\"twitter:data1\" content=\"Catarina Beija\" \/>\n\t<meta name=\"twitter:label2\" content=\"Est. reading time\" \/>\n\t<meta name=\"twitter:data2\" content=\"3 minutes\" \/>\n<script type=\"application\/ld+json\" class=\"yoast-schema-graph\">{\"@context\":\"https:\\\/\\\/schema.org\",\"@graph\":[{\"@type\":\"Article\",\"@id\":\"https:\\\/\\\/portugalexpo2020dubai.pt\\\/index.php\\\/2021\\\/11\\\/21\\\/pintura-em-ceramica-e-maquetaria-conheca-os-artesaos-que-levam-as-artes-portuguesas-ao-dubai\\\/?lang=pt-pt#article\",\"isPartOf\":{\"@id\":\"https:\\\/\\\/portugalexpo2020dubai.pt\\\/index.php\\\/2021\\\/11\\\/21\\\/pintura-em-ceramica-e-maquetaria-conheca-os-artesaos-que-levam-as-artes-portuguesas-ao-dubai\\\/?lang=pt-pt\"},\"author\":{\"name\":\"Catarina Beija\",\"@id\":\"https:\\\/\\\/portugalexpo2020dubai.pt\\\/#\\\/schema\\\/person\\\/b3a886f492d6f9451dd81753e22488f9\"},\"headline\":\"Pintura em cer\u00e2mica e maquetaria: conhe\u00e7a os artes\u00e3os que levam as artes portuguesas ao Dubai\",\"datePublished\":\"2021-11-21T10:55:03+00:00\",\"dateModified\":\"2021-12-13T12:11:04+00:00\",\"mainEntityOfPage\":{\"@id\":\"https:\\\/\\\/portugalexpo2020dubai.pt\\\/index.php\\\/2021\\\/11\\\/21\\\/pintura-em-ceramica-e-maquetaria-conheca-os-artesaos-que-levam-as-artes-portuguesas-ao-dubai\\\/?lang=pt-pt\"},\"wordCount\":644,\"publisher\":{\"@id\":\"https:\\\/\\\/portugalexpo2020dubai.pt\\\/#organization\"},\"image\":{\"@id\":\"https:\\\/\\\/portugalexpo2020dubai.pt\\\/index.php\\\/2021\\\/11\\\/21\\\/pintura-em-ceramica-e-maquetaria-conheca-os-artesaos-que-levam-as-artes-portuguesas-ao-dubai\\\/?lang=pt-pt#primaryimage\"},\"thumbnailUrl\":\"https:\\\/\\\/portugalexpo2020dubai.pt\\\/wp-content\\\/uploads\\\/2021\\\/11\\\/NIK9883-scaled.jpg\",\"articleSection\":[\"Not\u00edcias\"],\"inLanguage\":\"en-US\"},{\"@type\":\"WebPage\",\"@id\":\"https:\\\/\\\/portugalexpo2020dubai.pt\\\/index.php\\\/2021\\\/11\\\/21\\\/pintura-em-ceramica-e-maquetaria-conheca-os-artesaos-que-levam-as-artes-portuguesas-ao-dubai\\\/?lang=pt-pt\",\"url\":\"https:\\\/\\\/portugalexpo2020dubai.pt\\\/index.php\\\/2021\\\/11\\\/21\\\/pintura-em-ceramica-e-maquetaria-conheca-os-artesaos-que-levam-as-artes-portuguesas-ao-dubai\\\/?lang=pt-pt\",\"name\":\"Pintura em cer\u00e2mica e maquetaria: conhe\u00e7a os artes\u00e3os que levam as artes portuguesas ao Dubai - Portugal Expo 2020 Dubai %\",\"isPartOf\":{\"@id\":\"https:\\\/\\\/portugalexpo2020dubai.pt\\\/#website\"},\"primaryImageOfPage\":{\"@id\":\"https:\\\/\\\/portugalexpo2020dubai.pt\\\/index.php\\\/2021\\\/11\\\/21\\\/pintura-em-ceramica-e-maquetaria-conheca-os-artesaos-que-levam-as-artes-portuguesas-ao-dubai\\\/?lang=pt-pt#primaryimage\"},\"image\":{\"@id\":\"https:\\\/\\\/portugalexpo2020dubai.pt\\\/index.php\\\/2021\\\/11\\\/21\\\/pintura-em-ceramica-e-maquetaria-conheca-os-artesaos-que-levam-as-artes-portuguesas-ao-dubai\\\/?lang=pt-pt#primaryimage\"},\"thumbnailUrl\":\"https:\\\/\\\/portugalexpo2020dubai.pt\\\/wp-content\\\/uploads\\\/2021\\\/11\\\/NIK9883-scaled.jpg\",\"datePublished\":\"2021-11-21T10:55:03+00:00\",\"dateModified\":\"2021-12-13T12:11:04+00:00\",\"description\":\"De 15 de novembro a 5 de dezembro, o Pavilh\u00e3o de Portugal destaca as artes ancestrais e o saber-fazer portugu\u00eas com demonstra\u00e7\u00f5es ao vivo de artes\u00e3os nacionais.\",\"breadcrumb\":{\"@id\":\"https:\\\/\\\/portugalexpo2020dubai.pt\\\/index.php\\\/2021\\\/11\\\/21\\\/pintura-em-ceramica-e-maquetaria-conheca-os-artesaos-que-levam-as-artes-portuguesas-ao-dubai\\\/?lang=pt-pt#breadcrumb\"},\"inLanguage\":\"en-US\",\"potentialAction\":[{\"@type\":\"ReadAction\",\"target\":[\"https:\\\/\\\/portugalexpo2020dubai.pt\\\/index.php\\\/2021\\\/11\\\/21\\\/pintura-em-ceramica-e-maquetaria-conheca-os-artesaos-que-levam-as-artes-portuguesas-ao-dubai\\\/?lang=pt-pt\"]}]},{\"@type\":\"ImageObject\",\"inLanguage\":\"en-US\",\"@id\":\"https:\\\/\\\/portugalexpo2020dubai.pt\\\/index.php\\\/2021\\\/11\\\/21\\\/pintura-em-ceramica-e-maquetaria-conheca-os-artesaos-que-levam-as-artes-portuguesas-ao-dubai\\\/?lang=pt-pt#primaryimage\",\"url\":\"https:\\\/\\\/portugalexpo2020dubai.pt\\\/wp-content\\\/uploads\\\/2021\\\/11\\\/NIK9883-scaled.jpg\",\"contentUrl\":\"https:\\\/\\\/portugalexpo2020dubai.pt\\\/wp-content\\\/uploads\\\/2021\\\/11\\\/NIK9883-scaled.jpg\",\"width\":2560,\"height\":1707,\"caption\":\"\u00a9Rodrigo Marques \\\/ AICEP\"},{\"@type\":\"BreadcrumbList\",\"@id\":\"https:\\\/\\\/portugalexpo2020dubai.pt\\\/index.php\\\/2021\\\/11\\\/21\\\/pintura-em-ceramica-e-maquetaria-conheca-os-artesaos-que-levam-as-artes-portuguesas-ao-dubai\\\/?lang=pt-pt#breadcrumb\",\"itemListElement\":[{\"@type\":\"ListItem\",\"position\":1,\"name\":\"Home\",\"item\":\"https:\\\/\\\/portugalexpo2020dubai.pt\\\/\"},{\"@type\":\"ListItem\",\"position\":2,\"name\":\"Pintura em cer\u00e2mica e maquetaria: conhe\u00e7a os artes\u00e3os que levam as artes portuguesas ao Dubai\"}]},{\"@type\":\"WebSite\",\"@id\":\"https:\\\/\\\/portugalexpo2020dubai.pt\\\/#website\",\"url\":\"https:\\\/\\\/portugalexpo2020dubai.pt\\\/\",\"name\":\"Portugal Expo 2020 Dubai\",\"description\":\"Portugal Expo 2020 Dubai\",\"publisher\":{\"@id\":\"https:\\\/\\\/portugalexpo2020dubai.pt\\\/#organization\"},\"potentialAction\":[{\"@type\":\"SearchAction\",\"target\":{\"@type\":\"EntryPoint\",\"urlTemplate\":\"https:\\\/\\\/portugalexpo2020dubai.pt\\\/?s={search_term_string}\"},\"query-input\":{\"@type\":\"PropertyValueSpecification\",\"valueRequired\":true,\"valueName\":\"search_term_string\"}}],\"inLanguage\":\"en-US\"},{\"@type\":\"Organization\",\"@id\":\"https:\\\/\\\/portugalexpo2020dubai.pt\\\/#organization\",\"name\":\"Portugal Expo 2020 Dubai\",\"url\":\"https:\\\/\\\/portugalexpo2020dubai.pt\\\/\",\"logo\":{\"@type\":\"ImageObject\",\"inLanguage\":\"en-US\",\"@id\":\"https:\\\/\\\/portugalexpo2020dubai.pt\\\/#\\\/schema\\\/logo\\\/image\\\/\",\"url\":\"https:\\\/\\\/portugalexpo2020dubai.pt\\\/wp-content\\\/uploads\\\/2021\\\/09\\\/logo_aicep.png\",\"contentUrl\":\"https:\\\/\\\/portugalexpo2020dubai.pt\\\/wp-content\\\/uploads\\\/2021\\\/09\\\/logo_aicep.png\",\"width\":830,\"height\":200,\"caption\":\"Portugal Expo 2020 Dubai\"},\"image\":{\"@id\":\"https:\\\/\\\/portugalexpo2020dubai.pt\\\/#\\\/schema\\\/logo\\\/image\\\/\"},\"sameAs\":[\"https:\\\/\\\/www.facebook.com\\\/portugalexpo2020\",\"https:\\\/\\\/x.com\\\/PTexpo2020\",\"https:\\\/\\\/www.instagram.com\\\/portugalexpo2020\\\/\"]},{\"@type\":\"Person\",\"@id\":\"https:\\\/\\\/portugalexpo2020dubai.pt\\\/#\\\/schema\\\/person\\\/b3a886f492d6f9451dd81753e22488f9\",\"name\":\"Catarina Beija\",\"image\":{\"@type\":\"ImageObject\",\"inLanguage\":\"en-US\",\"@id\":\"https:\\\/\\\/secure.gravatar.com\\\/avatar\\\/4c9f1d7d0df92294044bdecb88b912257abbbac65d788bc499eb2cceb120941a?s=96&d=mm&r=g\",\"url\":\"https:\\\/\\\/secure.gravatar.com\\\/avatar\\\/4c9f1d7d0df92294044bdecb88b912257abbbac65d788bc499eb2cceb120941a?s=96&d=mm&r=g\",\"contentUrl\":\"https:\\\/\\\/secure.gravatar.com\\\/avatar\\\/4c9f1d7d0df92294044bdecb88b912257abbbac65d788bc499eb2cceb120941a?s=96&d=mm&r=g\",\"caption\":\"Catarina Beija\"},\"url\":\"https:\\\/\\\/portugalexpo2020dubai.pt\\\/index.php\\\/author\\\/catarina-beijaportugalglobal-pt\\\/\"}]}<\/script>\n<!-- \/ Yoast SEO plugin. -->","yoast_head_json":{"title":"Pintura em cer\u00e2mica e maquetaria: conhe\u00e7a os artes\u00e3os que levam as artes portuguesas ao Dubai - Portugal Expo 2020 Dubai %","description":"De 15 de novembro a 5 de dezembro, o Pavilh\u00e3o de Portugal destaca as artes ancestrais e o saber-fazer portugu\u00eas com demonstra\u00e7\u00f5es ao vivo de artes\u00e3os nacionais.","robots":{"index":"index","follow":"follow","max-snippet":"max-snippet:-1","max-image-preview":"max-image-preview:large","max-video-preview":"max-video-preview:-1"},"canonical":"https:\/\/portugalexpo2020dubai.pt\/index.php\/2021\/11\/21\/pintura-em-ceramica-e-maquetaria-conheca-os-artesaos-que-levam-as-artes-portuguesas-ao-dubai\/","og_locale":"en_US","og_type":"article","og_title":"Pintura em cer\u00e2mica e maquetaria: conhe\u00e7a os artes\u00e3os que levam as artes portuguesas ao Dubai - Portugal Expo 2020 Dubai %","og_description":"De 15 de novembro a 5 de dezembro, o Pavilh\u00e3o de Portugal destaca as artes ancestrais e o saber-fazer portugu\u00eas com demonstra\u00e7\u00f5es ao vivo de artes\u00e3os nacionais.","og_url":"https:\/\/portugalexpo2020dubai.pt\/index.php\/2021\/11\/21\/pintura-em-ceramica-e-maquetaria-conheca-os-artesaos-que-levam-as-artes-portuguesas-ao-dubai\/?lang=pt-pt","og_site_name":"Portugal Expo 2020 Dubai","article_publisher":"https:\/\/www.facebook.com\/portugalexpo2020","article_published_time":"2021-11-21T10:55:03+00:00","article_modified_time":"2021-12-13T12:11:04+00:00","og_image":[{"width":2560,"height":1707,"url":"https:\/\/portugalexpo2020dubai.pt\/wp-content\/uploads\/2021\/11\/NIK9883-scaled.jpg","type":"image\/jpeg"}],"author":"Catarina Beija","twitter_card":"summary_large_image","twitter_image":"https:\/\/portugalexpo2020dubai.pt\/wp-content\/uploads\/2021\/11\/NIK9883-scaled.jpg","twitter_creator":"@PTexpo2020","twitter_site":"@PTexpo2020","twitter_misc":{"Written by":"Catarina Beija","Est. reading time":"3 minutes"},"schema":{"@context":"https:\/\/schema.org","@graph":[{"@type":"Article","@id":"https:\/\/portugalexpo2020dubai.pt\/index.php\/2021\/11\/21\/pintura-em-ceramica-e-maquetaria-conheca-os-artesaos-que-levam-as-artes-portuguesas-ao-dubai\/?lang=pt-pt#article","isPartOf":{"@id":"https:\/\/portugalexpo2020dubai.pt\/index.php\/2021\/11\/21\/pintura-em-ceramica-e-maquetaria-conheca-os-artesaos-que-levam-as-artes-portuguesas-ao-dubai\/?lang=pt-pt"},"author":{"name":"Catarina Beija","@id":"https:\/\/portugalexpo2020dubai.pt\/#\/schema\/person\/b3a886f492d6f9451dd81753e22488f9"},"headline":"Pintura em cer\u00e2mica e maquetaria: conhe\u00e7a os artes\u00e3os que levam as artes portuguesas ao Dubai","datePublished":"2021-11-21T10:55:03+00:00","dateModified":"2021-12-13T12:11:04+00:00","mainEntityOfPage":{"@id":"https:\/\/portugalexpo2020dubai.pt\/index.php\/2021\/11\/21\/pintura-em-ceramica-e-maquetaria-conheca-os-artesaos-que-levam-as-artes-portuguesas-ao-dubai\/?lang=pt-pt"},"wordCount":644,"publisher":{"@id":"https:\/\/portugalexpo2020dubai.pt\/#organization"},"image":{"@id":"https:\/\/portugalexpo2020dubai.pt\/index.php\/2021\/11\/21\/pintura-em-ceramica-e-maquetaria-conheca-os-artesaos-que-levam-as-artes-portuguesas-ao-dubai\/?lang=pt-pt#primaryimage"},"thumbnailUrl":"https:\/\/portugalexpo2020dubai.pt\/wp-content\/uploads\/2021\/11\/NIK9883-scaled.jpg","articleSection":["Not\u00edcias"],"inLanguage":"en-US"},{"@type":"WebPage","@id":"https:\/\/portugalexpo2020dubai.pt\/index.php\/2021\/11\/21\/pintura-em-ceramica-e-maquetaria-conheca-os-artesaos-que-levam-as-artes-portuguesas-ao-dubai\/?lang=pt-pt","url":"https:\/\/portugalexpo2020dubai.pt\/index.php\/2021\/11\/21\/pintura-em-ceramica-e-maquetaria-conheca-os-artesaos-que-levam-as-artes-portuguesas-ao-dubai\/?lang=pt-pt","name":"Pintura em cer\u00e2mica e maquetaria: conhe\u00e7a os artes\u00e3os que levam as artes portuguesas ao Dubai - Portugal Expo 2020 Dubai %","isPartOf":{"@id":"https:\/\/portugalexpo2020dubai.pt\/#website"},"primaryImageOfPage":{"@id":"https:\/\/portugalexpo2020dubai.pt\/index.php\/2021\/11\/21\/pintura-em-ceramica-e-maquetaria-conheca-os-artesaos-que-levam-as-artes-portuguesas-ao-dubai\/?lang=pt-pt#primaryimage"},"image":{"@id":"https:\/\/portugalexpo2020dubai.pt\/index.php\/2021\/11\/21\/pintura-em-ceramica-e-maquetaria-conheca-os-artesaos-que-levam-as-artes-portuguesas-ao-dubai\/?lang=pt-pt#primaryimage"},"thumbnailUrl":"https:\/\/portugalexpo2020dubai.pt\/wp-content\/uploads\/2021\/11\/NIK9883-scaled.jpg","datePublished":"2021-11-21T10:55:03+00:00","dateModified":"2021-12-13T12:11:04+00:00","description":"De 15 de novembro a 5 de dezembro, o Pavilh\u00e3o de Portugal destaca as artes ancestrais e o saber-fazer portugu\u00eas com demonstra\u00e7\u00f5es ao vivo de artes\u00e3os nacionais.","breadcrumb":{"@id":"https:\/\/portugalexpo2020dubai.pt\/index.php\/2021\/11\/21\/pintura-em-ceramica-e-maquetaria-conheca-os-artesaos-que-levam-as-artes-portuguesas-ao-dubai\/?lang=pt-pt#breadcrumb"},"inLanguage":"en-US","potentialAction":[{"@type":"ReadAction","target":["https:\/\/portugalexpo2020dubai.pt\/index.php\/2021\/11\/21\/pintura-em-ceramica-e-maquetaria-conheca-os-artesaos-que-levam-as-artes-portuguesas-ao-dubai\/?lang=pt-pt"]}]},{"@type":"ImageObject","inLanguage":"en-US","@id":"https:\/\/portugalexpo2020dubai.pt\/index.php\/2021\/11\/21\/pintura-em-ceramica-e-maquetaria-conheca-os-artesaos-que-levam-as-artes-portuguesas-ao-dubai\/?lang=pt-pt#primaryimage","url":"https:\/\/portugalexpo2020dubai.pt\/wp-content\/uploads\/2021\/11\/NIK9883-scaled.jpg","contentUrl":"https:\/\/portugalexpo2020dubai.pt\/wp-content\/uploads\/2021\/11\/NIK9883-scaled.jpg","width":2560,"height":1707,"caption":"\u00a9Rodrigo Marques \/ AICEP"},{"@type":"BreadcrumbList","@id":"https:\/\/portugalexpo2020dubai.pt\/index.php\/2021\/11\/21\/pintura-em-ceramica-e-maquetaria-conheca-os-artesaos-que-levam-as-artes-portuguesas-ao-dubai\/?lang=pt-pt#breadcrumb","itemListElement":[{"@type":"ListItem","position":1,"name":"Home","item":"https:\/\/portugalexpo2020dubai.pt\/"},{"@type":"ListItem","position":2,"name":"Pintura em cer\u00e2mica e maquetaria: conhe\u00e7a os artes\u00e3os que levam as artes portuguesas ao Dubai"}]},{"@type":"WebSite","@id":"https:\/\/portugalexpo2020dubai.pt\/#website","url":"https:\/\/portugalexpo2020dubai.pt\/","name":"Portugal Expo 2020 Dubai","description":"Portugal Expo 2020 Dubai","publisher":{"@id":"https:\/\/portugalexpo2020dubai.pt\/#organization"},"potentialAction":[{"@type":"SearchAction","target":{"@type":"EntryPoint","urlTemplate":"https:\/\/portugalexpo2020dubai.pt\/?s={search_term_string}"},"query-input":{"@type":"PropertyValueSpecification","valueRequired":true,"valueName":"search_term_string"}}],"inLanguage":"en-US"},{"@type":"Organization","@id":"https:\/\/portugalexpo2020dubai.pt\/#organization","name":"Portugal Expo 2020 Dubai","url":"https:\/\/portugalexpo2020dubai.pt\/","logo":{"@type":"ImageObject","inLanguage":"en-US","@id":"https:\/\/portugalexpo2020dubai.pt\/#\/schema\/logo\/image\/","url":"https:\/\/portugalexpo2020dubai.pt\/wp-content\/uploads\/2021\/09\/logo_aicep.png","contentUrl":"https:\/\/portugalexpo2020dubai.pt\/wp-content\/uploads\/2021\/09\/logo_aicep.png","width":830,"height":200,"caption":"Portugal Expo 2020 Dubai"},"image":{"@id":"https:\/\/portugalexpo2020dubai.pt\/#\/schema\/logo\/image\/"},"sameAs":["https:\/\/www.facebook.com\/portugalexpo2020","https:\/\/x.com\/PTexpo2020","https:\/\/www.instagram.com\/portugalexpo2020\/"]},{"@type":"Person","@id":"https:\/\/portugalexpo2020dubai.pt\/#\/schema\/person\/b3a886f492d6f9451dd81753e22488f9","name":"Catarina Beija","image":{"@type":"ImageObject","inLanguage":"en-US","@id":"https:\/\/secure.gravatar.com\/avatar\/4c9f1d7d0df92294044bdecb88b912257abbbac65d788bc499eb2cceb120941a?s=96&d=mm&r=g","url":"https:\/\/secure.gravatar.com\/avatar\/4c9f1d7d0df92294044bdecb88b912257abbbac65d788bc499eb2cceb120941a?s=96&d=mm&r=g","contentUrl":"https:\/\/secure.gravatar.com\/avatar\/4c9f1d7d0df92294044bdecb88b912257abbbac65d788bc499eb2cceb120941a?s=96&d=mm&r=g","caption":"Catarina Beija"},"url":"https:\/\/portugalexpo2020dubai.pt\/index.php\/author\/catarina-beijaportugalglobal-pt\/"}]}},"cc_featured_image_caption":{"caption_text":"","source_text":"","source_url":""},"_links":{"self":[{"href":"https:\/\/portugalexpo2020dubai.pt\/index.php\/wp-json\/wp\/v2\/posts\/6362","targetHints":{"allow":["GET"]}}],"collection":[{"href":"https:\/\/portugalexpo2020dubai.pt\/index.php\/wp-json\/wp\/v2\/posts"}],"about":[{"href":"https:\/\/portugalexpo2020dubai.pt\/index.php\/wp-json\/wp\/v2\/types\/post"}],"author":[{"embeddable":true,"href":"https:\/\/portugalexpo2020dubai.pt\/index.php\/wp-json\/wp\/v2\/users\/2"}],"replies":[{"embeddable":true,"href":"https:\/\/portugalexpo2020dubai.pt\/index.php\/wp-json\/wp\/v2\/comments?post=6362"}],"version-history":[{"count":4,"href":"https:\/\/portugalexpo2020dubai.pt\/index.php\/wp-json\/wp\/v2\/posts\/6362\/revisions"}],"predecessor-version":[{"id":6466,"href":"https:\/\/portugalexpo2020dubai.pt\/index.php\/wp-json\/wp\/v2\/posts\/6362\/revisions\/6466"}],"wp:featuredmedia":[{"embeddable":true,"href":"https:\/\/portugalexpo2020dubai.pt\/index.php\/wp-json\/wp\/v2\/media\/6389"}],"wp:attachment":[{"href":"https:\/\/portugalexpo2020dubai.pt\/index.php\/wp-json\/wp\/v2\/media?parent=6362"}],"wp:term":[{"taxonomy":"category","embeddable":true,"href":"https:\/\/portugalexpo2020dubai.pt\/index.php\/wp-json\/wp\/v2\/categories?post=6362"},{"taxonomy":"post_tag","embeddable":true,"href":"https:\/\/portugalexpo2020dubai.pt\/index.php\/wp-json\/wp\/v2\/tags?post=6362"}],"curies":[{"name":"wp","href":"https:\/\/api.w.org\/{rel}","templated":true}]}}