{"id":6262,"date":"2021-11-20T12:06:05","date_gmt":"2021-11-20T12:06:05","guid":{"rendered":"https:\/\/portugalexpo2020dubai.pt\/?p=6262"},"modified":"2021-11-23T15:48:20","modified_gmt":"2021-11-23T15:48:20","slug":"portugal-apresenta-ao-mundo-inovacao-e-tradicao-da-fileira-casa-nacional-na-expo-2020-dubai","status":"publish","type":"post","link":"https:\/\/portugalexpo2020dubai.pt\/index.php\/2021\/11\/20\/portugal-apresenta-ao-mundo-inovacao-e-tradicao-da-fileira-casa-nacional-na-expo-2020-dubai\/?lang=pt-pt","title":{"rendered":"Portugal apresenta ao Mundo inova\u00e7\u00e3o e tradi\u00e7\u00e3o da Fileira Casa nacional na Expo"},"content":{"rendered":"<p>&nbsp;<\/p>\n<div><b><span lang=\"PT\">Arrancou ontem oficialmente o m\u00eas tem\u00e1tico da \u201cCasa &amp; Design\u201d na Expo 2020 Dubai. A cerim\u00f3nia de lan\u00e7amento decorreu na sexta, dia 19 de novembro, \u00e0s 17h00, no Pavilh\u00e3o de Portugal. <\/span><\/b><\/div>\n<p><strong>\u00a0<\/strong><\/p>\n<p>A cerim\u00f3nia foi marcada pela presen\u00e7a do Embaixador de Portugal nos EAU, <strong>Joaquim Moreira de Lemos<\/strong>, da Vice-Comiss\u00e1ria-Geral de Portugal para a Expo 2020 Dubai, <strong>Francisca Guedes de Oliveira<\/strong>, e do Presidente da AIMMP, <strong>V\u00edtor Po\u00e7as<\/strong>, e deu in\u00edcio ao programa dedicado \u00e0 Fileira Casa portuguesa, que vai estar em destaque na Expo at\u00e9 dia 5 de dezembro.<\/p>\n<p>&nbsp;<\/p>\n<h6>Veja os momentos que marcaram o lan\u00e7amento da Fileira Casa no Pavilh\u00e3o de Portugal:<br \/>\n[vc_row][vc_column][vc_empty_space height=&#8221;40px&#8221;][vc_images_carousel images=&#8221;6330,6332,6334,6302,6324,6320,6322,6310,6326,6318,6308,6298&#8243; img_size=&#8221;full&#8221; onclick=&#8221;link_no&#8221; speed=&#8221;3000&#8243; autoplay=&#8221;no&#8221; wrap=&#8221;no&#8221;][\/vc_column][\/vc_row]<\/h6>\n<p>&nbsp;<\/p>\n<p>&nbsp;<\/p>\n<blockquote>\n<p style=\"text-align: left;\">\u201c\u00c9 importante mostrar nesta zona do mundo o que fazemos, como sabemos fazer e como nos distinguimos. Fazer, saber fazer bem e com qualidade s\u00e3o caracter\u00edsticas do produto nacional que o setor da madeira e mobili\u00e1rio bem representam\u201d, afirmou o <strong>Embaixador Joaquim Moreira de Lemos<\/strong>.<\/p>\n<\/blockquote>\n<blockquote>\n<p style=\"text-align: left;\">\u201cOs eventos mundiais, como \u00e9 o caso da Expo 2020 Dubai, s\u00e3o uma excelente oportunidade de divulga\u00e7\u00e3o dos produtos portugueses que se apresentam com tradi\u00e7\u00e3o e autenticidade. A Fileira Casa \u00e9 um bom exemplo de sofistica\u00e7\u00e3o e exclusividade da oferta nacional\u201d, referiu a <strong>Vice-Comiss\u00e1ria de Portugal para a Expo,<\/strong> <strong>Francisca Guedes de Oliveira<\/strong>.<\/p>\n<\/blockquote>\n<blockquote>\n<p style=\"text-align: left;\">\u201cMobili\u00e1rio para a sua casa Made in Portugal by Associative Design revela a inova\u00e7\u00e3o, tecnologia, design e sustentabilidade de Portugal\u201d, destacou o<strong> Presidente da AIMMP, Vitor Po\u00e7as<\/strong>.<\/p>\n<\/blockquote>\n<p>&nbsp;<\/p>\n<p>Ao longo das tr\u00eas semanas, o Pavilh\u00e3o de Portugal recebe empresas e Associa\u00e7\u00f5es da Fileira Casa, que participam na exposi\u00e7\u00e3o mundial atrav\u00e9s de confer\u00eancias e mostras de mobili\u00e1rio, pe\u00e7as de design e objetos decorativos de origem nacional.<\/p>\n<p>&nbsp;<\/p>\n<p>A primeira decorreu j\u00e1 esta quinta-feira, no anfiteatro do pavilh\u00e3o, e abordou o tema \u201cA import\u00e2ncia das t\u00e9cnicas tradicionais\u201d, contando com a participa\u00e7\u00e3o de dois designers portugueses \u2013 <strong>Alda Tom\u00e1s<\/strong>, designer da Vista Alegre, e <strong>Artur Soares<\/strong>, designer de interiores e fundador da Designer&#8217;s Mint Studio.<\/p>\n<p>&nbsp;<\/p>\n<p>O programa apresenta ainda um espa\u00e7o dedicado \u00e0 tradi\u00e7\u00e3o artesanal, onde se encontram artes\u00e3os portugueses a trabalhar v\u00e1rias pe\u00e7as ao vivo. A pintura manual em cer\u00e2mica e a maquetaria s\u00e3o as artes em destaque nesta primeira semana.<\/p>\n<p>&nbsp;<\/p>\n<p>A presen\u00e7a da Fileira Casa na Expo \u00e9 coordenada pela <a href=\"https:\/\/www.portugalglobal.pt\/EN\/Pages\/Index.aspx\">AICEP<\/a> em parceria com a <a href=\"https:\/\/aimmp.pt\/\">Associa\u00e7\u00e3o das Ind\u00fastrias de Madeira e Mobili\u00e1rio de Portugal<\/a> (AIMMP). Tamb\u00e9m cabe \u00e0 AICEP dinamizar as parcerias com as restantes associa\u00e7\u00f5es da Fileira \u2013 <a href=\"https:\/\/www.apima.pt\/\">Associa\u00e7\u00e3o Portuguesa das Ind\u00fastrias de Mobili\u00e1rio e Afins<\/a> (APIMA), <a href=\"http:\/\/aipi.pt\/aipi\/\">Associa\u00e7\u00e3o dos Industriais Portugueses de Ilumina\u00e7\u00e3o<\/a> (AIPI), <a href=\"http:\/\/textiles-selection.com\/ts2019\/\">Home from Portugal<\/a> e <a href=\"https:\/\/www.assimagra.pt\/\">ASSIMAGRA<\/a> (Associa\u00e7\u00e3o Portuguesa dos Industriais de M\u00e1rmores, Granitos e ramos afins).<\/p>\n<p>&nbsp;<\/p>\n<p>Para conhecer o programa completo, visite <a href=\"https:\/\/portugalexpo2020dubai.pt\/index.php\/eventos\/?lang=pt-pt\">a nossa p\u00e1gina<\/a>.<\/p>\n<p>&nbsp;<\/p>\n<p>&nbsp;<\/p>\n","protected":false},"excerpt":{"rendered":"<p>Arrancou ontem oficialmente o m\u00eas tem\u00e1tico da \u201cCasa &#038; Design\u201d na Expo 2020 Dubai. A cerim\u00f3nia de lan\u00e7amento decorreu na sexta, dia 19 de novembro, \u00e0s 17h00, no Pavilh\u00e3o de Portugal.<\/p>\n","protected":false},"author":2,"featured_media":6304,"comment_status":"closed","ping_status":"closed","sticky":false,"template":"","format":"standard","meta":{"_monsterinsights_skip_tracking":false,"_monsterinsights_sitenote_active":false,"_monsterinsights_sitenote_note":"","_monsterinsights_sitenote_category":0,"footnotes":""},"categories":[71],"tags":[],"class_list":["post-6262","post","type-post","status-publish","format-standard","has-post-thumbnail","hentry","category-news-pt-pt"],"yoast_head":"<!-- This site is optimized with the Yoast SEO plugin v27.5 - https:\/\/yoast.com\/product\/yoast-seo-wordpress\/ -->\n<title>Portugal apresenta ao Mundo inova\u00e7\u00e3o e tradi\u00e7\u00e3o da Fileira Casa nacional na Expo - Portugal Expo 2020 Dubai<\/title>\n<meta name=\"description\" content=\"Arrancou ontem oficialmente o m\u00eas tem\u00e1tico da \u201cCasa &amp; Design\u201d na Expo 2020 Dubai. A cerim\u00f3nia de lan\u00e7amento decorreu na sexta, dia 19 de novembro, \u00e0s 17h00, no Pavilh\u00e3o de Portugal.\" \/>\n<meta name=\"robots\" content=\"index, follow, max-snippet:-1, max-image-preview:large, max-video-preview:-1\" \/>\n<link rel=\"canonical\" href=\"https:\/\/portugalexpo2020dubai.pt\/index.php\/2021\/11\/20\/portugal-apresenta-ao-mundo-inovacao-e-tradicao-da-fileira-casa-nacional-na-expo-2020-dubai\/\" \/>\n<meta property=\"og:locale\" content=\"en_US\" \/>\n<meta property=\"og:type\" content=\"article\" \/>\n<meta property=\"og:title\" content=\"Portugal apresenta ao Mundo inova\u00e7\u00e3o e tradi\u00e7\u00e3o da Fileira Casa nacional na Expo - Portugal Expo 2020 Dubai\" \/>\n<meta property=\"og:description\" content=\"Arrancou ontem oficialmente o m\u00eas tem\u00e1tico da \u201cCasa &amp; Design\u201d na Expo 2020 Dubai. A cerim\u00f3nia de lan\u00e7amento decorreu na sexta, dia 19 de novembro, \u00e0s 17h00, no Pavilh\u00e3o de Portugal.\" \/>\n<meta property=\"og:url\" content=\"https:\/\/portugalexpo2020dubai.pt\/index.php\/2021\/11\/20\/portugal-apresenta-ao-mundo-inovacao-e-tradicao-da-fileira-casa-nacional-na-expo-2020-dubai\/?lang=pt-pt\" \/>\n<meta property=\"og:site_name\" content=\"Portugal Expo 2020 Dubai\" \/>\n<meta property=\"article:publisher\" content=\"https:\/\/www.facebook.com\/portugalexpo2020\" \/>\n<meta property=\"article:published_time\" content=\"2021-11-20T12:06:05+00:00\" \/>\n<meta property=\"article:modified_time\" content=\"2021-11-23T15:48:20+00:00\" \/>\n<meta property=\"og:image\" content=\"https:\/\/portugalexpo2020dubai.pt\/wp-content\/uploads\/2021\/11\/830b33ec-e477-45a3-9045-364ee6dd3550.jpg\" \/>\n\t<meta property=\"og:image:width\" content=\"1920\" \/>\n\t<meta property=\"og:image:height\" content=\"1280\" \/>\n\t<meta property=\"og:image:type\" content=\"image\/jpeg\" \/>\n<meta name=\"author\" content=\"Catarina Beija\" \/>\n<meta name=\"twitter:card\" content=\"summary_large_image\" \/>\n<meta name=\"twitter:creator\" content=\"@PTexpo2020\" \/>\n<meta name=\"twitter:site\" content=\"@PTexpo2020\" \/>\n<meta name=\"twitter:label1\" content=\"Written by\" \/>\n\t<meta name=\"twitter:data1\" content=\"Catarina Beija\" \/>\n\t<meta name=\"twitter:label2\" content=\"Est. reading time\" \/>\n\t<meta name=\"twitter:data2\" content=\"2 minutes\" \/>\n<script type=\"application\/ld+json\" class=\"yoast-schema-graph\">{\"@context\":\"https:\\\/\\\/schema.org\",\"@graph\":[{\"@type\":\"Article\",\"@id\":\"https:\\\/\\\/portugalexpo2020dubai.pt\\\/index.php\\\/2021\\\/11\\\/20\\\/portugal-apresenta-ao-mundo-inovacao-e-tradicao-da-fileira-casa-nacional-na-expo-2020-dubai\\\/?lang=pt-pt#article\",\"isPartOf\":{\"@id\":\"https:\\\/\\\/portugalexpo2020dubai.pt\\\/index.php\\\/2021\\\/11\\\/20\\\/portugal-apresenta-ao-mundo-inovacao-e-tradicao-da-fileira-casa-nacional-na-expo-2020-dubai\\\/?lang=pt-pt\"},\"author\":{\"name\":\"Catarina Beija\",\"@id\":\"https:\\\/\\\/portugalexpo2020dubai.pt\\\/#\\\/schema\\\/person\\\/b3a886f492d6f9451dd81753e22488f9\"},\"headline\":\"Portugal apresenta ao Mundo inova\u00e7\u00e3o e tradi\u00e7\u00e3o da Fileira Casa nacional na Expo\",\"datePublished\":\"2021-11-20T12:06:05+00:00\",\"dateModified\":\"2021-11-23T15:48:20+00:00\",\"mainEntityOfPage\":{\"@id\":\"https:\\\/\\\/portugalexpo2020dubai.pt\\\/index.php\\\/2021\\\/11\\\/20\\\/portugal-apresenta-ao-mundo-inovacao-e-tradicao-da-fileira-casa-nacional-na-expo-2020-dubai\\\/?lang=pt-pt\"},\"wordCount\":526,\"publisher\":{\"@id\":\"https:\\\/\\\/portugalexpo2020dubai.pt\\\/#organization\"},\"image\":{\"@id\":\"https:\\\/\\\/portugalexpo2020dubai.pt\\\/index.php\\\/2021\\\/11\\\/20\\\/portugal-apresenta-ao-mundo-inovacao-e-tradicao-da-fileira-casa-nacional-na-expo-2020-dubai\\\/?lang=pt-pt#primaryimage\"},\"thumbnailUrl\":\"https:\\\/\\\/portugalexpo2020dubai.pt\\\/wp-content\\\/uploads\\\/2021\\\/11\\\/830b33ec-e477-45a3-9045-364ee6dd3550.jpg\",\"articleSection\":[\"Not\u00edcias\"],\"inLanguage\":\"en-US\"},{\"@type\":\"WebPage\",\"@id\":\"https:\\\/\\\/portugalexpo2020dubai.pt\\\/index.php\\\/2021\\\/11\\\/20\\\/portugal-apresenta-ao-mundo-inovacao-e-tradicao-da-fileira-casa-nacional-na-expo-2020-dubai\\\/?lang=pt-pt\",\"url\":\"https:\\\/\\\/portugalexpo2020dubai.pt\\\/index.php\\\/2021\\\/11\\\/20\\\/portugal-apresenta-ao-mundo-inovacao-e-tradicao-da-fileira-casa-nacional-na-expo-2020-dubai\\\/?lang=pt-pt\",\"name\":\"Portugal apresenta ao Mundo inova\u00e7\u00e3o e tradi\u00e7\u00e3o da Fileira Casa nacional na Expo - Portugal Expo 2020 Dubai\",\"isPartOf\":{\"@id\":\"https:\\\/\\\/portugalexpo2020dubai.pt\\\/#website\"},\"primaryImageOfPage\":{\"@id\":\"https:\\\/\\\/portugalexpo2020dubai.pt\\\/index.php\\\/2021\\\/11\\\/20\\\/portugal-apresenta-ao-mundo-inovacao-e-tradicao-da-fileira-casa-nacional-na-expo-2020-dubai\\\/?lang=pt-pt#primaryimage\"},\"image\":{\"@id\":\"https:\\\/\\\/portugalexpo2020dubai.pt\\\/index.php\\\/2021\\\/11\\\/20\\\/portugal-apresenta-ao-mundo-inovacao-e-tradicao-da-fileira-casa-nacional-na-expo-2020-dubai\\\/?lang=pt-pt#primaryimage\"},\"thumbnailUrl\":\"https:\\\/\\\/portugalexpo2020dubai.pt\\\/wp-content\\\/uploads\\\/2021\\\/11\\\/830b33ec-e477-45a3-9045-364ee6dd3550.jpg\",\"datePublished\":\"2021-11-20T12:06:05+00:00\",\"dateModified\":\"2021-11-23T15:48:20+00:00\",\"description\":\"Arrancou ontem oficialmente o m\u00eas tem\u00e1tico da \u201cCasa & Design\u201d na Expo 2020 Dubai. A cerim\u00f3nia de lan\u00e7amento decorreu na sexta, dia 19 de novembro, \u00e0s 17h00, no Pavilh\u00e3o de Portugal.\",\"breadcrumb\":{\"@id\":\"https:\\\/\\\/portugalexpo2020dubai.pt\\\/index.php\\\/2021\\\/11\\\/20\\\/portugal-apresenta-ao-mundo-inovacao-e-tradicao-da-fileira-casa-nacional-na-expo-2020-dubai\\\/?lang=pt-pt#breadcrumb\"},\"inLanguage\":\"en-US\",\"potentialAction\":[{\"@type\":\"ReadAction\",\"target\":[\"https:\\\/\\\/portugalexpo2020dubai.pt\\\/index.php\\\/2021\\\/11\\\/20\\\/portugal-apresenta-ao-mundo-inovacao-e-tradicao-da-fileira-casa-nacional-na-expo-2020-dubai\\\/?lang=pt-pt\"]}]},{\"@type\":\"ImageObject\",\"inLanguage\":\"en-US\",\"@id\":\"https:\\\/\\\/portugalexpo2020dubai.pt\\\/index.php\\\/2021\\\/11\\\/20\\\/portugal-apresenta-ao-mundo-inovacao-e-tradicao-da-fileira-casa-nacional-na-expo-2020-dubai\\\/?lang=pt-pt#primaryimage\",\"url\":\"https:\\\/\\\/portugalexpo2020dubai.pt\\\/wp-content\\\/uploads\\\/2021\\\/11\\\/830b33ec-e477-45a3-9045-364ee6dd3550.jpg\",\"contentUrl\":\"https:\\\/\\\/portugalexpo2020dubai.pt\\\/wp-content\\\/uploads\\\/2021\\\/11\\\/830b33ec-e477-45a3-9045-364ee6dd3550.jpg\",\"width\":1920,\"height\":1280,\"caption\":\"\u00a9Rodrigo Marques \\\/ AICEP\"},{\"@type\":\"BreadcrumbList\",\"@id\":\"https:\\\/\\\/portugalexpo2020dubai.pt\\\/index.php\\\/2021\\\/11\\\/20\\\/portugal-apresenta-ao-mundo-inovacao-e-tradicao-da-fileira-casa-nacional-na-expo-2020-dubai\\\/?lang=pt-pt#breadcrumb\",\"itemListElement\":[{\"@type\":\"ListItem\",\"position\":1,\"name\":\"Home\",\"item\":\"https:\\\/\\\/portugalexpo2020dubai.pt\\\/\"},{\"@type\":\"ListItem\",\"position\":2,\"name\":\"Portugal apresenta ao Mundo inova\u00e7\u00e3o e tradi\u00e7\u00e3o da Fileira Casa nacional na Expo\"}]},{\"@type\":\"WebSite\",\"@id\":\"https:\\\/\\\/portugalexpo2020dubai.pt\\\/#website\",\"url\":\"https:\\\/\\\/portugalexpo2020dubai.pt\\\/\",\"name\":\"Portugal Expo 2020 Dubai\",\"description\":\"Portugal Expo 2020 Dubai\",\"publisher\":{\"@id\":\"https:\\\/\\\/portugalexpo2020dubai.pt\\\/#organization\"},\"potentialAction\":[{\"@type\":\"SearchAction\",\"target\":{\"@type\":\"EntryPoint\",\"urlTemplate\":\"https:\\\/\\\/portugalexpo2020dubai.pt\\\/?s={search_term_string}\"},\"query-input\":{\"@type\":\"PropertyValueSpecification\",\"valueRequired\":true,\"valueName\":\"search_term_string\"}}],\"inLanguage\":\"en-US\"},{\"@type\":\"Organization\",\"@id\":\"https:\\\/\\\/portugalexpo2020dubai.pt\\\/#organization\",\"name\":\"Portugal Expo 2020 Dubai\",\"url\":\"https:\\\/\\\/portugalexpo2020dubai.pt\\\/\",\"logo\":{\"@type\":\"ImageObject\",\"inLanguage\":\"en-US\",\"@id\":\"https:\\\/\\\/portugalexpo2020dubai.pt\\\/#\\\/schema\\\/logo\\\/image\\\/\",\"url\":\"https:\\\/\\\/portugalexpo2020dubai.pt\\\/wp-content\\\/uploads\\\/2021\\\/09\\\/logo_aicep.png\",\"contentUrl\":\"https:\\\/\\\/portugalexpo2020dubai.pt\\\/wp-content\\\/uploads\\\/2021\\\/09\\\/logo_aicep.png\",\"width\":830,\"height\":200,\"caption\":\"Portugal Expo 2020 Dubai\"},\"image\":{\"@id\":\"https:\\\/\\\/portugalexpo2020dubai.pt\\\/#\\\/schema\\\/logo\\\/image\\\/\"},\"sameAs\":[\"https:\\\/\\\/www.facebook.com\\\/portugalexpo2020\",\"https:\\\/\\\/x.com\\\/PTexpo2020\",\"https:\\\/\\\/www.instagram.com\\\/portugalexpo2020\\\/\"]},{\"@type\":\"Person\",\"@id\":\"https:\\\/\\\/portugalexpo2020dubai.pt\\\/#\\\/schema\\\/person\\\/b3a886f492d6f9451dd81753e22488f9\",\"name\":\"Catarina Beija\",\"image\":{\"@type\":\"ImageObject\",\"inLanguage\":\"en-US\",\"@id\":\"https:\\\/\\\/secure.gravatar.com\\\/avatar\\\/4c9f1d7d0df92294044bdecb88b912257abbbac65d788bc499eb2cceb120941a?s=96&d=mm&r=g\",\"url\":\"https:\\\/\\\/secure.gravatar.com\\\/avatar\\\/4c9f1d7d0df92294044bdecb88b912257abbbac65d788bc499eb2cceb120941a?s=96&d=mm&r=g\",\"contentUrl\":\"https:\\\/\\\/secure.gravatar.com\\\/avatar\\\/4c9f1d7d0df92294044bdecb88b912257abbbac65d788bc499eb2cceb120941a?s=96&d=mm&r=g\",\"caption\":\"Catarina Beija\"},\"url\":\"https:\\\/\\\/portugalexpo2020dubai.pt\\\/index.php\\\/author\\\/catarina-beijaportugalglobal-pt\\\/\"}]}<\/script>\n<!-- \/ Yoast SEO plugin. -->","yoast_head_json":{"title":"Portugal apresenta ao Mundo inova\u00e7\u00e3o e tradi\u00e7\u00e3o da Fileira Casa nacional na Expo - Portugal Expo 2020 Dubai","description":"Arrancou ontem oficialmente o m\u00eas tem\u00e1tico da \u201cCasa & Design\u201d na Expo 2020 Dubai. A cerim\u00f3nia de lan\u00e7amento decorreu na sexta, dia 19 de novembro, \u00e0s 17h00, no Pavilh\u00e3o de Portugal.","robots":{"index":"index","follow":"follow","max-snippet":"max-snippet:-1","max-image-preview":"max-image-preview:large","max-video-preview":"max-video-preview:-1"},"canonical":"https:\/\/portugalexpo2020dubai.pt\/index.php\/2021\/11\/20\/portugal-apresenta-ao-mundo-inovacao-e-tradicao-da-fileira-casa-nacional-na-expo-2020-dubai\/","og_locale":"en_US","og_type":"article","og_title":"Portugal apresenta ao Mundo inova\u00e7\u00e3o e tradi\u00e7\u00e3o da Fileira Casa nacional na Expo - Portugal Expo 2020 Dubai","og_description":"Arrancou ontem oficialmente o m\u00eas tem\u00e1tico da \u201cCasa & Design\u201d na Expo 2020 Dubai. A cerim\u00f3nia de lan\u00e7amento decorreu na sexta, dia 19 de novembro, \u00e0s 17h00, no Pavilh\u00e3o de Portugal.","og_url":"https:\/\/portugalexpo2020dubai.pt\/index.php\/2021\/11\/20\/portugal-apresenta-ao-mundo-inovacao-e-tradicao-da-fileira-casa-nacional-na-expo-2020-dubai\/?lang=pt-pt","og_site_name":"Portugal Expo 2020 Dubai","article_publisher":"https:\/\/www.facebook.com\/portugalexpo2020","article_published_time":"2021-11-20T12:06:05+00:00","article_modified_time":"2021-11-23T15:48:20+00:00","og_image":[{"width":1920,"height":1280,"url":"https:\/\/portugalexpo2020dubai.pt\/wp-content\/uploads\/2021\/11\/830b33ec-e477-45a3-9045-364ee6dd3550.jpg","type":"image\/jpeg"}],"author":"Catarina Beija","twitter_card":"summary_large_image","twitter_creator":"@PTexpo2020","twitter_site":"@PTexpo2020","twitter_misc":{"Written by":"Catarina Beija","Est. reading time":"2 minutes"},"schema":{"@context":"https:\/\/schema.org","@graph":[{"@type":"Article","@id":"https:\/\/portugalexpo2020dubai.pt\/index.php\/2021\/11\/20\/portugal-apresenta-ao-mundo-inovacao-e-tradicao-da-fileira-casa-nacional-na-expo-2020-dubai\/?lang=pt-pt#article","isPartOf":{"@id":"https:\/\/portugalexpo2020dubai.pt\/index.php\/2021\/11\/20\/portugal-apresenta-ao-mundo-inovacao-e-tradicao-da-fileira-casa-nacional-na-expo-2020-dubai\/?lang=pt-pt"},"author":{"name":"Catarina Beija","@id":"https:\/\/portugalexpo2020dubai.pt\/#\/schema\/person\/b3a886f492d6f9451dd81753e22488f9"},"headline":"Portugal apresenta ao Mundo inova\u00e7\u00e3o e tradi\u00e7\u00e3o da Fileira Casa nacional na Expo","datePublished":"2021-11-20T12:06:05+00:00","dateModified":"2021-11-23T15:48:20+00:00","mainEntityOfPage":{"@id":"https:\/\/portugalexpo2020dubai.pt\/index.php\/2021\/11\/20\/portugal-apresenta-ao-mundo-inovacao-e-tradicao-da-fileira-casa-nacional-na-expo-2020-dubai\/?lang=pt-pt"},"wordCount":526,"publisher":{"@id":"https:\/\/portugalexpo2020dubai.pt\/#organization"},"image":{"@id":"https:\/\/portugalexpo2020dubai.pt\/index.php\/2021\/11\/20\/portugal-apresenta-ao-mundo-inovacao-e-tradicao-da-fileira-casa-nacional-na-expo-2020-dubai\/?lang=pt-pt#primaryimage"},"thumbnailUrl":"https:\/\/portugalexpo2020dubai.pt\/wp-content\/uploads\/2021\/11\/830b33ec-e477-45a3-9045-364ee6dd3550.jpg","articleSection":["Not\u00edcias"],"inLanguage":"en-US"},{"@type":"WebPage","@id":"https:\/\/portugalexpo2020dubai.pt\/index.php\/2021\/11\/20\/portugal-apresenta-ao-mundo-inovacao-e-tradicao-da-fileira-casa-nacional-na-expo-2020-dubai\/?lang=pt-pt","url":"https:\/\/portugalexpo2020dubai.pt\/index.php\/2021\/11\/20\/portugal-apresenta-ao-mundo-inovacao-e-tradicao-da-fileira-casa-nacional-na-expo-2020-dubai\/?lang=pt-pt","name":"Portugal apresenta ao Mundo inova\u00e7\u00e3o e tradi\u00e7\u00e3o da Fileira Casa nacional na Expo - Portugal Expo 2020 Dubai","isPartOf":{"@id":"https:\/\/portugalexpo2020dubai.pt\/#website"},"primaryImageOfPage":{"@id":"https:\/\/portugalexpo2020dubai.pt\/index.php\/2021\/11\/20\/portugal-apresenta-ao-mundo-inovacao-e-tradicao-da-fileira-casa-nacional-na-expo-2020-dubai\/?lang=pt-pt#primaryimage"},"image":{"@id":"https:\/\/portugalexpo2020dubai.pt\/index.php\/2021\/11\/20\/portugal-apresenta-ao-mundo-inovacao-e-tradicao-da-fileira-casa-nacional-na-expo-2020-dubai\/?lang=pt-pt#primaryimage"},"thumbnailUrl":"https:\/\/portugalexpo2020dubai.pt\/wp-content\/uploads\/2021\/11\/830b33ec-e477-45a3-9045-364ee6dd3550.jpg","datePublished":"2021-11-20T12:06:05+00:00","dateModified":"2021-11-23T15:48:20+00:00","description":"Arrancou ontem oficialmente o m\u00eas tem\u00e1tico da \u201cCasa & Design\u201d na Expo 2020 Dubai. A cerim\u00f3nia de lan\u00e7amento decorreu na sexta, dia 19 de novembro, \u00e0s 17h00, no Pavilh\u00e3o de Portugal.","breadcrumb":{"@id":"https:\/\/portugalexpo2020dubai.pt\/index.php\/2021\/11\/20\/portugal-apresenta-ao-mundo-inovacao-e-tradicao-da-fileira-casa-nacional-na-expo-2020-dubai\/?lang=pt-pt#breadcrumb"},"inLanguage":"en-US","potentialAction":[{"@type":"ReadAction","target":["https:\/\/portugalexpo2020dubai.pt\/index.php\/2021\/11\/20\/portugal-apresenta-ao-mundo-inovacao-e-tradicao-da-fileira-casa-nacional-na-expo-2020-dubai\/?lang=pt-pt"]}]},{"@type":"ImageObject","inLanguage":"en-US","@id":"https:\/\/portugalexpo2020dubai.pt\/index.php\/2021\/11\/20\/portugal-apresenta-ao-mundo-inovacao-e-tradicao-da-fileira-casa-nacional-na-expo-2020-dubai\/?lang=pt-pt#primaryimage","url":"https:\/\/portugalexpo2020dubai.pt\/wp-content\/uploads\/2021\/11\/830b33ec-e477-45a3-9045-364ee6dd3550.jpg","contentUrl":"https:\/\/portugalexpo2020dubai.pt\/wp-content\/uploads\/2021\/11\/830b33ec-e477-45a3-9045-364ee6dd3550.jpg","width":1920,"height":1280,"caption":"\u00a9Rodrigo Marques \/ AICEP"},{"@type":"BreadcrumbList","@id":"https:\/\/portugalexpo2020dubai.pt\/index.php\/2021\/11\/20\/portugal-apresenta-ao-mundo-inovacao-e-tradicao-da-fileira-casa-nacional-na-expo-2020-dubai\/?lang=pt-pt#breadcrumb","itemListElement":[{"@type":"ListItem","position":1,"name":"Home","item":"https:\/\/portugalexpo2020dubai.pt\/"},{"@type":"ListItem","position":2,"name":"Portugal apresenta ao Mundo inova\u00e7\u00e3o e tradi\u00e7\u00e3o da Fileira Casa nacional na Expo"}]},{"@type":"WebSite","@id":"https:\/\/portugalexpo2020dubai.pt\/#website","url":"https:\/\/portugalexpo2020dubai.pt\/","name":"Portugal Expo 2020 Dubai","description":"Portugal Expo 2020 Dubai","publisher":{"@id":"https:\/\/portugalexpo2020dubai.pt\/#organization"},"potentialAction":[{"@type":"SearchAction","target":{"@type":"EntryPoint","urlTemplate":"https:\/\/portugalexpo2020dubai.pt\/?s={search_term_string}"},"query-input":{"@type":"PropertyValueSpecification","valueRequired":true,"valueName":"search_term_string"}}],"inLanguage":"en-US"},{"@type":"Organization","@id":"https:\/\/portugalexpo2020dubai.pt\/#organization","name":"Portugal Expo 2020 Dubai","url":"https:\/\/portugalexpo2020dubai.pt\/","logo":{"@type":"ImageObject","inLanguage":"en-US","@id":"https:\/\/portugalexpo2020dubai.pt\/#\/schema\/logo\/image\/","url":"https:\/\/portugalexpo2020dubai.pt\/wp-content\/uploads\/2021\/09\/logo_aicep.png","contentUrl":"https:\/\/portugalexpo2020dubai.pt\/wp-content\/uploads\/2021\/09\/logo_aicep.png","width":830,"height":200,"caption":"Portugal Expo 2020 Dubai"},"image":{"@id":"https:\/\/portugalexpo2020dubai.pt\/#\/schema\/logo\/image\/"},"sameAs":["https:\/\/www.facebook.com\/portugalexpo2020","https:\/\/x.com\/PTexpo2020","https:\/\/www.instagram.com\/portugalexpo2020\/"]},{"@type":"Person","@id":"https:\/\/portugalexpo2020dubai.pt\/#\/schema\/person\/b3a886f492d6f9451dd81753e22488f9","name":"Catarina Beija","image":{"@type":"ImageObject","inLanguage":"en-US","@id":"https:\/\/secure.gravatar.com\/avatar\/4c9f1d7d0df92294044bdecb88b912257abbbac65d788bc499eb2cceb120941a?s=96&d=mm&r=g","url":"https:\/\/secure.gravatar.com\/avatar\/4c9f1d7d0df92294044bdecb88b912257abbbac65d788bc499eb2cceb120941a?s=96&d=mm&r=g","contentUrl":"https:\/\/secure.gravatar.com\/avatar\/4c9f1d7d0df92294044bdecb88b912257abbbac65d788bc499eb2cceb120941a?s=96&d=mm&r=g","caption":"Catarina Beija"},"url":"https:\/\/portugalexpo2020dubai.pt\/index.php\/author\/catarina-beijaportugalglobal-pt\/"}]}},"cc_featured_image_caption":{"caption_text":"","source_text":"","source_url":""},"_links":{"self":[{"href":"https:\/\/portugalexpo2020dubai.pt\/index.php\/wp-json\/wp\/v2\/posts\/6262","targetHints":{"allow":["GET"]}}],"collection":[{"href":"https:\/\/portugalexpo2020dubai.pt\/index.php\/wp-json\/wp\/v2\/posts"}],"about":[{"href":"https:\/\/portugalexpo2020dubai.pt\/index.php\/wp-json\/wp\/v2\/types\/post"}],"author":[{"embeddable":true,"href":"https:\/\/portugalexpo2020dubai.pt\/index.php\/wp-json\/wp\/v2\/users\/2"}],"replies":[{"embeddable":true,"href":"https:\/\/portugalexpo2020dubai.pt\/index.php\/wp-json\/wp\/v2\/comments?post=6262"}],"version-history":[{"count":4,"href":"https:\/\/portugalexpo2020dubai.pt\/index.php\/wp-json\/wp\/v2\/posts\/6262\/revisions"}],"predecessor-version":[{"id":6356,"href":"https:\/\/portugalexpo2020dubai.pt\/index.php\/wp-json\/wp\/v2\/posts\/6262\/revisions\/6356"}],"wp:featuredmedia":[{"embeddable":true,"href":"https:\/\/portugalexpo2020dubai.pt\/index.php\/wp-json\/wp\/v2\/media\/6304"}],"wp:attachment":[{"href":"https:\/\/portugalexpo2020dubai.pt\/index.php\/wp-json\/wp\/v2\/media?parent=6262"}],"wp:term":[{"taxonomy":"category","embeddable":true,"href":"https:\/\/portugalexpo2020dubai.pt\/index.php\/wp-json\/wp\/v2\/categories?post=6262"},{"taxonomy":"post_tag","embeddable":true,"href":"https:\/\/portugalexpo2020dubai.pt\/index.php\/wp-json\/wp\/v2\/tags?post=6262"}],"curies":[{"name":"wp","href":"https:\/\/api.w.org\/{rel}","templated":true}]}}