{"id":6213,"date":"2021-11-17T11:44:05","date_gmt":"2021-11-17T11:44:05","guid":{"rendered":"https:\/\/portugalexpo2020dubai.pt\/index.php\/2021\/11\/18\/quatro-maravilhas-naturais-do-pavilhao-de-portugal-na-expo-2020-dubai\/"},"modified":"2021-11-18T13:50:41","modified_gmt":"2021-11-18T13:50:41","slug":"quatro-maravilhas-naturais-do-pavilhao-de-portugal-na-expo-2020-dubai","status":"publish","type":"post","link":"https:\/\/portugalexpo2020dubai.pt\/index.php\/2021\/11\/17\/quatro-maravilhas-naturais-do-pavilhao-de-portugal-na-expo-2020-dubai\/?lang=pt-pt","title":{"rendered":"Quatro maravilhas naturais do Pavilh\u00e3o de Portugal na Expo 2020 Dubai"},"content":{"rendered":"<p>[vc_row][vc_column][vc_empty_space height=&#8221;50px&#8221;][vc_column_text]Com mais de 1.800 metros quadrados, distribu\u00eddos por tr\u00eas pisos, o Pavilh\u00e3o de Portugal na Expo 2020 Dubai \u00e9 uma verdadeira montra da hist\u00f3ria, cultura, talento e inova\u00e7\u00e3o do pa\u00eds. Desde a pra\u00e7a circundante at\u00e9 \u00e0s vistas panor\u00e2micas do <em>rooftop<\/em>, cada espa\u00e7o revela elementos \u00fanicos do patrim\u00f3nio portugu\u00eas que, ao mesmo tempo, mostram os primeiros tra\u00e7os da influ\u00eancia \u00e1rabe na identidade nacional.<\/p>\n<p>&nbsp;<\/p>\n<p><strong>Deixamos aqui quatro exemplos, que representam alguns dos s\u00edmbolos mais emblem\u00e1ticos do nosso Pavilh\u00e3o. Na sua pr\u00f3xima visita \u00e0 Expo, n\u00e3o perca a oportunidade de descobrir estes pormenores, aparentemente pequenos, mas que contam muito sobre a hist\u00f3ria de Portugal.<\/strong><\/p>\n<p>&nbsp;<\/p>\n<p>&nbsp;<\/p>\n<h6><strong>CAL\u00c7ADA PORTUGUESA\u00a0<\/strong><\/h6>\n<p>[\/vc_column_text][vc_empty_space height=&#8221;50px&#8221;][vc_images_carousel images=&#8221;6142,6197&#8243; img_size=&#8221;full&#8221; speed=&#8221;7000&#8243; wrap=&#8221;yes&#8221;][vc_empty_space height=&#8221;50px&#8221;][vc_column_text]Na chegada ao pavilh\u00e3o, repare na geometria do pavimento calcetado que reveste o ch\u00e3o da Pra\u00e7a \u2013 <strong>a tradicional cal\u00e7ada portuguesa<\/strong>.\u00a0Surgiu no s\u00e9culo XV mas foi apenas no s\u00e9culo XIX, altura em que a cidade de Lisboa sofreu uma profunda transforma\u00e7\u00e3o, que a cal\u00e7ada se tornou um dos maiores s\u00edmbolos da arquitetura urbana portuguesa. A partir da\u00ed, o estilo espalhou-se pelos territ\u00f3rios portugueses e <strong>ainda hoje pode ser encontrado nas zonas pedonais de Macau, Brasil, Cabo Verde, Angola, Mo\u00e7ambique, \u00cdndia ou Timor-Leste<\/strong>.<\/p>\n<p>&nbsp;<\/p>\n<p>Mas \u00e9 em Portugal que esta arte em mosaico encontra a sua express\u00e3o m\u00e1xima. Para onde quer que viaje no pa\u00eds, encontrar\u00e1 verdadeiras obras-primas aos seus p\u00e9s \u2013 passeios, pra\u00e7as e diversos espa\u00e7os p\u00fablicos surgem cobertos pelas pedras de calc\u00e1rio, numa rica composi\u00e7\u00e3o assim\u00e9trica, repleta de desenhos e padr\u00f5es decorativos.<\/p>\n<p>&nbsp;<\/p>\n<p>&nbsp;<\/p>\n<h6><strong>AZULEJO<\/strong><\/h6>\n<p>[\/vc_column_text][vc_empty_space height=&#8221;50px&#8221;][vc_images_carousel images=&#8221;6168,6164,6170,6152,6148&#8243; img_size=&#8221;full&#8221; speed=&#8221;7000&#8243; wrap=&#8221;yes&#8221;][vc_empty_space height=&#8221;50px&#8221;][vc_column_text]Ao iniciar a sua viagem pelo interior do Pavilh\u00e3o de Portugal, ver\u00e1 que <strong>muito se inspira no Azulejo<\/strong>, desde as paredes das v\u00e1rias salas \u00e0s proje\u00e7\u00f5es multim\u00e9dia da exposi\u00e7\u00e3o, sem esquecer os uniformes vistosos da nossa equipa!<\/p>\n<p>&nbsp;<\/p>\n<p>A palavra azulejo vem do \u00e1rabe <em>azzelij<\/em>, que significa &#8216;pedra polida&#8217;. Estes pain\u00e9is coloridos, pintados \u00e0 m\u00e3o, est\u00e3o profundamente enraizados na hist\u00f3ria e na cultura de Portugal. Remontam ao s\u00e9culo XIII, quando os mouros invadiram as terras que hoje pertencem a Espanha e Portugal, mas foi entre os s\u00e9culos XVI e XVII que se tornaram uma das marcas de express\u00e3o mais fortes da cultura portuguesa.<\/p>\n<p>&nbsp;<\/p>\n<p>O azulejo portugu\u00eas \u00e9 hoje ator principal de verdadeiros repert\u00f3rios de gravuras \u2013 retrata cenas hist\u00f3ricas e religiosas, mostra as paisagens mais deslumbrantes do pa\u00eds, ou decora simplesmente placas de rua e n\u00fameros de casas. Ao passear pelas vilas e cidades portuguesas, ver\u00e1 estes mosaicos coloridos por todo o lado, desde paredes de igrejas e mosteiros a pal\u00e1cios, casas, bancos de jardim, fontes, lojas e esta\u00e7\u00f5es de comboio.<\/p>\n<p>&nbsp;<\/p>\n<p>Se estiver de visita \u00e0 Expo 2020 Dubai, nem precisa de viajar para encontrar esta tradi\u00e7\u00e3o portuguesa. Na <strong><a href=\"http:\/\/www.portugalconceptstore.com\">Portugal Concept Store<\/a><\/strong>, dentro do Pavilh\u00e3o de Portugal, encontrar\u00e1 um variado portef\u00f3lio de produtos \u201cMade in Portugal\u201d, entre os quais se encontra o azulejo. <a href=\"http:\/\/www.portugalconceptstore.com\">Visite a loja<\/a> e leve um pouco desta tradi\u00e7\u00e3o para casa!<\/p>\n<p>&nbsp;<\/p>\n<p>&nbsp;<\/p>\n<h6><strong>CORTI\u00c7A<\/strong><\/h6>\n<p>[\/vc_column_text][vc_empty_space height=&#8221;50px&#8221;][vc_images_carousel images=&#8221;6209,6166,6172,6176,6182,6202&#8243; img_size=&#8221;full&#8221; speed=&#8221;7000&#8243; wrap=&#8221;yes&#8221;][vc_empty_space height=&#8221;50px&#8221;][vc_column_text]A corti\u00e7a \u00e9 a casca do sobreiro,\u00a0<strong>um dos recursos naturais mais importantes de Portugal<\/strong>. A sua utiliza\u00e7\u00e3o mais reconhecida \u00e9 em rolhas de garrafas de vinho, mas a recente inven\u00e7\u00e3o do tecido de corti\u00e7a veio revolucionar esta ind\u00fastria, passando a ter aplica\u00e7\u00f5es muito diversificadas, desde a constru\u00e7\u00e3o \u00e0 produ\u00e7\u00e3o de energia, moda e design, chegando at\u00e9 \u00e0 explora\u00e7\u00e3o espacial! Venha descobrir os in\u00fameros exemplos no Pavilh\u00e3o de Portugal: desde o anfiteatro exterior \u00e0 mob\u00edlia do restaurante,<strong> a corti\u00e7a assume formas e contornos infinitos \u2013 um excelente exemplo de inova\u00e7\u00e3o portuguesa!<\/strong><\/p>\n<p>&nbsp;<\/p>\n<p>Macia e leve, resistente, recicl\u00e1vel, hipoalerg\u00e9nica e com qualidades t\u00e9rmicas e ac\u00fasticas, a corti\u00e7a \u00e9 realmente uma das mat\u00e9rias-primas mais excepcionais do mundo. \u00c9 tamb\u00e9m extremamente ecol\u00f3gica \u2013 durante o descorti\u00e7amento, os sobreiros nunca s\u00e3o cortados e a sua casca regenera-se a cada extra\u00e7\u00e3o, aumentando inclusive a capacidade do sobreiro absorver CO<sub>2<\/sub>. Por esse motivo, <strong>as florestas de sobreiro \u2013 denominadas de Montado \u2013 s\u00e3o embaixadoras da sustentabilidade e uma for\u00e7a motriz do desenvolvimento sustent\u00e1vel<\/strong>. T\u00eam um papel determinante no equil\u00edbrio ecol\u00f3gico do planeta, combatem as altera\u00e7\u00f5es clim\u00e1ticas e a desertifica\u00e7\u00e3o e protegem a biodiversidade.<\/p>\n<p>&nbsp;<\/p>\n<p>Como l\u00edder no setor, <strong>Portugal \u00e9 respons\u00e1vel por cerca de 50% da produ\u00e7\u00e3o mundial de corti\u00e7a<\/strong>, o que representa mais de 800 milh\u00f5es de euros em exporta\u00e7\u00f5es anuais. O pa\u00eds acolhe tamb\u00e9m mais de um ter\u00e7o das florestas de sobro de todo o mundo. Ao atravessar o territ\u00f3rio, especialmente no sul, ver\u00e1 os sobreiros fundirem-se naturalmente com as plan\u00edcies alentejanas e as paisagens algarvias.<\/p>\n<p>&nbsp;<\/p>\n<p>&nbsp;<\/p>\n<h6><strong>OLIVEIRA<\/strong><\/h6>\n<p>[\/vc_column_text][vc_empty_space height=&#8221;50px&#8221;][vc_images_carousel images=&#8221;6180,6184,6174,5524&#8243; img_size=&#8221;full&#8221; speed=&#8221;7000&#8243; wrap=&#8221;yes&#8221;][vc_empty_space height=&#8221;50px&#8221;][vc_column_text]A oliveira faz parte das paisagens portuguesas desde a antiguidade, e as suas azeitonas s\u00e3o aut\u00eanticos s\u00edmbolos da cultura e gastronomia do pa\u00eds. <strong>O Pavilh\u00e3o de Portugal trouxe um pouco deste patrim\u00f3nio natural ao Dubai<\/strong> para decorar o seu <em>rooftop<\/em>, onde encontrar\u00e1 tr\u00eas oliveiras \u00e0 luz do sol, e para a sua exposi\u00e7\u00e3o, com uma bela pe\u00e7a em prata.<\/p>\n<p>&nbsp;<\/p>\n<p>H\u00e1 muito que estas \u00e1rvores s\u00e3o cultivadas em Portugal, desde os romanos e mais tarde pelos visigodos, mas foi durante os 500 anos da ocupa\u00e7\u00e3o \u00e1rabe que o seu cultivo floresceu. Em portugu\u00eas, a palavra &#8216;azeite&#8217; deriva do \u00e1rabe <em>al-zait<\/em> e <em>az-zait<\/em>, que significa literalmente &#8216;sumo de azeitona&#8217;.<\/p>\n<p>&nbsp;<\/p>\n<p>Hoje em dia, <strong>Portugal continua a ser uma refer\u00eancia mundial na produ\u00e7\u00e3o de azeite<\/strong>, gra\u00e7as ao seu clima mediterr\u00e2nico e \u00e0s propriedades \u00fanicas do seu solo. <strong>O pa\u00eds \u00e9 atualmente o 8\u00ba maior produtor e o 4\u00ba maior exportador de azeite do mundo<\/strong>.<\/p>\n<p>&nbsp;<\/p>\n<p>Para saber mais sobre o Pavilh\u00e3o de Portugal, visite <a href=\"https:\/\/portugalexpo2020dubai.pt\/index.php\/pavilhao\/?lang=pt-pt\">a nossa p\u00e1gina<\/a>!<\/p>\n<p>[\/vc_column_text][\/vc_column][\/vc_row]<\/p>\n","protected":false},"excerpt":{"rendered":"<p>Com mais de 1.800 metros quadrados, distribu\u00eddos por tr\u00eas pisos, o Pavilh\u00e3o de Portugal na Expo 2020 Dubai \u00e9 uma verdadeira montra da hist\u00f3ria, cultura, talento e inova\u00e7\u00e3o do pa\u00eds. <\/p>\n","protected":false},"author":2,"featured_media":6195,"comment_status":"closed","ping_status":"closed","sticky":false,"template":"","format":"standard","meta":{"_monsterinsights_skip_tracking":false,"_monsterinsights_sitenote_active":false,"_monsterinsights_sitenote_note":"","_monsterinsights_sitenote_category":0,"footnotes":""},"categories":[71],"tags":[],"class_list":["post-6213","post","type-post","status-publish","format-standard","has-post-thumbnail","hentry","category-news-pt-pt"],"yoast_head":"<!-- This site is optimized with the Yoast SEO plugin v27.5 - https:\/\/yoast.com\/product\/yoast-seo-wordpress\/ -->\n<title>Quatro maravilhas naturais do Pavilh\u00e3o de Portugal na Expo 2020 Dubai - Portugal Expo 2020 Dubai %<\/title>\n<meta name=\"description\" content=\"Com mais de 1.800 metros quadrados, distribu\u00eddos por tr\u00eas pisos, o Pavilh\u00e3o de Portugal na Expo 2020 Dubai \u00e9 uma verdadeira montra da hist\u00f3ria, cultura, talento e inova\u00e7\u00e3o do pa\u00eds.\" \/>\n<meta name=\"robots\" content=\"index, follow, max-snippet:-1, max-image-preview:large, max-video-preview:-1\" \/>\n<link rel=\"canonical\" href=\"https:\/\/portugalexpo2020dubai.pt\/index.php\/2021\/11\/17\/quatro-maravilhas-naturais-do-pavilhao-de-portugal-na-expo-2020-dubai\/\" \/>\n<meta property=\"og:locale\" content=\"en_US\" \/>\n<meta property=\"og:type\" content=\"article\" \/>\n<meta property=\"og:title\" content=\"Quatro maravilhas naturais do Pavilh\u00e3o de Portugal na Expo 2020 Dubai - Portugal Expo 2020 Dubai %\" \/>\n<meta property=\"og:description\" content=\"Com mais de 1.800 metros quadrados, distribu\u00eddos por tr\u00eas pisos, o Pavilh\u00e3o de Portugal na Expo 2020 Dubai \u00e9 uma verdadeira montra da hist\u00f3ria, cultura, talento e inova\u00e7\u00e3o do pa\u00eds.\" \/>\n<meta property=\"og:url\" content=\"https:\/\/portugalexpo2020dubai.pt\/index.php\/2021\/11\/17\/quatro-maravilhas-naturais-do-pavilhao-de-portugal-na-expo-2020-dubai\/?lang=pt-pt\" \/>\n<meta property=\"og:site_name\" content=\"Portugal Expo 2020 Dubai\" \/>\n<meta property=\"article:publisher\" content=\"https:\/\/www.facebook.com\/portugalexpo2020\" \/>\n<meta property=\"article:published_time\" content=\"2021-11-17T11:44:05+00:00\" \/>\n<meta property=\"article:modified_time\" content=\"2021-11-18T13:50:41+00:00\" \/>\n<meta property=\"og:image\" content=\"https:\/\/portugalexpo2020dubai.pt\/wp-content\/uploads\/2021\/11\/MicrosoftTeams-image.jpg\" \/>\n\t<meta property=\"og:image:width\" content=\"1570\" \/>\n\t<meta property=\"og:image:height\" content=\"1047\" \/>\n\t<meta property=\"og:image:type\" content=\"image\/jpeg\" \/>\n<meta name=\"author\" content=\"Catarina Beija\" \/>\n<meta name=\"twitter:card\" content=\"summary_large_image\" \/>\n<meta name=\"twitter:creator\" content=\"@PTexpo2020\" \/>\n<meta name=\"twitter:site\" content=\"@PTexpo2020\" \/>\n<meta name=\"twitter:label1\" content=\"Written by\" \/>\n\t<meta name=\"twitter:data1\" content=\"Catarina Beija\" \/>\n\t<meta name=\"twitter:label2\" content=\"Est. reading time\" \/>\n\t<meta name=\"twitter:data2\" content=\"4 minutes\" \/>\n<script type=\"application\/ld+json\" class=\"yoast-schema-graph\">{\"@context\":\"https:\\\/\\\/schema.org\",\"@graph\":[{\"@type\":\"Article\",\"@id\":\"https:\\\/\\\/portugalexpo2020dubai.pt\\\/index.php\\\/2021\\\/11\\\/17\\\/quatro-maravilhas-naturais-do-pavilhao-de-portugal-na-expo-2020-dubai\\\/?lang=pt-pt#article\",\"isPartOf\":{\"@id\":\"https:\\\/\\\/portugalexpo2020dubai.pt\\\/index.php\\\/2021\\\/11\\\/17\\\/quatro-maravilhas-naturais-do-pavilhao-de-portugal-na-expo-2020-dubai\\\/?lang=pt-pt\"},\"author\":{\"name\":\"Catarina Beija\",\"@id\":\"https:\\\/\\\/portugalexpo2020dubai.pt\\\/#\\\/schema\\\/person\\\/b3a886f492d6f9451dd81753e22488f9\"},\"headline\":\"Quatro maravilhas naturais do Pavilh\u00e3o de Portugal na Expo 2020 Dubai\",\"datePublished\":\"2021-11-17T11:44:05+00:00\",\"dateModified\":\"2021-11-18T13:50:41+00:00\",\"mainEntityOfPage\":{\"@id\":\"https:\\\/\\\/portugalexpo2020dubai.pt\\\/index.php\\\/2021\\\/11\\\/17\\\/quatro-maravilhas-naturais-do-pavilhao-de-portugal-na-expo-2020-dubai\\\/?lang=pt-pt\"},\"wordCount\":1125,\"publisher\":{\"@id\":\"https:\\\/\\\/portugalexpo2020dubai.pt\\\/#organization\"},\"image\":{\"@id\":\"https:\\\/\\\/portugalexpo2020dubai.pt\\\/index.php\\\/2021\\\/11\\\/17\\\/quatro-maravilhas-naturais-do-pavilhao-de-portugal-na-expo-2020-dubai\\\/?lang=pt-pt#primaryimage\"},\"thumbnailUrl\":\"https:\\\/\\\/portugalexpo2020dubai.pt\\\/wp-content\\\/uploads\\\/2021\\\/11\\\/MicrosoftTeams-image.jpg\",\"articleSection\":[\"Not\u00edcias\"],\"inLanguage\":\"en-US\"},{\"@type\":\"WebPage\",\"@id\":\"https:\\\/\\\/portugalexpo2020dubai.pt\\\/index.php\\\/2021\\\/11\\\/17\\\/quatro-maravilhas-naturais-do-pavilhao-de-portugal-na-expo-2020-dubai\\\/?lang=pt-pt\",\"url\":\"https:\\\/\\\/portugalexpo2020dubai.pt\\\/index.php\\\/2021\\\/11\\\/17\\\/quatro-maravilhas-naturais-do-pavilhao-de-portugal-na-expo-2020-dubai\\\/?lang=pt-pt\",\"name\":\"Quatro maravilhas naturais do Pavilh\u00e3o de Portugal na Expo 2020 Dubai - Portugal Expo 2020 Dubai %\",\"isPartOf\":{\"@id\":\"https:\\\/\\\/portugalexpo2020dubai.pt\\\/#website\"},\"primaryImageOfPage\":{\"@id\":\"https:\\\/\\\/portugalexpo2020dubai.pt\\\/index.php\\\/2021\\\/11\\\/17\\\/quatro-maravilhas-naturais-do-pavilhao-de-portugal-na-expo-2020-dubai\\\/?lang=pt-pt#primaryimage\"},\"image\":{\"@id\":\"https:\\\/\\\/portugalexpo2020dubai.pt\\\/index.php\\\/2021\\\/11\\\/17\\\/quatro-maravilhas-naturais-do-pavilhao-de-portugal-na-expo-2020-dubai\\\/?lang=pt-pt#primaryimage\"},\"thumbnailUrl\":\"https:\\\/\\\/portugalexpo2020dubai.pt\\\/wp-content\\\/uploads\\\/2021\\\/11\\\/MicrosoftTeams-image.jpg\",\"datePublished\":\"2021-11-17T11:44:05+00:00\",\"dateModified\":\"2021-11-18T13:50:41+00:00\",\"description\":\"Com mais de 1.800 metros quadrados, distribu\u00eddos por tr\u00eas pisos, o Pavilh\u00e3o de Portugal na Expo 2020 Dubai \u00e9 uma verdadeira montra da hist\u00f3ria, cultura, talento e inova\u00e7\u00e3o do pa\u00eds.\",\"breadcrumb\":{\"@id\":\"https:\\\/\\\/portugalexpo2020dubai.pt\\\/index.php\\\/2021\\\/11\\\/17\\\/quatro-maravilhas-naturais-do-pavilhao-de-portugal-na-expo-2020-dubai\\\/?lang=pt-pt#breadcrumb\"},\"inLanguage\":\"en-US\",\"potentialAction\":[{\"@type\":\"ReadAction\",\"target\":[\"https:\\\/\\\/portugalexpo2020dubai.pt\\\/index.php\\\/2021\\\/11\\\/17\\\/quatro-maravilhas-naturais-do-pavilhao-de-portugal-na-expo-2020-dubai\\\/?lang=pt-pt\"]}]},{\"@type\":\"ImageObject\",\"inLanguage\":\"en-US\",\"@id\":\"https:\\\/\\\/portugalexpo2020dubai.pt\\\/index.php\\\/2021\\\/11\\\/17\\\/quatro-maravilhas-naturais-do-pavilhao-de-portugal-na-expo-2020-dubai\\\/?lang=pt-pt#primaryimage\",\"url\":\"https:\\\/\\\/portugalexpo2020dubai.pt\\\/wp-content\\\/uploads\\\/2021\\\/11\\\/MicrosoftTeams-image.jpg\",\"contentUrl\":\"https:\\\/\\\/portugalexpo2020dubai.pt\\\/wp-content\\\/uploads\\\/2021\\\/11\\\/MicrosoftTeams-image.jpg\",\"width\":1570,\"height\":1047},{\"@type\":\"BreadcrumbList\",\"@id\":\"https:\\\/\\\/portugalexpo2020dubai.pt\\\/index.php\\\/2021\\\/11\\\/17\\\/quatro-maravilhas-naturais-do-pavilhao-de-portugal-na-expo-2020-dubai\\\/?lang=pt-pt#breadcrumb\",\"itemListElement\":[{\"@type\":\"ListItem\",\"position\":1,\"name\":\"Home\",\"item\":\"https:\\\/\\\/portugalexpo2020dubai.pt\\\/\"},{\"@type\":\"ListItem\",\"position\":2,\"name\":\"Quatro maravilhas naturais do Pavilh\u00e3o de Portugal na Expo 2020 Dubai\"}]},{\"@type\":\"WebSite\",\"@id\":\"https:\\\/\\\/portugalexpo2020dubai.pt\\\/#website\",\"url\":\"https:\\\/\\\/portugalexpo2020dubai.pt\\\/\",\"name\":\"Portugal Expo 2020 Dubai\",\"description\":\"Portugal Expo 2020 Dubai\",\"publisher\":{\"@id\":\"https:\\\/\\\/portugalexpo2020dubai.pt\\\/#organization\"},\"potentialAction\":[{\"@type\":\"SearchAction\",\"target\":{\"@type\":\"EntryPoint\",\"urlTemplate\":\"https:\\\/\\\/portugalexpo2020dubai.pt\\\/?s={search_term_string}\"},\"query-input\":{\"@type\":\"PropertyValueSpecification\",\"valueRequired\":true,\"valueName\":\"search_term_string\"}}],\"inLanguage\":\"en-US\"},{\"@type\":\"Organization\",\"@id\":\"https:\\\/\\\/portugalexpo2020dubai.pt\\\/#organization\",\"name\":\"Portugal Expo 2020 Dubai\",\"url\":\"https:\\\/\\\/portugalexpo2020dubai.pt\\\/\",\"logo\":{\"@type\":\"ImageObject\",\"inLanguage\":\"en-US\",\"@id\":\"https:\\\/\\\/portugalexpo2020dubai.pt\\\/#\\\/schema\\\/logo\\\/image\\\/\",\"url\":\"https:\\\/\\\/portugalexpo2020dubai.pt\\\/wp-content\\\/uploads\\\/2021\\\/09\\\/logo_aicep.png\",\"contentUrl\":\"https:\\\/\\\/portugalexpo2020dubai.pt\\\/wp-content\\\/uploads\\\/2021\\\/09\\\/logo_aicep.png\",\"width\":830,\"height\":200,\"caption\":\"Portugal Expo 2020 Dubai\"},\"image\":{\"@id\":\"https:\\\/\\\/portugalexpo2020dubai.pt\\\/#\\\/schema\\\/logo\\\/image\\\/\"},\"sameAs\":[\"https:\\\/\\\/www.facebook.com\\\/portugalexpo2020\",\"https:\\\/\\\/x.com\\\/PTexpo2020\",\"https:\\\/\\\/www.instagram.com\\\/portugalexpo2020\\\/\"]},{\"@type\":\"Person\",\"@id\":\"https:\\\/\\\/portugalexpo2020dubai.pt\\\/#\\\/schema\\\/person\\\/b3a886f492d6f9451dd81753e22488f9\",\"name\":\"Catarina Beija\",\"image\":{\"@type\":\"ImageObject\",\"inLanguage\":\"en-US\",\"@id\":\"https:\\\/\\\/secure.gravatar.com\\\/avatar\\\/4c9f1d7d0df92294044bdecb88b912257abbbac65d788bc499eb2cceb120941a?s=96&d=mm&r=g\",\"url\":\"https:\\\/\\\/secure.gravatar.com\\\/avatar\\\/4c9f1d7d0df92294044bdecb88b912257abbbac65d788bc499eb2cceb120941a?s=96&d=mm&r=g\",\"contentUrl\":\"https:\\\/\\\/secure.gravatar.com\\\/avatar\\\/4c9f1d7d0df92294044bdecb88b912257abbbac65d788bc499eb2cceb120941a?s=96&d=mm&r=g\",\"caption\":\"Catarina Beija\"},\"url\":\"https:\\\/\\\/portugalexpo2020dubai.pt\\\/index.php\\\/author\\\/catarina-beijaportugalglobal-pt\\\/\"}]}<\/script>\n<!-- \/ Yoast SEO plugin. -->","yoast_head_json":{"title":"Quatro maravilhas naturais do Pavilh\u00e3o de Portugal na Expo 2020 Dubai - Portugal Expo 2020 Dubai %","description":"Com mais de 1.800 metros quadrados, distribu\u00eddos por tr\u00eas pisos, o Pavilh\u00e3o de Portugal na Expo 2020 Dubai \u00e9 uma verdadeira montra da hist\u00f3ria, cultura, talento e inova\u00e7\u00e3o do pa\u00eds.","robots":{"index":"index","follow":"follow","max-snippet":"max-snippet:-1","max-image-preview":"max-image-preview:large","max-video-preview":"max-video-preview:-1"},"canonical":"https:\/\/portugalexpo2020dubai.pt\/index.php\/2021\/11\/17\/quatro-maravilhas-naturais-do-pavilhao-de-portugal-na-expo-2020-dubai\/","og_locale":"en_US","og_type":"article","og_title":"Quatro maravilhas naturais do Pavilh\u00e3o de Portugal na Expo 2020 Dubai - Portugal Expo 2020 Dubai %","og_description":"Com mais de 1.800 metros quadrados, distribu\u00eddos por tr\u00eas pisos, o Pavilh\u00e3o de Portugal na Expo 2020 Dubai \u00e9 uma verdadeira montra da hist\u00f3ria, cultura, talento e inova\u00e7\u00e3o do pa\u00eds.","og_url":"https:\/\/portugalexpo2020dubai.pt\/index.php\/2021\/11\/17\/quatro-maravilhas-naturais-do-pavilhao-de-portugal-na-expo-2020-dubai\/?lang=pt-pt","og_site_name":"Portugal Expo 2020 Dubai","article_publisher":"https:\/\/www.facebook.com\/portugalexpo2020","article_published_time":"2021-11-17T11:44:05+00:00","article_modified_time":"2021-11-18T13:50:41+00:00","og_image":[{"width":1570,"height":1047,"url":"https:\/\/portugalexpo2020dubai.pt\/wp-content\/uploads\/2021\/11\/MicrosoftTeams-image.jpg","type":"image\/jpeg"}],"author":"Catarina Beija","twitter_card":"summary_large_image","twitter_creator":"@PTexpo2020","twitter_site":"@PTexpo2020","twitter_misc":{"Written by":"Catarina Beija","Est. reading time":"4 minutes"},"schema":{"@context":"https:\/\/schema.org","@graph":[{"@type":"Article","@id":"https:\/\/portugalexpo2020dubai.pt\/index.php\/2021\/11\/17\/quatro-maravilhas-naturais-do-pavilhao-de-portugal-na-expo-2020-dubai\/?lang=pt-pt#article","isPartOf":{"@id":"https:\/\/portugalexpo2020dubai.pt\/index.php\/2021\/11\/17\/quatro-maravilhas-naturais-do-pavilhao-de-portugal-na-expo-2020-dubai\/?lang=pt-pt"},"author":{"name":"Catarina Beija","@id":"https:\/\/portugalexpo2020dubai.pt\/#\/schema\/person\/b3a886f492d6f9451dd81753e22488f9"},"headline":"Quatro maravilhas naturais do Pavilh\u00e3o de Portugal na Expo 2020 Dubai","datePublished":"2021-11-17T11:44:05+00:00","dateModified":"2021-11-18T13:50:41+00:00","mainEntityOfPage":{"@id":"https:\/\/portugalexpo2020dubai.pt\/index.php\/2021\/11\/17\/quatro-maravilhas-naturais-do-pavilhao-de-portugal-na-expo-2020-dubai\/?lang=pt-pt"},"wordCount":1125,"publisher":{"@id":"https:\/\/portugalexpo2020dubai.pt\/#organization"},"image":{"@id":"https:\/\/portugalexpo2020dubai.pt\/index.php\/2021\/11\/17\/quatro-maravilhas-naturais-do-pavilhao-de-portugal-na-expo-2020-dubai\/?lang=pt-pt#primaryimage"},"thumbnailUrl":"https:\/\/portugalexpo2020dubai.pt\/wp-content\/uploads\/2021\/11\/MicrosoftTeams-image.jpg","articleSection":["Not\u00edcias"],"inLanguage":"en-US"},{"@type":"WebPage","@id":"https:\/\/portugalexpo2020dubai.pt\/index.php\/2021\/11\/17\/quatro-maravilhas-naturais-do-pavilhao-de-portugal-na-expo-2020-dubai\/?lang=pt-pt","url":"https:\/\/portugalexpo2020dubai.pt\/index.php\/2021\/11\/17\/quatro-maravilhas-naturais-do-pavilhao-de-portugal-na-expo-2020-dubai\/?lang=pt-pt","name":"Quatro maravilhas naturais do Pavilh\u00e3o de Portugal na Expo 2020 Dubai - Portugal Expo 2020 Dubai %","isPartOf":{"@id":"https:\/\/portugalexpo2020dubai.pt\/#website"},"primaryImageOfPage":{"@id":"https:\/\/portugalexpo2020dubai.pt\/index.php\/2021\/11\/17\/quatro-maravilhas-naturais-do-pavilhao-de-portugal-na-expo-2020-dubai\/?lang=pt-pt#primaryimage"},"image":{"@id":"https:\/\/portugalexpo2020dubai.pt\/index.php\/2021\/11\/17\/quatro-maravilhas-naturais-do-pavilhao-de-portugal-na-expo-2020-dubai\/?lang=pt-pt#primaryimage"},"thumbnailUrl":"https:\/\/portugalexpo2020dubai.pt\/wp-content\/uploads\/2021\/11\/MicrosoftTeams-image.jpg","datePublished":"2021-11-17T11:44:05+00:00","dateModified":"2021-11-18T13:50:41+00:00","description":"Com mais de 1.800 metros quadrados, distribu\u00eddos por tr\u00eas pisos, o Pavilh\u00e3o de Portugal na Expo 2020 Dubai \u00e9 uma verdadeira montra da hist\u00f3ria, cultura, talento e inova\u00e7\u00e3o do pa\u00eds.","breadcrumb":{"@id":"https:\/\/portugalexpo2020dubai.pt\/index.php\/2021\/11\/17\/quatro-maravilhas-naturais-do-pavilhao-de-portugal-na-expo-2020-dubai\/?lang=pt-pt#breadcrumb"},"inLanguage":"en-US","potentialAction":[{"@type":"ReadAction","target":["https:\/\/portugalexpo2020dubai.pt\/index.php\/2021\/11\/17\/quatro-maravilhas-naturais-do-pavilhao-de-portugal-na-expo-2020-dubai\/?lang=pt-pt"]}]},{"@type":"ImageObject","inLanguage":"en-US","@id":"https:\/\/portugalexpo2020dubai.pt\/index.php\/2021\/11\/17\/quatro-maravilhas-naturais-do-pavilhao-de-portugal-na-expo-2020-dubai\/?lang=pt-pt#primaryimage","url":"https:\/\/portugalexpo2020dubai.pt\/wp-content\/uploads\/2021\/11\/MicrosoftTeams-image.jpg","contentUrl":"https:\/\/portugalexpo2020dubai.pt\/wp-content\/uploads\/2021\/11\/MicrosoftTeams-image.jpg","width":1570,"height":1047},{"@type":"BreadcrumbList","@id":"https:\/\/portugalexpo2020dubai.pt\/index.php\/2021\/11\/17\/quatro-maravilhas-naturais-do-pavilhao-de-portugal-na-expo-2020-dubai\/?lang=pt-pt#breadcrumb","itemListElement":[{"@type":"ListItem","position":1,"name":"Home","item":"https:\/\/portugalexpo2020dubai.pt\/"},{"@type":"ListItem","position":2,"name":"Quatro maravilhas naturais do Pavilh\u00e3o de Portugal na Expo 2020 Dubai"}]},{"@type":"WebSite","@id":"https:\/\/portugalexpo2020dubai.pt\/#website","url":"https:\/\/portugalexpo2020dubai.pt\/","name":"Portugal Expo 2020 Dubai","description":"Portugal Expo 2020 Dubai","publisher":{"@id":"https:\/\/portugalexpo2020dubai.pt\/#organization"},"potentialAction":[{"@type":"SearchAction","target":{"@type":"EntryPoint","urlTemplate":"https:\/\/portugalexpo2020dubai.pt\/?s={search_term_string}"},"query-input":{"@type":"PropertyValueSpecification","valueRequired":true,"valueName":"search_term_string"}}],"inLanguage":"en-US"},{"@type":"Organization","@id":"https:\/\/portugalexpo2020dubai.pt\/#organization","name":"Portugal Expo 2020 Dubai","url":"https:\/\/portugalexpo2020dubai.pt\/","logo":{"@type":"ImageObject","inLanguage":"en-US","@id":"https:\/\/portugalexpo2020dubai.pt\/#\/schema\/logo\/image\/","url":"https:\/\/portugalexpo2020dubai.pt\/wp-content\/uploads\/2021\/09\/logo_aicep.png","contentUrl":"https:\/\/portugalexpo2020dubai.pt\/wp-content\/uploads\/2021\/09\/logo_aicep.png","width":830,"height":200,"caption":"Portugal Expo 2020 Dubai"},"image":{"@id":"https:\/\/portugalexpo2020dubai.pt\/#\/schema\/logo\/image\/"},"sameAs":["https:\/\/www.facebook.com\/portugalexpo2020","https:\/\/x.com\/PTexpo2020","https:\/\/www.instagram.com\/portugalexpo2020\/"]},{"@type":"Person","@id":"https:\/\/portugalexpo2020dubai.pt\/#\/schema\/person\/b3a886f492d6f9451dd81753e22488f9","name":"Catarina Beija","image":{"@type":"ImageObject","inLanguage":"en-US","@id":"https:\/\/secure.gravatar.com\/avatar\/4c9f1d7d0df92294044bdecb88b912257abbbac65d788bc499eb2cceb120941a?s=96&d=mm&r=g","url":"https:\/\/secure.gravatar.com\/avatar\/4c9f1d7d0df92294044bdecb88b912257abbbac65d788bc499eb2cceb120941a?s=96&d=mm&r=g","contentUrl":"https:\/\/secure.gravatar.com\/avatar\/4c9f1d7d0df92294044bdecb88b912257abbbac65d788bc499eb2cceb120941a?s=96&d=mm&r=g","caption":"Catarina Beija"},"url":"https:\/\/portugalexpo2020dubai.pt\/index.php\/author\/catarina-beijaportugalglobal-pt\/"}]}},"cc_featured_image_caption":{"caption_text":"","source_text":"","source_url":""},"_links":{"self":[{"href":"https:\/\/portugalexpo2020dubai.pt\/index.php\/wp-json\/wp\/v2\/posts\/6213","targetHints":{"allow":["GET"]}}],"collection":[{"href":"https:\/\/portugalexpo2020dubai.pt\/index.php\/wp-json\/wp\/v2\/posts"}],"about":[{"href":"https:\/\/portugalexpo2020dubai.pt\/index.php\/wp-json\/wp\/v2\/types\/post"}],"author":[{"embeddable":true,"href":"https:\/\/portugalexpo2020dubai.pt\/index.php\/wp-json\/wp\/v2\/users\/2"}],"replies":[{"embeddable":true,"href":"https:\/\/portugalexpo2020dubai.pt\/index.php\/wp-json\/wp\/v2\/comments?post=6213"}],"version-history":[{"count":4,"href":"https:\/\/portugalexpo2020dubai.pt\/index.php\/wp-json\/wp\/v2\/posts\/6213\/revisions"}],"predecessor-version":[{"id":6235,"href":"https:\/\/portugalexpo2020dubai.pt\/index.php\/wp-json\/wp\/v2\/posts\/6213\/revisions\/6235"}],"wp:featuredmedia":[{"embeddable":true,"href":"https:\/\/portugalexpo2020dubai.pt\/index.php\/wp-json\/wp\/v2\/media\/6195"}],"wp:attachment":[{"href":"https:\/\/portugalexpo2020dubai.pt\/index.php\/wp-json\/wp\/v2\/media?parent=6213"}],"wp:term":[{"taxonomy":"category","embeddable":true,"href":"https:\/\/portugalexpo2020dubai.pt\/index.php\/wp-json\/wp\/v2\/categories?post=6213"},{"taxonomy":"post_tag","embeddable":true,"href":"https:\/\/portugalexpo2020dubai.pt\/index.php\/wp-json\/wp\/v2\/tags?post=6213"}],"curies":[{"name":"wp","href":"https:\/\/api.w.org\/{rel}","templated":true}]}}