{"id":6031,"date":"2021-11-14T16:47:53","date_gmt":"2021-11-14T16:47:53","guid":{"rendered":"https:\/\/portugalexpo2020dubai.pt\/?p=6031"},"modified":"2021-11-14T19:09:01","modified_gmt":"2021-11-14T19:09:01","slug":"cluster-aeronautico-e-investimento-no-alentejo-promovidos-no-dubai","status":"publish","type":"post","link":"https:\/\/portugalexpo2020dubai.pt\/index.php\/2021\/11\/14\/cluster-aeronautico-e-investimento-no-alentejo-promovidos-no-dubai\/?lang=pt-pt","title":{"rendered":"Cluster aeron\u00e1utico e investimento no Alentejo promovidos no Dubai"},"content":{"rendered":"<p>[vc_row][vc_column][vc_empty_space height=&#8221;50px&#8221;][vc_column_text]<strong>O setor aeroespacial e as oportunidades de investimento nos concelhos de Ponte de Sor, Beja, \u00c9vora e Sines s\u00e3o o foco da miss\u00e3o institucional que o Alentejo vai &#8216;levar&#8217; ao Dubai, a partir de segunda-feira.<\/strong><\/p>\n<p>&nbsp;<\/p>\n<p>A miss\u00e3o vai decorrer no Dubai Air Show e na Expo 2020 Dubai, entre segunda e quarta-feira, divulgou hoje a C\u00e2mara de Ponte de Sor, que lidera a visita e o eixo da promo\u00e7\u00e3o internacional do setor aeroespacial do programa \u201cInvest in Alentejo\u201d, um dos projetos cofinanciados pela Ag\u00eancia de Desenvolvimento Regional do Alentejo (ADRAL).<\/p>\n<p>&nbsp;<\/p>\n<p>Na segunda-feira, \u201co dia 15 ser\u00e1 exclusivamente dedicado ao Dubai Air Show, com reuni\u00f5es j\u00e1 agendadas com diversas multinacionais do setor\u201d, revelou o munic\u00edpio alentejano, em comunicado enviado hoje \u00e0 ag\u00eancia Lusa.<br \/>\nO objetivo \u00e9 \u201cdar a conhecer as oportunidades de investimento e de deslocaliza\u00e7\u00e3o de unidades de produ\u00e7\u00e3o para a regi\u00e3o do Alentejo\u201d, acrescentou.<\/p>\n<p>&nbsp;<\/p>\n<p>O dia seguinte ser\u00e1 \u201cexclusivamente dedicado\u201d \u00e0 Expo Dubai 2020, com a organiza\u00e7\u00e3o do semin\u00e1rio \u201cPortugal Aviation, Energy and Digital Seminar Program\u201d, no Pavilh\u00e3o de Portugal.\u00a0Trata-se de \u201cuma oportunidade\u201d para \u201capresentar ao vivo, na exposi\u00e7\u00e3o, a estrat\u00e9gia de capta\u00e7\u00e3o de investimento do eixo da aeron\u00e1utica do &#8216;Invest in Alentejo&#8217;\u201d, referiu a autarquia.<\/p>\n<p>&nbsp;<\/p>\n<p>Para quarta-feira, o programa inclui est\u00e3o \u201cencontros isolados\u201d com empresas fora das feiras e certames de companhias sediadas no Sharhaj Innovation Park e no Dubai South.<\/p>\n<p>&nbsp;<\/p>\n<p>A aeron\u00e1utica, os portos e log\u00edstica, o turismo e a agroind\u00fastria s\u00e3o os quatro eixos que o Alentejo est\u00e1 a promover internacionalmente, atrav\u00e9s do programa \u201cInvest in Alentejo\u201d.\u00a0Este programa, cofinanciado por fundos comunit\u00e1rios, visa aumentar o reconhecimento internacional dos setores estrat\u00e9gicos do Alentejo, promover internacionalmente o potencial regional atrav\u00e9s das suas infraestruturas e fortalecer no estrangeiro os setores econ\u00f3micos existentes.<\/p>\n<p>&nbsp;<\/p>\n<p>O projeto tem como principal objetivo promover os principais equipamentos e recursos associados \u00e0 regi\u00e3o, tais como o Porto de Sines, Alqueva, Aeroporto de Beja, Zona Industrial e Log\u00edstica de Sines (ZILS), parques de ind\u00fastria aeron\u00e1utica de \u00c9vora, Beja e Ponte de Sor e o Parque do Alentejo de Ci\u00eancia e Tecnologia (PACT), entre outros.<\/p>\n<p>&nbsp;<\/p>\n<p><strong>Lusa<\/strong><\/p>\n","protected":false},"excerpt":{"rendered":"<p>O setor aeroespacial e as oportunidades de investimento nos concelhos de Ponte de Sor, Beja, \u00c9vora e Sines s\u00e3o o foco da miss\u00e3o institucional que o Alentejo vai &#8216;levar&#8217; ao Dubai, a partir de segunda-feira.<\/p>\n","protected":false},"author":2,"featured_media":6058,"comment_status":"closed","ping_status":"closed","sticky":false,"template":"","format":"standard","meta":{"_monsterinsights_skip_tracking":false,"_monsterinsights_sitenote_active":false,"_monsterinsights_sitenote_note":"","_monsterinsights_sitenote_category":0,"footnotes":""},"categories":[71],"tags":[],"class_list":["post-6031","post","type-post","status-publish","format-standard","has-post-thumbnail","hentry","category-news-pt-pt"],"yoast_head":"<!-- This site is optimized with the Yoast SEO plugin v27.5 - https:\/\/yoast.com\/product\/yoast-seo-wordpress\/ -->\n<title>Cluster aeron\u00e1utico e investimento no Alentejo promovidos no Dubai - Portugal Expo 2020 Dubai<\/title>\n<meta name=\"description\" content=\"O setor aeroespacial e as oportunidades de investimento nos concelhos de Ponte de Sor, Beja, \u00c9vora e Sines s\u00e3o o foco da miss\u00e3o institucional que o Alentejo vai &#039;levar&#039; ao Dubai, a partir de segunda-feira.\" \/>\n<meta name=\"robots\" content=\"index, follow, max-snippet:-1, max-image-preview:large, max-video-preview:-1\" \/>\n<link rel=\"canonical\" href=\"https:\/\/portugalexpo2020dubai.pt\/index.php\/2021\/11\/14\/cluster-aeronautico-e-investimento-no-alentejo-promovidos-no-dubai\/\" \/>\n<meta property=\"og:locale\" content=\"en_US\" \/>\n<meta property=\"og:type\" content=\"article\" \/>\n<meta property=\"og:title\" content=\"Cluster aeron\u00e1utico e investimento no Alentejo promovidos no Dubai - Portugal Expo 2020 Dubai\" \/>\n<meta property=\"og:description\" content=\"O setor aeroespacial e as oportunidades de investimento nos concelhos de Ponte de Sor, Beja, \u00c9vora e Sines s\u00e3o o foco da miss\u00e3o institucional que o Alentejo vai &#039;levar&#039; ao Dubai, a partir de segunda-feira.\" \/>\n<meta property=\"og:url\" content=\"https:\/\/portugalexpo2020dubai.pt\/index.php\/2021\/11\/14\/cluster-aeronautico-e-investimento-no-alentejo-promovidos-no-dubai\/?lang=pt-pt\" \/>\n<meta property=\"og:site_name\" content=\"Portugal Expo 2020 Dubai\" \/>\n<meta property=\"article:publisher\" content=\"https:\/\/www.facebook.com\/portugalexpo2020\" \/>\n<meta property=\"article:published_time\" content=\"2021-11-14T16:47:53+00:00\" \/>\n<meta property=\"article:modified_time\" content=\"2021-11-14T19:09:01+00:00\" \/>\n<meta property=\"og:image\" content=\"https:\/\/portugalexpo2020dubai.pt\/wp-content\/uploads\/2021\/11\/Expo-Dubai-Air-Show.jpg\" \/>\n\t<meta property=\"og:image:width\" content=\"2048\" \/>\n\t<meta property=\"og:image:height\" content=\"1365\" \/>\n\t<meta property=\"og:image:type\" content=\"image\/jpeg\" \/>\n<meta name=\"author\" content=\"Catarina Beija\" \/>\n<meta name=\"twitter:card\" content=\"summary_large_image\" \/>\n<meta name=\"twitter:creator\" content=\"@PTexpo2020\" \/>\n<meta name=\"twitter:site\" content=\"@PTexpo2020\" \/>\n<meta name=\"twitter:label1\" content=\"Written by\" \/>\n\t<meta name=\"twitter:data1\" content=\"Catarina Beija\" \/>\n\t<meta name=\"twitter:label2\" content=\"Est. reading time\" \/>\n\t<meta name=\"twitter:data2\" content=\"2 minutes\" \/>\n<script type=\"application\/ld+json\" class=\"yoast-schema-graph\">{\"@context\":\"https:\\\/\\\/schema.org\",\"@graph\":[{\"@type\":\"Article\",\"@id\":\"https:\\\/\\\/portugalexpo2020dubai.pt\\\/index.php\\\/2021\\\/11\\\/14\\\/cluster-aeronautico-e-investimento-no-alentejo-promovidos-no-dubai\\\/?lang=pt-pt#article\",\"isPartOf\":{\"@id\":\"https:\\\/\\\/portugalexpo2020dubai.pt\\\/index.php\\\/2021\\\/11\\\/14\\\/cluster-aeronautico-e-investimento-no-alentejo-promovidos-no-dubai\\\/?lang=pt-pt\"},\"author\":{\"name\":\"Catarina Beija\",\"@id\":\"https:\\\/\\\/portugalexpo2020dubai.pt\\\/#\\\/schema\\\/person\\\/b3a886f492d6f9451dd81753e22488f9\"},\"headline\":\"Cluster aeron\u00e1utico e investimento no Alentejo promovidos no Dubai\",\"datePublished\":\"2021-11-14T16:47:53+00:00\",\"dateModified\":\"2021-11-14T19:09:01+00:00\",\"mainEntityOfPage\":{\"@id\":\"https:\\\/\\\/portugalexpo2020dubai.pt\\\/index.php\\\/2021\\\/11\\\/14\\\/cluster-aeronautico-e-investimento-no-alentejo-promovidos-no-dubai\\\/?lang=pt-pt\"},\"wordCount\":397,\"publisher\":{\"@id\":\"https:\\\/\\\/portugalexpo2020dubai.pt\\\/#organization\"},\"image\":{\"@id\":\"https:\\\/\\\/portugalexpo2020dubai.pt\\\/index.php\\\/2021\\\/11\\\/14\\\/cluster-aeronautico-e-investimento-no-alentejo-promovidos-no-dubai\\\/?lang=pt-pt#primaryimage\"},\"thumbnailUrl\":\"https:\\\/\\\/portugalexpo2020dubai.pt\\\/wp-content\\\/uploads\\\/2021\\\/11\\\/Expo-Dubai-Air-Show.jpg\",\"articleSection\":[\"Not\u00edcias\"],\"inLanguage\":\"en-US\"},{\"@type\":\"WebPage\",\"@id\":\"https:\\\/\\\/portugalexpo2020dubai.pt\\\/index.php\\\/2021\\\/11\\\/14\\\/cluster-aeronautico-e-investimento-no-alentejo-promovidos-no-dubai\\\/?lang=pt-pt\",\"url\":\"https:\\\/\\\/portugalexpo2020dubai.pt\\\/index.php\\\/2021\\\/11\\\/14\\\/cluster-aeronautico-e-investimento-no-alentejo-promovidos-no-dubai\\\/?lang=pt-pt\",\"name\":\"Cluster aeron\u00e1utico e investimento no Alentejo promovidos no Dubai - Portugal Expo 2020 Dubai\",\"isPartOf\":{\"@id\":\"https:\\\/\\\/portugalexpo2020dubai.pt\\\/#website\"},\"primaryImageOfPage\":{\"@id\":\"https:\\\/\\\/portugalexpo2020dubai.pt\\\/index.php\\\/2021\\\/11\\\/14\\\/cluster-aeronautico-e-investimento-no-alentejo-promovidos-no-dubai\\\/?lang=pt-pt#primaryimage\"},\"image\":{\"@id\":\"https:\\\/\\\/portugalexpo2020dubai.pt\\\/index.php\\\/2021\\\/11\\\/14\\\/cluster-aeronautico-e-investimento-no-alentejo-promovidos-no-dubai\\\/?lang=pt-pt#primaryimage\"},\"thumbnailUrl\":\"https:\\\/\\\/portugalexpo2020dubai.pt\\\/wp-content\\\/uploads\\\/2021\\\/11\\\/Expo-Dubai-Air-Show.jpg\",\"datePublished\":\"2021-11-14T16:47:53+00:00\",\"dateModified\":\"2021-11-14T19:09:01+00:00\",\"description\":\"O setor aeroespacial e as oportunidades de investimento nos concelhos de Ponte de Sor, Beja, \u00c9vora e Sines s\u00e3o o foco da miss\u00e3o institucional que o Alentejo vai 'levar' ao Dubai, a partir de segunda-feira.\",\"breadcrumb\":{\"@id\":\"https:\\\/\\\/portugalexpo2020dubai.pt\\\/index.php\\\/2021\\\/11\\\/14\\\/cluster-aeronautico-e-investimento-no-alentejo-promovidos-no-dubai\\\/?lang=pt-pt#breadcrumb\"},\"inLanguage\":\"en-US\",\"potentialAction\":[{\"@type\":\"ReadAction\",\"target\":[\"https:\\\/\\\/portugalexpo2020dubai.pt\\\/index.php\\\/2021\\\/11\\\/14\\\/cluster-aeronautico-e-investimento-no-alentejo-promovidos-no-dubai\\\/?lang=pt-pt\"]}]},{\"@type\":\"ImageObject\",\"inLanguage\":\"en-US\",\"@id\":\"https:\\\/\\\/portugalexpo2020dubai.pt\\\/index.php\\\/2021\\\/11\\\/14\\\/cluster-aeronautico-e-investimento-no-alentejo-promovidos-no-dubai\\\/?lang=pt-pt#primaryimage\",\"url\":\"https:\\\/\\\/portugalexpo2020dubai.pt\\\/wp-content\\\/uploads\\\/2021\\\/11\\\/Expo-Dubai-Air-Show.jpg\",\"contentUrl\":\"https:\\\/\\\/portugalexpo2020dubai.pt\\\/wp-content\\\/uploads\\\/2021\\\/11\\\/Expo-Dubai-Air-Show.jpg\",\"width\":2048,\"height\":1365},{\"@type\":\"BreadcrumbList\",\"@id\":\"https:\\\/\\\/portugalexpo2020dubai.pt\\\/index.php\\\/2021\\\/11\\\/14\\\/cluster-aeronautico-e-investimento-no-alentejo-promovidos-no-dubai\\\/?lang=pt-pt#breadcrumb\",\"itemListElement\":[{\"@type\":\"ListItem\",\"position\":1,\"name\":\"Home\",\"item\":\"https:\\\/\\\/portugalexpo2020dubai.pt\\\/\"},{\"@type\":\"ListItem\",\"position\":2,\"name\":\"Cluster aeron\u00e1utico e investimento no Alentejo promovidos no Dubai\"}]},{\"@type\":\"WebSite\",\"@id\":\"https:\\\/\\\/portugalexpo2020dubai.pt\\\/#website\",\"url\":\"https:\\\/\\\/portugalexpo2020dubai.pt\\\/\",\"name\":\"Portugal Expo 2020 Dubai\",\"description\":\"Portugal Expo 2020 Dubai\",\"publisher\":{\"@id\":\"https:\\\/\\\/portugalexpo2020dubai.pt\\\/#organization\"},\"potentialAction\":[{\"@type\":\"SearchAction\",\"target\":{\"@type\":\"EntryPoint\",\"urlTemplate\":\"https:\\\/\\\/portugalexpo2020dubai.pt\\\/?s={search_term_string}\"},\"query-input\":{\"@type\":\"PropertyValueSpecification\",\"valueRequired\":true,\"valueName\":\"search_term_string\"}}],\"inLanguage\":\"en-US\"},{\"@type\":\"Organization\",\"@id\":\"https:\\\/\\\/portugalexpo2020dubai.pt\\\/#organization\",\"name\":\"Portugal Expo 2020 Dubai\",\"url\":\"https:\\\/\\\/portugalexpo2020dubai.pt\\\/\",\"logo\":{\"@type\":\"ImageObject\",\"inLanguage\":\"en-US\",\"@id\":\"https:\\\/\\\/portugalexpo2020dubai.pt\\\/#\\\/schema\\\/logo\\\/image\\\/\",\"url\":\"https:\\\/\\\/portugalexpo2020dubai.pt\\\/wp-content\\\/uploads\\\/2021\\\/09\\\/logo_aicep.png\",\"contentUrl\":\"https:\\\/\\\/portugalexpo2020dubai.pt\\\/wp-content\\\/uploads\\\/2021\\\/09\\\/logo_aicep.png\",\"width\":830,\"height\":200,\"caption\":\"Portugal Expo 2020 Dubai\"},\"image\":{\"@id\":\"https:\\\/\\\/portugalexpo2020dubai.pt\\\/#\\\/schema\\\/logo\\\/image\\\/\"},\"sameAs\":[\"https:\\\/\\\/www.facebook.com\\\/portugalexpo2020\",\"https:\\\/\\\/x.com\\\/PTexpo2020\",\"https:\\\/\\\/www.instagram.com\\\/portugalexpo2020\\\/\"]},{\"@type\":\"Person\",\"@id\":\"https:\\\/\\\/portugalexpo2020dubai.pt\\\/#\\\/schema\\\/person\\\/b3a886f492d6f9451dd81753e22488f9\",\"name\":\"Catarina Beija\",\"image\":{\"@type\":\"ImageObject\",\"inLanguage\":\"en-US\",\"@id\":\"https:\\\/\\\/secure.gravatar.com\\\/avatar\\\/4c9f1d7d0df92294044bdecb88b912257abbbac65d788bc499eb2cceb120941a?s=96&d=mm&r=g\",\"url\":\"https:\\\/\\\/secure.gravatar.com\\\/avatar\\\/4c9f1d7d0df92294044bdecb88b912257abbbac65d788bc499eb2cceb120941a?s=96&d=mm&r=g\",\"contentUrl\":\"https:\\\/\\\/secure.gravatar.com\\\/avatar\\\/4c9f1d7d0df92294044bdecb88b912257abbbac65d788bc499eb2cceb120941a?s=96&d=mm&r=g\",\"caption\":\"Catarina Beija\"},\"url\":\"https:\\\/\\\/portugalexpo2020dubai.pt\\\/index.php\\\/author\\\/catarina-beijaportugalglobal-pt\\\/\"}]}<\/script>\n<!-- \/ Yoast SEO plugin. -->","yoast_head_json":{"title":"Cluster aeron\u00e1utico e investimento no Alentejo promovidos no Dubai - Portugal Expo 2020 Dubai","description":"O setor aeroespacial e as oportunidades de investimento nos concelhos de Ponte de Sor, Beja, \u00c9vora e Sines s\u00e3o o foco da miss\u00e3o institucional que o Alentejo vai 'levar' ao Dubai, a partir de segunda-feira.","robots":{"index":"index","follow":"follow","max-snippet":"max-snippet:-1","max-image-preview":"max-image-preview:large","max-video-preview":"max-video-preview:-1"},"canonical":"https:\/\/portugalexpo2020dubai.pt\/index.php\/2021\/11\/14\/cluster-aeronautico-e-investimento-no-alentejo-promovidos-no-dubai\/","og_locale":"en_US","og_type":"article","og_title":"Cluster aeron\u00e1utico e investimento no Alentejo promovidos no Dubai - Portugal Expo 2020 Dubai","og_description":"O setor aeroespacial e as oportunidades de investimento nos concelhos de Ponte de Sor, Beja, \u00c9vora e Sines s\u00e3o o foco da miss\u00e3o institucional que o Alentejo vai 'levar' ao Dubai, a partir de segunda-feira.","og_url":"https:\/\/portugalexpo2020dubai.pt\/index.php\/2021\/11\/14\/cluster-aeronautico-e-investimento-no-alentejo-promovidos-no-dubai\/?lang=pt-pt","og_site_name":"Portugal Expo 2020 Dubai","article_publisher":"https:\/\/www.facebook.com\/portugalexpo2020","article_published_time":"2021-11-14T16:47:53+00:00","article_modified_time":"2021-11-14T19:09:01+00:00","og_image":[{"width":2048,"height":1365,"url":"https:\/\/portugalexpo2020dubai.pt\/wp-content\/uploads\/2021\/11\/Expo-Dubai-Air-Show.jpg","type":"image\/jpeg"}],"author":"Catarina Beija","twitter_card":"summary_large_image","twitter_creator":"@PTexpo2020","twitter_site":"@PTexpo2020","twitter_misc":{"Written by":"Catarina Beija","Est. reading time":"2 minutes"},"schema":{"@context":"https:\/\/schema.org","@graph":[{"@type":"Article","@id":"https:\/\/portugalexpo2020dubai.pt\/index.php\/2021\/11\/14\/cluster-aeronautico-e-investimento-no-alentejo-promovidos-no-dubai\/?lang=pt-pt#article","isPartOf":{"@id":"https:\/\/portugalexpo2020dubai.pt\/index.php\/2021\/11\/14\/cluster-aeronautico-e-investimento-no-alentejo-promovidos-no-dubai\/?lang=pt-pt"},"author":{"name":"Catarina Beija","@id":"https:\/\/portugalexpo2020dubai.pt\/#\/schema\/person\/b3a886f492d6f9451dd81753e22488f9"},"headline":"Cluster aeron\u00e1utico e investimento no Alentejo promovidos no Dubai","datePublished":"2021-11-14T16:47:53+00:00","dateModified":"2021-11-14T19:09:01+00:00","mainEntityOfPage":{"@id":"https:\/\/portugalexpo2020dubai.pt\/index.php\/2021\/11\/14\/cluster-aeronautico-e-investimento-no-alentejo-promovidos-no-dubai\/?lang=pt-pt"},"wordCount":397,"publisher":{"@id":"https:\/\/portugalexpo2020dubai.pt\/#organization"},"image":{"@id":"https:\/\/portugalexpo2020dubai.pt\/index.php\/2021\/11\/14\/cluster-aeronautico-e-investimento-no-alentejo-promovidos-no-dubai\/?lang=pt-pt#primaryimage"},"thumbnailUrl":"https:\/\/portugalexpo2020dubai.pt\/wp-content\/uploads\/2021\/11\/Expo-Dubai-Air-Show.jpg","articleSection":["Not\u00edcias"],"inLanguage":"en-US"},{"@type":"WebPage","@id":"https:\/\/portugalexpo2020dubai.pt\/index.php\/2021\/11\/14\/cluster-aeronautico-e-investimento-no-alentejo-promovidos-no-dubai\/?lang=pt-pt","url":"https:\/\/portugalexpo2020dubai.pt\/index.php\/2021\/11\/14\/cluster-aeronautico-e-investimento-no-alentejo-promovidos-no-dubai\/?lang=pt-pt","name":"Cluster aeron\u00e1utico e investimento no Alentejo promovidos no Dubai - Portugal Expo 2020 Dubai","isPartOf":{"@id":"https:\/\/portugalexpo2020dubai.pt\/#website"},"primaryImageOfPage":{"@id":"https:\/\/portugalexpo2020dubai.pt\/index.php\/2021\/11\/14\/cluster-aeronautico-e-investimento-no-alentejo-promovidos-no-dubai\/?lang=pt-pt#primaryimage"},"image":{"@id":"https:\/\/portugalexpo2020dubai.pt\/index.php\/2021\/11\/14\/cluster-aeronautico-e-investimento-no-alentejo-promovidos-no-dubai\/?lang=pt-pt#primaryimage"},"thumbnailUrl":"https:\/\/portugalexpo2020dubai.pt\/wp-content\/uploads\/2021\/11\/Expo-Dubai-Air-Show.jpg","datePublished":"2021-11-14T16:47:53+00:00","dateModified":"2021-11-14T19:09:01+00:00","description":"O setor aeroespacial e as oportunidades de investimento nos concelhos de Ponte de Sor, Beja, \u00c9vora e Sines s\u00e3o o foco da miss\u00e3o institucional que o Alentejo vai 'levar' ao Dubai, a partir de segunda-feira.","breadcrumb":{"@id":"https:\/\/portugalexpo2020dubai.pt\/index.php\/2021\/11\/14\/cluster-aeronautico-e-investimento-no-alentejo-promovidos-no-dubai\/?lang=pt-pt#breadcrumb"},"inLanguage":"en-US","potentialAction":[{"@type":"ReadAction","target":["https:\/\/portugalexpo2020dubai.pt\/index.php\/2021\/11\/14\/cluster-aeronautico-e-investimento-no-alentejo-promovidos-no-dubai\/?lang=pt-pt"]}]},{"@type":"ImageObject","inLanguage":"en-US","@id":"https:\/\/portugalexpo2020dubai.pt\/index.php\/2021\/11\/14\/cluster-aeronautico-e-investimento-no-alentejo-promovidos-no-dubai\/?lang=pt-pt#primaryimage","url":"https:\/\/portugalexpo2020dubai.pt\/wp-content\/uploads\/2021\/11\/Expo-Dubai-Air-Show.jpg","contentUrl":"https:\/\/portugalexpo2020dubai.pt\/wp-content\/uploads\/2021\/11\/Expo-Dubai-Air-Show.jpg","width":2048,"height":1365},{"@type":"BreadcrumbList","@id":"https:\/\/portugalexpo2020dubai.pt\/index.php\/2021\/11\/14\/cluster-aeronautico-e-investimento-no-alentejo-promovidos-no-dubai\/?lang=pt-pt#breadcrumb","itemListElement":[{"@type":"ListItem","position":1,"name":"Home","item":"https:\/\/portugalexpo2020dubai.pt\/"},{"@type":"ListItem","position":2,"name":"Cluster aeron\u00e1utico e investimento no Alentejo promovidos no Dubai"}]},{"@type":"WebSite","@id":"https:\/\/portugalexpo2020dubai.pt\/#website","url":"https:\/\/portugalexpo2020dubai.pt\/","name":"Portugal Expo 2020 Dubai","description":"Portugal Expo 2020 Dubai","publisher":{"@id":"https:\/\/portugalexpo2020dubai.pt\/#organization"},"potentialAction":[{"@type":"SearchAction","target":{"@type":"EntryPoint","urlTemplate":"https:\/\/portugalexpo2020dubai.pt\/?s={search_term_string}"},"query-input":{"@type":"PropertyValueSpecification","valueRequired":true,"valueName":"search_term_string"}}],"inLanguage":"en-US"},{"@type":"Organization","@id":"https:\/\/portugalexpo2020dubai.pt\/#organization","name":"Portugal Expo 2020 Dubai","url":"https:\/\/portugalexpo2020dubai.pt\/","logo":{"@type":"ImageObject","inLanguage":"en-US","@id":"https:\/\/portugalexpo2020dubai.pt\/#\/schema\/logo\/image\/","url":"https:\/\/portugalexpo2020dubai.pt\/wp-content\/uploads\/2021\/09\/logo_aicep.png","contentUrl":"https:\/\/portugalexpo2020dubai.pt\/wp-content\/uploads\/2021\/09\/logo_aicep.png","width":830,"height":200,"caption":"Portugal Expo 2020 Dubai"},"image":{"@id":"https:\/\/portugalexpo2020dubai.pt\/#\/schema\/logo\/image\/"},"sameAs":["https:\/\/www.facebook.com\/portugalexpo2020","https:\/\/x.com\/PTexpo2020","https:\/\/www.instagram.com\/portugalexpo2020\/"]},{"@type":"Person","@id":"https:\/\/portugalexpo2020dubai.pt\/#\/schema\/person\/b3a886f492d6f9451dd81753e22488f9","name":"Catarina Beija","image":{"@type":"ImageObject","inLanguage":"en-US","@id":"https:\/\/secure.gravatar.com\/avatar\/4c9f1d7d0df92294044bdecb88b912257abbbac65d788bc499eb2cceb120941a?s=96&d=mm&r=g","url":"https:\/\/secure.gravatar.com\/avatar\/4c9f1d7d0df92294044bdecb88b912257abbbac65d788bc499eb2cceb120941a?s=96&d=mm&r=g","contentUrl":"https:\/\/secure.gravatar.com\/avatar\/4c9f1d7d0df92294044bdecb88b912257abbbac65d788bc499eb2cceb120941a?s=96&d=mm&r=g","caption":"Catarina Beija"},"url":"https:\/\/portugalexpo2020dubai.pt\/index.php\/author\/catarina-beijaportugalglobal-pt\/"}]}},"cc_featured_image_caption":{"caption_text":"","source_text":"","source_url":""},"_links":{"self":[{"href":"https:\/\/portugalexpo2020dubai.pt\/index.php\/wp-json\/wp\/v2\/posts\/6031","targetHints":{"allow":["GET"]}}],"collection":[{"href":"https:\/\/portugalexpo2020dubai.pt\/index.php\/wp-json\/wp\/v2\/posts"}],"about":[{"href":"https:\/\/portugalexpo2020dubai.pt\/index.php\/wp-json\/wp\/v2\/types\/post"}],"author":[{"embeddable":true,"href":"https:\/\/portugalexpo2020dubai.pt\/index.php\/wp-json\/wp\/v2\/users\/2"}],"replies":[{"embeddable":true,"href":"https:\/\/portugalexpo2020dubai.pt\/index.php\/wp-json\/wp\/v2\/comments?post=6031"}],"version-history":[{"count":4,"href":"https:\/\/portugalexpo2020dubai.pt\/index.php\/wp-json\/wp\/v2\/posts\/6031\/revisions"}],"predecessor-version":[{"id":6040,"href":"https:\/\/portugalexpo2020dubai.pt\/index.php\/wp-json\/wp\/v2\/posts\/6031\/revisions\/6040"}],"wp:featuredmedia":[{"embeddable":true,"href":"https:\/\/portugalexpo2020dubai.pt\/index.php\/wp-json\/wp\/v2\/media\/6058"}],"wp:attachment":[{"href":"https:\/\/portugalexpo2020dubai.pt\/index.php\/wp-json\/wp\/v2\/media?parent=6031"}],"wp:term":[{"taxonomy":"category","embeddable":true,"href":"https:\/\/portugalexpo2020dubai.pt\/index.php\/wp-json\/wp\/v2\/categories?post=6031"},{"taxonomy":"post_tag","embeddable":true,"href":"https:\/\/portugalexpo2020dubai.pt\/index.php\/wp-json\/wp\/v2\/tags?post=6031"}],"curies":[{"name":"wp","href":"https:\/\/api.w.org\/{rel}","templated":true}]}}