{"id":5920,"date":"2021-11-15T00:00:27","date_gmt":"2021-11-15T00:00:27","guid":{"rendered":"https:\/\/portugalexpo2020dubai.pt\/?p=5920"},"modified":"2021-11-16T10:33:51","modified_gmt":"2021-11-16T10:33:51","slug":"fileira-casa-portuguesa-em-destaque-na-expo-2020-dubai-ate-dezembro","status":"publish","type":"post","link":"https:\/\/portugalexpo2020dubai.pt\/index.php\/2021\/11\/15\/fileira-casa-portuguesa-em-destaque-na-expo-2020-dubai-ate-dezembro\/?lang=pt-pt","title":{"rendered":"Fileira Casa portuguesa em destaque na Expo 2020 Dubai at\u00e9 dezembro"},"content":{"rendered":"<p>[vc_row][vc_column][vc_empty_space height=&#8221;50px&#8221;][vc_column_text]<strong>A Fileira Casa vai estar em destaque no Pavilh\u00e3o de Portugal, entre 15 de novembro e 5 de dezembro, com a presen\u00e7a de artes\u00e3os, designers e v\u00e1rias atividades que ir\u00e3o promover a oferta diferenciadora dos produtos portugueses na Expo 2020 Dubai.<\/strong><\/p>\n<p>&nbsp;<\/p>\n<p>A abertura do m\u00eas da Fileira vai contar com a presen\u00e7a da Vice-Comiss\u00e1ria de Portugal para a Expo, Francisca Guedes de Oliveira.<\/p>\n<p>&nbsp;<\/p>\n<p>Ao longo de quatro semanas, o Pavilh\u00e3o de Portugal recebe empresas e Associa\u00e7\u00f5es da Fileira Casa, que participam na exposi\u00e7\u00e3o mundial atrav\u00e9s de confer\u00eancias e mostras de mobili\u00e1rio, pe\u00e7as de design e objetos decorativos \u2013 tudo de origem nacional.\u00a0O objetivo passa por refor\u00e7ar a notoriedade da oferta portuguesa nos setores da Fileira Casa (mobili\u00e1rio, ilumina\u00e7\u00e3o, t\u00eaxtil-lar e utilidades dom\u00e9sticas) com exposi\u00e7\u00f5es de espa\u00e7os interiores e pe\u00e7as que primam pela tradi\u00e7\u00e3o, inova\u00e7\u00e3o e utiliza\u00e7\u00e3o de mat\u00e9rias-primas sustent\u00e1veis.<\/p>\n<p>&nbsp;<\/p>\n<p>Al\u00e9m de palestras sobre o design e a sustentabilidade, haver\u00e1 tamb\u00e9m semanas tem\u00e1ticas dedicadas ao saber-fazer portugu\u00eas, com a presen\u00e7a de artes\u00e3os a trabalhar v\u00e1rias pe\u00e7as em cen\u00e1rio real \u2013 desde as cer\u00e2micas pintadas \u00e0 m\u00e3o aos tapetes de Arraiolos \u2013 mostrando aos visitantes da Expo as t\u00e9cnicas ancestrais que valorizam os produtos portugueses.<\/p>\n<p>&nbsp;<\/p>\n<blockquote>\n<p style=\"text-align: left;\">\u201cA Fileira Casa \u00e9 um bom exemplo da imagem de um Pa\u00eds que alia os seus skills tradicionais, como a corti\u00e7a ou o trabalho na pedra e na cer\u00e2mica, \u00e0s novas preocupa\u00e7\u00f5es de sustentabilidade e a novas t\u00e9cnicas inovadoras. Acreditamos que a Expo 2020 Dubai \u00e9 a montra perfeita para\u00a0\u00a0 promover a notoriedade de Portugal enquanto Pa\u00eds onde a tradi\u00e7\u00e3o e autenticidade convivem com a inova\u00e7\u00e3o, o design e a tecnologia\u201d, afirma o <strong>Comiss\u00e1rio-geral de Portugal para a Expo 2020 Dubai e Presidente da AICEP, Lu\u00eds Castro Henriques<\/strong>.<\/p>\n<\/blockquote>\n<p>&nbsp;<\/p>\n<p>A presen\u00e7a da Fileira Casa na Expo \u00e9 coordenada pela AICEP em parceria com a Associa\u00e7\u00e3o das Ind\u00fastrias de Madeira e Mobili\u00e1rio de Portugal (AIMMP). Tamb\u00e9m cabe \u00e0 AICEP dinamizar as parcerias com as restantes associa\u00e7\u00f5es da Fileira \u2013 Associa\u00e7\u00e3o Portuguesa das Ind\u00fastrias de Mobili\u00e1rio e Afins (APIMA), Associa\u00e7\u00e3o dos Industriais Portugueses de Ilumina\u00e7\u00e3o (AIPI), Home from Portugal e ASSIMAGRA (Associa\u00e7\u00e3o Portuguesa dos Industriais de M\u00e1rmores, Granitos e ramos afins).<\/p>\n<p>&nbsp;<\/p>\n<p>Conhe\u00e7a os eventos na <a href=\"https:\/\/portugalexpo2020dubai.pt\/index.php\/eventos\/?lang=pt-pt\" target=\"_blank\" rel=\"noopener\">nossa p\u00e1gina<\/a>, ou descarregue o programa completo <a href=\"https:\/\/portugalexpo2020dubai.pt\/wp-content\/uploads\/2021\/09\/Flyer_FileiraCasa_PT.png\" target=\"_blank\" rel=\"noopener\">aqui<\/a>. [\/vc_column_text][\/vc_column][\/vc_row]<\/p>\n","protected":false},"excerpt":{"rendered":"<p>A Fileira Casa vai estar em destaque no Pavilh\u00e3o de Portugal, entre 15 de novembro e 5 de dezembro, com a presen\u00e7a de artes\u00e3os, designers e v\u00e1rias atividades que ir\u00e3o promover a oferta diferenciadora dos produtos portugueses na Expo 2020 Dubai.<\/p>\n","protected":false},"author":2,"featured_media":5673,"comment_status":"closed","ping_status":"closed","sticky":false,"template":"","format":"standard","meta":{"_monsterinsights_skip_tracking":false,"_monsterinsights_sitenote_active":false,"_monsterinsights_sitenote_note":"","_monsterinsights_sitenote_category":0,"footnotes":""},"categories":[71],"tags":[],"class_list":["post-5920","post","type-post","status-publish","format-standard","has-post-thumbnail","hentry","category-news-pt-pt"],"yoast_head":"<!-- This site is optimized with the Yoast SEO plugin v27.5 - https:\/\/yoast.com\/product\/yoast-seo-wordpress\/ -->\n<title>Fileira Casa portuguesa em destaque na Expo 2020 Dubai at\u00e9 dezembro - Portugal Expo 2020 Dubai<\/title>\n<meta name=\"description\" content=\"A Fileira Casa vai estar em destaque no Pavilh\u00e3o de Portugal, entre 15 de novembro e 5 de dezembro, com a presen\u00e7a de artes\u00e3os, designers e v\u00e1rias atividades que ir\u00e3o promover a oferta diferenciadora dos produtos portugueses na Expo 2020 Dubai.\" \/>\n<meta name=\"robots\" content=\"index, follow, max-snippet:-1, max-image-preview:large, max-video-preview:-1\" \/>\n<link rel=\"canonical\" href=\"https:\/\/portugalexpo2020dubai.pt\/index.php\/2021\/11\/15\/fileira-casa-portuguesa-em-destaque-na-expo-2020-dubai-ate-dezembro\/\" \/>\n<meta property=\"og:locale\" content=\"en_US\" \/>\n<meta property=\"og:type\" content=\"article\" \/>\n<meta property=\"og:title\" content=\"Fileira Casa portuguesa em destaque na Expo 2020 Dubai at\u00e9 dezembro - Portugal Expo 2020 Dubai\" \/>\n<meta property=\"og:description\" content=\"A Fileira Casa vai estar em destaque no Pavilh\u00e3o de Portugal, entre 15 de novembro e 5 de dezembro, com a presen\u00e7a de artes\u00e3os, designers e v\u00e1rias atividades que ir\u00e3o promover a oferta diferenciadora dos produtos portugueses na Expo 2020 Dubai.\" \/>\n<meta property=\"og:url\" content=\"https:\/\/portugalexpo2020dubai.pt\/index.php\/2021\/11\/15\/fileira-casa-portuguesa-em-destaque-na-expo-2020-dubai-ate-dezembro\/?lang=pt-pt\" \/>\n<meta property=\"og:site_name\" content=\"Portugal Expo 2020 Dubai\" \/>\n<meta property=\"article:publisher\" content=\"https:\/\/www.facebook.com\/portugalexpo2020\" \/>\n<meta property=\"article:published_time\" content=\"2021-11-15T00:00:27+00:00\" \/>\n<meta property=\"article:modified_time\" content=\"2021-11-16T10:33:51+00:00\" \/>\n<meta property=\"og:image\" content=\"https:\/\/portugalexpo2020dubai.pt\/wp-content\/uploads\/2021\/11\/Fotos-Site-2-3.png\" \/>\n\t<meta property=\"og:image:width\" content=\"1440\" \/>\n\t<meta property=\"og:image:height\" content=\"740\" \/>\n\t<meta property=\"og:image:type\" content=\"image\/png\" \/>\n<meta name=\"author\" content=\"Catarina Beija\" \/>\n<meta name=\"twitter:card\" content=\"summary_large_image\" \/>\n<meta name=\"twitter:creator\" content=\"@PTexpo2020\" \/>\n<meta name=\"twitter:site\" content=\"@PTexpo2020\" \/>\n<meta name=\"twitter:label1\" content=\"Written by\" \/>\n\t<meta name=\"twitter:data1\" content=\"Catarina Beija\" \/>\n\t<meta name=\"twitter:label2\" content=\"Est. reading time\" \/>\n\t<meta name=\"twitter:data2\" content=\"2 minutes\" \/>\n<script type=\"application\/ld+json\" class=\"yoast-schema-graph\">{\"@context\":\"https:\\\/\\\/schema.org\",\"@graph\":[{\"@type\":\"Article\",\"@id\":\"https:\\\/\\\/portugalexpo2020dubai.pt\\\/index.php\\\/2021\\\/11\\\/15\\\/fileira-casa-portuguesa-em-destaque-na-expo-2020-dubai-ate-dezembro\\\/?lang=pt-pt#article\",\"isPartOf\":{\"@id\":\"https:\\\/\\\/portugalexpo2020dubai.pt\\\/index.php\\\/2021\\\/11\\\/15\\\/fileira-casa-portuguesa-em-destaque-na-expo-2020-dubai-ate-dezembro\\\/?lang=pt-pt\"},\"author\":{\"name\":\"Catarina Beija\",\"@id\":\"https:\\\/\\\/portugalexpo2020dubai.pt\\\/#\\\/schema\\\/person\\\/b3a886f492d6f9451dd81753e22488f9\"},\"headline\":\"Fileira Casa portuguesa em destaque na Expo 2020 Dubai at\u00e9 dezembro\",\"datePublished\":\"2021-11-15T00:00:27+00:00\",\"dateModified\":\"2021-11-16T10:33:51+00:00\",\"mainEntityOfPage\":{\"@id\":\"https:\\\/\\\/portugalexpo2020dubai.pt\\\/index.php\\\/2021\\\/11\\\/15\\\/fileira-casa-portuguesa-em-destaque-na-expo-2020-dubai-ate-dezembro\\\/?lang=pt-pt\"},\"wordCount\":450,\"publisher\":{\"@id\":\"https:\\\/\\\/portugalexpo2020dubai.pt\\\/#organization\"},\"image\":{\"@id\":\"https:\\\/\\\/portugalexpo2020dubai.pt\\\/index.php\\\/2021\\\/11\\\/15\\\/fileira-casa-portuguesa-em-destaque-na-expo-2020-dubai-ate-dezembro\\\/?lang=pt-pt#primaryimage\"},\"thumbnailUrl\":\"https:\\\/\\\/portugalexpo2020dubai.pt\\\/wp-content\\\/uploads\\\/2021\\\/11\\\/Fotos-Site-2-3.png\",\"articleSection\":[\"Not\u00edcias\"],\"inLanguage\":\"en-US\"},{\"@type\":\"WebPage\",\"@id\":\"https:\\\/\\\/portugalexpo2020dubai.pt\\\/index.php\\\/2021\\\/11\\\/15\\\/fileira-casa-portuguesa-em-destaque-na-expo-2020-dubai-ate-dezembro\\\/?lang=pt-pt\",\"url\":\"https:\\\/\\\/portugalexpo2020dubai.pt\\\/index.php\\\/2021\\\/11\\\/15\\\/fileira-casa-portuguesa-em-destaque-na-expo-2020-dubai-ate-dezembro\\\/?lang=pt-pt\",\"name\":\"Fileira Casa portuguesa em destaque na Expo 2020 Dubai at\u00e9 dezembro - Portugal Expo 2020 Dubai\",\"isPartOf\":{\"@id\":\"https:\\\/\\\/portugalexpo2020dubai.pt\\\/#website\"},\"primaryImageOfPage\":{\"@id\":\"https:\\\/\\\/portugalexpo2020dubai.pt\\\/index.php\\\/2021\\\/11\\\/15\\\/fileira-casa-portuguesa-em-destaque-na-expo-2020-dubai-ate-dezembro\\\/?lang=pt-pt#primaryimage\"},\"image\":{\"@id\":\"https:\\\/\\\/portugalexpo2020dubai.pt\\\/index.php\\\/2021\\\/11\\\/15\\\/fileira-casa-portuguesa-em-destaque-na-expo-2020-dubai-ate-dezembro\\\/?lang=pt-pt#primaryimage\"},\"thumbnailUrl\":\"https:\\\/\\\/portugalexpo2020dubai.pt\\\/wp-content\\\/uploads\\\/2021\\\/11\\\/Fotos-Site-2-3.png\",\"datePublished\":\"2021-11-15T00:00:27+00:00\",\"dateModified\":\"2021-11-16T10:33:51+00:00\",\"description\":\"A Fileira Casa vai estar em destaque no Pavilh\u00e3o de Portugal, entre 15 de novembro e 5 de dezembro, com a presen\u00e7a de artes\u00e3os, designers e v\u00e1rias atividades que ir\u00e3o promover a oferta diferenciadora dos produtos portugueses na Expo 2020 Dubai.\",\"breadcrumb\":{\"@id\":\"https:\\\/\\\/portugalexpo2020dubai.pt\\\/index.php\\\/2021\\\/11\\\/15\\\/fileira-casa-portuguesa-em-destaque-na-expo-2020-dubai-ate-dezembro\\\/?lang=pt-pt#breadcrumb\"},\"inLanguage\":\"en-US\",\"potentialAction\":[{\"@type\":\"ReadAction\",\"target\":[\"https:\\\/\\\/portugalexpo2020dubai.pt\\\/index.php\\\/2021\\\/11\\\/15\\\/fileira-casa-portuguesa-em-destaque-na-expo-2020-dubai-ate-dezembro\\\/?lang=pt-pt\"]}]},{\"@type\":\"ImageObject\",\"inLanguage\":\"en-US\",\"@id\":\"https:\\\/\\\/portugalexpo2020dubai.pt\\\/index.php\\\/2021\\\/11\\\/15\\\/fileira-casa-portuguesa-em-destaque-na-expo-2020-dubai-ate-dezembro\\\/?lang=pt-pt#primaryimage\",\"url\":\"https:\\\/\\\/portugalexpo2020dubai.pt\\\/wp-content\\\/uploads\\\/2021\\\/11\\\/Fotos-Site-2-3.png\",\"contentUrl\":\"https:\\\/\\\/portugalexpo2020dubai.pt\\\/wp-content\\\/uploads\\\/2021\\\/11\\\/Fotos-Site-2-3.png\",\"width\":1440,\"height\":740},{\"@type\":\"BreadcrumbList\",\"@id\":\"https:\\\/\\\/portugalexpo2020dubai.pt\\\/index.php\\\/2021\\\/11\\\/15\\\/fileira-casa-portuguesa-em-destaque-na-expo-2020-dubai-ate-dezembro\\\/?lang=pt-pt#breadcrumb\",\"itemListElement\":[{\"@type\":\"ListItem\",\"position\":1,\"name\":\"Home\",\"item\":\"https:\\\/\\\/portugalexpo2020dubai.pt\\\/\"},{\"@type\":\"ListItem\",\"position\":2,\"name\":\"Fileira Casa portuguesa em destaque na Expo 2020 Dubai at\u00e9 dezembro\"}]},{\"@type\":\"WebSite\",\"@id\":\"https:\\\/\\\/portugalexpo2020dubai.pt\\\/#website\",\"url\":\"https:\\\/\\\/portugalexpo2020dubai.pt\\\/\",\"name\":\"Portugal Expo 2020 Dubai\",\"description\":\"Portugal Expo 2020 Dubai\",\"publisher\":{\"@id\":\"https:\\\/\\\/portugalexpo2020dubai.pt\\\/#organization\"},\"potentialAction\":[{\"@type\":\"SearchAction\",\"target\":{\"@type\":\"EntryPoint\",\"urlTemplate\":\"https:\\\/\\\/portugalexpo2020dubai.pt\\\/?s={search_term_string}\"},\"query-input\":{\"@type\":\"PropertyValueSpecification\",\"valueRequired\":true,\"valueName\":\"search_term_string\"}}],\"inLanguage\":\"en-US\"},{\"@type\":\"Organization\",\"@id\":\"https:\\\/\\\/portugalexpo2020dubai.pt\\\/#organization\",\"name\":\"Portugal Expo 2020 Dubai\",\"url\":\"https:\\\/\\\/portugalexpo2020dubai.pt\\\/\",\"logo\":{\"@type\":\"ImageObject\",\"inLanguage\":\"en-US\",\"@id\":\"https:\\\/\\\/portugalexpo2020dubai.pt\\\/#\\\/schema\\\/logo\\\/image\\\/\",\"url\":\"https:\\\/\\\/portugalexpo2020dubai.pt\\\/wp-content\\\/uploads\\\/2021\\\/09\\\/logo_aicep.png\",\"contentUrl\":\"https:\\\/\\\/portugalexpo2020dubai.pt\\\/wp-content\\\/uploads\\\/2021\\\/09\\\/logo_aicep.png\",\"width\":830,\"height\":200,\"caption\":\"Portugal Expo 2020 Dubai\"},\"image\":{\"@id\":\"https:\\\/\\\/portugalexpo2020dubai.pt\\\/#\\\/schema\\\/logo\\\/image\\\/\"},\"sameAs\":[\"https:\\\/\\\/www.facebook.com\\\/portugalexpo2020\",\"https:\\\/\\\/x.com\\\/PTexpo2020\",\"https:\\\/\\\/www.instagram.com\\\/portugalexpo2020\\\/\"]},{\"@type\":\"Person\",\"@id\":\"https:\\\/\\\/portugalexpo2020dubai.pt\\\/#\\\/schema\\\/person\\\/b3a886f492d6f9451dd81753e22488f9\",\"name\":\"Catarina Beija\",\"image\":{\"@type\":\"ImageObject\",\"inLanguage\":\"en-US\",\"@id\":\"https:\\\/\\\/secure.gravatar.com\\\/avatar\\\/4c9f1d7d0df92294044bdecb88b912257abbbac65d788bc499eb2cceb120941a?s=96&d=mm&r=g\",\"url\":\"https:\\\/\\\/secure.gravatar.com\\\/avatar\\\/4c9f1d7d0df92294044bdecb88b912257abbbac65d788bc499eb2cceb120941a?s=96&d=mm&r=g\",\"contentUrl\":\"https:\\\/\\\/secure.gravatar.com\\\/avatar\\\/4c9f1d7d0df92294044bdecb88b912257abbbac65d788bc499eb2cceb120941a?s=96&d=mm&r=g\",\"caption\":\"Catarina Beija\"},\"url\":\"https:\\\/\\\/portugalexpo2020dubai.pt\\\/index.php\\\/author\\\/catarina-beijaportugalglobal-pt\\\/\"}]}<\/script>\n<!-- \/ Yoast SEO plugin. -->","yoast_head_json":{"title":"Fileira Casa portuguesa em destaque na Expo 2020 Dubai at\u00e9 dezembro - Portugal Expo 2020 Dubai","description":"A Fileira Casa vai estar em destaque no Pavilh\u00e3o de Portugal, entre 15 de novembro e 5 de dezembro, com a presen\u00e7a de artes\u00e3os, designers e v\u00e1rias atividades que ir\u00e3o promover a oferta diferenciadora dos produtos portugueses na Expo 2020 Dubai.","robots":{"index":"index","follow":"follow","max-snippet":"max-snippet:-1","max-image-preview":"max-image-preview:large","max-video-preview":"max-video-preview:-1"},"canonical":"https:\/\/portugalexpo2020dubai.pt\/index.php\/2021\/11\/15\/fileira-casa-portuguesa-em-destaque-na-expo-2020-dubai-ate-dezembro\/","og_locale":"en_US","og_type":"article","og_title":"Fileira Casa portuguesa em destaque na Expo 2020 Dubai at\u00e9 dezembro - Portugal Expo 2020 Dubai","og_description":"A Fileira Casa vai estar em destaque no Pavilh\u00e3o de Portugal, entre 15 de novembro e 5 de dezembro, com a presen\u00e7a de artes\u00e3os, designers e v\u00e1rias atividades que ir\u00e3o promover a oferta diferenciadora dos produtos portugueses na Expo 2020 Dubai.","og_url":"https:\/\/portugalexpo2020dubai.pt\/index.php\/2021\/11\/15\/fileira-casa-portuguesa-em-destaque-na-expo-2020-dubai-ate-dezembro\/?lang=pt-pt","og_site_name":"Portugal Expo 2020 Dubai","article_publisher":"https:\/\/www.facebook.com\/portugalexpo2020","article_published_time":"2021-11-15T00:00:27+00:00","article_modified_time":"2021-11-16T10:33:51+00:00","og_image":[{"width":1440,"height":740,"url":"https:\/\/portugalexpo2020dubai.pt\/wp-content\/uploads\/2021\/11\/Fotos-Site-2-3.png","type":"image\/png"}],"author":"Catarina Beija","twitter_card":"summary_large_image","twitter_creator":"@PTexpo2020","twitter_site":"@PTexpo2020","twitter_misc":{"Written by":"Catarina Beija","Est. reading time":"2 minutes"},"schema":{"@context":"https:\/\/schema.org","@graph":[{"@type":"Article","@id":"https:\/\/portugalexpo2020dubai.pt\/index.php\/2021\/11\/15\/fileira-casa-portuguesa-em-destaque-na-expo-2020-dubai-ate-dezembro\/?lang=pt-pt#article","isPartOf":{"@id":"https:\/\/portugalexpo2020dubai.pt\/index.php\/2021\/11\/15\/fileira-casa-portuguesa-em-destaque-na-expo-2020-dubai-ate-dezembro\/?lang=pt-pt"},"author":{"name":"Catarina Beija","@id":"https:\/\/portugalexpo2020dubai.pt\/#\/schema\/person\/b3a886f492d6f9451dd81753e22488f9"},"headline":"Fileira Casa portuguesa em destaque na Expo 2020 Dubai at\u00e9 dezembro","datePublished":"2021-11-15T00:00:27+00:00","dateModified":"2021-11-16T10:33:51+00:00","mainEntityOfPage":{"@id":"https:\/\/portugalexpo2020dubai.pt\/index.php\/2021\/11\/15\/fileira-casa-portuguesa-em-destaque-na-expo-2020-dubai-ate-dezembro\/?lang=pt-pt"},"wordCount":450,"publisher":{"@id":"https:\/\/portugalexpo2020dubai.pt\/#organization"},"image":{"@id":"https:\/\/portugalexpo2020dubai.pt\/index.php\/2021\/11\/15\/fileira-casa-portuguesa-em-destaque-na-expo-2020-dubai-ate-dezembro\/?lang=pt-pt#primaryimage"},"thumbnailUrl":"https:\/\/portugalexpo2020dubai.pt\/wp-content\/uploads\/2021\/11\/Fotos-Site-2-3.png","articleSection":["Not\u00edcias"],"inLanguage":"en-US"},{"@type":"WebPage","@id":"https:\/\/portugalexpo2020dubai.pt\/index.php\/2021\/11\/15\/fileira-casa-portuguesa-em-destaque-na-expo-2020-dubai-ate-dezembro\/?lang=pt-pt","url":"https:\/\/portugalexpo2020dubai.pt\/index.php\/2021\/11\/15\/fileira-casa-portuguesa-em-destaque-na-expo-2020-dubai-ate-dezembro\/?lang=pt-pt","name":"Fileira Casa portuguesa em destaque na Expo 2020 Dubai at\u00e9 dezembro - Portugal Expo 2020 Dubai","isPartOf":{"@id":"https:\/\/portugalexpo2020dubai.pt\/#website"},"primaryImageOfPage":{"@id":"https:\/\/portugalexpo2020dubai.pt\/index.php\/2021\/11\/15\/fileira-casa-portuguesa-em-destaque-na-expo-2020-dubai-ate-dezembro\/?lang=pt-pt#primaryimage"},"image":{"@id":"https:\/\/portugalexpo2020dubai.pt\/index.php\/2021\/11\/15\/fileira-casa-portuguesa-em-destaque-na-expo-2020-dubai-ate-dezembro\/?lang=pt-pt#primaryimage"},"thumbnailUrl":"https:\/\/portugalexpo2020dubai.pt\/wp-content\/uploads\/2021\/11\/Fotos-Site-2-3.png","datePublished":"2021-11-15T00:00:27+00:00","dateModified":"2021-11-16T10:33:51+00:00","description":"A Fileira Casa vai estar em destaque no Pavilh\u00e3o de Portugal, entre 15 de novembro e 5 de dezembro, com a presen\u00e7a de artes\u00e3os, designers e v\u00e1rias atividades que ir\u00e3o promover a oferta diferenciadora dos produtos portugueses na Expo 2020 Dubai.","breadcrumb":{"@id":"https:\/\/portugalexpo2020dubai.pt\/index.php\/2021\/11\/15\/fileira-casa-portuguesa-em-destaque-na-expo-2020-dubai-ate-dezembro\/?lang=pt-pt#breadcrumb"},"inLanguage":"en-US","potentialAction":[{"@type":"ReadAction","target":["https:\/\/portugalexpo2020dubai.pt\/index.php\/2021\/11\/15\/fileira-casa-portuguesa-em-destaque-na-expo-2020-dubai-ate-dezembro\/?lang=pt-pt"]}]},{"@type":"ImageObject","inLanguage":"en-US","@id":"https:\/\/portugalexpo2020dubai.pt\/index.php\/2021\/11\/15\/fileira-casa-portuguesa-em-destaque-na-expo-2020-dubai-ate-dezembro\/?lang=pt-pt#primaryimage","url":"https:\/\/portugalexpo2020dubai.pt\/wp-content\/uploads\/2021\/11\/Fotos-Site-2-3.png","contentUrl":"https:\/\/portugalexpo2020dubai.pt\/wp-content\/uploads\/2021\/11\/Fotos-Site-2-3.png","width":1440,"height":740},{"@type":"BreadcrumbList","@id":"https:\/\/portugalexpo2020dubai.pt\/index.php\/2021\/11\/15\/fileira-casa-portuguesa-em-destaque-na-expo-2020-dubai-ate-dezembro\/?lang=pt-pt#breadcrumb","itemListElement":[{"@type":"ListItem","position":1,"name":"Home","item":"https:\/\/portugalexpo2020dubai.pt\/"},{"@type":"ListItem","position":2,"name":"Fileira Casa portuguesa em destaque na Expo 2020 Dubai at\u00e9 dezembro"}]},{"@type":"WebSite","@id":"https:\/\/portugalexpo2020dubai.pt\/#website","url":"https:\/\/portugalexpo2020dubai.pt\/","name":"Portugal Expo 2020 Dubai","description":"Portugal Expo 2020 Dubai","publisher":{"@id":"https:\/\/portugalexpo2020dubai.pt\/#organization"},"potentialAction":[{"@type":"SearchAction","target":{"@type":"EntryPoint","urlTemplate":"https:\/\/portugalexpo2020dubai.pt\/?s={search_term_string}"},"query-input":{"@type":"PropertyValueSpecification","valueRequired":true,"valueName":"search_term_string"}}],"inLanguage":"en-US"},{"@type":"Organization","@id":"https:\/\/portugalexpo2020dubai.pt\/#organization","name":"Portugal Expo 2020 Dubai","url":"https:\/\/portugalexpo2020dubai.pt\/","logo":{"@type":"ImageObject","inLanguage":"en-US","@id":"https:\/\/portugalexpo2020dubai.pt\/#\/schema\/logo\/image\/","url":"https:\/\/portugalexpo2020dubai.pt\/wp-content\/uploads\/2021\/09\/logo_aicep.png","contentUrl":"https:\/\/portugalexpo2020dubai.pt\/wp-content\/uploads\/2021\/09\/logo_aicep.png","width":830,"height":200,"caption":"Portugal Expo 2020 Dubai"},"image":{"@id":"https:\/\/portugalexpo2020dubai.pt\/#\/schema\/logo\/image\/"},"sameAs":["https:\/\/www.facebook.com\/portugalexpo2020","https:\/\/x.com\/PTexpo2020","https:\/\/www.instagram.com\/portugalexpo2020\/"]},{"@type":"Person","@id":"https:\/\/portugalexpo2020dubai.pt\/#\/schema\/person\/b3a886f492d6f9451dd81753e22488f9","name":"Catarina Beija","image":{"@type":"ImageObject","inLanguage":"en-US","@id":"https:\/\/secure.gravatar.com\/avatar\/4c9f1d7d0df92294044bdecb88b912257abbbac65d788bc499eb2cceb120941a?s=96&d=mm&r=g","url":"https:\/\/secure.gravatar.com\/avatar\/4c9f1d7d0df92294044bdecb88b912257abbbac65d788bc499eb2cceb120941a?s=96&d=mm&r=g","contentUrl":"https:\/\/secure.gravatar.com\/avatar\/4c9f1d7d0df92294044bdecb88b912257abbbac65d788bc499eb2cceb120941a?s=96&d=mm&r=g","caption":"Catarina Beija"},"url":"https:\/\/portugalexpo2020dubai.pt\/index.php\/author\/catarina-beijaportugalglobal-pt\/"}]}},"cc_featured_image_caption":{"caption_text":"","source_text":"","source_url":""},"_links":{"self":[{"href":"https:\/\/portugalexpo2020dubai.pt\/index.php\/wp-json\/wp\/v2\/posts\/5920","targetHints":{"allow":["GET"]}}],"collection":[{"href":"https:\/\/portugalexpo2020dubai.pt\/index.php\/wp-json\/wp\/v2\/posts"}],"about":[{"href":"https:\/\/portugalexpo2020dubai.pt\/index.php\/wp-json\/wp\/v2\/types\/post"}],"author":[{"embeddable":true,"href":"https:\/\/portugalexpo2020dubai.pt\/index.php\/wp-json\/wp\/v2\/users\/2"}],"replies":[{"embeddable":true,"href":"https:\/\/portugalexpo2020dubai.pt\/index.php\/wp-json\/wp\/v2\/comments?post=5920"}],"version-history":[{"count":4,"href":"https:\/\/portugalexpo2020dubai.pt\/index.php\/wp-json\/wp\/v2\/posts\/5920\/revisions"}],"predecessor-version":[{"id":6129,"href":"https:\/\/portugalexpo2020dubai.pt\/index.php\/wp-json\/wp\/v2\/posts\/5920\/revisions\/6129"}],"wp:featuredmedia":[{"embeddable":true,"href":"https:\/\/portugalexpo2020dubai.pt\/index.php\/wp-json\/wp\/v2\/media\/5673"}],"wp:attachment":[{"href":"https:\/\/portugalexpo2020dubai.pt\/index.php\/wp-json\/wp\/v2\/media?parent=5920"}],"wp:term":[{"taxonomy":"category","embeddable":true,"href":"https:\/\/portugalexpo2020dubai.pt\/index.php\/wp-json\/wp\/v2\/categories?post=5920"},{"taxonomy":"post_tag","embeddable":true,"href":"https:\/\/portugalexpo2020dubai.pt\/index.php\/wp-json\/wp\/v2\/tags?post=5920"}],"curies":[{"name":"wp","href":"https:\/\/api.w.org\/{rel}","templated":true}]}}