{"id":4886,"date":"2021-10-17T08:56:06","date_gmt":"2021-10-17T08:56:06","guid":{"rendered":"https:\/\/portugalexpo2020dubai.pt\/?p=4886"},"modified":"2021-11-19T14:52:21","modified_gmt":"2021-11-19T14:52:21","slug":"in-pictures-lusophonia-festival-at-expo-2020","status":"publish","type":"post","link":"https:\/\/portugalexpo2020dubai.pt\/index.php\/2021\/10\/17\/in-pictures-lusophonia-festival-at-expo-2020\/","title":{"rendered":"In Pictures: Lusophonia Festival at Expo 2020"},"content":{"rendered":"<p>[vc_row][vc_column][vc_empty_space][vc_column_text]<strong>Expo 2020 Dubai hosted the Lusophonia Festival this week. From Thursday to Saturday, a number of shows and performances celebrated Portuguese-speaking communities in the first World Expo to take place in the Middle East.<\/strong><\/p>\n<p>&nbsp;<\/p>\n<p>Expo received artists from Angola, Brazil, Cape Verde, Guinea-Bissau, Mozambique, Portugal, S\u00e3o Tom\u00e9 and Pr\u00edncipe and East Timor.<\/p>\n<p>The Portugal Pavilion also\u00a0received special guests during the three-day festival. The Minister of Culture, Gra\u00e7a Fonseca, musicians Tito Paris and Marco Rodrigues, and Portuguese Olympic athlete Nelson \u00c9vora were some of the figures who attended Expo 2020 Dubai during these days.<\/p>\n<p>&nbsp;<\/p>\n<h6>Scroll through the gallery to see some of the highlights from the Lusophonia Festival:<\/h6>\n<p>[\/vc_column_text][vc_empty_space height=&#8221;70px&#8221;][vc_images_carousel images=&#8221;4901,4903,4905,4907,4951,4893,5047,5049,5057,5053,4949,4937,4943,4927,4929,4921,4931,4925,4923,4913,4891,4889,4947,4872,4945,4935,4895,4897&#8243; img_size=&#8221;full&#8221; speed=&#8221;1000&#8243; wrap=&#8221;yes&#8221;][\/vc_column][\/vc_row]<\/p>\n","protected":false},"excerpt":{"rendered":"<p>Expo 2020 Dubai hosted the Lusophonia Festival this week. From Thursday to Saturday, a number of shows and performances celebrated Portuguese-speaking communities in the first World Expo to take place in the Middle East.<\/p>\n","protected":false},"author":2,"featured_media":4899,"comment_status":"closed","ping_status":"closed","sticky":false,"template":"","format":"standard","meta":{"_monsterinsights_skip_tracking":false,"_monsterinsights_sitenote_active":false,"_monsterinsights_sitenote_note":"","_monsterinsights_sitenote_category":0,"footnotes":""},"categories":[63],"tags":[],"class_list":["post-4886","post","type-post","status-publish","format-standard","has-post-thumbnail","hentry","category-news"],"yoast_head":"<!-- This site is optimized with the Yoast SEO plugin v27.5 - https:\/\/yoast.com\/product\/yoast-seo-wordpress\/ -->\n<title>In Pictures: Lusophonia Festival at Expo 2020 - Portugal Expo 2020 Dubai<\/title>\n<meta name=\"description\" content=\"Expo 2020 Dubai hosted the Lusophonia Festival this week. From Thursday to Saturday, a number of shows and performances celebrated Portuguese-speaking communities in the first World Expo to take place in the Middle East.\" \/>\n<meta name=\"robots\" content=\"index, follow, max-snippet:-1, max-image-preview:large, max-video-preview:-1\" \/>\n<link rel=\"canonical\" href=\"https:\/\/portugalexpo2020dubai.pt\/index.php\/2021\/10\/17\/in-pictures-lusophonia-festival-at-expo-2020\/\" \/>\n<meta property=\"og:locale\" content=\"en_US\" \/>\n<meta property=\"og:type\" content=\"article\" \/>\n<meta property=\"og:title\" content=\"In Pictures: Lusophonia Festival at Expo 2020 - Portugal Expo 2020 Dubai\" \/>\n<meta property=\"og:description\" content=\"Expo 2020 Dubai hosted the Lusophonia Festival this week. From Thursday to Saturday, a number of shows and performances celebrated Portuguese-speaking communities in the first World Expo to take place in the Middle East.\" \/>\n<meta property=\"og:url\" content=\"https:\/\/portugalexpo2020dubai.pt\/index.php\/2021\/10\/17\/in-pictures-lusophonia-festival-at-expo-2020\/\" \/>\n<meta property=\"og:site_name\" content=\"Portugal Expo 2020 Dubai\" \/>\n<meta property=\"article:publisher\" content=\"https:\/\/www.facebook.com\/portugalexpo2020\" \/>\n<meta property=\"article:published_time\" content=\"2021-10-17T08:56:06+00:00\" \/>\n<meta property=\"article:modified_time\" content=\"2021-11-19T14:52:21+00:00\" \/>\n<meta property=\"og:image\" content=\"https:\/\/portugalexpo2020dubai.pt\/wp-content\/uploads\/2021\/10\/Kina20Ku20Moxi20perform20at20Angola20Pavilion_Web20Image_m4526-scaled.jpg\" \/>\n\t<meta property=\"og:image:width\" content=\"2560\" \/>\n\t<meta property=\"og:image:height\" content=\"1356\" \/>\n\t<meta property=\"og:image:type\" content=\"image\/jpeg\" \/>\n<meta name=\"author\" content=\"Catarina Beija\" \/>\n<meta name=\"twitter:card\" content=\"summary_large_image\" \/>\n<meta name=\"twitter:creator\" content=\"@PTexpo2020\" \/>\n<meta name=\"twitter:site\" content=\"@PTexpo2020\" \/>\n<meta name=\"twitter:label1\" content=\"Written by\" \/>\n\t<meta name=\"twitter:data1\" content=\"Catarina Beija\" \/>\n\t<meta name=\"twitter:label2\" content=\"Est. reading time\" \/>\n\t<meta name=\"twitter:data2\" content=\"1 minute\" \/>\n<script type=\"application\/ld+json\" class=\"yoast-schema-graph\">{\"@context\":\"https:\\\/\\\/schema.org\",\"@graph\":[{\"@type\":\"Article\",\"@id\":\"https:\\\/\\\/portugalexpo2020dubai.pt\\\/index.php\\\/2021\\\/10\\\/17\\\/in-pictures-lusophonia-festival-at-expo-2020\\\/#article\",\"isPartOf\":{\"@id\":\"https:\\\/\\\/portugalexpo2020dubai.pt\\\/index.php\\\/2021\\\/10\\\/17\\\/in-pictures-lusophonia-festival-at-expo-2020\\\/\"},\"author\":{\"name\":\"Catarina Beija\",\"@id\":\"https:\\\/\\\/portugalexpo2020dubai.pt\\\/#\\\/schema\\\/person\\\/b3a886f492d6f9451dd81753e22488f9\"},\"headline\":\"In Pictures: Lusophonia Festival at Expo 2020\",\"datePublished\":\"2021-10-17T08:56:06+00:00\",\"dateModified\":\"2021-11-19T14:52:21+00:00\",\"mainEntityOfPage\":{\"@id\":\"https:\\\/\\\/portugalexpo2020dubai.pt\\\/index.php\\\/2021\\\/10\\\/17\\\/in-pictures-lusophonia-festival-at-expo-2020\\\/\"},\"wordCount\":149,\"publisher\":{\"@id\":\"https:\\\/\\\/portugalexpo2020dubai.pt\\\/#organization\"},\"image\":{\"@id\":\"https:\\\/\\\/portugalexpo2020dubai.pt\\\/index.php\\\/2021\\\/10\\\/17\\\/in-pictures-lusophonia-festival-at-expo-2020\\\/#primaryimage\"},\"thumbnailUrl\":\"https:\\\/\\\/portugalexpo2020dubai.pt\\\/wp-content\\\/uploads\\\/2021\\\/10\\\/Kina20Ku20Moxi20perform20at20Angola20Pavilion_Web20Image_m4526-scaled.jpg\",\"articleSection\":[\"News\"],\"inLanguage\":\"en-US\"},{\"@type\":\"WebPage\",\"@id\":\"https:\\\/\\\/portugalexpo2020dubai.pt\\\/index.php\\\/2021\\\/10\\\/17\\\/in-pictures-lusophonia-festival-at-expo-2020\\\/\",\"url\":\"https:\\\/\\\/portugalexpo2020dubai.pt\\\/index.php\\\/2021\\\/10\\\/17\\\/in-pictures-lusophonia-festival-at-expo-2020\\\/\",\"name\":\"In Pictures: Lusophonia Festival at Expo 2020 - Portugal Expo 2020 Dubai\",\"isPartOf\":{\"@id\":\"https:\\\/\\\/portugalexpo2020dubai.pt\\\/#website\"},\"primaryImageOfPage\":{\"@id\":\"https:\\\/\\\/portugalexpo2020dubai.pt\\\/index.php\\\/2021\\\/10\\\/17\\\/in-pictures-lusophonia-festival-at-expo-2020\\\/#primaryimage\"},\"image\":{\"@id\":\"https:\\\/\\\/portugalexpo2020dubai.pt\\\/index.php\\\/2021\\\/10\\\/17\\\/in-pictures-lusophonia-festival-at-expo-2020\\\/#primaryimage\"},\"thumbnailUrl\":\"https:\\\/\\\/portugalexpo2020dubai.pt\\\/wp-content\\\/uploads\\\/2021\\\/10\\\/Kina20Ku20Moxi20perform20at20Angola20Pavilion_Web20Image_m4526-scaled.jpg\",\"datePublished\":\"2021-10-17T08:56:06+00:00\",\"dateModified\":\"2021-11-19T14:52:21+00:00\",\"description\":\"Expo 2020 Dubai hosted the Lusophonia Festival this week. From Thursday to Saturday, a number of shows and performances celebrated Portuguese-speaking communities in the first World Expo to take place in the Middle East.\",\"breadcrumb\":{\"@id\":\"https:\\\/\\\/portugalexpo2020dubai.pt\\\/index.php\\\/2021\\\/10\\\/17\\\/in-pictures-lusophonia-festival-at-expo-2020\\\/#breadcrumb\"},\"inLanguage\":\"en-US\",\"potentialAction\":[{\"@type\":\"ReadAction\",\"target\":[\"https:\\\/\\\/portugalexpo2020dubai.pt\\\/index.php\\\/2021\\\/10\\\/17\\\/in-pictures-lusophonia-festival-at-expo-2020\\\/\"]}]},{\"@type\":\"ImageObject\",\"inLanguage\":\"en-US\",\"@id\":\"https:\\\/\\\/portugalexpo2020dubai.pt\\\/index.php\\\/2021\\\/10\\\/17\\\/in-pictures-lusophonia-festival-at-expo-2020\\\/#primaryimage\",\"url\":\"https:\\\/\\\/portugalexpo2020dubai.pt\\\/wp-content\\\/uploads\\\/2021\\\/10\\\/Kina20Ku20Moxi20perform20at20Angola20Pavilion_Web20Image_m4526-scaled.jpg\",\"contentUrl\":\"https:\\\/\\\/portugalexpo2020dubai.pt\\\/wp-content\\\/uploads\\\/2021\\\/10\\\/Kina20Ku20Moxi20perform20at20Angola20Pavilion_Web20Image_m4526-scaled.jpg\",\"width\":2560,\"height\":1356,\"caption\":\"\u00a9Steve Holland \\\/ Expo 2020 Dubai\"},{\"@type\":\"BreadcrumbList\",\"@id\":\"https:\\\/\\\/portugalexpo2020dubai.pt\\\/index.php\\\/2021\\\/10\\\/17\\\/in-pictures-lusophonia-festival-at-expo-2020\\\/#breadcrumb\",\"itemListElement\":[{\"@type\":\"ListItem\",\"position\":1,\"name\":\"Home\",\"item\":\"https:\\\/\\\/portugalexpo2020dubai.pt\\\/\"},{\"@type\":\"ListItem\",\"position\":2,\"name\":\"In Pictures: Lusophonia Festival at Expo 2020\"}]},{\"@type\":\"WebSite\",\"@id\":\"https:\\\/\\\/portugalexpo2020dubai.pt\\\/#website\",\"url\":\"https:\\\/\\\/portugalexpo2020dubai.pt\\\/\",\"name\":\"Portugal Expo 2020 Dubai\",\"description\":\"Portugal Expo 2020 Dubai\",\"publisher\":{\"@id\":\"https:\\\/\\\/portugalexpo2020dubai.pt\\\/#organization\"},\"potentialAction\":[{\"@type\":\"SearchAction\",\"target\":{\"@type\":\"EntryPoint\",\"urlTemplate\":\"https:\\\/\\\/portugalexpo2020dubai.pt\\\/?s={search_term_string}\"},\"query-input\":{\"@type\":\"PropertyValueSpecification\",\"valueRequired\":true,\"valueName\":\"search_term_string\"}}],\"inLanguage\":\"en-US\"},{\"@type\":\"Organization\",\"@id\":\"https:\\\/\\\/portugalexpo2020dubai.pt\\\/#organization\",\"name\":\"Portugal Expo 2020 Dubai\",\"url\":\"https:\\\/\\\/portugalexpo2020dubai.pt\\\/\",\"logo\":{\"@type\":\"ImageObject\",\"inLanguage\":\"en-US\",\"@id\":\"https:\\\/\\\/portugalexpo2020dubai.pt\\\/#\\\/schema\\\/logo\\\/image\\\/\",\"url\":\"https:\\\/\\\/portugalexpo2020dubai.pt\\\/wp-content\\\/uploads\\\/2021\\\/09\\\/logo_aicep.png\",\"contentUrl\":\"https:\\\/\\\/portugalexpo2020dubai.pt\\\/wp-content\\\/uploads\\\/2021\\\/09\\\/logo_aicep.png\",\"width\":830,\"height\":200,\"caption\":\"Portugal Expo 2020 Dubai\"},\"image\":{\"@id\":\"https:\\\/\\\/portugalexpo2020dubai.pt\\\/#\\\/schema\\\/logo\\\/image\\\/\"},\"sameAs\":[\"https:\\\/\\\/www.facebook.com\\\/portugalexpo2020\",\"https:\\\/\\\/x.com\\\/PTexpo2020\",\"https:\\\/\\\/www.instagram.com\\\/portugalexpo2020\\\/\"]},{\"@type\":\"Person\",\"@id\":\"https:\\\/\\\/portugalexpo2020dubai.pt\\\/#\\\/schema\\\/person\\\/b3a886f492d6f9451dd81753e22488f9\",\"name\":\"Catarina Beija\",\"image\":{\"@type\":\"ImageObject\",\"inLanguage\":\"en-US\",\"@id\":\"https:\\\/\\\/secure.gravatar.com\\\/avatar\\\/4c9f1d7d0df92294044bdecb88b912257abbbac65d788bc499eb2cceb120941a?s=96&d=mm&r=g\",\"url\":\"https:\\\/\\\/secure.gravatar.com\\\/avatar\\\/4c9f1d7d0df92294044bdecb88b912257abbbac65d788bc499eb2cceb120941a?s=96&d=mm&r=g\",\"contentUrl\":\"https:\\\/\\\/secure.gravatar.com\\\/avatar\\\/4c9f1d7d0df92294044bdecb88b912257abbbac65d788bc499eb2cceb120941a?s=96&d=mm&r=g\",\"caption\":\"Catarina Beija\"},\"url\":\"https:\\\/\\\/portugalexpo2020dubai.pt\\\/index.php\\\/author\\\/catarina-beijaportugalglobal-pt\\\/\"}]}<\/script>\n<!-- \/ Yoast SEO plugin. -->","yoast_head_json":{"title":"In Pictures: Lusophonia Festival at Expo 2020 - Portugal Expo 2020 Dubai","description":"Expo 2020 Dubai hosted the Lusophonia Festival this week. From Thursday to Saturday, a number of shows and performances celebrated Portuguese-speaking communities in the first World Expo to take place in the Middle East.","robots":{"index":"index","follow":"follow","max-snippet":"max-snippet:-1","max-image-preview":"max-image-preview:large","max-video-preview":"max-video-preview:-1"},"canonical":"https:\/\/portugalexpo2020dubai.pt\/index.php\/2021\/10\/17\/in-pictures-lusophonia-festival-at-expo-2020\/","og_locale":"en_US","og_type":"article","og_title":"In Pictures: Lusophonia Festival at Expo 2020 - Portugal Expo 2020 Dubai","og_description":"Expo 2020 Dubai hosted the Lusophonia Festival this week. From Thursday to Saturday, a number of shows and performances celebrated Portuguese-speaking communities in the first World Expo to take place in the Middle East.","og_url":"https:\/\/portugalexpo2020dubai.pt\/index.php\/2021\/10\/17\/in-pictures-lusophonia-festival-at-expo-2020\/","og_site_name":"Portugal Expo 2020 Dubai","article_publisher":"https:\/\/www.facebook.com\/portugalexpo2020","article_published_time":"2021-10-17T08:56:06+00:00","article_modified_time":"2021-11-19T14:52:21+00:00","og_image":[{"width":2560,"height":1356,"url":"https:\/\/portugalexpo2020dubai.pt\/wp-content\/uploads\/2021\/10\/Kina20Ku20Moxi20perform20at20Angola20Pavilion_Web20Image_m4526-scaled.jpg","type":"image\/jpeg"}],"author":"Catarina Beija","twitter_card":"summary_large_image","twitter_creator":"@PTexpo2020","twitter_site":"@PTexpo2020","twitter_misc":{"Written by":"Catarina Beija","Est. reading time":"1 minute"},"schema":{"@context":"https:\/\/schema.org","@graph":[{"@type":"Article","@id":"https:\/\/portugalexpo2020dubai.pt\/index.php\/2021\/10\/17\/in-pictures-lusophonia-festival-at-expo-2020\/#article","isPartOf":{"@id":"https:\/\/portugalexpo2020dubai.pt\/index.php\/2021\/10\/17\/in-pictures-lusophonia-festival-at-expo-2020\/"},"author":{"name":"Catarina Beija","@id":"https:\/\/portugalexpo2020dubai.pt\/#\/schema\/person\/b3a886f492d6f9451dd81753e22488f9"},"headline":"In Pictures: Lusophonia Festival at Expo 2020","datePublished":"2021-10-17T08:56:06+00:00","dateModified":"2021-11-19T14:52:21+00:00","mainEntityOfPage":{"@id":"https:\/\/portugalexpo2020dubai.pt\/index.php\/2021\/10\/17\/in-pictures-lusophonia-festival-at-expo-2020\/"},"wordCount":149,"publisher":{"@id":"https:\/\/portugalexpo2020dubai.pt\/#organization"},"image":{"@id":"https:\/\/portugalexpo2020dubai.pt\/index.php\/2021\/10\/17\/in-pictures-lusophonia-festival-at-expo-2020\/#primaryimage"},"thumbnailUrl":"https:\/\/portugalexpo2020dubai.pt\/wp-content\/uploads\/2021\/10\/Kina20Ku20Moxi20perform20at20Angola20Pavilion_Web20Image_m4526-scaled.jpg","articleSection":["News"],"inLanguage":"en-US"},{"@type":"WebPage","@id":"https:\/\/portugalexpo2020dubai.pt\/index.php\/2021\/10\/17\/in-pictures-lusophonia-festival-at-expo-2020\/","url":"https:\/\/portugalexpo2020dubai.pt\/index.php\/2021\/10\/17\/in-pictures-lusophonia-festival-at-expo-2020\/","name":"In Pictures: Lusophonia Festival at Expo 2020 - Portugal Expo 2020 Dubai","isPartOf":{"@id":"https:\/\/portugalexpo2020dubai.pt\/#website"},"primaryImageOfPage":{"@id":"https:\/\/portugalexpo2020dubai.pt\/index.php\/2021\/10\/17\/in-pictures-lusophonia-festival-at-expo-2020\/#primaryimage"},"image":{"@id":"https:\/\/portugalexpo2020dubai.pt\/index.php\/2021\/10\/17\/in-pictures-lusophonia-festival-at-expo-2020\/#primaryimage"},"thumbnailUrl":"https:\/\/portugalexpo2020dubai.pt\/wp-content\/uploads\/2021\/10\/Kina20Ku20Moxi20perform20at20Angola20Pavilion_Web20Image_m4526-scaled.jpg","datePublished":"2021-10-17T08:56:06+00:00","dateModified":"2021-11-19T14:52:21+00:00","description":"Expo 2020 Dubai hosted the Lusophonia Festival this week. From Thursday to Saturday, a number of shows and performances celebrated Portuguese-speaking communities in the first World Expo to take place in the Middle East.","breadcrumb":{"@id":"https:\/\/portugalexpo2020dubai.pt\/index.php\/2021\/10\/17\/in-pictures-lusophonia-festival-at-expo-2020\/#breadcrumb"},"inLanguage":"en-US","potentialAction":[{"@type":"ReadAction","target":["https:\/\/portugalexpo2020dubai.pt\/index.php\/2021\/10\/17\/in-pictures-lusophonia-festival-at-expo-2020\/"]}]},{"@type":"ImageObject","inLanguage":"en-US","@id":"https:\/\/portugalexpo2020dubai.pt\/index.php\/2021\/10\/17\/in-pictures-lusophonia-festival-at-expo-2020\/#primaryimage","url":"https:\/\/portugalexpo2020dubai.pt\/wp-content\/uploads\/2021\/10\/Kina20Ku20Moxi20perform20at20Angola20Pavilion_Web20Image_m4526-scaled.jpg","contentUrl":"https:\/\/portugalexpo2020dubai.pt\/wp-content\/uploads\/2021\/10\/Kina20Ku20Moxi20perform20at20Angola20Pavilion_Web20Image_m4526-scaled.jpg","width":2560,"height":1356,"caption":"\u00a9Steve Holland \/ Expo 2020 Dubai"},{"@type":"BreadcrumbList","@id":"https:\/\/portugalexpo2020dubai.pt\/index.php\/2021\/10\/17\/in-pictures-lusophonia-festival-at-expo-2020\/#breadcrumb","itemListElement":[{"@type":"ListItem","position":1,"name":"Home","item":"https:\/\/portugalexpo2020dubai.pt\/"},{"@type":"ListItem","position":2,"name":"In Pictures: Lusophonia Festival at Expo 2020"}]},{"@type":"WebSite","@id":"https:\/\/portugalexpo2020dubai.pt\/#website","url":"https:\/\/portugalexpo2020dubai.pt\/","name":"Portugal Expo 2020 Dubai","description":"Portugal Expo 2020 Dubai","publisher":{"@id":"https:\/\/portugalexpo2020dubai.pt\/#organization"},"potentialAction":[{"@type":"SearchAction","target":{"@type":"EntryPoint","urlTemplate":"https:\/\/portugalexpo2020dubai.pt\/?s={search_term_string}"},"query-input":{"@type":"PropertyValueSpecification","valueRequired":true,"valueName":"search_term_string"}}],"inLanguage":"en-US"},{"@type":"Organization","@id":"https:\/\/portugalexpo2020dubai.pt\/#organization","name":"Portugal Expo 2020 Dubai","url":"https:\/\/portugalexpo2020dubai.pt\/","logo":{"@type":"ImageObject","inLanguage":"en-US","@id":"https:\/\/portugalexpo2020dubai.pt\/#\/schema\/logo\/image\/","url":"https:\/\/portugalexpo2020dubai.pt\/wp-content\/uploads\/2021\/09\/logo_aicep.png","contentUrl":"https:\/\/portugalexpo2020dubai.pt\/wp-content\/uploads\/2021\/09\/logo_aicep.png","width":830,"height":200,"caption":"Portugal Expo 2020 Dubai"},"image":{"@id":"https:\/\/portugalexpo2020dubai.pt\/#\/schema\/logo\/image\/"},"sameAs":["https:\/\/www.facebook.com\/portugalexpo2020","https:\/\/x.com\/PTexpo2020","https:\/\/www.instagram.com\/portugalexpo2020\/"]},{"@type":"Person","@id":"https:\/\/portugalexpo2020dubai.pt\/#\/schema\/person\/b3a886f492d6f9451dd81753e22488f9","name":"Catarina Beija","image":{"@type":"ImageObject","inLanguage":"en-US","@id":"https:\/\/secure.gravatar.com\/avatar\/4c9f1d7d0df92294044bdecb88b912257abbbac65d788bc499eb2cceb120941a?s=96&d=mm&r=g","url":"https:\/\/secure.gravatar.com\/avatar\/4c9f1d7d0df92294044bdecb88b912257abbbac65d788bc499eb2cceb120941a?s=96&d=mm&r=g","contentUrl":"https:\/\/secure.gravatar.com\/avatar\/4c9f1d7d0df92294044bdecb88b912257abbbac65d788bc499eb2cceb120941a?s=96&d=mm&r=g","caption":"Catarina Beija"},"url":"https:\/\/portugalexpo2020dubai.pt\/index.php\/author\/catarina-beijaportugalglobal-pt\/"}]}},"cc_featured_image_caption":{"caption_text":"","source_text":"","source_url":""},"_links":{"self":[{"href":"https:\/\/portugalexpo2020dubai.pt\/index.php\/wp-json\/wp\/v2\/posts\/4886","targetHints":{"allow":["GET"]}}],"collection":[{"href":"https:\/\/portugalexpo2020dubai.pt\/index.php\/wp-json\/wp\/v2\/posts"}],"about":[{"href":"https:\/\/portugalexpo2020dubai.pt\/index.php\/wp-json\/wp\/v2\/types\/post"}],"author":[{"embeddable":true,"href":"https:\/\/portugalexpo2020dubai.pt\/index.php\/wp-json\/wp\/v2\/users\/2"}],"replies":[{"embeddable":true,"href":"https:\/\/portugalexpo2020dubai.pt\/index.php\/wp-json\/wp\/v2\/comments?post=4886"}],"version-history":[{"count":4,"href":"https:\/\/portugalexpo2020dubai.pt\/index.php\/wp-json\/wp\/v2\/posts\/4886\/revisions"}],"predecessor-version":[{"id":6260,"href":"https:\/\/portugalexpo2020dubai.pt\/index.php\/wp-json\/wp\/v2\/posts\/4886\/revisions\/6260"}],"wp:featuredmedia":[{"embeddable":true,"href":"https:\/\/portugalexpo2020dubai.pt\/index.php\/wp-json\/wp\/v2\/media\/4899"}],"wp:attachment":[{"href":"https:\/\/portugalexpo2020dubai.pt\/index.php\/wp-json\/wp\/v2\/media?parent=4886"}],"wp:term":[{"taxonomy":"category","embeddable":true,"href":"https:\/\/portugalexpo2020dubai.pt\/index.php\/wp-json\/wp\/v2\/categories?post=4886"},{"taxonomy":"post_tag","embeddable":true,"href":"https:\/\/portugalexpo2020dubai.pt\/index.php\/wp-json\/wp\/v2\/tags?post=4886"}],"curies":[{"name":"wp","href":"https:\/\/api.w.org\/{rel}","templated":true}]}}