{"id":4750,"date":"2021-10-12T14:33:58","date_gmt":"2021-10-12T14:33:58","guid":{"rendered":"https:\/\/portugalexpo2020dubai.pt\/?p=4750"},"modified":"2021-10-14T12:43:38","modified_gmt":"2021-10-14T12:43:38","slug":"expo-2020-acolhe-festival-da-lusofonia-em-homenagem-a-lingua-portuguesa","status":"publish","type":"post","link":"https:\/\/portugalexpo2020dubai.pt\/index.php\/2021\/10\/12\/expo-2020-acolhe-festival-da-lusofonia-em-homenagem-a-lingua-portuguesa\/?lang=pt-pt","title":{"rendered":"Expo 2020 acolhe Festival da Lusofonia em homenagem \u00e0 l\u00edngua portuguesa"},"content":{"rendered":"<p>&nbsp;<\/p>\n<p><strong>A Expo 2020 Dubai recebe esta semana, entre 14 e 16 de outubro, o Festival da Lusofonia \u2013 uma celebra\u00e7\u00e3o \u00fanica da l\u00edngua portuguesa com v\u00e1rias apresenta\u00e7\u00f5es art\u00edsticas e culturais de Portugal e da comunidade lus\u00f3fona.<\/strong><\/p>\n<p>&nbsp;<\/p>\n<p>Durante tr\u00eas dias de festival, v\u00e3o subir ao palco da Expo artistas de Angola, Brasil, Cabo Verde, Guin\u00e9-Bissau, Mo\u00e7ambique, Portugal, S\u00e3o Tom\u00e9 e Pr\u00edncipe e Timor-Leste, numa iniciativa que pretende mostrar ao mundo a diversidade de povos e culturas que se unem pela l\u00edngua portuguesa.<\/p>\n<p>&nbsp;<\/p>\n<p>O Festival da Lusofonia vai decorrer entre as 16h00 e as 23h00 dos dias 14, 15 e 16 de outubro, no Jubilee Park (principal recinto de espet\u00e1culos da Expo). O elenco conta com <strong>Marco Rodrigues<\/strong>, fadista natural de Amarante; <strong>Tito Paris<\/strong>, m\u00fasico cabo-verdiano radicado em Portugal; <strong>Sopa de Pedra<\/strong>, grupo vocal feminino que interpreta a capella can\u00e7\u00f5es tradicionais portuguesas; e <strong>Dan\u00e7as Ocultas<\/strong>, quarteto de concertinas de \u00c1gueda.<\/p>\n<p>&nbsp;<\/p>\n<p>O certame conta tamb\u00e9m com a atua\u00e7\u00e3o de v\u00e1rios talentos lus\u00f3fonos como os angolanos Ary, Calabeto e Daniel Nascimento; do cantor General Jo\u00e3o Seria e o duo Filipe Santo &amp; Olinda Beja, de S\u00e3o Tom\u00e9 e Pr\u00edncipe; Jomalu, de Mo\u00e7ambique; o trio guineense formado por Patchi Di Rima, Rui Sangar\u00e1 e Atan\u00e1sio Hatchuen; a banda Cores de Aid\u00ea, do Brasil, entre muitos outros (<strong><a href=\"https:\/\/portugalexpo2020dubai.pt\/wp-content\/uploads\/2021\/10\/Alinhamento-Global-Festival-Lusofonia.pdf\">conhe\u00e7a o alinhamento completo aqui<\/a><\/strong>).<\/p>\n<p>&nbsp;<\/p>\n<p>A Ministra da Cultura de Portugal, Gra\u00e7a Fonseca, marcar\u00e1 presen\u00e7a durante estes dias na Expo 2020 Dubai.<\/p>\n<p>&nbsp;<\/p>\n<p>No ano em que a <a href=\"https:\/\/www.cplp.org\/\">Comunidade dos Pa\u00edses de L\u00edngua Portuguesa (CPLP)<\/a> comemora 25 anos, o Festival da Lusofonia na Expo ser\u00e1 um momento \u00edmpar de reconhecimento e divulga\u00e7\u00e3o da L\u00edngua Portuguesa que, segundo a UNESCO, \u00e9 falada por mais de 260 milh\u00f5es de pessoas em cinco continentes, sendo o quinto idioma mais difundido no mundo.<\/p>\n<p>&nbsp;<\/p>\n<p>A exposi\u00e7\u00e3o mundial, que arrancou no passado dia 1 de outubro, no Dubai, conta nesta edi\u00e7\u00e3o com a presen\u00e7a de todos os pa\u00edses de l\u00edngua oficial portuguesa.<\/p>\n<p>&nbsp;<\/p>\n","protected":false},"excerpt":{"rendered":"<p>A Expo 2020 Dubai recebe esta semana, entre 14 e 16 de outubro, o Festival da Lusofonia \u2013 uma celebra\u00e7\u00e3o \u00fanica da l\u00edngua portuguesa com v\u00e1rias apresenta\u00e7\u00f5es art\u00edsticas e culturais de Portugal e da comunidade lus\u00f3fona.<\/p>\n","protected":false},"author":2,"featured_media":4755,"comment_status":"closed","ping_status":"closed","sticky":false,"template":"","format":"standard","meta":{"_monsterinsights_skip_tracking":false,"_monsterinsights_sitenote_active":false,"_monsterinsights_sitenote_note":"","_monsterinsights_sitenote_category":0,"footnotes":""},"categories":[71],"tags":[],"class_list":["post-4750","post","type-post","status-publish","format-standard","has-post-thumbnail","hentry","category-news-pt-pt"],"yoast_head":"<!-- This site is optimized with the Yoast SEO plugin v27.5 - https:\/\/yoast.com\/product\/yoast-seo-wordpress\/ -->\n<title>Expo 2020 acolhe Festival da Lusofonia em homenagem \u00e0 l\u00edngua portuguesa - Portugal Expo 2020 Dubai<\/title>\n<meta name=\"robots\" content=\"index, follow, max-snippet:-1, max-image-preview:large, max-video-preview:-1\" \/>\n<link rel=\"canonical\" href=\"https:\/\/portugalexpo2020dubai.pt\/index.php\/2021\/10\/12\/expo-2020-acolhe-festival-da-lusofonia-em-homenagem-a-lingua-portuguesa\/\" \/>\n<meta property=\"og:locale\" content=\"en_US\" \/>\n<meta property=\"og:type\" content=\"article\" \/>\n<meta property=\"og:title\" content=\"Expo 2020 acolhe Festival da Lusofonia em homenagem \u00e0 l\u00edngua portuguesa - Portugal Expo 2020 Dubai\" \/>\n<meta property=\"og:description\" content=\"A Expo 2020 Dubai recebe esta semana, entre 14 e 16 de outubro, o Festival da Lusofonia \u2013 uma celebra\u00e7\u00e3o \u00fanica da l\u00edngua portuguesa com v\u00e1rias apresenta\u00e7\u00f5es art\u00edsticas e culturais de Portugal e da comunidade lus\u00f3fona.\" \/>\n<meta property=\"og:url\" content=\"https:\/\/portugalexpo2020dubai.pt\/index.php\/2021\/10\/12\/expo-2020-acolhe-festival-da-lusofonia-em-homenagem-a-lingua-portuguesa\/?lang=pt-pt\" \/>\n<meta property=\"og:site_name\" content=\"Portugal Expo 2020 Dubai\" \/>\n<meta property=\"article:publisher\" content=\"https:\/\/www.facebook.com\/portugalexpo2020\" \/>\n<meta property=\"article:published_time\" content=\"2021-10-12T14:33:58+00:00\" \/>\n<meta property=\"article:modified_time\" content=\"2021-10-14T12:43:38+00:00\" \/>\n<meta property=\"og:image\" content=\"https:\/\/portugalexpo2020dubai.pt\/wp-content\/uploads\/2021\/10\/Lusofonia-1.png\" \/>\n\t<meta property=\"og:image:width\" content=\"1440\" \/>\n\t<meta property=\"og:image:height\" content=\"740\" \/>\n\t<meta property=\"og:image:type\" content=\"image\/png\" \/>\n<meta name=\"author\" content=\"Catarina Beija\" \/>\n<meta name=\"twitter:card\" content=\"summary_large_image\" \/>\n<meta name=\"twitter:creator\" content=\"@PTexpo2020\" \/>\n<meta name=\"twitter:site\" content=\"@PTexpo2020\" \/>\n<meta name=\"twitter:label1\" content=\"Written by\" \/>\n\t<meta name=\"twitter:data1\" content=\"Catarina Beija\" \/>\n\t<meta name=\"twitter:label2\" content=\"Est. reading time\" \/>\n\t<meta name=\"twitter:data2\" content=\"2 minutes\" \/>\n<script type=\"application\/ld+json\" class=\"yoast-schema-graph\">{\"@context\":\"https:\\\/\\\/schema.org\",\"@graph\":[{\"@type\":\"Article\",\"@id\":\"https:\\\/\\\/portugalexpo2020dubai.pt\\\/index.php\\\/2021\\\/10\\\/12\\\/expo-2020-acolhe-festival-da-lusofonia-em-homenagem-a-lingua-portuguesa\\\/?lang=pt-pt#article\",\"isPartOf\":{\"@id\":\"https:\\\/\\\/portugalexpo2020dubai.pt\\\/index.php\\\/2021\\\/10\\\/12\\\/expo-2020-acolhe-festival-da-lusofonia-em-homenagem-a-lingua-portuguesa\\\/?lang=pt-pt\"},\"author\":{\"name\":\"Catarina Beija\",\"@id\":\"https:\\\/\\\/portugalexpo2020dubai.pt\\\/#\\\/schema\\\/person\\\/b3a886f492d6f9451dd81753e22488f9\"},\"headline\":\"Expo 2020 acolhe Festival da Lusofonia em homenagem \u00e0 l\u00edngua portuguesa\",\"datePublished\":\"2021-10-12T14:33:58+00:00\",\"dateModified\":\"2021-10-14T12:43:38+00:00\",\"mainEntityOfPage\":{\"@id\":\"https:\\\/\\\/portugalexpo2020dubai.pt\\\/index.php\\\/2021\\\/10\\\/12\\\/expo-2020-acolhe-festival-da-lusofonia-em-homenagem-a-lingua-portuguesa\\\/?lang=pt-pt\"},\"wordCount\":361,\"publisher\":{\"@id\":\"https:\\\/\\\/portugalexpo2020dubai.pt\\\/#organization\"},\"image\":{\"@id\":\"https:\\\/\\\/portugalexpo2020dubai.pt\\\/index.php\\\/2021\\\/10\\\/12\\\/expo-2020-acolhe-festival-da-lusofonia-em-homenagem-a-lingua-portuguesa\\\/?lang=pt-pt#primaryimage\"},\"thumbnailUrl\":\"https:\\\/\\\/portugalexpo2020dubai.pt\\\/wp-content\\\/uploads\\\/2021\\\/10\\\/Lusofonia-1.png\",\"articleSection\":[\"Not\u00edcias\"],\"inLanguage\":\"en-US\"},{\"@type\":\"WebPage\",\"@id\":\"https:\\\/\\\/portugalexpo2020dubai.pt\\\/index.php\\\/2021\\\/10\\\/12\\\/expo-2020-acolhe-festival-da-lusofonia-em-homenagem-a-lingua-portuguesa\\\/?lang=pt-pt\",\"url\":\"https:\\\/\\\/portugalexpo2020dubai.pt\\\/index.php\\\/2021\\\/10\\\/12\\\/expo-2020-acolhe-festival-da-lusofonia-em-homenagem-a-lingua-portuguesa\\\/?lang=pt-pt\",\"name\":\"Expo 2020 acolhe Festival da Lusofonia em homenagem \u00e0 l\u00edngua portuguesa - Portugal Expo 2020 Dubai\",\"isPartOf\":{\"@id\":\"https:\\\/\\\/portugalexpo2020dubai.pt\\\/#website\"},\"primaryImageOfPage\":{\"@id\":\"https:\\\/\\\/portugalexpo2020dubai.pt\\\/index.php\\\/2021\\\/10\\\/12\\\/expo-2020-acolhe-festival-da-lusofonia-em-homenagem-a-lingua-portuguesa\\\/?lang=pt-pt#primaryimage\"},\"image\":{\"@id\":\"https:\\\/\\\/portugalexpo2020dubai.pt\\\/index.php\\\/2021\\\/10\\\/12\\\/expo-2020-acolhe-festival-da-lusofonia-em-homenagem-a-lingua-portuguesa\\\/?lang=pt-pt#primaryimage\"},\"thumbnailUrl\":\"https:\\\/\\\/portugalexpo2020dubai.pt\\\/wp-content\\\/uploads\\\/2021\\\/10\\\/Lusofonia-1.png\",\"datePublished\":\"2021-10-12T14:33:58+00:00\",\"dateModified\":\"2021-10-14T12:43:38+00:00\",\"breadcrumb\":{\"@id\":\"https:\\\/\\\/portugalexpo2020dubai.pt\\\/index.php\\\/2021\\\/10\\\/12\\\/expo-2020-acolhe-festival-da-lusofonia-em-homenagem-a-lingua-portuguesa\\\/?lang=pt-pt#breadcrumb\"},\"inLanguage\":\"en-US\",\"potentialAction\":[{\"@type\":\"ReadAction\",\"target\":[\"https:\\\/\\\/portugalexpo2020dubai.pt\\\/index.php\\\/2021\\\/10\\\/12\\\/expo-2020-acolhe-festival-da-lusofonia-em-homenagem-a-lingua-portuguesa\\\/?lang=pt-pt\"]}]},{\"@type\":\"ImageObject\",\"inLanguage\":\"en-US\",\"@id\":\"https:\\\/\\\/portugalexpo2020dubai.pt\\\/index.php\\\/2021\\\/10\\\/12\\\/expo-2020-acolhe-festival-da-lusofonia-em-homenagem-a-lingua-portuguesa\\\/?lang=pt-pt#primaryimage\",\"url\":\"https:\\\/\\\/portugalexpo2020dubai.pt\\\/wp-content\\\/uploads\\\/2021\\\/10\\\/Lusofonia-1.png\",\"contentUrl\":\"https:\\\/\\\/portugalexpo2020dubai.pt\\\/wp-content\\\/uploads\\\/2021\\\/10\\\/Lusofonia-1.png\",\"width\":1440,\"height\":740,\"caption\":\"Lusophonia Festival Expo 2020 Dubai\"},{\"@type\":\"BreadcrumbList\",\"@id\":\"https:\\\/\\\/portugalexpo2020dubai.pt\\\/index.php\\\/2021\\\/10\\\/12\\\/expo-2020-acolhe-festival-da-lusofonia-em-homenagem-a-lingua-portuguesa\\\/?lang=pt-pt#breadcrumb\",\"itemListElement\":[{\"@type\":\"ListItem\",\"position\":1,\"name\":\"Home\",\"item\":\"https:\\\/\\\/portugalexpo2020dubai.pt\\\/\"},{\"@type\":\"ListItem\",\"position\":2,\"name\":\"Expo 2020 acolhe Festival da Lusofonia em homenagem \u00e0 l\u00edngua portuguesa\"}]},{\"@type\":\"WebSite\",\"@id\":\"https:\\\/\\\/portugalexpo2020dubai.pt\\\/#website\",\"url\":\"https:\\\/\\\/portugalexpo2020dubai.pt\\\/\",\"name\":\"Portugal Expo 2020 Dubai\",\"description\":\"Portugal Expo 2020 Dubai\",\"publisher\":{\"@id\":\"https:\\\/\\\/portugalexpo2020dubai.pt\\\/#organization\"},\"potentialAction\":[{\"@type\":\"SearchAction\",\"target\":{\"@type\":\"EntryPoint\",\"urlTemplate\":\"https:\\\/\\\/portugalexpo2020dubai.pt\\\/?s={search_term_string}\"},\"query-input\":{\"@type\":\"PropertyValueSpecification\",\"valueRequired\":true,\"valueName\":\"search_term_string\"}}],\"inLanguage\":\"en-US\"},{\"@type\":\"Organization\",\"@id\":\"https:\\\/\\\/portugalexpo2020dubai.pt\\\/#organization\",\"name\":\"Portugal Expo 2020 Dubai\",\"url\":\"https:\\\/\\\/portugalexpo2020dubai.pt\\\/\",\"logo\":{\"@type\":\"ImageObject\",\"inLanguage\":\"en-US\",\"@id\":\"https:\\\/\\\/portugalexpo2020dubai.pt\\\/#\\\/schema\\\/logo\\\/image\\\/\",\"url\":\"https:\\\/\\\/portugalexpo2020dubai.pt\\\/wp-content\\\/uploads\\\/2021\\\/09\\\/logo_aicep.png\",\"contentUrl\":\"https:\\\/\\\/portugalexpo2020dubai.pt\\\/wp-content\\\/uploads\\\/2021\\\/09\\\/logo_aicep.png\",\"width\":830,\"height\":200,\"caption\":\"Portugal Expo 2020 Dubai\"},\"image\":{\"@id\":\"https:\\\/\\\/portugalexpo2020dubai.pt\\\/#\\\/schema\\\/logo\\\/image\\\/\"},\"sameAs\":[\"https:\\\/\\\/www.facebook.com\\\/portugalexpo2020\",\"https:\\\/\\\/x.com\\\/PTexpo2020\",\"https:\\\/\\\/www.instagram.com\\\/portugalexpo2020\\\/\"]},{\"@type\":\"Person\",\"@id\":\"https:\\\/\\\/portugalexpo2020dubai.pt\\\/#\\\/schema\\\/person\\\/b3a886f492d6f9451dd81753e22488f9\",\"name\":\"Catarina Beija\",\"image\":{\"@type\":\"ImageObject\",\"inLanguage\":\"en-US\",\"@id\":\"https:\\\/\\\/secure.gravatar.com\\\/avatar\\\/4c9f1d7d0df92294044bdecb88b912257abbbac65d788bc499eb2cceb120941a?s=96&d=mm&r=g\",\"url\":\"https:\\\/\\\/secure.gravatar.com\\\/avatar\\\/4c9f1d7d0df92294044bdecb88b912257abbbac65d788bc499eb2cceb120941a?s=96&d=mm&r=g\",\"contentUrl\":\"https:\\\/\\\/secure.gravatar.com\\\/avatar\\\/4c9f1d7d0df92294044bdecb88b912257abbbac65d788bc499eb2cceb120941a?s=96&d=mm&r=g\",\"caption\":\"Catarina Beija\"},\"url\":\"https:\\\/\\\/portugalexpo2020dubai.pt\\\/index.php\\\/author\\\/catarina-beijaportugalglobal-pt\\\/\"}]}<\/script>\n<!-- \/ Yoast SEO plugin. -->","yoast_head_json":{"title":"Expo 2020 acolhe Festival da Lusofonia em homenagem \u00e0 l\u00edngua portuguesa - Portugal Expo 2020 Dubai","robots":{"index":"index","follow":"follow","max-snippet":"max-snippet:-1","max-image-preview":"max-image-preview:large","max-video-preview":"max-video-preview:-1"},"canonical":"https:\/\/portugalexpo2020dubai.pt\/index.php\/2021\/10\/12\/expo-2020-acolhe-festival-da-lusofonia-em-homenagem-a-lingua-portuguesa\/","og_locale":"en_US","og_type":"article","og_title":"Expo 2020 acolhe Festival da Lusofonia em homenagem \u00e0 l\u00edngua portuguesa - Portugal Expo 2020 Dubai","og_description":"A Expo 2020 Dubai recebe esta semana, entre 14 e 16 de outubro, o Festival da Lusofonia \u2013 uma celebra\u00e7\u00e3o \u00fanica da l\u00edngua portuguesa com v\u00e1rias apresenta\u00e7\u00f5es art\u00edsticas e culturais de Portugal e da comunidade lus\u00f3fona.","og_url":"https:\/\/portugalexpo2020dubai.pt\/index.php\/2021\/10\/12\/expo-2020-acolhe-festival-da-lusofonia-em-homenagem-a-lingua-portuguesa\/?lang=pt-pt","og_site_name":"Portugal Expo 2020 Dubai","article_publisher":"https:\/\/www.facebook.com\/portugalexpo2020","article_published_time":"2021-10-12T14:33:58+00:00","article_modified_time":"2021-10-14T12:43:38+00:00","og_image":[{"width":1440,"height":740,"url":"https:\/\/portugalexpo2020dubai.pt\/wp-content\/uploads\/2021\/10\/Lusofonia-1.png","type":"image\/png"}],"author":"Catarina Beija","twitter_card":"summary_large_image","twitter_creator":"@PTexpo2020","twitter_site":"@PTexpo2020","twitter_misc":{"Written by":"Catarina Beija","Est. reading time":"2 minutes"},"schema":{"@context":"https:\/\/schema.org","@graph":[{"@type":"Article","@id":"https:\/\/portugalexpo2020dubai.pt\/index.php\/2021\/10\/12\/expo-2020-acolhe-festival-da-lusofonia-em-homenagem-a-lingua-portuguesa\/?lang=pt-pt#article","isPartOf":{"@id":"https:\/\/portugalexpo2020dubai.pt\/index.php\/2021\/10\/12\/expo-2020-acolhe-festival-da-lusofonia-em-homenagem-a-lingua-portuguesa\/?lang=pt-pt"},"author":{"name":"Catarina Beija","@id":"https:\/\/portugalexpo2020dubai.pt\/#\/schema\/person\/b3a886f492d6f9451dd81753e22488f9"},"headline":"Expo 2020 acolhe Festival da Lusofonia em homenagem \u00e0 l\u00edngua portuguesa","datePublished":"2021-10-12T14:33:58+00:00","dateModified":"2021-10-14T12:43:38+00:00","mainEntityOfPage":{"@id":"https:\/\/portugalexpo2020dubai.pt\/index.php\/2021\/10\/12\/expo-2020-acolhe-festival-da-lusofonia-em-homenagem-a-lingua-portuguesa\/?lang=pt-pt"},"wordCount":361,"publisher":{"@id":"https:\/\/portugalexpo2020dubai.pt\/#organization"},"image":{"@id":"https:\/\/portugalexpo2020dubai.pt\/index.php\/2021\/10\/12\/expo-2020-acolhe-festival-da-lusofonia-em-homenagem-a-lingua-portuguesa\/?lang=pt-pt#primaryimage"},"thumbnailUrl":"https:\/\/portugalexpo2020dubai.pt\/wp-content\/uploads\/2021\/10\/Lusofonia-1.png","articleSection":["Not\u00edcias"],"inLanguage":"en-US"},{"@type":"WebPage","@id":"https:\/\/portugalexpo2020dubai.pt\/index.php\/2021\/10\/12\/expo-2020-acolhe-festival-da-lusofonia-em-homenagem-a-lingua-portuguesa\/?lang=pt-pt","url":"https:\/\/portugalexpo2020dubai.pt\/index.php\/2021\/10\/12\/expo-2020-acolhe-festival-da-lusofonia-em-homenagem-a-lingua-portuguesa\/?lang=pt-pt","name":"Expo 2020 acolhe Festival da Lusofonia em homenagem \u00e0 l\u00edngua portuguesa - Portugal Expo 2020 Dubai","isPartOf":{"@id":"https:\/\/portugalexpo2020dubai.pt\/#website"},"primaryImageOfPage":{"@id":"https:\/\/portugalexpo2020dubai.pt\/index.php\/2021\/10\/12\/expo-2020-acolhe-festival-da-lusofonia-em-homenagem-a-lingua-portuguesa\/?lang=pt-pt#primaryimage"},"image":{"@id":"https:\/\/portugalexpo2020dubai.pt\/index.php\/2021\/10\/12\/expo-2020-acolhe-festival-da-lusofonia-em-homenagem-a-lingua-portuguesa\/?lang=pt-pt#primaryimage"},"thumbnailUrl":"https:\/\/portugalexpo2020dubai.pt\/wp-content\/uploads\/2021\/10\/Lusofonia-1.png","datePublished":"2021-10-12T14:33:58+00:00","dateModified":"2021-10-14T12:43:38+00:00","breadcrumb":{"@id":"https:\/\/portugalexpo2020dubai.pt\/index.php\/2021\/10\/12\/expo-2020-acolhe-festival-da-lusofonia-em-homenagem-a-lingua-portuguesa\/?lang=pt-pt#breadcrumb"},"inLanguage":"en-US","potentialAction":[{"@type":"ReadAction","target":["https:\/\/portugalexpo2020dubai.pt\/index.php\/2021\/10\/12\/expo-2020-acolhe-festival-da-lusofonia-em-homenagem-a-lingua-portuguesa\/?lang=pt-pt"]}]},{"@type":"ImageObject","inLanguage":"en-US","@id":"https:\/\/portugalexpo2020dubai.pt\/index.php\/2021\/10\/12\/expo-2020-acolhe-festival-da-lusofonia-em-homenagem-a-lingua-portuguesa\/?lang=pt-pt#primaryimage","url":"https:\/\/portugalexpo2020dubai.pt\/wp-content\/uploads\/2021\/10\/Lusofonia-1.png","contentUrl":"https:\/\/portugalexpo2020dubai.pt\/wp-content\/uploads\/2021\/10\/Lusofonia-1.png","width":1440,"height":740,"caption":"Lusophonia Festival Expo 2020 Dubai"},{"@type":"BreadcrumbList","@id":"https:\/\/portugalexpo2020dubai.pt\/index.php\/2021\/10\/12\/expo-2020-acolhe-festival-da-lusofonia-em-homenagem-a-lingua-portuguesa\/?lang=pt-pt#breadcrumb","itemListElement":[{"@type":"ListItem","position":1,"name":"Home","item":"https:\/\/portugalexpo2020dubai.pt\/"},{"@type":"ListItem","position":2,"name":"Expo 2020 acolhe Festival da Lusofonia em homenagem \u00e0 l\u00edngua portuguesa"}]},{"@type":"WebSite","@id":"https:\/\/portugalexpo2020dubai.pt\/#website","url":"https:\/\/portugalexpo2020dubai.pt\/","name":"Portugal Expo 2020 Dubai","description":"Portugal Expo 2020 Dubai","publisher":{"@id":"https:\/\/portugalexpo2020dubai.pt\/#organization"},"potentialAction":[{"@type":"SearchAction","target":{"@type":"EntryPoint","urlTemplate":"https:\/\/portugalexpo2020dubai.pt\/?s={search_term_string}"},"query-input":{"@type":"PropertyValueSpecification","valueRequired":true,"valueName":"search_term_string"}}],"inLanguage":"en-US"},{"@type":"Organization","@id":"https:\/\/portugalexpo2020dubai.pt\/#organization","name":"Portugal Expo 2020 Dubai","url":"https:\/\/portugalexpo2020dubai.pt\/","logo":{"@type":"ImageObject","inLanguage":"en-US","@id":"https:\/\/portugalexpo2020dubai.pt\/#\/schema\/logo\/image\/","url":"https:\/\/portugalexpo2020dubai.pt\/wp-content\/uploads\/2021\/09\/logo_aicep.png","contentUrl":"https:\/\/portugalexpo2020dubai.pt\/wp-content\/uploads\/2021\/09\/logo_aicep.png","width":830,"height":200,"caption":"Portugal Expo 2020 Dubai"},"image":{"@id":"https:\/\/portugalexpo2020dubai.pt\/#\/schema\/logo\/image\/"},"sameAs":["https:\/\/www.facebook.com\/portugalexpo2020","https:\/\/x.com\/PTexpo2020","https:\/\/www.instagram.com\/portugalexpo2020\/"]},{"@type":"Person","@id":"https:\/\/portugalexpo2020dubai.pt\/#\/schema\/person\/b3a886f492d6f9451dd81753e22488f9","name":"Catarina Beija","image":{"@type":"ImageObject","inLanguage":"en-US","@id":"https:\/\/secure.gravatar.com\/avatar\/4c9f1d7d0df92294044bdecb88b912257abbbac65d788bc499eb2cceb120941a?s=96&d=mm&r=g","url":"https:\/\/secure.gravatar.com\/avatar\/4c9f1d7d0df92294044bdecb88b912257abbbac65d788bc499eb2cceb120941a?s=96&d=mm&r=g","contentUrl":"https:\/\/secure.gravatar.com\/avatar\/4c9f1d7d0df92294044bdecb88b912257abbbac65d788bc499eb2cceb120941a?s=96&d=mm&r=g","caption":"Catarina Beija"},"url":"https:\/\/portugalexpo2020dubai.pt\/index.php\/author\/catarina-beijaportugalglobal-pt\/"}]}},"cc_featured_image_caption":{"caption_text":"","source_text":"","source_url":""},"_links":{"self":[{"href":"https:\/\/portugalexpo2020dubai.pt\/index.php\/wp-json\/wp\/v2\/posts\/4750","targetHints":{"allow":["GET"]}}],"collection":[{"href":"https:\/\/portugalexpo2020dubai.pt\/index.php\/wp-json\/wp\/v2\/posts"}],"about":[{"href":"https:\/\/portugalexpo2020dubai.pt\/index.php\/wp-json\/wp\/v2\/types\/post"}],"author":[{"embeddable":true,"href":"https:\/\/portugalexpo2020dubai.pt\/index.php\/wp-json\/wp\/v2\/users\/2"}],"replies":[{"embeddable":true,"href":"https:\/\/portugalexpo2020dubai.pt\/index.php\/wp-json\/wp\/v2\/comments?post=4750"}],"version-history":[{"count":3,"href":"https:\/\/portugalexpo2020dubai.pt\/index.php\/wp-json\/wp\/v2\/posts\/4750\/revisions"}],"predecessor-version":[{"id":4823,"href":"https:\/\/portugalexpo2020dubai.pt\/index.php\/wp-json\/wp\/v2\/posts\/4750\/revisions\/4823"}],"wp:featuredmedia":[{"embeddable":true,"href":"https:\/\/portugalexpo2020dubai.pt\/index.php\/wp-json\/wp\/v2\/media\/4755"}],"wp:attachment":[{"href":"https:\/\/portugalexpo2020dubai.pt\/index.php\/wp-json\/wp\/v2\/media?parent=4750"}],"wp:term":[{"taxonomy":"category","embeddable":true,"href":"https:\/\/portugalexpo2020dubai.pt\/index.php\/wp-json\/wp\/v2\/categories?post=4750"},{"taxonomy":"post_tag","embeddable":true,"href":"https:\/\/portugalexpo2020dubai.pt\/index.php\/wp-json\/wp\/v2\/tags?post=4750"}],"curies":[{"name":"wp","href":"https:\/\/api.w.org\/{rel}","templated":true}]}}