{"id":4672,"date":"2021-10-08T15:48:24","date_gmt":"2021-10-08T15:48:24","guid":{"rendered":"https:\/\/portugalexpo2020dubai.pt\/?p=4672"},"modified":"2021-10-11T07:41:16","modified_gmt":"2021-10-11T07:41:16","slug":"e-preciso-rever-a-forma-como-extraimos-produzimos-e-consumimos-expo-recebe-secretaria-de-estado-do-ambiente","status":"publish","type":"post","link":"https:\/\/portugalexpo2020dubai.pt\/index.php\/2021\/10\/08\/e-preciso-rever-a-forma-como-extraimos-produzimos-e-consumimos-expo-recebe-secretaria-de-estado-do-ambiente\/?lang=pt-pt","title":{"rendered":"&#8216;\u00c9 preciso rever a forma como extra\u00edmos, produzimos e consumimos&#8217;: Expo recebe secret\u00e1ria de Estado do Ambiente de Portugal"},"content":{"rendered":"<p>&nbsp;<\/p>\n<p><strong>A secret\u00e1ria de Estado do Ambiente de Portugal, In\u00eas dos Santos Costa, esteve esta semana na Expo e partilhou as suas ideias sobre a import\u00e2ncia da tecnologia e da inova\u00e7\u00e3o para alcan\u00e7ar os objetivos globais de sustentabilidade.<\/strong><\/p>\n<p>&nbsp;<\/p>\n<p>In\u00eas dos Santos Costa integrou o painel do Majlis Mundial \u201cEarth 2.0: Reengineering Planet Earth\u201d esta quinta-feira, 7 de outubro, no \u00e2mbito da semana do Clima e Biodiversidade da Expo 2020 Dubai.<\/p>\n<p>&nbsp;<\/p>\n<p>O evento reuniu especialistas internacionais para discutir o papel da tecnologia e da engenharia num mundo cada vez mais quente, os riscos associados a esses esfor\u00e7os e como equilibrar os interesses dos v\u00e1rios agentes envolvidos. Entre os convidados estavam <strong>Mohamed Nasheed<\/strong>, ex-presidente das Maldivas; <strong>Abdulla Al Mandous<\/strong>, Diretor-Geral do <a href=\"https:\/\/www.ncm.ae\/maps-radars\/radar-merge-sat?lang=en\">Centro Nacional de Meteorologia<\/a> dos Emirados \u00c1rabes Unidos; <strong>Nawal Al Hosany<\/strong>, Representante dos Emirados \u00c1rabes Unidos na <a href=\"https:\/\/www.irena.org\/\">Ag\u00eancia Internacional de Energias Renov\u00e1veis (IRENA)<\/a>; <strong>Joaquin Ruiz<\/strong>, Professor de Geoci\u00eancias da <a href=\"https:\/\/www.arizona.edu\/\">Universidade do Arizona<\/a>; e <strong>Paolo Gali<\/strong>, fundador e diretor do <a href=\"https:\/\/marhe.unimib.it\/\">Marine Research and High Education Center (MaRHE)<\/a>.<\/p>\n<p>&nbsp;<\/p>\n<p>A secret\u00e1ria de Estado do Ambiente disse que para cumprir os objetivos fixados para 2030 e 2050, \u00e9 necess\u00e1rio \u201crever a forma como extra\u00edmos, produzimos e consumimos [&#8230;] Temos encarado a tecnologia como uma esp\u00e9cie de salva\u00e7\u00e3o sem realmente mudar o <em>status quo<\/em> no que toca \u00e0 forma como conduzimos e desenvolvemos as nossas pol\u00edticas.<\/p>\n<p>&nbsp;<\/p>\n<p>\u201c\u00c9 necess\u00e1rio encontrar um novo significado para a palavra &#8216;crescimento&#8217;. Queremos que o crescimento seja na sa\u00fade, no bem-estar, na regenera\u00e7\u00e3o, na educa\u00e7\u00e3o [&#8230;] por isso temos de apostar no desenvolvimento econ\u00f3mico tra\u00e7ando novos objetivos, e ter esse objetivos em conta quando pensamos nas novas tecnologias\u201d, acrescentou.<\/p>\n<p>&nbsp;<\/p>\n<p>In\u00eas dos Santos Costa destacou ainda os progressos de Portugal ao n\u00edvel das energias renov\u00e1veis \u200b\u200be da produ\u00e7\u00e3o de eletricidade, afirmando que o pa\u00eds tem estado \u201cno caminho certo\u201d. A secret\u00e1ria de Estado partilhou com os restantes intervenientes a chave do sucesso de Portugal: \u201cDescarboniza\u00e7\u00e3o aliada \u00e0 valoriza\u00e7\u00e3o do territ\u00f3rio e \u00e0 economia circular &#8211; todas as pol\u00edticas e estrat\u00e9gias que desenvolvemos no Minist\u00e9rio do Ambiente s\u00e3o formuladas segundo estes tr\u00eas pontos e todas devem contribuir de forma positiva para esses objetivos&#8221;.<\/p>\n<p>&nbsp;<\/p>\n<p>Portugal foi o primeiro pa\u00eds do mundo a afirmar o compromisso da neutralidade carb\u00f3nica at\u00e9 2050 e, desde ent\u00e3o, tem-se mantido na linha de frente da descarboniza\u00e7\u00e3o. Segundo <a href=\"https:\/\/www.ren.pt\/\">dados recentes da REN<\/a>, as energias renov\u00e1veis abasteceram 61 por cento do consumo de energia el\u00e9trica em Portugal nos primeiros nove meses de 2021.<\/p>\n<p>&nbsp;<\/p>\n<p>Al\u00e9m da participa\u00e7\u00e3o na Expo, In\u00eas dos Santos Costa foi tamb\u00e9m convidada esta semana ao programa <a href=\"https:\/\/edition.cnn.com\/shows\/connect-the-world\">Connect the World<\/a>, da CNN Internacional, onde conversou com a jornalista brit\u00e2nica Becky Anderson sobre o plano de a\u00e7\u00e3o clim\u00e1tica de Portugal e as suas expetativas para a COP26, a Cimeira do Clima das Na\u00e7\u00f5es Unidas que vai decorrer a partir de 31 de outubro em Glasgow, na Esc\u00f3cia.<\/p>\n<p>&nbsp;<\/p>\n<div style=\"width: 978px;\" class=\"wp-video\"><video class=\"wp-video-shortcode\" id=\"video-4672-1\" width=\"978\" height=\"544\" preload=\"metadata\" controls=\"controls\"><source type=\"video\/mp4\" src=\"https:\/\/portugalexpo2020dubai.pt\/wp-content\/uploads\/2021\/09\/SE-Ine\u0302s-Costa-CNN-Dubai.mp4?_=1\" \/><a href=\"https:\/\/portugalexpo2020dubai.pt\/wp-content\/uploads\/2021\/09\/SE-Ine\u0302s-Costa-CNN-Dubai.mp4\">https:\/\/portugalexpo2020dubai.pt\/wp-content\/uploads\/2021\/09\/SE-Ine\u0302s-Costa-CNN-Dubai.mp4<\/a><\/video><\/div>\n","protected":false},"excerpt":{"rendered":"<p>A secret\u00e1ria de Estado do Ambiente de Portugal, In\u00eas dos Santos Costa, esteve esta semana na Expo e partilhou as suas ideias sobre a import\u00e2ncia da tecnologia e da inova\u00e7\u00e3o para alcan\u00e7ar os objetivos globais de sustentabilidade.<\/p>\n","protected":false},"author":2,"featured_media":4682,"comment_status":"closed","ping_status":"closed","sticky":false,"template":"","format":"standard","meta":{"_monsterinsights_skip_tracking":false,"_monsterinsights_sitenote_active":false,"_monsterinsights_sitenote_note":"","_monsterinsights_sitenote_category":0,"footnotes":""},"categories":[71],"tags":[],"class_list":["post-4672","post","type-post","status-publish","format-standard","has-post-thumbnail","hentry","category-news-pt-pt"],"yoast_head":"<!-- This site is optimized with the Yoast SEO plugin v27.5 - https:\/\/yoast.com\/product\/yoast-seo-wordpress\/ -->\n<title>&#039;\u00c9 preciso rever a forma como extra\u00edmos, produzimos e consumimos&#039;: Expo recebe secret\u00e1ria de Estado do Ambiente de Portugal - Portugal Expo 2020 Dubai<\/title>\n<meta name=\"robots\" content=\"index, follow, max-snippet:-1, max-image-preview:large, max-video-preview:-1\" \/>\n<link rel=\"canonical\" href=\"https:\/\/portugalexpo2020dubai.pt\/index.php\/2021\/10\/08\/e-preciso-rever-a-forma-como-extraimos-produzimos-e-consumimos-expo-recebe-secretaria-de-estado-do-ambiente\/\" \/>\n<meta property=\"og:locale\" content=\"en_US\" \/>\n<meta property=\"og:type\" content=\"article\" \/>\n<meta property=\"og:title\" content=\"&#039;\u00c9 preciso rever a forma como extra\u00edmos, produzimos e consumimos&#039;: Expo recebe secret\u00e1ria de Estado do Ambiente de Portugal - Portugal Expo 2020 Dubai\" \/>\n<meta property=\"og:description\" content=\"A secret\u00e1ria de Estado do Ambiente de Portugal, In\u00eas dos Santos Costa, esteve esta semana na Expo e partilhou as suas ideias sobre a import\u00e2ncia da tecnologia e da inova\u00e7\u00e3o para alcan\u00e7ar os objetivos globais de sustentabilidade.\" \/>\n<meta property=\"og:url\" content=\"https:\/\/portugalexpo2020dubai.pt\/index.php\/2021\/10\/08\/e-preciso-rever-a-forma-como-extraimos-produzimos-e-consumimos-expo-recebe-secretaria-de-estado-do-ambiente\/?lang=pt-pt\" \/>\n<meta property=\"og:site_name\" content=\"Portugal Expo 2020 Dubai\" \/>\n<meta property=\"article:publisher\" content=\"https:\/\/www.facebook.com\/portugalexpo2020\" \/>\n<meta property=\"article:published_time\" content=\"2021-10-08T15:48:24+00:00\" \/>\n<meta property=\"article:modified_time\" content=\"2021-10-11T07:41:16+00:00\" \/>\n<meta property=\"og:image\" content=\"https:\/\/portugalexpo2020dubai.pt\/wp-content\/uploads\/2021\/10\/World-Majlis-_-Earth-2_0-_-Reengineering-Planet-Earth_Web-Image_m2924-1-scaled.jpg\" \/>\n\t<meta property=\"og:image:width\" content=\"2560\" \/>\n\t<meta property=\"og:image:height\" content=\"1706\" \/>\n\t<meta property=\"og:image:type\" content=\"image\/jpeg\" \/>\n<meta name=\"author\" content=\"Catarina Beija\" \/>\n<meta name=\"twitter:card\" content=\"summary_large_image\" \/>\n<meta name=\"twitter:creator\" content=\"@PTexpo2020\" \/>\n<meta name=\"twitter:site\" content=\"@PTexpo2020\" \/>\n<meta name=\"twitter:label1\" content=\"Written by\" \/>\n\t<meta name=\"twitter:data1\" content=\"Catarina Beija\" \/>\n\t<meta name=\"twitter:label2\" content=\"Est. reading time\" \/>\n\t<meta name=\"twitter:data2\" content=\"3 minutes\" \/>\n<script type=\"application\/ld+json\" class=\"yoast-schema-graph\">{\"@context\":\"https:\\\/\\\/schema.org\",\"@graph\":[{\"@type\":\"Article\",\"@id\":\"https:\\\/\\\/portugalexpo2020dubai.pt\\\/index.php\\\/2021\\\/10\\\/08\\\/e-preciso-rever-a-forma-como-extraimos-produzimos-e-consumimos-expo-recebe-secretaria-de-estado-do-ambiente\\\/?lang=pt-pt#article\",\"isPartOf\":{\"@id\":\"https:\\\/\\\/portugalexpo2020dubai.pt\\\/index.php\\\/2021\\\/10\\\/08\\\/e-preciso-rever-a-forma-como-extraimos-produzimos-e-consumimos-expo-recebe-secretaria-de-estado-do-ambiente\\\/?lang=pt-pt\"},\"author\":{\"name\":\"Catarina Beija\",\"@id\":\"https:\\\/\\\/portugalexpo2020dubai.pt\\\/#\\\/schema\\\/person\\\/b3a886f492d6f9451dd81753e22488f9\"},\"headline\":\"&#8216;\u00c9 preciso rever a forma como extra\u00edmos, produzimos e consumimos&#8217;: Expo recebe secret\u00e1ria de Estado do Ambiente de Portugal\",\"datePublished\":\"2021-10-08T15:48:24+00:00\",\"dateModified\":\"2021-10-11T07:41:16+00:00\",\"mainEntityOfPage\":{\"@id\":\"https:\\\/\\\/portugalexpo2020dubai.pt\\\/index.php\\\/2021\\\/10\\\/08\\\/e-preciso-rever-a-forma-como-extraimos-produzimos-e-consumimos-expo-recebe-secretaria-de-estado-do-ambiente\\\/?lang=pt-pt\"},\"wordCount\":544,\"publisher\":{\"@id\":\"https:\\\/\\\/portugalexpo2020dubai.pt\\\/#organization\"},\"image\":{\"@id\":\"https:\\\/\\\/portugalexpo2020dubai.pt\\\/index.php\\\/2021\\\/10\\\/08\\\/e-preciso-rever-a-forma-como-extraimos-produzimos-e-consumimos-expo-recebe-secretaria-de-estado-do-ambiente\\\/?lang=pt-pt#primaryimage\"},\"thumbnailUrl\":\"https:\\\/\\\/portugalexpo2020dubai.pt\\\/wp-content\\\/uploads\\\/2021\\\/10\\\/World-Majlis-_-Earth-2_0-_-Reengineering-Planet-Earth_Web-Image_m2924-1-scaled.jpg\",\"articleSection\":[\"Not\u00edcias\"],\"inLanguage\":\"en-US\"},{\"@type\":\"WebPage\",\"@id\":\"https:\\\/\\\/portugalexpo2020dubai.pt\\\/index.php\\\/2021\\\/10\\\/08\\\/e-preciso-rever-a-forma-como-extraimos-produzimos-e-consumimos-expo-recebe-secretaria-de-estado-do-ambiente\\\/?lang=pt-pt\",\"url\":\"https:\\\/\\\/portugalexpo2020dubai.pt\\\/index.php\\\/2021\\\/10\\\/08\\\/e-preciso-rever-a-forma-como-extraimos-produzimos-e-consumimos-expo-recebe-secretaria-de-estado-do-ambiente\\\/?lang=pt-pt\",\"name\":\"'\u00c9 preciso rever a forma como extra\u00edmos, produzimos e consumimos': Expo recebe secret\u00e1ria de Estado do Ambiente de Portugal - Portugal Expo 2020 Dubai\",\"isPartOf\":{\"@id\":\"https:\\\/\\\/portugalexpo2020dubai.pt\\\/#website\"},\"primaryImageOfPage\":{\"@id\":\"https:\\\/\\\/portugalexpo2020dubai.pt\\\/index.php\\\/2021\\\/10\\\/08\\\/e-preciso-rever-a-forma-como-extraimos-produzimos-e-consumimos-expo-recebe-secretaria-de-estado-do-ambiente\\\/?lang=pt-pt#primaryimage\"},\"image\":{\"@id\":\"https:\\\/\\\/portugalexpo2020dubai.pt\\\/index.php\\\/2021\\\/10\\\/08\\\/e-preciso-rever-a-forma-como-extraimos-produzimos-e-consumimos-expo-recebe-secretaria-de-estado-do-ambiente\\\/?lang=pt-pt#primaryimage\"},\"thumbnailUrl\":\"https:\\\/\\\/portugalexpo2020dubai.pt\\\/wp-content\\\/uploads\\\/2021\\\/10\\\/World-Majlis-_-Earth-2_0-_-Reengineering-Planet-Earth_Web-Image_m2924-1-scaled.jpg\",\"datePublished\":\"2021-10-08T15:48:24+00:00\",\"dateModified\":\"2021-10-11T07:41:16+00:00\",\"breadcrumb\":{\"@id\":\"https:\\\/\\\/portugalexpo2020dubai.pt\\\/index.php\\\/2021\\\/10\\\/08\\\/e-preciso-rever-a-forma-como-extraimos-produzimos-e-consumimos-expo-recebe-secretaria-de-estado-do-ambiente\\\/?lang=pt-pt#breadcrumb\"},\"inLanguage\":\"en-US\",\"potentialAction\":[{\"@type\":\"ReadAction\",\"target\":[\"https:\\\/\\\/portugalexpo2020dubai.pt\\\/index.php\\\/2021\\\/10\\\/08\\\/e-preciso-rever-a-forma-como-extraimos-produzimos-e-consumimos-expo-recebe-secretaria-de-estado-do-ambiente\\\/?lang=pt-pt\"]}]},{\"@type\":\"ImageObject\",\"inLanguage\":\"en-US\",\"@id\":\"https:\\\/\\\/portugalexpo2020dubai.pt\\\/index.php\\\/2021\\\/10\\\/08\\\/e-preciso-rever-a-forma-como-extraimos-produzimos-e-consumimos-expo-recebe-secretaria-de-estado-do-ambiente\\\/?lang=pt-pt#primaryimage\",\"url\":\"https:\\\/\\\/portugalexpo2020dubai.pt\\\/wp-content\\\/uploads\\\/2021\\\/10\\\/World-Majlis-_-Earth-2_0-_-Reengineering-Planet-Earth_Web-Image_m2924-1-scaled.jpg\",\"contentUrl\":\"https:\\\/\\\/portugalexpo2020dubai.pt\\\/wp-content\\\/uploads\\\/2021\\\/10\\\/World-Majlis-_-Earth-2_0-_-Reengineering-Planet-Earth_Web-Image_m2924-1-scaled.jpg\",\"width\":2560,\"height\":1706,\"caption\":\"\u00a9Expo 2020 Dubai\"},{\"@type\":\"BreadcrumbList\",\"@id\":\"https:\\\/\\\/portugalexpo2020dubai.pt\\\/index.php\\\/2021\\\/10\\\/08\\\/e-preciso-rever-a-forma-como-extraimos-produzimos-e-consumimos-expo-recebe-secretaria-de-estado-do-ambiente\\\/?lang=pt-pt#breadcrumb\",\"itemListElement\":[{\"@type\":\"ListItem\",\"position\":1,\"name\":\"Home\",\"item\":\"https:\\\/\\\/portugalexpo2020dubai.pt\\\/\"},{\"@type\":\"ListItem\",\"position\":2,\"name\":\"&#8216;\u00c9 preciso rever a forma como extra\u00edmos, produzimos e consumimos&#8217;: Expo recebe secret\u00e1ria de Estado do Ambiente de Portugal\"}]},{\"@type\":\"WebSite\",\"@id\":\"https:\\\/\\\/portugalexpo2020dubai.pt\\\/#website\",\"url\":\"https:\\\/\\\/portugalexpo2020dubai.pt\\\/\",\"name\":\"Portugal Expo 2020 Dubai\",\"description\":\"Portugal Expo 2020 Dubai\",\"publisher\":{\"@id\":\"https:\\\/\\\/portugalexpo2020dubai.pt\\\/#organization\"},\"potentialAction\":[{\"@type\":\"SearchAction\",\"target\":{\"@type\":\"EntryPoint\",\"urlTemplate\":\"https:\\\/\\\/portugalexpo2020dubai.pt\\\/?s={search_term_string}\"},\"query-input\":{\"@type\":\"PropertyValueSpecification\",\"valueRequired\":true,\"valueName\":\"search_term_string\"}}],\"inLanguage\":\"en-US\"},{\"@type\":\"Organization\",\"@id\":\"https:\\\/\\\/portugalexpo2020dubai.pt\\\/#organization\",\"name\":\"Portugal Expo 2020 Dubai\",\"url\":\"https:\\\/\\\/portugalexpo2020dubai.pt\\\/\",\"logo\":{\"@type\":\"ImageObject\",\"inLanguage\":\"en-US\",\"@id\":\"https:\\\/\\\/portugalexpo2020dubai.pt\\\/#\\\/schema\\\/logo\\\/image\\\/\",\"url\":\"https:\\\/\\\/portugalexpo2020dubai.pt\\\/wp-content\\\/uploads\\\/2021\\\/09\\\/logo_aicep.png\",\"contentUrl\":\"https:\\\/\\\/portugalexpo2020dubai.pt\\\/wp-content\\\/uploads\\\/2021\\\/09\\\/logo_aicep.png\",\"width\":830,\"height\":200,\"caption\":\"Portugal Expo 2020 Dubai\"},\"image\":{\"@id\":\"https:\\\/\\\/portugalexpo2020dubai.pt\\\/#\\\/schema\\\/logo\\\/image\\\/\"},\"sameAs\":[\"https:\\\/\\\/www.facebook.com\\\/portugalexpo2020\",\"https:\\\/\\\/x.com\\\/PTexpo2020\",\"https:\\\/\\\/www.instagram.com\\\/portugalexpo2020\\\/\"]},{\"@type\":\"Person\",\"@id\":\"https:\\\/\\\/portugalexpo2020dubai.pt\\\/#\\\/schema\\\/person\\\/b3a886f492d6f9451dd81753e22488f9\",\"name\":\"Catarina Beija\",\"image\":{\"@type\":\"ImageObject\",\"inLanguage\":\"en-US\",\"@id\":\"https:\\\/\\\/secure.gravatar.com\\\/avatar\\\/4c9f1d7d0df92294044bdecb88b912257abbbac65d788bc499eb2cceb120941a?s=96&d=mm&r=g\",\"url\":\"https:\\\/\\\/secure.gravatar.com\\\/avatar\\\/4c9f1d7d0df92294044bdecb88b912257abbbac65d788bc499eb2cceb120941a?s=96&d=mm&r=g\",\"contentUrl\":\"https:\\\/\\\/secure.gravatar.com\\\/avatar\\\/4c9f1d7d0df92294044bdecb88b912257abbbac65d788bc499eb2cceb120941a?s=96&d=mm&r=g\",\"caption\":\"Catarina Beija\"},\"url\":\"https:\\\/\\\/portugalexpo2020dubai.pt\\\/index.php\\\/author\\\/catarina-beijaportugalglobal-pt\\\/\"}]}<\/script>\n<!-- \/ Yoast SEO plugin. -->","yoast_head_json":{"title":"'\u00c9 preciso rever a forma como extra\u00edmos, produzimos e consumimos': Expo recebe secret\u00e1ria de Estado do Ambiente de Portugal - Portugal Expo 2020 Dubai","robots":{"index":"index","follow":"follow","max-snippet":"max-snippet:-1","max-image-preview":"max-image-preview:large","max-video-preview":"max-video-preview:-1"},"canonical":"https:\/\/portugalexpo2020dubai.pt\/index.php\/2021\/10\/08\/e-preciso-rever-a-forma-como-extraimos-produzimos-e-consumimos-expo-recebe-secretaria-de-estado-do-ambiente\/","og_locale":"en_US","og_type":"article","og_title":"'\u00c9 preciso rever a forma como extra\u00edmos, produzimos e consumimos': Expo recebe secret\u00e1ria de Estado do Ambiente de Portugal - Portugal Expo 2020 Dubai","og_description":"A secret\u00e1ria de Estado do Ambiente de Portugal, In\u00eas dos Santos Costa, esteve esta semana na Expo e partilhou as suas ideias sobre a import\u00e2ncia da tecnologia e da inova\u00e7\u00e3o para alcan\u00e7ar os objetivos globais de sustentabilidade.","og_url":"https:\/\/portugalexpo2020dubai.pt\/index.php\/2021\/10\/08\/e-preciso-rever-a-forma-como-extraimos-produzimos-e-consumimos-expo-recebe-secretaria-de-estado-do-ambiente\/?lang=pt-pt","og_site_name":"Portugal Expo 2020 Dubai","article_publisher":"https:\/\/www.facebook.com\/portugalexpo2020","article_published_time":"2021-10-08T15:48:24+00:00","article_modified_time":"2021-10-11T07:41:16+00:00","og_image":[{"width":2560,"height":1706,"url":"https:\/\/portugalexpo2020dubai.pt\/wp-content\/uploads\/2021\/10\/World-Majlis-_-Earth-2_0-_-Reengineering-Planet-Earth_Web-Image_m2924-1-scaled.jpg","type":"image\/jpeg"}],"author":"Catarina Beija","twitter_card":"summary_large_image","twitter_creator":"@PTexpo2020","twitter_site":"@PTexpo2020","twitter_misc":{"Written by":"Catarina Beija","Est. reading time":"3 minutes"},"schema":{"@context":"https:\/\/schema.org","@graph":[{"@type":"Article","@id":"https:\/\/portugalexpo2020dubai.pt\/index.php\/2021\/10\/08\/e-preciso-rever-a-forma-como-extraimos-produzimos-e-consumimos-expo-recebe-secretaria-de-estado-do-ambiente\/?lang=pt-pt#article","isPartOf":{"@id":"https:\/\/portugalexpo2020dubai.pt\/index.php\/2021\/10\/08\/e-preciso-rever-a-forma-como-extraimos-produzimos-e-consumimos-expo-recebe-secretaria-de-estado-do-ambiente\/?lang=pt-pt"},"author":{"name":"Catarina Beija","@id":"https:\/\/portugalexpo2020dubai.pt\/#\/schema\/person\/b3a886f492d6f9451dd81753e22488f9"},"headline":"&#8216;\u00c9 preciso rever a forma como extra\u00edmos, produzimos e consumimos&#8217;: Expo recebe secret\u00e1ria de Estado do Ambiente de Portugal","datePublished":"2021-10-08T15:48:24+00:00","dateModified":"2021-10-11T07:41:16+00:00","mainEntityOfPage":{"@id":"https:\/\/portugalexpo2020dubai.pt\/index.php\/2021\/10\/08\/e-preciso-rever-a-forma-como-extraimos-produzimos-e-consumimos-expo-recebe-secretaria-de-estado-do-ambiente\/?lang=pt-pt"},"wordCount":544,"publisher":{"@id":"https:\/\/portugalexpo2020dubai.pt\/#organization"},"image":{"@id":"https:\/\/portugalexpo2020dubai.pt\/index.php\/2021\/10\/08\/e-preciso-rever-a-forma-como-extraimos-produzimos-e-consumimos-expo-recebe-secretaria-de-estado-do-ambiente\/?lang=pt-pt#primaryimage"},"thumbnailUrl":"https:\/\/portugalexpo2020dubai.pt\/wp-content\/uploads\/2021\/10\/World-Majlis-_-Earth-2_0-_-Reengineering-Planet-Earth_Web-Image_m2924-1-scaled.jpg","articleSection":["Not\u00edcias"],"inLanguage":"en-US"},{"@type":"WebPage","@id":"https:\/\/portugalexpo2020dubai.pt\/index.php\/2021\/10\/08\/e-preciso-rever-a-forma-como-extraimos-produzimos-e-consumimos-expo-recebe-secretaria-de-estado-do-ambiente\/?lang=pt-pt","url":"https:\/\/portugalexpo2020dubai.pt\/index.php\/2021\/10\/08\/e-preciso-rever-a-forma-como-extraimos-produzimos-e-consumimos-expo-recebe-secretaria-de-estado-do-ambiente\/?lang=pt-pt","name":"'\u00c9 preciso rever a forma como extra\u00edmos, produzimos e consumimos': Expo recebe secret\u00e1ria de Estado do Ambiente de Portugal - Portugal Expo 2020 Dubai","isPartOf":{"@id":"https:\/\/portugalexpo2020dubai.pt\/#website"},"primaryImageOfPage":{"@id":"https:\/\/portugalexpo2020dubai.pt\/index.php\/2021\/10\/08\/e-preciso-rever-a-forma-como-extraimos-produzimos-e-consumimos-expo-recebe-secretaria-de-estado-do-ambiente\/?lang=pt-pt#primaryimage"},"image":{"@id":"https:\/\/portugalexpo2020dubai.pt\/index.php\/2021\/10\/08\/e-preciso-rever-a-forma-como-extraimos-produzimos-e-consumimos-expo-recebe-secretaria-de-estado-do-ambiente\/?lang=pt-pt#primaryimage"},"thumbnailUrl":"https:\/\/portugalexpo2020dubai.pt\/wp-content\/uploads\/2021\/10\/World-Majlis-_-Earth-2_0-_-Reengineering-Planet-Earth_Web-Image_m2924-1-scaled.jpg","datePublished":"2021-10-08T15:48:24+00:00","dateModified":"2021-10-11T07:41:16+00:00","breadcrumb":{"@id":"https:\/\/portugalexpo2020dubai.pt\/index.php\/2021\/10\/08\/e-preciso-rever-a-forma-como-extraimos-produzimos-e-consumimos-expo-recebe-secretaria-de-estado-do-ambiente\/?lang=pt-pt#breadcrumb"},"inLanguage":"en-US","potentialAction":[{"@type":"ReadAction","target":["https:\/\/portugalexpo2020dubai.pt\/index.php\/2021\/10\/08\/e-preciso-rever-a-forma-como-extraimos-produzimos-e-consumimos-expo-recebe-secretaria-de-estado-do-ambiente\/?lang=pt-pt"]}]},{"@type":"ImageObject","inLanguage":"en-US","@id":"https:\/\/portugalexpo2020dubai.pt\/index.php\/2021\/10\/08\/e-preciso-rever-a-forma-como-extraimos-produzimos-e-consumimos-expo-recebe-secretaria-de-estado-do-ambiente\/?lang=pt-pt#primaryimage","url":"https:\/\/portugalexpo2020dubai.pt\/wp-content\/uploads\/2021\/10\/World-Majlis-_-Earth-2_0-_-Reengineering-Planet-Earth_Web-Image_m2924-1-scaled.jpg","contentUrl":"https:\/\/portugalexpo2020dubai.pt\/wp-content\/uploads\/2021\/10\/World-Majlis-_-Earth-2_0-_-Reengineering-Planet-Earth_Web-Image_m2924-1-scaled.jpg","width":2560,"height":1706,"caption":"\u00a9Expo 2020 Dubai"},{"@type":"BreadcrumbList","@id":"https:\/\/portugalexpo2020dubai.pt\/index.php\/2021\/10\/08\/e-preciso-rever-a-forma-como-extraimos-produzimos-e-consumimos-expo-recebe-secretaria-de-estado-do-ambiente\/?lang=pt-pt#breadcrumb","itemListElement":[{"@type":"ListItem","position":1,"name":"Home","item":"https:\/\/portugalexpo2020dubai.pt\/"},{"@type":"ListItem","position":2,"name":"&#8216;\u00c9 preciso rever a forma como extra\u00edmos, produzimos e consumimos&#8217;: Expo recebe secret\u00e1ria de Estado do Ambiente de Portugal"}]},{"@type":"WebSite","@id":"https:\/\/portugalexpo2020dubai.pt\/#website","url":"https:\/\/portugalexpo2020dubai.pt\/","name":"Portugal Expo 2020 Dubai","description":"Portugal Expo 2020 Dubai","publisher":{"@id":"https:\/\/portugalexpo2020dubai.pt\/#organization"},"potentialAction":[{"@type":"SearchAction","target":{"@type":"EntryPoint","urlTemplate":"https:\/\/portugalexpo2020dubai.pt\/?s={search_term_string}"},"query-input":{"@type":"PropertyValueSpecification","valueRequired":true,"valueName":"search_term_string"}}],"inLanguage":"en-US"},{"@type":"Organization","@id":"https:\/\/portugalexpo2020dubai.pt\/#organization","name":"Portugal Expo 2020 Dubai","url":"https:\/\/portugalexpo2020dubai.pt\/","logo":{"@type":"ImageObject","inLanguage":"en-US","@id":"https:\/\/portugalexpo2020dubai.pt\/#\/schema\/logo\/image\/","url":"https:\/\/portugalexpo2020dubai.pt\/wp-content\/uploads\/2021\/09\/logo_aicep.png","contentUrl":"https:\/\/portugalexpo2020dubai.pt\/wp-content\/uploads\/2021\/09\/logo_aicep.png","width":830,"height":200,"caption":"Portugal Expo 2020 Dubai"},"image":{"@id":"https:\/\/portugalexpo2020dubai.pt\/#\/schema\/logo\/image\/"},"sameAs":["https:\/\/www.facebook.com\/portugalexpo2020","https:\/\/x.com\/PTexpo2020","https:\/\/www.instagram.com\/portugalexpo2020\/"]},{"@type":"Person","@id":"https:\/\/portugalexpo2020dubai.pt\/#\/schema\/person\/b3a886f492d6f9451dd81753e22488f9","name":"Catarina Beija","image":{"@type":"ImageObject","inLanguage":"en-US","@id":"https:\/\/secure.gravatar.com\/avatar\/4c9f1d7d0df92294044bdecb88b912257abbbac65d788bc499eb2cceb120941a?s=96&d=mm&r=g","url":"https:\/\/secure.gravatar.com\/avatar\/4c9f1d7d0df92294044bdecb88b912257abbbac65d788bc499eb2cceb120941a?s=96&d=mm&r=g","contentUrl":"https:\/\/secure.gravatar.com\/avatar\/4c9f1d7d0df92294044bdecb88b912257abbbac65d788bc499eb2cceb120941a?s=96&d=mm&r=g","caption":"Catarina Beija"},"url":"https:\/\/portugalexpo2020dubai.pt\/index.php\/author\/catarina-beijaportugalglobal-pt\/"}]}},"cc_featured_image_caption":{"caption_text":"","source_text":"","source_url":""},"_links":{"self":[{"href":"https:\/\/portugalexpo2020dubai.pt\/index.php\/wp-json\/wp\/v2\/posts\/4672","targetHints":{"allow":["GET"]}}],"collection":[{"href":"https:\/\/portugalexpo2020dubai.pt\/index.php\/wp-json\/wp\/v2\/posts"}],"about":[{"href":"https:\/\/portugalexpo2020dubai.pt\/index.php\/wp-json\/wp\/v2\/types\/post"}],"author":[{"embeddable":true,"href":"https:\/\/portugalexpo2020dubai.pt\/index.php\/wp-json\/wp\/v2\/users\/2"}],"replies":[{"embeddable":true,"href":"https:\/\/portugalexpo2020dubai.pt\/index.php\/wp-json\/wp\/v2\/comments?post=4672"}],"version-history":[{"count":4,"href":"https:\/\/portugalexpo2020dubai.pt\/index.php\/wp-json\/wp\/v2\/posts\/4672\/revisions"}],"predecessor-version":[{"id":4697,"href":"https:\/\/portugalexpo2020dubai.pt\/index.php\/wp-json\/wp\/v2\/posts\/4672\/revisions\/4697"}],"wp:featuredmedia":[{"embeddable":true,"href":"https:\/\/portugalexpo2020dubai.pt\/index.php\/wp-json\/wp\/v2\/media\/4682"}],"wp:attachment":[{"href":"https:\/\/portugalexpo2020dubai.pt\/index.php\/wp-json\/wp\/v2\/media?parent=4672"}],"wp:term":[{"taxonomy":"category","embeddable":true,"href":"https:\/\/portugalexpo2020dubai.pt\/index.php\/wp-json\/wp\/v2\/categories?post=4672"},{"taxonomy":"post_tag","embeddable":true,"href":"https:\/\/portugalexpo2020dubai.pt\/index.php\/wp-json\/wp\/v2\/tags?post=4672"}],"curies":[{"name":"wp","href":"https:\/\/api.w.org\/{rel}","templated":true}]}}