{"id":4182,"date":"2021-03-24T10:07:46","date_gmt":"2021-03-24T10:07:46","guid":{"rendered":"https:\/\/portugalexpo2020dubai.pt\/index.php\/2021\/09\/26\/tendencias-sustentaveis-para-os-oceanos-em-destaque-na-expo-2020-dubai\/"},"modified":"2021-10-15T10:45:16","modified_gmt":"2021-10-15T10:45:16","slug":"tendencias-sustentaveis-para-os-oceanos-em-destaque-na-expo-2020-dubai","status":"publish","type":"post","link":"https:\/\/portugalexpo2020dubai.pt\/index.php\/2021\/03\/24\/tendencias-sustentaveis-para-os-oceanos-em-destaque-na-expo-2020-dubai\/?lang=pt-pt","title":{"rendered":"Tend\u00eancias sustent\u00e1veis para os oceanos em destaque na Expo 2020 Dubai"},"content":{"rendered":"<p>[vc_row][vc_column][vc_empty_space height=&#8221;40px&#8221;][vc_column_text]As tend\u00eancias sustent\u00e1veis para uma nova estrat\u00e9gia governativa dos oceanos em Portugal estiveram em destaque na Expo Talks\u00a0<strong>\u201c<a href=\"https:\/\/www.expo2020dubai.com\/en\/expo-talks\/water\" target=\"_blank\" rel=\"noreferrer noopener\">Water Week<\/a>\u201d<\/strong>, que terminou ontem, dia 23 de Mar\u00e7o. Um evento digital tem\u00e1tico onde especialistas de todo o mundo pedem a\u00e7\u00e3o urgente e coopera\u00e7\u00e3o global para proteger o nosso recurso mais precioso, a \u00e1gua.<\/p>\n<p>Poder\u00e1 rever aqui as v\u00e1rias interven\u00e7\u00f5es deste evento, incluindo (a partir de 2h:03m:38s) a apresenta\u00e7\u00e3o\u00a0<strong>\u201cTrends in Ocean sustainable governance Portugal\u2019s New Ocean Strategy 2030<\/strong>\u201d e a interven\u00e7\u00e3o de\u00a0<strong>Helena Vieira<\/strong>\u00a0\u2013 Diretora Geral da\u00a0<a href=\"https:\/\/www.dgpm.mm.gov.pt\/\" target=\"_blank\" rel=\"noreferrer noopener\">Pol\u00edtica do Mar \u2013 Minist\u00e9rio do Mar<\/a>.<\/p>\n<p>As Expo Talks permitem antecipar o envolvimento dos pa\u00edses participantes na programa\u00e7\u00e3o das 10 semanas tem\u00e1ticas da Expo 2020 Dubai, que decorrer\u00e1 de 1 de outubro de 2021 a 31 de mar\u00e7o de 2022.[\/vc_column_text][\/vc_column][\/vc_row][vc_row][vc_column][vc_single_image image=&#8221;3812&#8243; img_size=&#8221;full&#8221; alignment=&#8221;center&#8221;][\/vc_column][\/vc_row]<\/p>\n","protected":false},"excerpt":{"rendered":"<p>As tend\u00eancias sustent\u00e1veis para uma nova estrat\u00e9gia governativa dos oceanos em Portugal estiveram em destaque na Expo Talks\u00a0\u201cWater Week\u201d, que terminou ontem, dia 23 de Mar\u00e7o. Um evento digital tem\u00e1tico onde especialistas de todo o mundo pedem a\u00e7\u00e3o urgente e coopera\u00e7\u00e3o global para proteger o nosso recurso mais precioso, a \u00e1gua.<\/p>\n","protected":false},"author":1,"featured_media":3812,"comment_status":"open","ping_status":"open","sticky":false,"template":"","format":"standard","meta":{"_monsterinsights_skip_tracking":false,"_monsterinsights_sitenote_active":false,"_monsterinsights_sitenote_note":"","_monsterinsights_sitenote_category":0,"footnotes":""},"categories":[71],"tags":[],"class_list":["post-4182","post","type-post","status-publish","format-standard","has-post-thumbnail","hentry","category-news-pt-pt"],"yoast_head":"<!-- This site is optimized with the Yoast SEO plugin v27.5 - https:\/\/yoast.com\/product\/yoast-seo-wordpress\/ -->\n<title>Tend\u00eancias sustent\u00e1veis para os oceanos em destaque na Expo 2020 Dubai - Portugal Expo 2020 Dubai<\/title>\n<meta name=\"description\" content=\"As tend\u00eancias sustent\u00e1veis para uma nova estrat\u00e9gia governativa dos oceanos em Portugal estiveram em destaque na Expo Talks\u00a0\u201cWater Week\u201d, que terminou ontem, dia 23 de Mar\u00e7o. Um evento digital tem\u00e1tico onde especialistas de todo o mundo pedem a\u00e7\u00e3o urgente e coopera\u00e7\u00e3o global para proteger o nosso recurso mais precioso, a \u00e1gua.\" \/>\n<meta name=\"robots\" content=\"index, follow, max-snippet:-1, max-image-preview:large, max-video-preview:-1\" \/>\n<link rel=\"canonical\" href=\"https:\/\/portugalexpo2020dubai.pt\/index.php\/2021\/03\/24\/tendencias-sustentaveis-para-os-oceanos-em-destaque-na-expo-2020-dubai\/\" \/>\n<meta property=\"og:locale\" content=\"en_US\" \/>\n<meta property=\"og:type\" content=\"article\" \/>\n<meta property=\"og:title\" content=\"Tend\u00eancias sustent\u00e1veis para os oceanos em destaque na Expo 2020 Dubai - Portugal Expo 2020 Dubai\" \/>\n<meta property=\"og:description\" content=\"As tend\u00eancias sustent\u00e1veis para uma nova estrat\u00e9gia governativa dos oceanos em Portugal estiveram em destaque na Expo Talks\u00a0\u201cWater Week\u201d, que terminou ontem, dia 23 de Mar\u00e7o. Um evento digital tem\u00e1tico onde especialistas de todo o mundo pedem a\u00e7\u00e3o urgente e coopera\u00e7\u00e3o global para proteger o nosso recurso mais precioso, a \u00e1gua.\" \/>\n<meta property=\"og:url\" content=\"https:\/\/portugalexpo2020dubai.pt\/index.php\/2021\/03\/24\/tendencias-sustentaveis-para-os-oceanos-em-destaque-na-expo-2020-dubai\/?lang=pt-pt\" \/>\n<meta property=\"og:site_name\" content=\"Portugal Expo 2020 Dubai\" \/>\n<meta property=\"article:publisher\" content=\"https:\/\/www.facebook.com\/portugalexpo2020\" \/>\n<meta property=\"article:published_time\" content=\"2021-03-24T10:07:46+00:00\" \/>\n<meta property=\"article:modified_time\" content=\"2021-10-15T10:45:16+00:00\" \/>\n<meta property=\"og:image\" content=\"https:\/\/portugalexpo2020dubai.pt\/wp-content\/uploads\/2021\/09\/foto-apresentacao-hv.jpg\" \/>\n\t<meta property=\"og:image:width\" content=\"700\" \/>\n\t<meta property=\"og:image:height\" content=\"251\" \/>\n\t<meta property=\"og:image:type\" content=\"image\/jpeg\" \/>\n<meta name=\"author\" content=\"agency@hypnotic.pt\" \/>\n<meta name=\"twitter:card\" content=\"summary_large_image\" \/>\n<meta name=\"twitter:creator\" content=\"@PTexpo2020\" \/>\n<meta name=\"twitter:site\" content=\"@PTexpo2020\" \/>\n<meta name=\"twitter:label1\" content=\"Written by\" \/>\n\t<meta name=\"twitter:data1\" content=\"agency@hypnotic.pt\" \/>\n\t<meta name=\"twitter:label2\" content=\"Est. reading time\" \/>\n\t<meta name=\"twitter:data2\" content=\"1 minute\" \/>\n<script type=\"application\/ld+json\" class=\"yoast-schema-graph\">{\"@context\":\"https:\\\/\\\/schema.org\",\"@graph\":[{\"@type\":\"Article\",\"@id\":\"https:\\\/\\\/portugalexpo2020dubai.pt\\\/index.php\\\/2021\\\/03\\\/24\\\/tendencias-sustentaveis-para-os-oceanos-em-destaque-na-expo-2020-dubai\\\/?lang=pt-pt#article\",\"isPartOf\":{\"@id\":\"https:\\\/\\\/portugalexpo2020dubai.pt\\\/index.php\\\/2021\\\/03\\\/24\\\/tendencias-sustentaveis-para-os-oceanos-em-destaque-na-expo-2020-dubai\\\/?lang=pt-pt\"},\"author\":{\"name\":\"agency@hypnotic.pt\",\"@id\":\"https:\\\/\\\/portugalexpo2020dubai.pt\\\/#\\\/schema\\\/person\\\/536106064ecb936bf4356ac0968fbf97\"},\"headline\":\"Tend\u00eancias sustent\u00e1veis para os oceanos em destaque na Expo 2020 Dubai\",\"datePublished\":\"2021-03-24T10:07:46+00:00\",\"dateModified\":\"2021-10-15T10:45:16+00:00\",\"mainEntityOfPage\":{\"@id\":\"https:\\\/\\\/portugalexpo2020dubai.pt\\\/index.php\\\/2021\\\/03\\\/24\\\/tendencias-sustentaveis-para-os-oceanos-em-destaque-na-expo-2020-dubai\\\/?lang=pt-pt\"},\"wordCount\":186,\"commentCount\":0,\"publisher\":{\"@id\":\"https:\\\/\\\/portugalexpo2020dubai.pt\\\/#organization\"},\"image\":{\"@id\":\"https:\\\/\\\/portugalexpo2020dubai.pt\\\/index.php\\\/2021\\\/03\\\/24\\\/tendencias-sustentaveis-para-os-oceanos-em-destaque-na-expo-2020-dubai\\\/?lang=pt-pt#primaryimage\"},\"thumbnailUrl\":\"https:\\\/\\\/portugalexpo2020dubai.pt\\\/wp-content\\\/uploads\\\/2021\\\/09\\\/foto-apresentacao-hv.jpg\",\"articleSection\":[\"Not\u00edcias\"],\"inLanguage\":\"en-US\",\"potentialAction\":[{\"@type\":\"CommentAction\",\"name\":\"Comment\",\"target\":[\"https:\\\/\\\/portugalexpo2020dubai.pt\\\/index.php\\\/2021\\\/03\\\/24\\\/tendencias-sustentaveis-para-os-oceanos-em-destaque-na-expo-2020-dubai\\\/?lang=pt-pt#respond\"]}]},{\"@type\":\"WebPage\",\"@id\":\"https:\\\/\\\/portugalexpo2020dubai.pt\\\/index.php\\\/2021\\\/03\\\/24\\\/tendencias-sustentaveis-para-os-oceanos-em-destaque-na-expo-2020-dubai\\\/?lang=pt-pt\",\"url\":\"https:\\\/\\\/portugalexpo2020dubai.pt\\\/index.php\\\/2021\\\/03\\\/24\\\/tendencias-sustentaveis-para-os-oceanos-em-destaque-na-expo-2020-dubai\\\/?lang=pt-pt\",\"name\":\"Tend\u00eancias sustent\u00e1veis para os oceanos em destaque na Expo 2020 Dubai - Portugal Expo 2020 Dubai\",\"isPartOf\":{\"@id\":\"https:\\\/\\\/portugalexpo2020dubai.pt\\\/#website\"},\"primaryImageOfPage\":{\"@id\":\"https:\\\/\\\/portugalexpo2020dubai.pt\\\/index.php\\\/2021\\\/03\\\/24\\\/tendencias-sustentaveis-para-os-oceanos-em-destaque-na-expo-2020-dubai\\\/?lang=pt-pt#primaryimage\"},\"image\":{\"@id\":\"https:\\\/\\\/portugalexpo2020dubai.pt\\\/index.php\\\/2021\\\/03\\\/24\\\/tendencias-sustentaveis-para-os-oceanos-em-destaque-na-expo-2020-dubai\\\/?lang=pt-pt#primaryimage\"},\"thumbnailUrl\":\"https:\\\/\\\/portugalexpo2020dubai.pt\\\/wp-content\\\/uploads\\\/2021\\\/09\\\/foto-apresentacao-hv.jpg\",\"datePublished\":\"2021-03-24T10:07:46+00:00\",\"dateModified\":\"2021-10-15T10:45:16+00:00\",\"description\":\"As tend\u00eancias sustent\u00e1veis para uma nova estrat\u00e9gia governativa dos oceanos em Portugal estiveram em destaque na Expo Talks\u00a0\u201cWater Week\u201d, que terminou ontem, dia 23 de Mar\u00e7o. Um evento digital tem\u00e1tico onde especialistas de todo o mundo pedem a\u00e7\u00e3o urgente e coopera\u00e7\u00e3o global para proteger o nosso recurso mais precioso, a \u00e1gua.\",\"breadcrumb\":{\"@id\":\"https:\\\/\\\/portugalexpo2020dubai.pt\\\/index.php\\\/2021\\\/03\\\/24\\\/tendencias-sustentaveis-para-os-oceanos-em-destaque-na-expo-2020-dubai\\\/?lang=pt-pt#breadcrumb\"},\"inLanguage\":\"en-US\",\"potentialAction\":[{\"@type\":\"ReadAction\",\"target\":[\"https:\\\/\\\/portugalexpo2020dubai.pt\\\/index.php\\\/2021\\\/03\\\/24\\\/tendencias-sustentaveis-para-os-oceanos-em-destaque-na-expo-2020-dubai\\\/?lang=pt-pt\"]}]},{\"@type\":\"ImageObject\",\"inLanguage\":\"en-US\",\"@id\":\"https:\\\/\\\/portugalexpo2020dubai.pt\\\/index.php\\\/2021\\\/03\\\/24\\\/tendencias-sustentaveis-para-os-oceanos-em-destaque-na-expo-2020-dubai\\\/?lang=pt-pt#primaryimage\",\"url\":\"https:\\\/\\\/portugalexpo2020dubai.pt\\\/wp-content\\\/uploads\\\/2021\\\/09\\\/foto-apresentacao-hv.jpg\",\"contentUrl\":\"https:\\\/\\\/portugalexpo2020dubai.pt\\\/wp-content\\\/uploads\\\/2021\\\/09\\\/foto-apresentacao-hv.jpg\",\"width\":700,\"height\":251},{\"@type\":\"BreadcrumbList\",\"@id\":\"https:\\\/\\\/portugalexpo2020dubai.pt\\\/index.php\\\/2021\\\/03\\\/24\\\/tendencias-sustentaveis-para-os-oceanos-em-destaque-na-expo-2020-dubai\\\/?lang=pt-pt#breadcrumb\",\"itemListElement\":[{\"@type\":\"ListItem\",\"position\":1,\"name\":\"Home\",\"item\":\"https:\\\/\\\/portugalexpo2020dubai.pt\\\/\"},{\"@type\":\"ListItem\",\"position\":2,\"name\":\"Tend\u00eancias sustent\u00e1veis para os oceanos em destaque na Expo 2020 Dubai\"}]},{\"@type\":\"WebSite\",\"@id\":\"https:\\\/\\\/portugalexpo2020dubai.pt\\\/#website\",\"url\":\"https:\\\/\\\/portugalexpo2020dubai.pt\\\/\",\"name\":\"Portugal Expo 2020 Dubai\",\"description\":\"Portugal Expo 2020 Dubai\",\"publisher\":{\"@id\":\"https:\\\/\\\/portugalexpo2020dubai.pt\\\/#organization\"},\"potentialAction\":[{\"@type\":\"SearchAction\",\"target\":{\"@type\":\"EntryPoint\",\"urlTemplate\":\"https:\\\/\\\/portugalexpo2020dubai.pt\\\/?s={search_term_string}\"},\"query-input\":{\"@type\":\"PropertyValueSpecification\",\"valueRequired\":true,\"valueName\":\"search_term_string\"}}],\"inLanguage\":\"en-US\"},{\"@type\":\"Organization\",\"@id\":\"https:\\\/\\\/portugalexpo2020dubai.pt\\\/#organization\",\"name\":\"Portugal Expo 2020 Dubai\",\"url\":\"https:\\\/\\\/portugalexpo2020dubai.pt\\\/\",\"logo\":{\"@type\":\"ImageObject\",\"inLanguage\":\"en-US\",\"@id\":\"https:\\\/\\\/portugalexpo2020dubai.pt\\\/#\\\/schema\\\/logo\\\/image\\\/\",\"url\":\"https:\\\/\\\/portugalexpo2020dubai.pt\\\/wp-content\\\/uploads\\\/2021\\\/09\\\/logo_aicep.png\",\"contentUrl\":\"https:\\\/\\\/portugalexpo2020dubai.pt\\\/wp-content\\\/uploads\\\/2021\\\/09\\\/logo_aicep.png\",\"width\":830,\"height\":200,\"caption\":\"Portugal Expo 2020 Dubai\"},\"image\":{\"@id\":\"https:\\\/\\\/portugalexpo2020dubai.pt\\\/#\\\/schema\\\/logo\\\/image\\\/\"},\"sameAs\":[\"https:\\\/\\\/www.facebook.com\\\/portugalexpo2020\",\"https:\\\/\\\/x.com\\\/PTexpo2020\",\"https:\\\/\\\/www.instagram.com\\\/portugalexpo2020\\\/\"]},{\"@type\":\"Person\",\"@id\":\"https:\\\/\\\/portugalexpo2020dubai.pt\\\/#\\\/schema\\\/person\\\/536106064ecb936bf4356ac0968fbf97\",\"name\":\"agency@hypnotic.pt\",\"image\":{\"@type\":\"ImageObject\",\"inLanguage\":\"en-US\",\"@id\":\"https:\\\/\\\/secure.gravatar.com\\\/avatar\\\/bba145c7c210ec98230c1b1d0e6290b53936f54c49a69c2caa0b60f54f023ae5?s=96&d=mm&r=g\",\"url\":\"https:\\\/\\\/secure.gravatar.com\\\/avatar\\\/bba145c7c210ec98230c1b1d0e6290b53936f54c49a69c2caa0b60f54f023ae5?s=96&d=mm&r=g\",\"contentUrl\":\"https:\\\/\\\/secure.gravatar.com\\\/avatar\\\/bba145c7c210ec98230c1b1d0e6290b53936f54c49a69c2caa0b60f54f023ae5?s=96&d=mm&r=g\",\"caption\":\"agency@hypnotic.pt\"},\"sameAs\":[\"http:\\\/\\\/portugalexpo2020dubai.pt\"],\"url\":\"https:\\\/\\\/portugalexpo2020dubai.pt\\\/index.php\\\/author\\\/agencyhypnotic-pt\\\/\"}]}<\/script>\n<!-- \/ Yoast SEO plugin. -->","yoast_head_json":{"title":"Tend\u00eancias sustent\u00e1veis para os oceanos em destaque na Expo 2020 Dubai - Portugal Expo 2020 Dubai","description":"As tend\u00eancias sustent\u00e1veis para uma nova estrat\u00e9gia governativa dos oceanos em Portugal estiveram em destaque na Expo Talks\u00a0\u201cWater Week\u201d, que terminou ontem, dia 23 de Mar\u00e7o. Um evento digital tem\u00e1tico onde especialistas de todo o mundo pedem a\u00e7\u00e3o urgente e coopera\u00e7\u00e3o global para proteger o nosso recurso mais precioso, a \u00e1gua.","robots":{"index":"index","follow":"follow","max-snippet":"max-snippet:-1","max-image-preview":"max-image-preview:large","max-video-preview":"max-video-preview:-1"},"canonical":"https:\/\/portugalexpo2020dubai.pt\/index.php\/2021\/03\/24\/tendencias-sustentaveis-para-os-oceanos-em-destaque-na-expo-2020-dubai\/","og_locale":"en_US","og_type":"article","og_title":"Tend\u00eancias sustent\u00e1veis para os oceanos em destaque na Expo 2020 Dubai - Portugal Expo 2020 Dubai","og_description":"As tend\u00eancias sustent\u00e1veis para uma nova estrat\u00e9gia governativa dos oceanos em Portugal estiveram em destaque na Expo Talks\u00a0\u201cWater Week\u201d, que terminou ontem, dia 23 de Mar\u00e7o. Um evento digital tem\u00e1tico onde especialistas de todo o mundo pedem a\u00e7\u00e3o urgente e coopera\u00e7\u00e3o global para proteger o nosso recurso mais precioso, a \u00e1gua.","og_url":"https:\/\/portugalexpo2020dubai.pt\/index.php\/2021\/03\/24\/tendencias-sustentaveis-para-os-oceanos-em-destaque-na-expo-2020-dubai\/?lang=pt-pt","og_site_name":"Portugal Expo 2020 Dubai","article_publisher":"https:\/\/www.facebook.com\/portugalexpo2020","article_published_time":"2021-03-24T10:07:46+00:00","article_modified_time":"2021-10-15T10:45:16+00:00","og_image":[{"width":700,"height":251,"url":"https:\/\/portugalexpo2020dubai.pt\/wp-content\/uploads\/2021\/09\/foto-apresentacao-hv.jpg","type":"image\/jpeg"}],"author":"agency@hypnotic.pt","twitter_card":"summary_large_image","twitter_creator":"@PTexpo2020","twitter_site":"@PTexpo2020","twitter_misc":{"Written by":"agency@hypnotic.pt","Est. reading time":"1 minute"},"schema":{"@context":"https:\/\/schema.org","@graph":[{"@type":"Article","@id":"https:\/\/portugalexpo2020dubai.pt\/index.php\/2021\/03\/24\/tendencias-sustentaveis-para-os-oceanos-em-destaque-na-expo-2020-dubai\/?lang=pt-pt#article","isPartOf":{"@id":"https:\/\/portugalexpo2020dubai.pt\/index.php\/2021\/03\/24\/tendencias-sustentaveis-para-os-oceanos-em-destaque-na-expo-2020-dubai\/?lang=pt-pt"},"author":{"name":"agency@hypnotic.pt","@id":"https:\/\/portugalexpo2020dubai.pt\/#\/schema\/person\/536106064ecb936bf4356ac0968fbf97"},"headline":"Tend\u00eancias sustent\u00e1veis para os oceanos em destaque na Expo 2020 Dubai","datePublished":"2021-03-24T10:07:46+00:00","dateModified":"2021-10-15T10:45:16+00:00","mainEntityOfPage":{"@id":"https:\/\/portugalexpo2020dubai.pt\/index.php\/2021\/03\/24\/tendencias-sustentaveis-para-os-oceanos-em-destaque-na-expo-2020-dubai\/?lang=pt-pt"},"wordCount":186,"commentCount":0,"publisher":{"@id":"https:\/\/portugalexpo2020dubai.pt\/#organization"},"image":{"@id":"https:\/\/portugalexpo2020dubai.pt\/index.php\/2021\/03\/24\/tendencias-sustentaveis-para-os-oceanos-em-destaque-na-expo-2020-dubai\/?lang=pt-pt#primaryimage"},"thumbnailUrl":"https:\/\/portugalexpo2020dubai.pt\/wp-content\/uploads\/2021\/09\/foto-apresentacao-hv.jpg","articleSection":["Not\u00edcias"],"inLanguage":"en-US","potentialAction":[{"@type":"CommentAction","name":"Comment","target":["https:\/\/portugalexpo2020dubai.pt\/index.php\/2021\/03\/24\/tendencias-sustentaveis-para-os-oceanos-em-destaque-na-expo-2020-dubai\/?lang=pt-pt#respond"]}]},{"@type":"WebPage","@id":"https:\/\/portugalexpo2020dubai.pt\/index.php\/2021\/03\/24\/tendencias-sustentaveis-para-os-oceanos-em-destaque-na-expo-2020-dubai\/?lang=pt-pt","url":"https:\/\/portugalexpo2020dubai.pt\/index.php\/2021\/03\/24\/tendencias-sustentaveis-para-os-oceanos-em-destaque-na-expo-2020-dubai\/?lang=pt-pt","name":"Tend\u00eancias sustent\u00e1veis para os oceanos em destaque na Expo 2020 Dubai - Portugal Expo 2020 Dubai","isPartOf":{"@id":"https:\/\/portugalexpo2020dubai.pt\/#website"},"primaryImageOfPage":{"@id":"https:\/\/portugalexpo2020dubai.pt\/index.php\/2021\/03\/24\/tendencias-sustentaveis-para-os-oceanos-em-destaque-na-expo-2020-dubai\/?lang=pt-pt#primaryimage"},"image":{"@id":"https:\/\/portugalexpo2020dubai.pt\/index.php\/2021\/03\/24\/tendencias-sustentaveis-para-os-oceanos-em-destaque-na-expo-2020-dubai\/?lang=pt-pt#primaryimage"},"thumbnailUrl":"https:\/\/portugalexpo2020dubai.pt\/wp-content\/uploads\/2021\/09\/foto-apresentacao-hv.jpg","datePublished":"2021-03-24T10:07:46+00:00","dateModified":"2021-10-15T10:45:16+00:00","description":"As tend\u00eancias sustent\u00e1veis para uma nova estrat\u00e9gia governativa dos oceanos em Portugal estiveram em destaque na Expo Talks\u00a0\u201cWater Week\u201d, que terminou ontem, dia 23 de Mar\u00e7o. Um evento digital tem\u00e1tico onde especialistas de todo o mundo pedem a\u00e7\u00e3o urgente e coopera\u00e7\u00e3o global para proteger o nosso recurso mais precioso, a \u00e1gua.","breadcrumb":{"@id":"https:\/\/portugalexpo2020dubai.pt\/index.php\/2021\/03\/24\/tendencias-sustentaveis-para-os-oceanos-em-destaque-na-expo-2020-dubai\/?lang=pt-pt#breadcrumb"},"inLanguage":"en-US","potentialAction":[{"@type":"ReadAction","target":["https:\/\/portugalexpo2020dubai.pt\/index.php\/2021\/03\/24\/tendencias-sustentaveis-para-os-oceanos-em-destaque-na-expo-2020-dubai\/?lang=pt-pt"]}]},{"@type":"ImageObject","inLanguage":"en-US","@id":"https:\/\/portugalexpo2020dubai.pt\/index.php\/2021\/03\/24\/tendencias-sustentaveis-para-os-oceanos-em-destaque-na-expo-2020-dubai\/?lang=pt-pt#primaryimage","url":"https:\/\/portugalexpo2020dubai.pt\/wp-content\/uploads\/2021\/09\/foto-apresentacao-hv.jpg","contentUrl":"https:\/\/portugalexpo2020dubai.pt\/wp-content\/uploads\/2021\/09\/foto-apresentacao-hv.jpg","width":700,"height":251},{"@type":"BreadcrumbList","@id":"https:\/\/portugalexpo2020dubai.pt\/index.php\/2021\/03\/24\/tendencias-sustentaveis-para-os-oceanos-em-destaque-na-expo-2020-dubai\/?lang=pt-pt#breadcrumb","itemListElement":[{"@type":"ListItem","position":1,"name":"Home","item":"https:\/\/portugalexpo2020dubai.pt\/"},{"@type":"ListItem","position":2,"name":"Tend\u00eancias sustent\u00e1veis para os oceanos em destaque na Expo 2020 Dubai"}]},{"@type":"WebSite","@id":"https:\/\/portugalexpo2020dubai.pt\/#website","url":"https:\/\/portugalexpo2020dubai.pt\/","name":"Portugal Expo 2020 Dubai","description":"Portugal Expo 2020 Dubai","publisher":{"@id":"https:\/\/portugalexpo2020dubai.pt\/#organization"},"potentialAction":[{"@type":"SearchAction","target":{"@type":"EntryPoint","urlTemplate":"https:\/\/portugalexpo2020dubai.pt\/?s={search_term_string}"},"query-input":{"@type":"PropertyValueSpecification","valueRequired":true,"valueName":"search_term_string"}}],"inLanguage":"en-US"},{"@type":"Organization","@id":"https:\/\/portugalexpo2020dubai.pt\/#organization","name":"Portugal Expo 2020 Dubai","url":"https:\/\/portugalexpo2020dubai.pt\/","logo":{"@type":"ImageObject","inLanguage":"en-US","@id":"https:\/\/portugalexpo2020dubai.pt\/#\/schema\/logo\/image\/","url":"https:\/\/portugalexpo2020dubai.pt\/wp-content\/uploads\/2021\/09\/logo_aicep.png","contentUrl":"https:\/\/portugalexpo2020dubai.pt\/wp-content\/uploads\/2021\/09\/logo_aicep.png","width":830,"height":200,"caption":"Portugal Expo 2020 Dubai"},"image":{"@id":"https:\/\/portugalexpo2020dubai.pt\/#\/schema\/logo\/image\/"},"sameAs":["https:\/\/www.facebook.com\/portugalexpo2020","https:\/\/x.com\/PTexpo2020","https:\/\/www.instagram.com\/portugalexpo2020\/"]},{"@type":"Person","@id":"https:\/\/portugalexpo2020dubai.pt\/#\/schema\/person\/536106064ecb936bf4356ac0968fbf97","name":"agency@hypnotic.pt","image":{"@type":"ImageObject","inLanguage":"en-US","@id":"https:\/\/secure.gravatar.com\/avatar\/bba145c7c210ec98230c1b1d0e6290b53936f54c49a69c2caa0b60f54f023ae5?s=96&d=mm&r=g","url":"https:\/\/secure.gravatar.com\/avatar\/bba145c7c210ec98230c1b1d0e6290b53936f54c49a69c2caa0b60f54f023ae5?s=96&d=mm&r=g","contentUrl":"https:\/\/secure.gravatar.com\/avatar\/bba145c7c210ec98230c1b1d0e6290b53936f54c49a69c2caa0b60f54f023ae5?s=96&d=mm&r=g","caption":"agency@hypnotic.pt"},"sameAs":["http:\/\/portugalexpo2020dubai.pt"],"url":"https:\/\/portugalexpo2020dubai.pt\/index.php\/author\/agencyhypnotic-pt\/"}]}},"cc_featured_image_caption":{"caption_text":"","source_text":"","source_url":""},"_links":{"self":[{"href":"https:\/\/portugalexpo2020dubai.pt\/index.php\/wp-json\/wp\/v2\/posts\/4182","targetHints":{"allow":["GET"]}}],"collection":[{"href":"https:\/\/portugalexpo2020dubai.pt\/index.php\/wp-json\/wp\/v2\/posts"}],"about":[{"href":"https:\/\/portugalexpo2020dubai.pt\/index.php\/wp-json\/wp\/v2\/types\/post"}],"author":[{"embeddable":true,"href":"https:\/\/portugalexpo2020dubai.pt\/index.php\/wp-json\/wp\/v2\/users\/1"}],"replies":[{"embeddable":true,"href":"https:\/\/portugalexpo2020dubai.pt\/index.php\/wp-json\/wp\/v2\/comments?post=4182"}],"version-history":[{"count":1,"href":"https:\/\/portugalexpo2020dubai.pt\/index.php\/wp-json\/wp\/v2\/posts\/4182\/revisions"}],"predecessor-version":[{"id":4864,"href":"https:\/\/portugalexpo2020dubai.pt\/index.php\/wp-json\/wp\/v2\/posts\/4182\/revisions\/4864"}],"wp:featuredmedia":[{"embeddable":true,"href":"https:\/\/portugalexpo2020dubai.pt\/index.php\/wp-json\/wp\/v2\/media\/3812"}],"wp:attachment":[{"href":"https:\/\/portugalexpo2020dubai.pt\/index.php\/wp-json\/wp\/v2\/media?parent=4182"}],"wp:term":[{"taxonomy":"category","embeddable":true,"href":"https:\/\/portugalexpo2020dubai.pt\/index.php\/wp-json\/wp\/v2\/categories?post=4182"},{"taxonomy":"post_tag","embeddable":true,"href":"https:\/\/portugalexpo2020dubai.pt\/index.php\/wp-json\/wp\/v2\/tags?post=4182"}],"curies":[{"name":"wp","href":"https:\/\/api.w.org\/{rel}","templated":true}]}}