{"id":4179,"date":"2021-03-08T10:06:42","date_gmt":"2021-03-08T10:06:42","guid":{"rendered":"https:\/\/portugalexpo2020dubai.pt\/index.php\/2021\/09\/26\/dia-internacional-da-mulher\/"},"modified":"2021-09-26T10:07:25","modified_gmt":"2021-09-26T10:07:25","slug":"dia-internacional-da-mulher","status":"publish","type":"post","link":"https:\/\/portugalexpo2020dubai.pt\/index.php\/2021\/03\/08\/dia-internacional-da-mulher\/?lang=pt-pt","title":{"rendered":"Dia Internacional da Mulher"},"content":{"rendered":"<p>[vc_row][vc_column][vc_empty_space height=&#8221;40px&#8221;][vc_column_text]Para celebrar o Dia Internacional da Mulher, a\u00a0<a href=\"https:\/\/www.expo2020dubai.com\/en\/whats-new\/women-delivering-exceptional-expo?utm_source=edm&amp;utm_medium=email&amp;utm_campaign=mkt_rec_mnl-march-2021-newsletter&amp;utm_content=women-en&amp;sap-outbound-id=708A0BE793E873F908A6D003725F4774DC3E36AC\" target=\"_blank\" rel=\"noreferrer noopener\">Expo 2020 Dubai<\/a>\u00a0homenageou todas as mulheres que ajudam a coordenar, planear, construir e executar a pr\u00f3xima Expo Mundial.<\/p>\n<p>Neste dia relembramos o projeto luso-brasileiro\u00a0<strong>\u201cInspirando Mulheres Empreendedoras\u201d<\/strong>\u00a0que reuniu 45 mulheres de l\u00edngua portuguesa, numa viagem ao Dubai, faz agora precisamente um ano (de 6 a 13 de Mar\u00e7o), no limiar do que veio a ser a escalada da COVID 19.<\/p>\n<p>O objetivo da viagem foi conhecer mais de perto a cultura \u00e1rabe, o empreendedorismo \u00e1rabe feminino, bem como aprofundar o tema da gest\u00e3o do luxo e o seu contributo para o neg\u00f3cio de cada empreendedora.<\/p>\n<p>De Outubro de 2021 a de Mar\u00e7o de 2022, a Expo reunir\u00e1 governantes, legisladores, l\u00edderes de pensamento, participantes e o p\u00fablico que visitar\u00e1 a Expo para apresentar hist\u00f3rias reais de mulheres que lideram o caminho na busca de ideias inovadoras e encontrar solu\u00e7\u00f5es para ajudar construir um mundo melhor, mais equitativo e justo para todos.[\/vc_column_text][vc_empty_space height=&#8221;45px&#8221;][\/vc_column][\/vc_row]<\/p>\n","protected":false},"excerpt":{"rendered":"<p>Para celebrar o Dia Internacional da Mulher, a\u00a0Expo 2020 Dubai\u00a0homenageou todas as mulheres que ajudam a coordenar, planear, construir e executar a pr\u00f3xima Expo Mundial.<\/p>\n","protected":false},"author":1,"featured_media":3807,"comment_status":"open","ping_status":"open","sticky":false,"template":"","format":"standard","meta":{"_monsterinsights_skip_tracking":false,"_monsterinsights_sitenote_active":false,"_monsterinsights_sitenote_note":"","_monsterinsights_sitenote_category":0,"footnotes":""},"categories":[71],"tags":[],"class_list":["post-4179","post","type-post","status-publish","format-standard","has-post-thumbnail","hentry","category-news-pt-pt"],"yoast_head":"<!-- This site is optimized with the Yoast SEO plugin v27.5 - https:\/\/yoast.com\/product\/yoast-seo-wordpress\/ -->\n<title>Dia Internacional da Mulher - Portugal Expo 2020 Dubai<\/title>\n<meta name=\"robots\" content=\"index, follow, max-snippet:-1, max-image-preview:large, max-video-preview:-1\" \/>\n<link rel=\"canonical\" href=\"https:\/\/portugalexpo2020dubai.pt\/index.php\/2021\/03\/08\/dia-internacional-da-mulher\/\" \/>\n<meta property=\"og:locale\" content=\"en_US\" \/>\n<meta property=\"og:type\" content=\"article\" \/>\n<meta property=\"og:title\" content=\"Dia Internacional da Mulher - Portugal Expo 2020 Dubai\" \/>\n<meta property=\"og:description\" content=\"Para celebrar o Dia Internacional da Mulher, a\u00a0Expo 2020 Dubai\u00a0homenageou todas as mulheres que ajudam a coordenar, planear, construir e executar a pr\u00f3xima Expo Mundial.\" \/>\n<meta property=\"og:url\" content=\"https:\/\/portugalexpo2020dubai.pt\/index.php\/2021\/03\/08\/dia-internacional-da-mulher\/?lang=pt-pt\" \/>\n<meta property=\"og:site_name\" content=\"Portugal Expo 2020 Dubai\" \/>\n<meta property=\"article:publisher\" content=\"https:\/\/www.facebook.com\/portugalexpo2020\" \/>\n<meta property=\"article:published_time\" content=\"2021-03-08T10:06:42+00:00\" \/>\n<meta property=\"article:modified_time\" content=\"2021-09-26T10:07:25+00:00\" \/>\n<meta property=\"og:image\" content=\"https:\/\/portugalexpo2020dubai.pt\/wp-content\/uploads\/2021\/09\/mulhers-empreendedoreas-luso-brasil-1024x558-1.jpg\" \/>\n\t<meta property=\"og:image:width\" content=\"1024\" \/>\n\t<meta property=\"og:image:height\" content=\"558\" \/>\n\t<meta property=\"og:image:type\" content=\"image\/jpeg\" \/>\n<meta name=\"author\" content=\"agency@hypnotic.pt\" \/>\n<meta name=\"twitter:card\" content=\"summary_large_image\" \/>\n<meta name=\"twitter:creator\" content=\"@PTexpo2020\" \/>\n<meta name=\"twitter:site\" content=\"@PTexpo2020\" \/>\n<meta name=\"twitter:label1\" content=\"Written by\" \/>\n\t<meta name=\"twitter:data1\" content=\"agency@hypnotic.pt\" \/>\n\t<meta name=\"twitter:label2\" content=\"Est. reading time\" \/>\n\t<meta name=\"twitter:data2\" content=\"1 minute\" \/>\n<script type=\"application\/ld+json\" class=\"yoast-schema-graph\">{\"@context\":\"https:\\\/\\\/schema.org\",\"@graph\":[{\"@type\":\"Article\",\"@id\":\"https:\\\/\\\/portugalexpo2020dubai.pt\\\/index.php\\\/2021\\\/03\\\/08\\\/dia-internacional-da-mulher\\\/?lang=pt-pt#article\",\"isPartOf\":{\"@id\":\"https:\\\/\\\/portugalexpo2020dubai.pt\\\/index.php\\\/2021\\\/03\\\/08\\\/dia-internacional-da-mulher\\\/?lang=pt-pt\"},\"author\":{\"name\":\"agency@hypnotic.pt\",\"@id\":\"https:\\\/\\\/portugalexpo2020dubai.pt\\\/#\\\/schema\\\/person\\\/536106064ecb936bf4356ac0968fbf97\"},\"headline\":\"Dia Internacional da Mulher\",\"datePublished\":\"2021-03-08T10:06:42+00:00\",\"dateModified\":\"2021-09-26T10:07:25+00:00\",\"mainEntityOfPage\":{\"@id\":\"https:\\\/\\\/portugalexpo2020dubai.pt\\\/index.php\\\/2021\\\/03\\\/08\\\/dia-internacional-da-mulher\\\/?lang=pt-pt\"},\"wordCount\":191,\"commentCount\":0,\"publisher\":{\"@id\":\"https:\\\/\\\/portugalexpo2020dubai.pt\\\/#organization\"},\"image\":{\"@id\":\"https:\\\/\\\/portugalexpo2020dubai.pt\\\/index.php\\\/2021\\\/03\\\/08\\\/dia-internacional-da-mulher\\\/?lang=pt-pt#primaryimage\"},\"thumbnailUrl\":\"https:\\\/\\\/portugalexpo2020dubai.pt\\\/wp-content\\\/uploads\\\/2021\\\/09\\\/mulhers-empreendedoreas-luso-brasil-1024x558-1.jpg\",\"articleSection\":[\"Not\u00edcias\"],\"inLanguage\":\"en-US\",\"potentialAction\":[{\"@type\":\"CommentAction\",\"name\":\"Comment\",\"target\":[\"https:\\\/\\\/portugalexpo2020dubai.pt\\\/index.php\\\/2021\\\/03\\\/08\\\/dia-internacional-da-mulher\\\/?lang=pt-pt#respond\"]}]},{\"@type\":\"WebPage\",\"@id\":\"https:\\\/\\\/portugalexpo2020dubai.pt\\\/index.php\\\/2021\\\/03\\\/08\\\/dia-internacional-da-mulher\\\/?lang=pt-pt\",\"url\":\"https:\\\/\\\/portugalexpo2020dubai.pt\\\/index.php\\\/2021\\\/03\\\/08\\\/dia-internacional-da-mulher\\\/?lang=pt-pt\",\"name\":\"Dia Internacional da Mulher - Portugal Expo 2020 Dubai\",\"isPartOf\":{\"@id\":\"https:\\\/\\\/portugalexpo2020dubai.pt\\\/#website\"},\"primaryImageOfPage\":{\"@id\":\"https:\\\/\\\/portugalexpo2020dubai.pt\\\/index.php\\\/2021\\\/03\\\/08\\\/dia-internacional-da-mulher\\\/?lang=pt-pt#primaryimage\"},\"image\":{\"@id\":\"https:\\\/\\\/portugalexpo2020dubai.pt\\\/index.php\\\/2021\\\/03\\\/08\\\/dia-internacional-da-mulher\\\/?lang=pt-pt#primaryimage\"},\"thumbnailUrl\":\"https:\\\/\\\/portugalexpo2020dubai.pt\\\/wp-content\\\/uploads\\\/2021\\\/09\\\/mulhers-empreendedoreas-luso-brasil-1024x558-1.jpg\",\"datePublished\":\"2021-03-08T10:06:42+00:00\",\"dateModified\":\"2021-09-26T10:07:25+00:00\",\"breadcrumb\":{\"@id\":\"https:\\\/\\\/portugalexpo2020dubai.pt\\\/index.php\\\/2021\\\/03\\\/08\\\/dia-internacional-da-mulher\\\/?lang=pt-pt#breadcrumb\"},\"inLanguage\":\"en-US\",\"potentialAction\":[{\"@type\":\"ReadAction\",\"target\":[\"https:\\\/\\\/portugalexpo2020dubai.pt\\\/index.php\\\/2021\\\/03\\\/08\\\/dia-internacional-da-mulher\\\/?lang=pt-pt\"]}]},{\"@type\":\"ImageObject\",\"inLanguage\":\"en-US\",\"@id\":\"https:\\\/\\\/portugalexpo2020dubai.pt\\\/index.php\\\/2021\\\/03\\\/08\\\/dia-internacional-da-mulher\\\/?lang=pt-pt#primaryimage\",\"url\":\"https:\\\/\\\/portugalexpo2020dubai.pt\\\/wp-content\\\/uploads\\\/2021\\\/09\\\/mulhers-empreendedoreas-luso-brasil-1024x558-1.jpg\",\"contentUrl\":\"https:\\\/\\\/portugalexpo2020dubai.pt\\\/wp-content\\\/uploads\\\/2021\\\/09\\\/mulhers-empreendedoreas-luso-brasil-1024x558-1.jpg\",\"width\":1024,\"height\":558},{\"@type\":\"BreadcrumbList\",\"@id\":\"https:\\\/\\\/portugalexpo2020dubai.pt\\\/index.php\\\/2021\\\/03\\\/08\\\/dia-internacional-da-mulher\\\/?lang=pt-pt#breadcrumb\",\"itemListElement\":[{\"@type\":\"ListItem\",\"position\":1,\"name\":\"Home\",\"item\":\"https:\\\/\\\/portugalexpo2020dubai.pt\\\/\"},{\"@type\":\"ListItem\",\"position\":2,\"name\":\"Dia Internacional da Mulher\"}]},{\"@type\":\"WebSite\",\"@id\":\"https:\\\/\\\/portugalexpo2020dubai.pt\\\/#website\",\"url\":\"https:\\\/\\\/portugalexpo2020dubai.pt\\\/\",\"name\":\"Portugal Expo 2020 Dubai\",\"description\":\"Portugal Expo 2020 Dubai\",\"publisher\":{\"@id\":\"https:\\\/\\\/portugalexpo2020dubai.pt\\\/#organization\"},\"potentialAction\":[{\"@type\":\"SearchAction\",\"target\":{\"@type\":\"EntryPoint\",\"urlTemplate\":\"https:\\\/\\\/portugalexpo2020dubai.pt\\\/?s={search_term_string}\"},\"query-input\":{\"@type\":\"PropertyValueSpecification\",\"valueRequired\":true,\"valueName\":\"search_term_string\"}}],\"inLanguage\":\"en-US\"},{\"@type\":\"Organization\",\"@id\":\"https:\\\/\\\/portugalexpo2020dubai.pt\\\/#organization\",\"name\":\"Portugal Expo 2020 Dubai\",\"url\":\"https:\\\/\\\/portugalexpo2020dubai.pt\\\/\",\"logo\":{\"@type\":\"ImageObject\",\"inLanguage\":\"en-US\",\"@id\":\"https:\\\/\\\/portugalexpo2020dubai.pt\\\/#\\\/schema\\\/logo\\\/image\\\/\",\"url\":\"https:\\\/\\\/portugalexpo2020dubai.pt\\\/wp-content\\\/uploads\\\/2021\\\/09\\\/logo_aicep.png\",\"contentUrl\":\"https:\\\/\\\/portugalexpo2020dubai.pt\\\/wp-content\\\/uploads\\\/2021\\\/09\\\/logo_aicep.png\",\"width\":830,\"height\":200,\"caption\":\"Portugal Expo 2020 Dubai\"},\"image\":{\"@id\":\"https:\\\/\\\/portugalexpo2020dubai.pt\\\/#\\\/schema\\\/logo\\\/image\\\/\"},\"sameAs\":[\"https:\\\/\\\/www.facebook.com\\\/portugalexpo2020\",\"https:\\\/\\\/x.com\\\/PTexpo2020\",\"https:\\\/\\\/www.instagram.com\\\/portugalexpo2020\\\/\"]},{\"@type\":\"Person\",\"@id\":\"https:\\\/\\\/portugalexpo2020dubai.pt\\\/#\\\/schema\\\/person\\\/536106064ecb936bf4356ac0968fbf97\",\"name\":\"agency@hypnotic.pt\",\"image\":{\"@type\":\"ImageObject\",\"inLanguage\":\"en-US\",\"@id\":\"https:\\\/\\\/secure.gravatar.com\\\/avatar\\\/bba145c7c210ec98230c1b1d0e6290b53936f54c49a69c2caa0b60f54f023ae5?s=96&d=mm&r=g\",\"url\":\"https:\\\/\\\/secure.gravatar.com\\\/avatar\\\/bba145c7c210ec98230c1b1d0e6290b53936f54c49a69c2caa0b60f54f023ae5?s=96&d=mm&r=g\",\"contentUrl\":\"https:\\\/\\\/secure.gravatar.com\\\/avatar\\\/bba145c7c210ec98230c1b1d0e6290b53936f54c49a69c2caa0b60f54f023ae5?s=96&d=mm&r=g\",\"caption\":\"agency@hypnotic.pt\"},\"sameAs\":[\"http:\\\/\\\/portugalexpo2020dubai.pt\"],\"url\":\"https:\\\/\\\/portugalexpo2020dubai.pt\\\/index.php\\\/author\\\/agencyhypnotic-pt\\\/\"}]}<\/script>\n<!-- \/ Yoast SEO plugin. -->","yoast_head_json":{"title":"Dia Internacional da Mulher - Portugal Expo 2020 Dubai","robots":{"index":"index","follow":"follow","max-snippet":"max-snippet:-1","max-image-preview":"max-image-preview:large","max-video-preview":"max-video-preview:-1"},"canonical":"https:\/\/portugalexpo2020dubai.pt\/index.php\/2021\/03\/08\/dia-internacional-da-mulher\/","og_locale":"en_US","og_type":"article","og_title":"Dia Internacional da Mulher - Portugal Expo 2020 Dubai","og_description":"Para celebrar o Dia Internacional da Mulher, a\u00a0Expo 2020 Dubai\u00a0homenageou todas as mulheres que ajudam a coordenar, planear, construir e executar a pr\u00f3xima Expo Mundial.","og_url":"https:\/\/portugalexpo2020dubai.pt\/index.php\/2021\/03\/08\/dia-internacional-da-mulher\/?lang=pt-pt","og_site_name":"Portugal Expo 2020 Dubai","article_publisher":"https:\/\/www.facebook.com\/portugalexpo2020","article_published_time":"2021-03-08T10:06:42+00:00","article_modified_time":"2021-09-26T10:07:25+00:00","og_image":[{"width":1024,"height":558,"url":"https:\/\/portugalexpo2020dubai.pt\/wp-content\/uploads\/2021\/09\/mulhers-empreendedoreas-luso-brasil-1024x558-1.jpg","type":"image\/jpeg"}],"author":"agency@hypnotic.pt","twitter_card":"summary_large_image","twitter_creator":"@PTexpo2020","twitter_site":"@PTexpo2020","twitter_misc":{"Written by":"agency@hypnotic.pt","Est. reading time":"1 minute"},"schema":{"@context":"https:\/\/schema.org","@graph":[{"@type":"Article","@id":"https:\/\/portugalexpo2020dubai.pt\/index.php\/2021\/03\/08\/dia-internacional-da-mulher\/?lang=pt-pt#article","isPartOf":{"@id":"https:\/\/portugalexpo2020dubai.pt\/index.php\/2021\/03\/08\/dia-internacional-da-mulher\/?lang=pt-pt"},"author":{"name":"agency@hypnotic.pt","@id":"https:\/\/portugalexpo2020dubai.pt\/#\/schema\/person\/536106064ecb936bf4356ac0968fbf97"},"headline":"Dia Internacional da Mulher","datePublished":"2021-03-08T10:06:42+00:00","dateModified":"2021-09-26T10:07:25+00:00","mainEntityOfPage":{"@id":"https:\/\/portugalexpo2020dubai.pt\/index.php\/2021\/03\/08\/dia-internacional-da-mulher\/?lang=pt-pt"},"wordCount":191,"commentCount":0,"publisher":{"@id":"https:\/\/portugalexpo2020dubai.pt\/#organization"},"image":{"@id":"https:\/\/portugalexpo2020dubai.pt\/index.php\/2021\/03\/08\/dia-internacional-da-mulher\/?lang=pt-pt#primaryimage"},"thumbnailUrl":"https:\/\/portugalexpo2020dubai.pt\/wp-content\/uploads\/2021\/09\/mulhers-empreendedoreas-luso-brasil-1024x558-1.jpg","articleSection":["Not\u00edcias"],"inLanguage":"en-US","potentialAction":[{"@type":"CommentAction","name":"Comment","target":["https:\/\/portugalexpo2020dubai.pt\/index.php\/2021\/03\/08\/dia-internacional-da-mulher\/?lang=pt-pt#respond"]}]},{"@type":"WebPage","@id":"https:\/\/portugalexpo2020dubai.pt\/index.php\/2021\/03\/08\/dia-internacional-da-mulher\/?lang=pt-pt","url":"https:\/\/portugalexpo2020dubai.pt\/index.php\/2021\/03\/08\/dia-internacional-da-mulher\/?lang=pt-pt","name":"Dia Internacional da Mulher - Portugal Expo 2020 Dubai","isPartOf":{"@id":"https:\/\/portugalexpo2020dubai.pt\/#website"},"primaryImageOfPage":{"@id":"https:\/\/portugalexpo2020dubai.pt\/index.php\/2021\/03\/08\/dia-internacional-da-mulher\/?lang=pt-pt#primaryimage"},"image":{"@id":"https:\/\/portugalexpo2020dubai.pt\/index.php\/2021\/03\/08\/dia-internacional-da-mulher\/?lang=pt-pt#primaryimage"},"thumbnailUrl":"https:\/\/portugalexpo2020dubai.pt\/wp-content\/uploads\/2021\/09\/mulhers-empreendedoreas-luso-brasil-1024x558-1.jpg","datePublished":"2021-03-08T10:06:42+00:00","dateModified":"2021-09-26T10:07:25+00:00","breadcrumb":{"@id":"https:\/\/portugalexpo2020dubai.pt\/index.php\/2021\/03\/08\/dia-internacional-da-mulher\/?lang=pt-pt#breadcrumb"},"inLanguage":"en-US","potentialAction":[{"@type":"ReadAction","target":["https:\/\/portugalexpo2020dubai.pt\/index.php\/2021\/03\/08\/dia-internacional-da-mulher\/?lang=pt-pt"]}]},{"@type":"ImageObject","inLanguage":"en-US","@id":"https:\/\/portugalexpo2020dubai.pt\/index.php\/2021\/03\/08\/dia-internacional-da-mulher\/?lang=pt-pt#primaryimage","url":"https:\/\/portugalexpo2020dubai.pt\/wp-content\/uploads\/2021\/09\/mulhers-empreendedoreas-luso-brasil-1024x558-1.jpg","contentUrl":"https:\/\/portugalexpo2020dubai.pt\/wp-content\/uploads\/2021\/09\/mulhers-empreendedoreas-luso-brasil-1024x558-1.jpg","width":1024,"height":558},{"@type":"BreadcrumbList","@id":"https:\/\/portugalexpo2020dubai.pt\/index.php\/2021\/03\/08\/dia-internacional-da-mulher\/?lang=pt-pt#breadcrumb","itemListElement":[{"@type":"ListItem","position":1,"name":"Home","item":"https:\/\/portugalexpo2020dubai.pt\/"},{"@type":"ListItem","position":2,"name":"Dia Internacional da Mulher"}]},{"@type":"WebSite","@id":"https:\/\/portugalexpo2020dubai.pt\/#website","url":"https:\/\/portugalexpo2020dubai.pt\/","name":"Portugal Expo 2020 Dubai","description":"Portugal Expo 2020 Dubai","publisher":{"@id":"https:\/\/portugalexpo2020dubai.pt\/#organization"},"potentialAction":[{"@type":"SearchAction","target":{"@type":"EntryPoint","urlTemplate":"https:\/\/portugalexpo2020dubai.pt\/?s={search_term_string}"},"query-input":{"@type":"PropertyValueSpecification","valueRequired":true,"valueName":"search_term_string"}}],"inLanguage":"en-US"},{"@type":"Organization","@id":"https:\/\/portugalexpo2020dubai.pt\/#organization","name":"Portugal Expo 2020 Dubai","url":"https:\/\/portugalexpo2020dubai.pt\/","logo":{"@type":"ImageObject","inLanguage":"en-US","@id":"https:\/\/portugalexpo2020dubai.pt\/#\/schema\/logo\/image\/","url":"https:\/\/portugalexpo2020dubai.pt\/wp-content\/uploads\/2021\/09\/logo_aicep.png","contentUrl":"https:\/\/portugalexpo2020dubai.pt\/wp-content\/uploads\/2021\/09\/logo_aicep.png","width":830,"height":200,"caption":"Portugal Expo 2020 Dubai"},"image":{"@id":"https:\/\/portugalexpo2020dubai.pt\/#\/schema\/logo\/image\/"},"sameAs":["https:\/\/www.facebook.com\/portugalexpo2020","https:\/\/x.com\/PTexpo2020","https:\/\/www.instagram.com\/portugalexpo2020\/"]},{"@type":"Person","@id":"https:\/\/portugalexpo2020dubai.pt\/#\/schema\/person\/536106064ecb936bf4356ac0968fbf97","name":"agency@hypnotic.pt","image":{"@type":"ImageObject","inLanguage":"en-US","@id":"https:\/\/secure.gravatar.com\/avatar\/bba145c7c210ec98230c1b1d0e6290b53936f54c49a69c2caa0b60f54f023ae5?s=96&d=mm&r=g","url":"https:\/\/secure.gravatar.com\/avatar\/bba145c7c210ec98230c1b1d0e6290b53936f54c49a69c2caa0b60f54f023ae5?s=96&d=mm&r=g","contentUrl":"https:\/\/secure.gravatar.com\/avatar\/bba145c7c210ec98230c1b1d0e6290b53936f54c49a69c2caa0b60f54f023ae5?s=96&d=mm&r=g","caption":"agency@hypnotic.pt"},"sameAs":["http:\/\/portugalexpo2020dubai.pt"],"url":"https:\/\/portugalexpo2020dubai.pt\/index.php\/author\/agencyhypnotic-pt\/"}]}},"cc_featured_image_caption":{"caption_text":false,"source_text":false,"source_url":false},"_links":{"self":[{"href":"https:\/\/portugalexpo2020dubai.pt\/index.php\/wp-json\/wp\/v2\/posts\/4179","targetHints":{"allow":["GET"]}}],"collection":[{"href":"https:\/\/portugalexpo2020dubai.pt\/index.php\/wp-json\/wp\/v2\/posts"}],"about":[{"href":"https:\/\/portugalexpo2020dubai.pt\/index.php\/wp-json\/wp\/v2\/types\/post"}],"author":[{"embeddable":true,"href":"https:\/\/portugalexpo2020dubai.pt\/index.php\/wp-json\/wp\/v2\/users\/1"}],"replies":[{"embeddable":true,"href":"https:\/\/portugalexpo2020dubai.pt\/index.php\/wp-json\/wp\/v2\/comments?post=4179"}],"version-history":[{"count":0,"href":"https:\/\/portugalexpo2020dubai.pt\/index.php\/wp-json\/wp\/v2\/posts\/4179\/revisions"}],"wp:featuredmedia":[{"embeddable":true,"href":"https:\/\/portugalexpo2020dubai.pt\/index.php\/wp-json\/wp\/v2\/media\/3807"}],"wp:attachment":[{"href":"https:\/\/portugalexpo2020dubai.pt\/index.php\/wp-json\/wp\/v2\/media?parent=4179"}],"wp:term":[{"taxonomy":"category","embeddable":true,"href":"https:\/\/portugalexpo2020dubai.pt\/index.php\/wp-json\/wp\/v2\/categories?post=4179"},{"taxonomy":"post_tag","embeddable":true,"href":"https:\/\/portugalexpo2020dubai.pt\/index.php\/wp-json\/wp\/v2\/tags?post=4179"}],"curies":[{"name":"wp","href":"https:\/\/api.w.org\/{rel}","templated":true}]}}