{"id":4164,"date":"2021-01-29T09:59:49","date_gmt":"2021-01-29T09:59:49","guid":{"rendered":"https:\/\/portugalexpo2020dubai.pt\/index.php\/2021\/09\/26\/a-sopa-da-pedra-nas-historias-do-mundo-em-portugues\/"},"modified":"2021-09-26T10:00:45","modified_gmt":"2021-09-26T10:00:45","slug":"a-sopa-da-pedra-nas-historias-do-mundo-em-portugues","status":"publish","type":"post","link":"https:\/\/portugalexpo2020dubai.pt\/index.php\/2021\/01\/29\/a-sopa-da-pedra-nas-historias-do-mundo-em-portugues\/?lang=pt-pt","title":{"rendered":"A Sopa da Pedra nas hist\u00f3rias do Mundo \u2013 em portugu\u00eas!"},"content":{"rendered":"<p>[vc_row][vc_column][vc_empty_space height=&#8221;40px&#8221;][vc_column_text]J\u00e1 est\u00e1 dispon\u00edvel a vers\u00e3o em portugu\u00eas de\u00a0<strong>\u201cA lenda da Sopra da Pedra: Um humilde conto gastron\u00f3mico sobre partilha.\u201d<\/strong>, recentemente selecionada para representar Portugal\u00a0 no e-book \u201c<a href=\"https:\/\/www.expo2020dubai.com\/en\/whats-new\/discover-the-world-share-its-stories\" target=\"_blank\" rel=\"noreferrer noopener\">Children\u2019s Tales From Around The World<\/a>\u201d, uma iniciativa da Expo 2020 Dubai.<\/p>\n<p>Esta a\u00e7\u00e3o, desenvolvida em parceria com a\u00a0<a href=\"https:\/\/www.cm-almeirim.pt\/\" target=\"_blank\" rel=\"noreferrer noopener\">C\u00e2mara Municipal de Almeirim<\/a>, permitiu a cria\u00e7\u00e3o de ilustra\u00e7\u00f5es in\u00e9ditas, a adapta\u00e7\u00e3o para ingl\u00eas e a vers\u00e3o em portugu\u00eas agora\u00a0<strong><a href=\"http:\/\/portugalexpo2020.pt\/wp-content\/uploads\/2021\/02\/sopa-da-pedra-A5-web.pdf\" target=\"_blank\" rel=\"noreferrer noopener\">disponibilizada gratuitamente<\/a>.<\/strong><\/p>\n<p>A lenda popular da Sopa da Pedra associa a gastronomia, a criatividade e o bom humor, com vontade de saber, praticar e partilhar coisas novas.<\/p>\n<p>Partilhe com a fam\u00edlia e amigos.<\/p>\n<p>[\/vc_column_text][vc_empty_space height=&#8221;45px&#8221;]<a itemprop=\"url\" href=\"http:\/\/portugalexpo2020.pt\/wp-content\/uploads\/2021\/02\/sopa-da-pedra-A5-web.pdf\" target=\"_blank\"  class=\"eltdf-btn eltdf-btn-medium eltdf-btn-outline-slit\"  >\n    <span class=\"eltdf-btn-text\">Descarregar e-book<\/span>\n    <i class=\"eltdf-icon-font-awesome  \" ><\/i><\/a>[\/vc_column][\/vc_row][vc_row][vc_column][vc_empty_space height=&#8221;40px&#8221;][vc_empty_space height=&#8221;40px&#8221;][\/vc_column][\/vc_row][vc_row][vc_column][\/vc_column][\/vc_row]<\/p>\n","protected":false},"excerpt":{"rendered":"<p>J\u00e1 est\u00e1 dispon\u00edvel a vers\u00e3o em portugu\u00eas de\u00a0\u201cA lenda da Sopra da Pedra: Um humilde conto gastron\u00f3mico sobre partilha.\u201d, recentemente selecionada para representar Portugal\u00a0 no e-book \u201cChildren\u2019s Tales From Around The World\u201d, uma iniciativa da Expo 2020 Dubai.<\/p>\n","protected":false},"author":1,"featured_media":3802,"comment_status":"open","ping_status":"open","sticky":false,"template":"","format":"standard","meta":{"_monsterinsights_skip_tracking":false,"_monsterinsights_sitenote_active":false,"_monsterinsights_sitenote_note":"","_monsterinsights_sitenote_category":0,"footnotes":""},"categories":[71],"tags":[],"class_list":["post-4164","post","type-post","status-publish","format-standard","has-post-thumbnail","hentry","category-news-pt-pt"],"yoast_head":"<!-- This site is optimized with the Yoast SEO plugin v27.5 - https:\/\/yoast.com\/product\/yoast-seo-wordpress\/ -->\n<title>A Sopa da Pedra nas hist\u00f3rias do Mundo \u2013 em portugu\u00eas! - Portugal Expo 2020 Dubai<\/title>\n<meta name=\"robots\" content=\"index, follow, max-snippet:-1, max-image-preview:large, max-video-preview:-1\" \/>\n<link rel=\"canonical\" href=\"https:\/\/portugalexpo2020dubai.pt\/index.php\/2021\/01\/29\/a-sopa-da-pedra-nas-historias-do-mundo-em-portugues\/\" \/>\n<meta property=\"og:locale\" content=\"en_US\" \/>\n<meta property=\"og:type\" content=\"article\" \/>\n<meta property=\"og:title\" content=\"A Sopa da Pedra nas hist\u00f3rias do Mundo \u2013 em portugu\u00eas! - Portugal Expo 2020 Dubai\" \/>\n<meta property=\"og:description\" content=\"J\u00e1 est\u00e1 dispon\u00edvel a vers\u00e3o em portugu\u00eas de\u00a0\u201cA lenda da Sopra da Pedra: Um humilde conto gastron\u00f3mico sobre partilha.\u201d, recentemente selecionada para representar Portugal\u00a0 no e-book \u201cChildren\u2019s Tales From Around The World\u201d, uma iniciativa da Expo 2020 Dubai.\" \/>\n<meta property=\"og:url\" content=\"https:\/\/portugalexpo2020dubai.pt\/index.php\/2021\/01\/29\/a-sopa-da-pedra-nas-historias-do-mundo-em-portugues\/?lang=pt-pt\" \/>\n<meta property=\"og:site_name\" content=\"Portugal Expo 2020 Dubai\" \/>\n<meta property=\"article:publisher\" content=\"https:\/\/www.facebook.com\/portugalexpo2020\" \/>\n<meta property=\"article:published_time\" content=\"2021-01-29T09:59:49+00:00\" \/>\n<meta property=\"article:modified_time\" content=\"2021-09-26T10:00:45+00:00\" \/>\n<meta property=\"og:image\" content=\"https:\/\/portugalexpo2020dubai.pt\/wp-content\/uploads\/2021\/09\/mesa-sopa-pedra-1024x737-1.jpg\" \/>\n\t<meta property=\"og:image:width\" content=\"1024\" \/>\n\t<meta property=\"og:image:height\" content=\"737\" \/>\n\t<meta property=\"og:image:type\" content=\"image\/jpeg\" \/>\n<meta name=\"author\" content=\"agency@hypnotic.pt\" \/>\n<meta name=\"twitter:card\" content=\"summary_large_image\" \/>\n<meta name=\"twitter:creator\" content=\"@PTexpo2020\" \/>\n<meta name=\"twitter:site\" content=\"@PTexpo2020\" \/>\n<meta name=\"twitter:label1\" content=\"Written by\" \/>\n\t<meta name=\"twitter:data1\" content=\"agency@hypnotic.pt\" \/>\n\t<meta name=\"twitter:label2\" content=\"Est. reading time\" \/>\n\t<meta name=\"twitter:data2\" content=\"1 minute\" \/>\n<script type=\"application\/ld+json\" class=\"yoast-schema-graph\">{\"@context\":\"https:\\\/\\\/schema.org\",\"@graph\":[{\"@type\":\"Article\",\"@id\":\"https:\\\/\\\/portugalexpo2020dubai.pt\\\/index.php\\\/2021\\\/01\\\/29\\\/a-sopa-da-pedra-nas-historias-do-mundo-em-portugues\\\/?lang=pt-pt#article\",\"isPartOf\":{\"@id\":\"https:\\\/\\\/portugalexpo2020dubai.pt\\\/index.php\\\/2021\\\/01\\\/29\\\/a-sopa-da-pedra-nas-historias-do-mundo-em-portugues\\\/?lang=pt-pt\"},\"author\":{\"name\":\"agency@hypnotic.pt\",\"@id\":\"https:\\\/\\\/portugalexpo2020dubai.pt\\\/#\\\/schema\\\/person\\\/536106064ecb936bf4356ac0968fbf97\"},\"headline\":\"A Sopa da Pedra nas hist\u00f3rias do Mundo \u2013 em portugu\u00eas!\",\"datePublished\":\"2021-01-29T09:59:49+00:00\",\"dateModified\":\"2021-09-26T10:00:45+00:00\",\"mainEntityOfPage\":{\"@id\":\"https:\\\/\\\/portugalexpo2020dubai.pt\\\/index.php\\\/2021\\\/01\\\/29\\\/a-sopa-da-pedra-nas-historias-do-mundo-em-portugues\\\/?lang=pt-pt\"},\"wordCount\":203,\"commentCount\":0,\"publisher\":{\"@id\":\"https:\\\/\\\/portugalexpo2020dubai.pt\\\/#organization\"},\"image\":{\"@id\":\"https:\\\/\\\/portugalexpo2020dubai.pt\\\/index.php\\\/2021\\\/01\\\/29\\\/a-sopa-da-pedra-nas-historias-do-mundo-em-portugues\\\/?lang=pt-pt#primaryimage\"},\"thumbnailUrl\":\"https:\\\/\\\/portugalexpo2020dubai.pt\\\/wp-content\\\/uploads\\\/2021\\\/09\\\/mesa-sopa-pedra-1024x737-1.jpg\",\"articleSection\":[\"Not\u00edcias\"],\"inLanguage\":\"en-US\",\"potentialAction\":[{\"@type\":\"CommentAction\",\"name\":\"Comment\",\"target\":[\"https:\\\/\\\/portugalexpo2020dubai.pt\\\/index.php\\\/2021\\\/01\\\/29\\\/a-sopa-da-pedra-nas-historias-do-mundo-em-portugues\\\/?lang=pt-pt#respond\"]}]},{\"@type\":\"WebPage\",\"@id\":\"https:\\\/\\\/portugalexpo2020dubai.pt\\\/index.php\\\/2021\\\/01\\\/29\\\/a-sopa-da-pedra-nas-historias-do-mundo-em-portugues\\\/?lang=pt-pt\",\"url\":\"https:\\\/\\\/portugalexpo2020dubai.pt\\\/index.php\\\/2021\\\/01\\\/29\\\/a-sopa-da-pedra-nas-historias-do-mundo-em-portugues\\\/?lang=pt-pt\",\"name\":\"A Sopa da Pedra nas hist\u00f3rias do Mundo \u2013 em portugu\u00eas! - Portugal Expo 2020 Dubai\",\"isPartOf\":{\"@id\":\"https:\\\/\\\/portugalexpo2020dubai.pt\\\/#website\"},\"primaryImageOfPage\":{\"@id\":\"https:\\\/\\\/portugalexpo2020dubai.pt\\\/index.php\\\/2021\\\/01\\\/29\\\/a-sopa-da-pedra-nas-historias-do-mundo-em-portugues\\\/?lang=pt-pt#primaryimage\"},\"image\":{\"@id\":\"https:\\\/\\\/portugalexpo2020dubai.pt\\\/index.php\\\/2021\\\/01\\\/29\\\/a-sopa-da-pedra-nas-historias-do-mundo-em-portugues\\\/?lang=pt-pt#primaryimage\"},\"thumbnailUrl\":\"https:\\\/\\\/portugalexpo2020dubai.pt\\\/wp-content\\\/uploads\\\/2021\\\/09\\\/mesa-sopa-pedra-1024x737-1.jpg\",\"datePublished\":\"2021-01-29T09:59:49+00:00\",\"dateModified\":\"2021-09-26T10:00:45+00:00\",\"breadcrumb\":{\"@id\":\"https:\\\/\\\/portugalexpo2020dubai.pt\\\/index.php\\\/2021\\\/01\\\/29\\\/a-sopa-da-pedra-nas-historias-do-mundo-em-portugues\\\/?lang=pt-pt#breadcrumb\"},\"inLanguage\":\"en-US\",\"potentialAction\":[{\"@type\":\"ReadAction\",\"target\":[\"https:\\\/\\\/portugalexpo2020dubai.pt\\\/index.php\\\/2021\\\/01\\\/29\\\/a-sopa-da-pedra-nas-historias-do-mundo-em-portugues\\\/?lang=pt-pt\"]}]},{\"@type\":\"ImageObject\",\"inLanguage\":\"en-US\",\"@id\":\"https:\\\/\\\/portugalexpo2020dubai.pt\\\/index.php\\\/2021\\\/01\\\/29\\\/a-sopa-da-pedra-nas-historias-do-mundo-em-portugues\\\/?lang=pt-pt#primaryimage\",\"url\":\"https:\\\/\\\/portugalexpo2020dubai.pt\\\/wp-content\\\/uploads\\\/2021\\\/09\\\/mesa-sopa-pedra-1024x737-1.jpg\",\"contentUrl\":\"https:\\\/\\\/portugalexpo2020dubai.pt\\\/wp-content\\\/uploads\\\/2021\\\/09\\\/mesa-sopa-pedra-1024x737-1.jpg\",\"width\":1024,\"height\":737,\"caption\":\"Ilustra\u00e7\u00e3o: Mariana Mattos\"},{\"@type\":\"BreadcrumbList\",\"@id\":\"https:\\\/\\\/portugalexpo2020dubai.pt\\\/index.php\\\/2021\\\/01\\\/29\\\/a-sopa-da-pedra-nas-historias-do-mundo-em-portugues\\\/?lang=pt-pt#breadcrumb\",\"itemListElement\":[{\"@type\":\"ListItem\",\"position\":1,\"name\":\"Home\",\"item\":\"https:\\\/\\\/portugalexpo2020dubai.pt\\\/\"},{\"@type\":\"ListItem\",\"position\":2,\"name\":\"A Sopa da Pedra nas hist\u00f3rias do Mundo \u2013 em portugu\u00eas!\"}]},{\"@type\":\"WebSite\",\"@id\":\"https:\\\/\\\/portugalexpo2020dubai.pt\\\/#website\",\"url\":\"https:\\\/\\\/portugalexpo2020dubai.pt\\\/\",\"name\":\"Portugal Expo 2020 Dubai\",\"description\":\"Portugal Expo 2020 Dubai\",\"publisher\":{\"@id\":\"https:\\\/\\\/portugalexpo2020dubai.pt\\\/#organization\"},\"potentialAction\":[{\"@type\":\"SearchAction\",\"target\":{\"@type\":\"EntryPoint\",\"urlTemplate\":\"https:\\\/\\\/portugalexpo2020dubai.pt\\\/?s={search_term_string}\"},\"query-input\":{\"@type\":\"PropertyValueSpecification\",\"valueRequired\":true,\"valueName\":\"search_term_string\"}}],\"inLanguage\":\"en-US\"},{\"@type\":\"Organization\",\"@id\":\"https:\\\/\\\/portugalexpo2020dubai.pt\\\/#organization\",\"name\":\"Portugal Expo 2020 Dubai\",\"url\":\"https:\\\/\\\/portugalexpo2020dubai.pt\\\/\",\"logo\":{\"@type\":\"ImageObject\",\"inLanguage\":\"en-US\",\"@id\":\"https:\\\/\\\/portugalexpo2020dubai.pt\\\/#\\\/schema\\\/logo\\\/image\\\/\",\"url\":\"https:\\\/\\\/portugalexpo2020dubai.pt\\\/wp-content\\\/uploads\\\/2021\\\/09\\\/logo_aicep.png\",\"contentUrl\":\"https:\\\/\\\/portugalexpo2020dubai.pt\\\/wp-content\\\/uploads\\\/2021\\\/09\\\/logo_aicep.png\",\"width\":830,\"height\":200,\"caption\":\"Portugal Expo 2020 Dubai\"},\"image\":{\"@id\":\"https:\\\/\\\/portugalexpo2020dubai.pt\\\/#\\\/schema\\\/logo\\\/image\\\/\"},\"sameAs\":[\"https:\\\/\\\/www.facebook.com\\\/portugalexpo2020\",\"https:\\\/\\\/x.com\\\/PTexpo2020\",\"https:\\\/\\\/www.instagram.com\\\/portugalexpo2020\\\/\"]},{\"@type\":\"Person\",\"@id\":\"https:\\\/\\\/portugalexpo2020dubai.pt\\\/#\\\/schema\\\/person\\\/536106064ecb936bf4356ac0968fbf97\",\"name\":\"agency@hypnotic.pt\",\"image\":{\"@type\":\"ImageObject\",\"inLanguage\":\"en-US\",\"@id\":\"https:\\\/\\\/secure.gravatar.com\\\/avatar\\\/bba145c7c210ec98230c1b1d0e6290b53936f54c49a69c2caa0b60f54f023ae5?s=96&d=mm&r=g\",\"url\":\"https:\\\/\\\/secure.gravatar.com\\\/avatar\\\/bba145c7c210ec98230c1b1d0e6290b53936f54c49a69c2caa0b60f54f023ae5?s=96&d=mm&r=g\",\"contentUrl\":\"https:\\\/\\\/secure.gravatar.com\\\/avatar\\\/bba145c7c210ec98230c1b1d0e6290b53936f54c49a69c2caa0b60f54f023ae5?s=96&d=mm&r=g\",\"caption\":\"agency@hypnotic.pt\"},\"sameAs\":[\"http:\\\/\\\/portugalexpo2020dubai.pt\"],\"url\":\"https:\\\/\\\/portugalexpo2020dubai.pt\\\/index.php\\\/author\\\/agencyhypnotic-pt\\\/\"}]}<\/script>\n<!-- \/ Yoast SEO plugin. -->","yoast_head_json":{"title":"A Sopa da Pedra nas hist\u00f3rias do Mundo \u2013 em portugu\u00eas! - Portugal Expo 2020 Dubai","robots":{"index":"index","follow":"follow","max-snippet":"max-snippet:-1","max-image-preview":"max-image-preview:large","max-video-preview":"max-video-preview:-1"},"canonical":"https:\/\/portugalexpo2020dubai.pt\/index.php\/2021\/01\/29\/a-sopa-da-pedra-nas-historias-do-mundo-em-portugues\/","og_locale":"en_US","og_type":"article","og_title":"A Sopa da Pedra nas hist\u00f3rias do Mundo \u2013 em portugu\u00eas! - Portugal Expo 2020 Dubai","og_description":"J\u00e1 est\u00e1 dispon\u00edvel a vers\u00e3o em portugu\u00eas de\u00a0\u201cA lenda da Sopra da Pedra: Um humilde conto gastron\u00f3mico sobre partilha.\u201d, recentemente selecionada para representar Portugal\u00a0 no e-book \u201cChildren\u2019s Tales From Around The World\u201d, uma iniciativa da Expo 2020 Dubai.","og_url":"https:\/\/portugalexpo2020dubai.pt\/index.php\/2021\/01\/29\/a-sopa-da-pedra-nas-historias-do-mundo-em-portugues\/?lang=pt-pt","og_site_name":"Portugal Expo 2020 Dubai","article_publisher":"https:\/\/www.facebook.com\/portugalexpo2020","article_published_time":"2021-01-29T09:59:49+00:00","article_modified_time":"2021-09-26T10:00:45+00:00","og_image":[{"width":1024,"height":737,"url":"https:\/\/portugalexpo2020dubai.pt\/wp-content\/uploads\/2021\/09\/mesa-sopa-pedra-1024x737-1.jpg","type":"image\/jpeg"}],"author":"agency@hypnotic.pt","twitter_card":"summary_large_image","twitter_creator":"@PTexpo2020","twitter_site":"@PTexpo2020","twitter_misc":{"Written by":"agency@hypnotic.pt","Est. reading time":"1 minute"},"schema":{"@context":"https:\/\/schema.org","@graph":[{"@type":"Article","@id":"https:\/\/portugalexpo2020dubai.pt\/index.php\/2021\/01\/29\/a-sopa-da-pedra-nas-historias-do-mundo-em-portugues\/?lang=pt-pt#article","isPartOf":{"@id":"https:\/\/portugalexpo2020dubai.pt\/index.php\/2021\/01\/29\/a-sopa-da-pedra-nas-historias-do-mundo-em-portugues\/?lang=pt-pt"},"author":{"name":"agency@hypnotic.pt","@id":"https:\/\/portugalexpo2020dubai.pt\/#\/schema\/person\/536106064ecb936bf4356ac0968fbf97"},"headline":"A Sopa da Pedra nas hist\u00f3rias do Mundo \u2013 em portugu\u00eas!","datePublished":"2021-01-29T09:59:49+00:00","dateModified":"2021-09-26T10:00:45+00:00","mainEntityOfPage":{"@id":"https:\/\/portugalexpo2020dubai.pt\/index.php\/2021\/01\/29\/a-sopa-da-pedra-nas-historias-do-mundo-em-portugues\/?lang=pt-pt"},"wordCount":203,"commentCount":0,"publisher":{"@id":"https:\/\/portugalexpo2020dubai.pt\/#organization"},"image":{"@id":"https:\/\/portugalexpo2020dubai.pt\/index.php\/2021\/01\/29\/a-sopa-da-pedra-nas-historias-do-mundo-em-portugues\/?lang=pt-pt#primaryimage"},"thumbnailUrl":"https:\/\/portugalexpo2020dubai.pt\/wp-content\/uploads\/2021\/09\/mesa-sopa-pedra-1024x737-1.jpg","articleSection":["Not\u00edcias"],"inLanguage":"en-US","potentialAction":[{"@type":"CommentAction","name":"Comment","target":["https:\/\/portugalexpo2020dubai.pt\/index.php\/2021\/01\/29\/a-sopa-da-pedra-nas-historias-do-mundo-em-portugues\/?lang=pt-pt#respond"]}]},{"@type":"WebPage","@id":"https:\/\/portugalexpo2020dubai.pt\/index.php\/2021\/01\/29\/a-sopa-da-pedra-nas-historias-do-mundo-em-portugues\/?lang=pt-pt","url":"https:\/\/portugalexpo2020dubai.pt\/index.php\/2021\/01\/29\/a-sopa-da-pedra-nas-historias-do-mundo-em-portugues\/?lang=pt-pt","name":"A Sopa da Pedra nas hist\u00f3rias do Mundo \u2013 em portugu\u00eas! - Portugal Expo 2020 Dubai","isPartOf":{"@id":"https:\/\/portugalexpo2020dubai.pt\/#website"},"primaryImageOfPage":{"@id":"https:\/\/portugalexpo2020dubai.pt\/index.php\/2021\/01\/29\/a-sopa-da-pedra-nas-historias-do-mundo-em-portugues\/?lang=pt-pt#primaryimage"},"image":{"@id":"https:\/\/portugalexpo2020dubai.pt\/index.php\/2021\/01\/29\/a-sopa-da-pedra-nas-historias-do-mundo-em-portugues\/?lang=pt-pt#primaryimage"},"thumbnailUrl":"https:\/\/portugalexpo2020dubai.pt\/wp-content\/uploads\/2021\/09\/mesa-sopa-pedra-1024x737-1.jpg","datePublished":"2021-01-29T09:59:49+00:00","dateModified":"2021-09-26T10:00:45+00:00","breadcrumb":{"@id":"https:\/\/portugalexpo2020dubai.pt\/index.php\/2021\/01\/29\/a-sopa-da-pedra-nas-historias-do-mundo-em-portugues\/?lang=pt-pt#breadcrumb"},"inLanguage":"en-US","potentialAction":[{"@type":"ReadAction","target":["https:\/\/portugalexpo2020dubai.pt\/index.php\/2021\/01\/29\/a-sopa-da-pedra-nas-historias-do-mundo-em-portugues\/?lang=pt-pt"]}]},{"@type":"ImageObject","inLanguage":"en-US","@id":"https:\/\/portugalexpo2020dubai.pt\/index.php\/2021\/01\/29\/a-sopa-da-pedra-nas-historias-do-mundo-em-portugues\/?lang=pt-pt#primaryimage","url":"https:\/\/portugalexpo2020dubai.pt\/wp-content\/uploads\/2021\/09\/mesa-sopa-pedra-1024x737-1.jpg","contentUrl":"https:\/\/portugalexpo2020dubai.pt\/wp-content\/uploads\/2021\/09\/mesa-sopa-pedra-1024x737-1.jpg","width":1024,"height":737,"caption":"Ilustra\u00e7\u00e3o: Mariana Mattos"},{"@type":"BreadcrumbList","@id":"https:\/\/portugalexpo2020dubai.pt\/index.php\/2021\/01\/29\/a-sopa-da-pedra-nas-historias-do-mundo-em-portugues\/?lang=pt-pt#breadcrumb","itemListElement":[{"@type":"ListItem","position":1,"name":"Home","item":"https:\/\/portugalexpo2020dubai.pt\/"},{"@type":"ListItem","position":2,"name":"A Sopa da Pedra nas hist\u00f3rias do Mundo \u2013 em portugu\u00eas!"}]},{"@type":"WebSite","@id":"https:\/\/portugalexpo2020dubai.pt\/#website","url":"https:\/\/portugalexpo2020dubai.pt\/","name":"Portugal Expo 2020 Dubai","description":"Portugal Expo 2020 Dubai","publisher":{"@id":"https:\/\/portugalexpo2020dubai.pt\/#organization"},"potentialAction":[{"@type":"SearchAction","target":{"@type":"EntryPoint","urlTemplate":"https:\/\/portugalexpo2020dubai.pt\/?s={search_term_string}"},"query-input":{"@type":"PropertyValueSpecification","valueRequired":true,"valueName":"search_term_string"}}],"inLanguage":"en-US"},{"@type":"Organization","@id":"https:\/\/portugalexpo2020dubai.pt\/#organization","name":"Portugal Expo 2020 Dubai","url":"https:\/\/portugalexpo2020dubai.pt\/","logo":{"@type":"ImageObject","inLanguage":"en-US","@id":"https:\/\/portugalexpo2020dubai.pt\/#\/schema\/logo\/image\/","url":"https:\/\/portugalexpo2020dubai.pt\/wp-content\/uploads\/2021\/09\/logo_aicep.png","contentUrl":"https:\/\/portugalexpo2020dubai.pt\/wp-content\/uploads\/2021\/09\/logo_aicep.png","width":830,"height":200,"caption":"Portugal Expo 2020 Dubai"},"image":{"@id":"https:\/\/portugalexpo2020dubai.pt\/#\/schema\/logo\/image\/"},"sameAs":["https:\/\/www.facebook.com\/portugalexpo2020","https:\/\/x.com\/PTexpo2020","https:\/\/www.instagram.com\/portugalexpo2020\/"]},{"@type":"Person","@id":"https:\/\/portugalexpo2020dubai.pt\/#\/schema\/person\/536106064ecb936bf4356ac0968fbf97","name":"agency@hypnotic.pt","image":{"@type":"ImageObject","inLanguage":"en-US","@id":"https:\/\/secure.gravatar.com\/avatar\/bba145c7c210ec98230c1b1d0e6290b53936f54c49a69c2caa0b60f54f023ae5?s=96&d=mm&r=g","url":"https:\/\/secure.gravatar.com\/avatar\/bba145c7c210ec98230c1b1d0e6290b53936f54c49a69c2caa0b60f54f023ae5?s=96&d=mm&r=g","contentUrl":"https:\/\/secure.gravatar.com\/avatar\/bba145c7c210ec98230c1b1d0e6290b53936f54c49a69c2caa0b60f54f023ae5?s=96&d=mm&r=g","caption":"agency@hypnotic.pt"},"sameAs":["http:\/\/portugalexpo2020dubai.pt"],"url":"https:\/\/portugalexpo2020dubai.pt\/index.php\/author\/agencyhypnotic-pt\/"}]}},"cc_featured_image_caption":{"caption_text":false,"source_text":false,"source_url":false},"_links":{"self":[{"href":"https:\/\/portugalexpo2020dubai.pt\/index.php\/wp-json\/wp\/v2\/posts\/4164","targetHints":{"allow":["GET"]}}],"collection":[{"href":"https:\/\/portugalexpo2020dubai.pt\/index.php\/wp-json\/wp\/v2\/posts"}],"about":[{"href":"https:\/\/portugalexpo2020dubai.pt\/index.php\/wp-json\/wp\/v2\/types\/post"}],"author":[{"embeddable":true,"href":"https:\/\/portugalexpo2020dubai.pt\/index.php\/wp-json\/wp\/v2\/users\/1"}],"replies":[{"embeddable":true,"href":"https:\/\/portugalexpo2020dubai.pt\/index.php\/wp-json\/wp\/v2\/comments?post=4164"}],"version-history":[{"count":0,"href":"https:\/\/portugalexpo2020dubai.pt\/index.php\/wp-json\/wp\/v2\/posts\/4164\/revisions"}],"wp:featuredmedia":[{"embeddable":true,"href":"https:\/\/portugalexpo2020dubai.pt\/index.php\/wp-json\/wp\/v2\/media\/3802"}],"wp:attachment":[{"href":"https:\/\/portugalexpo2020dubai.pt\/index.php\/wp-json\/wp\/v2\/media?parent=4164"}],"wp:term":[{"taxonomy":"category","embeddable":true,"href":"https:\/\/portugalexpo2020dubai.pt\/index.php\/wp-json\/wp\/v2\/categories?post=4164"},{"taxonomy":"post_tag","embeddable":true,"href":"https:\/\/portugalexpo2020dubai.pt\/index.php\/wp-json\/wp\/v2\/tags?post=4164"}],"curies":[{"name":"wp","href":"https:\/\/api.w.org\/{rel}","templated":true}]}}