{"id":4157,"date":"2021-01-22T09:54:42","date_gmt":"2021-01-22T09:54:42","guid":{"rendered":"https:\/\/portugalexpo2020dubai.pt\/index.php\/2021\/09\/26\/a-expo-2020-dubai-ja-pode-ser-visitada\/"},"modified":"2021-10-15T10:44:00","modified_gmt":"2021-10-15T10:44:00","slug":"a-expo-2020-dubai-ja-pode-ser-visitada","status":"publish","type":"post","link":"https:\/\/portugalexpo2020dubai.pt\/index.php\/2021\/01\/22\/a-expo-2020-dubai-ja-pode-ser-visitada\/?lang=pt-pt","title":{"rendered":"A Expo 2020 Dubai j\u00e1 pode ser visitada!"},"content":{"rendered":"<p>[vc_row][vc_column][vc_empty_space height=&#8221;40px&#8221;][vc_column_text]A partir de hoje a\u00a0<strong><a href=\"https:\/\/www.expo2020dubai.com\/en\/pavilions-premiere\">E<\/a><a href=\"https:\/\/www.expo2020dubai.com\/en\/pavilions-premiere\" target=\"_blank\" rel=\"noreferrer noopener\">xpo 2020 Dubai<\/a><\/strong>\u00a0abre as suas portas para a visita a alguns dos principais espa\u00e7os que comp\u00f5em o enorme palco deste evento mundial, em antecipa\u00e7\u00e3o do que ser\u00e1 a Expo 2020 Dubai quando no dia 1 de Outubro abrir as suas portas e der as boas-vindas ao mundo.<\/p>\n<p>Uma oportunidade de estar entre os primeiros a visitar o\u00a0<strong>Pavilh\u00e3o da Sustentabilidade<\/strong>, que se intitula\u00a0<strong>\u201cTerra\u201d<\/strong>, um dos tr\u00eas principais pavilh\u00f5es tem\u00e1ticos desta \u201cWord Expo\u201d. Os visitantes podem explorar o interior do pavilh\u00e3o, numa viagem imersiva pelas maravilhas da natureza e de incentivo \u00e0 reflex\u00e3o sobre como o comportamento individual impacta o ambiente.<\/p>\n<p>&nbsp;<\/p>\n<figure class=\"wp-block-gallery columns-2 is-cropped\">\n<ul class=\"blocks-gallery-grid\">\n<li class=\"blocks-gallery-item\"><\/li>\n<\/ul>\n<\/figure>\n<p>[\/vc_column_text][\/vc_column][\/vc_row][vc_row][vc_column][vc_gallery type=&#8221;image_grid&#8221; images=&#8221;3795,3796,3797,3798,3799,3800&#8243; img_size=&#8221;medium&#8221; onclick=&#8221;img_link_large&#8221;][vc_column_text]\u00a9 Expo 2020 Dubai \u2013 \u201cTerra\u201d \u2013 Pavilh\u00e3o da Sustentabilidade<\/p>\n<p>&nbsp;<\/p>\n<p>Para al\u00e9m do Terra \u2013 Pavilh\u00e3o da Sustentabilidade, os visitantes podem desfrutar dos espa\u00e7os p\u00fablicos circundantes, que incluem um parque infantil, uma loja de \u201csouvenirs\u201d, \u201ccomida de rua\u201d e muito mais.<\/p>\n<p>Esta visita antecipada est\u00e1 dispon\u00edvel de<strong>\u00a022 de Janeiro a 10 de Abril de 2021<\/strong>, seguindo-se em breve a abertura dos restantes pavilh\u00f5es tem\u00e1ticos, o Pavilh\u00e3o da Mobilidade (Alif) e o Pavilh\u00e3o da Oportunidade (Miss\u00e3o Poss\u00edvel).<\/p>\n<p>Para mais informa\u00e7\u00f5es e\/ou reserva de bilhetes,\u00a0<a href=\"https:\/\/www.expo2020dubai.com\/en\/pavilions-premiere\" target=\"_blank\" rel=\"noreferrer noopener\">clique aqui<\/a>.[\/vc_column_text][\/vc_column][\/vc_row]<\/p>\n","protected":false},"excerpt":{"rendered":"<p>A partir de hoje a\u00a0Expo 2020 Dubai\u00a0abre as suas portas para a visita a alguns dos principais espa\u00e7os que comp\u00f5em o enorme palco deste evento mundial, em antecipa\u00e7\u00e3o do que ser\u00e1 a Expo 2020 Dubai quando no dia 1 de Outubro abrir as suas portas e der as boas-vindas ao mundo.<\/p>\n","protected":false},"author":1,"featured_media":3796,"comment_status":"open","ping_status":"open","sticky":false,"template":"","format":"standard","meta":{"_monsterinsights_skip_tracking":false,"_monsterinsights_sitenote_active":false,"_monsterinsights_sitenote_note":"","_monsterinsights_sitenote_category":0,"footnotes":""},"categories":[71],"tags":[],"class_list":["post-4157","post","type-post","status-publish","format-standard","has-post-thumbnail","hentry","category-news-pt-pt"],"yoast_head":"<!-- This site is optimized with the Yoast SEO plugin v27.5 - https:\/\/yoast.com\/product\/yoast-seo-wordpress\/ -->\n<title>A Expo 2020 Dubai j\u00e1 pode ser visitada! - Portugal Expo 2020 Dubai<\/title>\n<meta name=\"description\" content=\"A partir de hoje a\u00a0Expo 2020 Dubai\u00a0abre as suas portas para a visita a alguns dos principais espa\u00e7os que comp\u00f5em o enorme palco deste evento mundial, em antecipa\u00e7\u00e3o do que ser\u00e1 a Expo 2020 Dubai quando no dia 1 de Outubro abrir as suas portas e der as boas-vindas ao mundo.\" \/>\n<meta name=\"robots\" content=\"index, follow, max-snippet:-1, max-image-preview:large, max-video-preview:-1\" \/>\n<link rel=\"canonical\" href=\"https:\/\/portugalexpo2020dubai.pt\/index.php\/2021\/01\/22\/a-expo-2020-dubai-ja-pode-ser-visitada\/\" \/>\n<meta property=\"og:locale\" content=\"en_US\" \/>\n<meta property=\"og:type\" content=\"article\" \/>\n<meta property=\"og:title\" content=\"A Expo 2020 Dubai j\u00e1 pode ser visitada! - Portugal Expo 2020 Dubai\" \/>\n<meta property=\"og:description\" content=\"A partir de hoje a\u00a0Expo 2020 Dubai\u00a0abre as suas portas para a visita a alguns dos principais espa\u00e7os que comp\u00f5em o enorme palco deste evento mundial, em antecipa\u00e7\u00e3o do que ser\u00e1 a Expo 2020 Dubai quando no dia 1 de Outubro abrir as suas portas e der as boas-vindas ao mundo.\" \/>\n<meta property=\"og:url\" content=\"https:\/\/portugalexpo2020dubai.pt\/index.php\/2021\/01\/22\/a-expo-2020-dubai-ja-pode-ser-visitada\/?lang=pt-pt\" \/>\n<meta property=\"og:site_name\" content=\"Portugal Expo 2020 Dubai\" \/>\n<meta property=\"article:publisher\" content=\"https:\/\/www.facebook.com\/portugalexpo2020\" \/>\n<meta property=\"article:published_time\" content=\"2021-01-22T09:54:42+00:00\" \/>\n<meta property=\"article:modified_time\" content=\"2021-10-15T10:44:00+00:00\" \/>\n<meta property=\"og:image\" content=\"https:\/\/portugalexpo2020dubai.pt\/wp-content\/uploads\/2021\/09\/210115_Expo_Sustainability-Pavilion_Hall-of-Consumption-1-web-1024x640-1.jpg\" \/>\n\t<meta property=\"og:image:width\" content=\"1024\" \/>\n\t<meta property=\"og:image:height\" content=\"640\" \/>\n\t<meta property=\"og:image:type\" content=\"image\/jpeg\" \/>\n<meta name=\"author\" content=\"agency@hypnotic.pt\" \/>\n<meta name=\"twitter:card\" content=\"summary_large_image\" \/>\n<meta name=\"twitter:creator\" content=\"@PTexpo2020\" \/>\n<meta name=\"twitter:site\" content=\"@PTexpo2020\" \/>\n<meta name=\"twitter:label1\" content=\"Written by\" \/>\n\t<meta name=\"twitter:data1\" content=\"agency@hypnotic.pt\" \/>\n\t<meta name=\"twitter:label2\" content=\"Est. reading time\" \/>\n\t<meta name=\"twitter:data2\" content=\"1 minute\" \/>\n<script type=\"application\/ld+json\" class=\"yoast-schema-graph\">{\"@context\":\"https:\\\/\\\/schema.org\",\"@graph\":[{\"@type\":\"Article\",\"@id\":\"https:\\\/\\\/portugalexpo2020dubai.pt\\\/index.php\\\/2021\\\/01\\\/22\\\/a-expo-2020-dubai-ja-pode-ser-visitada\\\/?lang=pt-pt#article\",\"isPartOf\":{\"@id\":\"https:\\\/\\\/portugalexpo2020dubai.pt\\\/index.php\\\/2021\\\/01\\\/22\\\/a-expo-2020-dubai-ja-pode-ser-visitada\\\/?lang=pt-pt\"},\"author\":{\"name\":\"agency@hypnotic.pt\",\"@id\":\"https:\\\/\\\/portugalexpo2020dubai.pt\\\/#\\\/schema\\\/person\\\/536106064ecb936bf4356ac0968fbf97\"},\"headline\":\"A Expo 2020 Dubai j\u00e1 pode ser visitada!\",\"datePublished\":\"2021-01-22T09:54:42+00:00\",\"dateModified\":\"2021-10-15T10:44:00+00:00\",\"mainEntityOfPage\":{\"@id\":\"https:\\\/\\\/portugalexpo2020dubai.pt\\\/index.php\\\/2021\\\/01\\\/22\\\/a-expo-2020-dubai-ja-pode-ser-visitada\\\/?lang=pt-pt\"},\"wordCount\":260,\"commentCount\":0,\"publisher\":{\"@id\":\"https:\\\/\\\/portugalexpo2020dubai.pt\\\/#organization\"},\"image\":{\"@id\":\"https:\\\/\\\/portugalexpo2020dubai.pt\\\/index.php\\\/2021\\\/01\\\/22\\\/a-expo-2020-dubai-ja-pode-ser-visitada\\\/?lang=pt-pt#primaryimage\"},\"thumbnailUrl\":\"https:\\\/\\\/portugalexpo2020dubai.pt\\\/wp-content\\\/uploads\\\/2021\\\/09\\\/210115_Expo_Sustainability-Pavilion_Hall-of-Consumption-1-web-1024x640-1.jpg\",\"articleSection\":[\"Not\u00edcias\"],\"inLanguage\":\"en-US\",\"potentialAction\":[{\"@type\":\"CommentAction\",\"name\":\"Comment\",\"target\":[\"https:\\\/\\\/portugalexpo2020dubai.pt\\\/index.php\\\/2021\\\/01\\\/22\\\/a-expo-2020-dubai-ja-pode-ser-visitada\\\/?lang=pt-pt#respond\"]}]},{\"@type\":\"WebPage\",\"@id\":\"https:\\\/\\\/portugalexpo2020dubai.pt\\\/index.php\\\/2021\\\/01\\\/22\\\/a-expo-2020-dubai-ja-pode-ser-visitada\\\/?lang=pt-pt\",\"url\":\"https:\\\/\\\/portugalexpo2020dubai.pt\\\/index.php\\\/2021\\\/01\\\/22\\\/a-expo-2020-dubai-ja-pode-ser-visitada\\\/?lang=pt-pt\",\"name\":\"A Expo 2020 Dubai j\u00e1 pode ser visitada! - Portugal Expo 2020 Dubai\",\"isPartOf\":{\"@id\":\"https:\\\/\\\/portugalexpo2020dubai.pt\\\/#website\"},\"primaryImageOfPage\":{\"@id\":\"https:\\\/\\\/portugalexpo2020dubai.pt\\\/index.php\\\/2021\\\/01\\\/22\\\/a-expo-2020-dubai-ja-pode-ser-visitada\\\/?lang=pt-pt#primaryimage\"},\"image\":{\"@id\":\"https:\\\/\\\/portugalexpo2020dubai.pt\\\/index.php\\\/2021\\\/01\\\/22\\\/a-expo-2020-dubai-ja-pode-ser-visitada\\\/?lang=pt-pt#primaryimage\"},\"thumbnailUrl\":\"https:\\\/\\\/portugalexpo2020dubai.pt\\\/wp-content\\\/uploads\\\/2021\\\/09\\\/210115_Expo_Sustainability-Pavilion_Hall-of-Consumption-1-web-1024x640-1.jpg\",\"datePublished\":\"2021-01-22T09:54:42+00:00\",\"dateModified\":\"2021-10-15T10:44:00+00:00\",\"description\":\"A partir de hoje a\u00a0Expo 2020 Dubai\u00a0abre as suas portas para a visita a alguns dos principais espa\u00e7os que comp\u00f5em o enorme palco deste evento mundial, em antecipa\u00e7\u00e3o do que ser\u00e1 a Expo 2020 Dubai quando no dia 1 de Outubro abrir as suas portas e der as boas-vindas ao mundo.\",\"breadcrumb\":{\"@id\":\"https:\\\/\\\/portugalexpo2020dubai.pt\\\/index.php\\\/2021\\\/01\\\/22\\\/a-expo-2020-dubai-ja-pode-ser-visitada\\\/?lang=pt-pt#breadcrumb\"},\"inLanguage\":\"en-US\",\"potentialAction\":[{\"@type\":\"ReadAction\",\"target\":[\"https:\\\/\\\/portugalexpo2020dubai.pt\\\/index.php\\\/2021\\\/01\\\/22\\\/a-expo-2020-dubai-ja-pode-ser-visitada\\\/?lang=pt-pt\"]}]},{\"@type\":\"ImageObject\",\"inLanguage\":\"en-US\",\"@id\":\"https:\\\/\\\/portugalexpo2020dubai.pt\\\/index.php\\\/2021\\\/01\\\/22\\\/a-expo-2020-dubai-ja-pode-ser-visitada\\\/?lang=pt-pt#primaryimage\",\"url\":\"https:\\\/\\\/portugalexpo2020dubai.pt\\\/wp-content\\\/uploads\\\/2021\\\/09\\\/210115_Expo_Sustainability-Pavilion_Hall-of-Consumption-1-web-1024x640-1.jpg\",\"contentUrl\":\"https:\\\/\\\/portugalexpo2020dubai.pt\\\/wp-content\\\/uploads\\\/2021\\\/09\\\/210115_Expo_Sustainability-Pavilion_Hall-of-Consumption-1-web-1024x640-1.jpg\",\"width\":1024,\"height\":640},{\"@type\":\"BreadcrumbList\",\"@id\":\"https:\\\/\\\/portugalexpo2020dubai.pt\\\/index.php\\\/2021\\\/01\\\/22\\\/a-expo-2020-dubai-ja-pode-ser-visitada\\\/?lang=pt-pt#breadcrumb\",\"itemListElement\":[{\"@type\":\"ListItem\",\"position\":1,\"name\":\"Home\",\"item\":\"https:\\\/\\\/portugalexpo2020dubai.pt\\\/\"},{\"@type\":\"ListItem\",\"position\":2,\"name\":\"A Expo 2020 Dubai j\u00e1 pode ser visitada!\"}]},{\"@type\":\"WebSite\",\"@id\":\"https:\\\/\\\/portugalexpo2020dubai.pt\\\/#website\",\"url\":\"https:\\\/\\\/portugalexpo2020dubai.pt\\\/\",\"name\":\"Portugal Expo 2020 Dubai\",\"description\":\"Portugal Expo 2020 Dubai\",\"publisher\":{\"@id\":\"https:\\\/\\\/portugalexpo2020dubai.pt\\\/#organization\"},\"potentialAction\":[{\"@type\":\"SearchAction\",\"target\":{\"@type\":\"EntryPoint\",\"urlTemplate\":\"https:\\\/\\\/portugalexpo2020dubai.pt\\\/?s={search_term_string}\"},\"query-input\":{\"@type\":\"PropertyValueSpecification\",\"valueRequired\":true,\"valueName\":\"search_term_string\"}}],\"inLanguage\":\"en-US\"},{\"@type\":\"Organization\",\"@id\":\"https:\\\/\\\/portugalexpo2020dubai.pt\\\/#organization\",\"name\":\"Portugal Expo 2020 Dubai\",\"url\":\"https:\\\/\\\/portugalexpo2020dubai.pt\\\/\",\"logo\":{\"@type\":\"ImageObject\",\"inLanguage\":\"en-US\",\"@id\":\"https:\\\/\\\/portugalexpo2020dubai.pt\\\/#\\\/schema\\\/logo\\\/image\\\/\",\"url\":\"https:\\\/\\\/portugalexpo2020dubai.pt\\\/wp-content\\\/uploads\\\/2021\\\/09\\\/logo_aicep.png\",\"contentUrl\":\"https:\\\/\\\/portugalexpo2020dubai.pt\\\/wp-content\\\/uploads\\\/2021\\\/09\\\/logo_aicep.png\",\"width\":830,\"height\":200,\"caption\":\"Portugal Expo 2020 Dubai\"},\"image\":{\"@id\":\"https:\\\/\\\/portugalexpo2020dubai.pt\\\/#\\\/schema\\\/logo\\\/image\\\/\"},\"sameAs\":[\"https:\\\/\\\/www.facebook.com\\\/portugalexpo2020\",\"https:\\\/\\\/x.com\\\/PTexpo2020\",\"https:\\\/\\\/www.instagram.com\\\/portugalexpo2020\\\/\"]},{\"@type\":\"Person\",\"@id\":\"https:\\\/\\\/portugalexpo2020dubai.pt\\\/#\\\/schema\\\/person\\\/536106064ecb936bf4356ac0968fbf97\",\"name\":\"agency@hypnotic.pt\",\"image\":{\"@type\":\"ImageObject\",\"inLanguage\":\"en-US\",\"@id\":\"https:\\\/\\\/secure.gravatar.com\\\/avatar\\\/bba145c7c210ec98230c1b1d0e6290b53936f54c49a69c2caa0b60f54f023ae5?s=96&d=mm&r=g\",\"url\":\"https:\\\/\\\/secure.gravatar.com\\\/avatar\\\/bba145c7c210ec98230c1b1d0e6290b53936f54c49a69c2caa0b60f54f023ae5?s=96&d=mm&r=g\",\"contentUrl\":\"https:\\\/\\\/secure.gravatar.com\\\/avatar\\\/bba145c7c210ec98230c1b1d0e6290b53936f54c49a69c2caa0b60f54f023ae5?s=96&d=mm&r=g\",\"caption\":\"agency@hypnotic.pt\"},\"sameAs\":[\"http:\\\/\\\/portugalexpo2020dubai.pt\"],\"url\":\"https:\\\/\\\/portugalexpo2020dubai.pt\\\/index.php\\\/author\\\/agencyhypnotic-pt\\\/\"}]}<\/script>\n<!-- \/ Yoast SEO plugin. -->","yoast_head_json":{"title":"A Expo 2020 Dubai j\u00e1 pode ser visitada! - Portugal Expo 2020 Dubai","description":"A partir de hoje a\u00a0Expo 2020 Dubai\u00a0abre as suas portas para a visita a alguns dos principais espa\u00e7os que comp\u00f5em o enorme palco deste evento mundial, em antecipa\u00e7\u00e3o do que ser\u00e1 a Expo 2020 Dubai quando no dia 1 de Outubro abrir as suas portas e der as boas-vindas ao mundo.","robots":{"index":"index","follow":"follow","max-snippet":"max-snippet:-1","max-image-preview":"max-image-preview:large","max-video-preview":"max-video-preview:-1"},"canonical":"https:\/\/portugalexpo2020dubai.pt\/index.php\/2021\/01\/22\/a-expo-2020-dubai-ja-pode-ser-visitada\/","og_locale":"en_US","og_type":"article","og_title":"A Expo 2020 Dubai j\u00e1 pode ser visitada! - Portugal Expo 2020 Dubai","og_description":"A partir de hoje a\u00a0Expo 2020 Dubai\u00a0abre as suas portas para a visita a alguns dos principais espa\u00e7os que comp\u00f5em o enorme palco deste evento mundial, em antecipa\u00e7\u00e3o do que ser\u00e1 a Expo 2020 Dubai quando no dia 1 de Outubro abrir as suas portas e der as boas-vindas ao mundo.","og_url":"https:\/\/portugalexpo2020dubai.pt\/index.php\/2021\/01\/22\/a-expo-2020-dubai-ja-pode-ser-visitada\/?lang=pt-pt","og_site_name":"Portugal Expo 2020 Dubai","article_publisher":"https:\/\/www.facebook.com\/portugalexpo2020","article_published_time":"2021-01-22T09:54:42+00:00","article_modified_time":"2021-10-15T10:44:00+00:00","og_image":[{"width":1024,"height":640,"url":"https:\/\/portugalexpo2020dubai.pt\/wp-content\/uploads\/2021\/09\/210115_Expo_Sustainability-Pavilion_Hall-of-Consumption-1-web-1024x640-1.jpg","type":"image\/jpeg"}],"author":"agency@hypnotic.pt","twitter_card":"summary_large_image","twitter_creator":"@PTexpo2020","twitter_site":"@PTexpo2020","twitter_misc":{"Written by":"agency@hypnotic.pt","Est. reading time":"1 minute"},"schema":{"@context":"https:\/\/schema.org","@graph":[{"@type":"Article","@id":"https:\/\/portugalexpo2020dubai.pt\/index.php\/2021\/01\/22\/a-expo-2020-dubai-ja-pode-ser-visitada\/?lang=pt-pt#article","isPartOf":{"@id":"https:\/\/portugalexpo2020dubai.pt\/index.php\/2021\/01\/22\/a-expo-2020-dubai-ja-pode-ser-visitada\/?lang=pt-pt"},"author":{"name":"agency@hypnotic.pt","@id":"https:\/\/portugalexpo2020dubai.pt\/#\/schema\/person\/536106064ecb936bf4356ac0968fbf97"},"headline":"A Expo 2020 Dubai j\u00e1 pode ser visitada!","datePublished":"2021-01-22T09:54:42+00:00","dateModified":"2021-10-15T10:44:00+00:00","mainEntityOfPage":{"@id":"https:\/\/portugalexpo2020dubai.pt\/index.php\/2021\/01\/22\/a-expo-2020-dubai-ja-pode-ser-visitada\/?lang=pt-pt"},"wordCount":260,"commentCount":0,"publisher":{"@id":"https:\/\/portugalexpo2020dubai.pt\/#organization"},"image":{"@id":"https:\/\/portugalexpo2020dubai.pt\/index.php\/2021\/01\/22\/a-expo-2020-dubai-ja-pode-ser-visitada\/?lang=pt-pt#primaryimage"},"thumbnailUrl":"https:\/\/portugalexpo2020dubai.pt\/wp-content\/uploads\/2021\/09\/210115_Expo_Sustainability-Pavilion_Hall-of-Consumption-1-web-1024x640-1.jpg","articleSection":["Not\u00edcias"],"inLanguage":"en-US","potentialAction":[{"@type":"CommentAction","name":"Comment","target":["https:\/\/portugalexpo2020dubai.pt\/index.php\/2021\/01\/22\/a-expo-2020-dubai-ja-pode-ser-visitada\/?lang=pt-pt#respond"]}]},{"@type":"WebPage","@id":"https:\/\/portugalexpo2020dubai.pt\/index.php\/2021\/01\/22\/a-expo-2020-dubai-ja-pode-ser-visitada\/?lang=pt-pt","url":"https:\/\/portugalexpo2020dubai.pt\/index.php\/2021\/01\/22\/a-expo-2020-dubai-ja-pode-ser-visitada\/?lang=pt-pt","name":"A Expo 2020 Dubai j\u00e1 pode ser visitada! - Portugal Expo 2020 Dubai","isPartOf":{"@id":"https:\/\/portugalexpo2020dubai.pt\/#website"},"primaryImageOfPage":{"@id":"https:\/\/portugalexpo2020dubai.pt\/index.php\/2021\/01\/22\/a-expo-2020-dubai-ja-pode-ser-visitada\/?lang=pt-pt#primaryimage"},"image":{"@id":"https:\/\/portugalexpo2020dubai.pt\/index.php\/2021\/01\/22\/a-expo-2020-dubai-ja-pode-ser-visitada\/?lang=pt-pt#primaryimage"},"thumbnailUrl":"https:\/\/portugalexpo2020dubai.pt\/wp-content\/uploads\/2021\/09\/210115_Expo_Sustainability-Pavilion_Hall-of-Consumption-1-web-1024x640-1.jpg","datePublished":"2021-01-22T09:54:42+00:00","dateModified":"2021-10-15T10:44:00+00:00","description":"A partir de hoje a\u00a0Expo 2020 Dubai\u00a0abre as suas portas para a visita a alguns dos principais espa\u00e7os que comp\u00f5em o enorme palco deste evento mundial, em antecipa\u00e7\u00e3o do que ser\u00e1 a Expo 2020 Dubai quando no dia 1 de Outubro abrir as suas portas e der as boas-vindas ao mundo.","breadcrumb":{"@id":"https:\/\/portugalexpo2020dubai.pt\/index.php\/2021\/01\/22\/a-expo-2020-dubai-ja-pode-ser-visitada\/?lang=pt-pt#breadcrumb"},"inLanguage":"en-US","potentialAction":[{"@type":"ReadAction","target":["https:\/\/portugalexpo2020dubai.pt\/index.php\/2021\/01\/22\/a-expo-2020-dubai-ja-pode-ser-visitada\/?lang=pt-pt"]}]},{"@type":"ImageObject","inLanguage":"en-US","@id":"https:\/\/portugalexpo2020dubai.pt\/index.php\/2021\/01\/22\/a-expo-2020-dubai-ja-pode-ser-visitada\/?lang=pt-pt#primaryimage","url":"https:\/\/portugalexpo2020dubai.pt\/wp-content\/uploads\/2021\/09\/210115_Expo_Sustainability-Pavilion_Hall-of-Consumption-1-web-1024x640-1.jpg","contentUrl":"https:\/\/portugalexpo2020dubai.pt\/wp-content\/uploads\/2021\/09\/210115_Expo_Sustainability-Pavilion_Hall-of-Consumption-1-web-1024x640-1.jpg","width":1024,"height":640},{"@type":"BreadcrumbList","@id":"https:\/\/portugalexpo2020dubai.pt\/index.php\/2021\/01\/22\/a-expo-2020-dubai-ja-pode-ser-visitada\/?lang=pt-pt#breadcrumb","itemListElement":[{"@type":"ListItem","position":1,"name":"Home","item":"https:\/\/portugalexpo2020dubai.pt\/"},{"@type":"ListItem","position":2,"name":"A Expo 2020 Dubai j\u00e1 pode ser visitada!"}]},{"@type":"WebSite","@id":"https:\/\/portugalexpo2020dubai.pt\/#website","url":"https:\/\/portugalexpo2020dubai.pt\/","name":"Portugal Expo 2020 Dubai","description":"Portugal Expo 2020 Dubai","publisher":{"@id":"https:\/\/portugalexpo2020dubai.pt\/#organization"},"potentialAction":[{"@type":"SearchAction","target":{"@type":"EntryPoint","urlTemplate":"https:\/\/portugalexpo2020dubai.pt\/?s={search_term_string}"},"query-input":{"@type":"PropertyValueSpecification","valueRequired":true,"valueName":"search_term_string"}}],"inLanguage":"en-US"},{"@type":"Organization","@id":"https:\/\/portugalexpo2020dubai.pt\/#organization","name":"Portugal Expo 2020 Dubai","url":"https:\/\/portugalexpo2020dubai.pt\/","logo":{"@type":"ImageObject","inLanguage":"en-US","@id":"https:\/\/portugalexpo2020dubai.pt\/#\/schema\/logo\/image\/","url":"https:\/\/portugalexpo2020dubai.pt\/wp-content\/uploads\/2021\/09\/logo_aicep.png","contentUrl":"https:\/\/portugalexpo2020dubai.pt\/wp-content\/uploads\/2021\/09\/logo_aicep.png","width":830,"height":200,"caption":"Portugal Expo 2020 Dubai"},"image":{"@id":"https:\/\/portugalexpo2020dubai.pt\/#\/schema\/logo\/image\/"},"sameAs":["https:\/\/www.facebook.com\/portugalexpo2020","https:\/\/x.com\/PTexpo2020","https:\/\/www.instagram.com\/portugalexpo2020\/"]},{"@type":"Person","@id":"https:\/\/portugalexpo2020dubai.pt\/#\/schema\/person\/536106064ecb936bf4356ac0968fbf97","name":"agency@hypnotic.pt","image":{"@type":"ImageObject","inLanguage":"en-US","@id":"https:\/\/secure.gravatar.com\/avatar\/bba145c7c210ec98230c1b1d0e6290b53936f54c49a69c2caa0b60f54f023ae5?s=96&d=mm&r=g","url":"https:\/\/secure.gravatar.com\/avatar\/bba145c7c210ec98230c1b1d0e6290b53936f54c49a69c2caa0b60f54f023ae5?s=96&d=mm&r=g","contentUrl":"https:\/\/secure.gravatar.com\/avatar\/bba145c7c210ec98230c1b1d0e6290b53936f54c49a69c2caa0b60f54f023ae5?s=96&d=mm&r=g","caption":"agency@hypnotic.pt"},"sameAs":["http:\/\/portugalexpo2020dubai.pt"],"url":"https:\/\/portugalexpo2020dubai.pt\/index.php\/author\/agencyhypnotic-pt\/"}]}},"cc_featured_image_caption":{"caption_text":"","source_text":"","source_url":""},"_links":{"self":[{"href":"https:\/\/portugalexpo2020dubai.pt\/index.php\/wp-json\/wp\/v2\/posts\/4157","targetHints":{"allow":["GET"]}}],"collection":[{"href":"https:\/\/portugalexpo2020dubai.pt\/index.php\/wp-json\/wp\/v2\/posts"}],"about":[{"href":"https:\/\/portugalexpo2020dubai.pt\/index.php\/wp-json\/wp\/v2\/types\/post"}],"author":[{"embeddable":true,"href":"https:\/\/portugalexpo2020dubai.pt\/index.php\/wp-json\/wp\/v2\/users\/1"}],"replies":[{"embeddable":true,"href":"https:\/\/portugalexpo2020dubai.pt\/index.php\/wp-json\/wp\/v2\/comments?post=4157"}],"version-history":[{"count":1,"href":"https:\/\/portugalexpo2020dubai.pt\/index.php\/wp-json\/wp\/v2\/posts\/4157\/revisions"}],"predecessor-version":[{"id":4862,"href":"https:\/\/portugalexpo2020dubai.pt\/index.php\/wp-json\/wp\/v2\/posts\/4157\/revisions\/4862"}],"wp:featuredmedia":[{"embeddable":true,"href":"https:\/\/portugalexpo2020dubai.pt\/index.php\/wp-json\/wp\/v2\/media\/3796"}],"wp:attachment":[{"href":"https:\/\/portugalexpo2020dubai.pt\/index.php\/wp-json\/wp\/v2\/media?parent=4157"}],"wp:term":[{"taxonomy":"category","embeddable":true,"href":"https:\/\/portugalexpo2020dubai.pt\/index.php\/wp-json\/wp\/v2\/categories?post=4157"},{"taxonomy":"post_tag","embeddable":true,"href":"https:\/\/portugalexpo2020dubai.pt\/index.php\/wp-json\/wp\/v2\/tags?post=4157"}],"curies":[{"name":"wp","href":"https:\/\/api.w.org\/{rel}","templated":true}]}}