{"id":4153,"date":"2021-01-14T09:52:58","date_gmt":"2021-01-14T09:52:58","guid":{"rendered":"https:\/\/portugalexpo2020dubai.pt\/index.php\/2021\/09\/26\/pavilhao-de-portugal-a-ganhar-vida\/"},"modified":"2021-10-15T10:33:54","modified_gmt":"2021-10-15T10:33:54","slug":"pavilhao-de-portugal-a-ganhar-vida","status":"publish","type":"post","link":"https:\/\/portugalexpo2020dubai.pt\/index.php\/2021\/01\/14\/pavilhao-de-portugal-a-ganhar-vida\/?lang=pt-pt","title":{"rendered":"Pavilh\u00e3o de Portugal \u2013 A ganhar vida!"},"content":{"rendered":"<p>[vc_row][vc_column][vc_empty_space height=&#8221;40px&#8221;][vc_column_text]No dia em que se assinala um ano para a comemora\u00e7\u00e3o do Dia de Portugal na Expo 2020 Dubai, a 14 de janeiro de 2022, o pavilh\u00e3o portugu\u00eas entra na fase final de acabamentos exteriores, sendo j\u00e1 poss\u00edvel antever a forma final do projeto\u00a0<a href=\"http:\/\/portugalexpo2020.pt\/pos-evento-apres-jan20\/\" target=\"_blank\" rel=\"noreferrer noopener\">apresentado publicamente h\u00e1 precisamente um ano<\/a>.<\/p>\n<p>O pavilh\u00e3o apresenta uma localiza\u00e7\u00e3o privilegiada, no distrito da sustentabilidade, pr\u00f3ximo do maior palco dedicado a eventos no exterior, o \u201cJubilee Park Stage\u201d, preparado para acolher 15.000 espectadores.<\/p>\n<p>O programa de arquitetura e a experi\u00eancia expositiva desenvolvem-se em 3 pisos e respetivas \u00e1reas funcionais,\u00a0<strong>\u201cApresenta\u00e7\u00e3o\u201d<\/strong>,\u00a0<strong>\u201cAcolhimento\u201d<\/strong>,\u00a0<strong>\u201cExperi\u00eancia\u201d<\/strong>\u00a0e\u00a0<strong>\u201cRela\u00e7\u00e3o\u201d<\/strong>.<\/p>\n<p>O visitante no piso t\u00e9rreo inicia a sua experi\u00eancia nas zonas de\u00a0<strong>\u201cApresenta\u00e7\u00e3o\u201d<\/strong>\u00a0e \u201c<strong>Acolhimento\u201d<\/strong>, onde as \u00e1reas amplas e confort\u00e1veis, juntamente com a \u00e1rea protocolar e a loja, cont\u00edguas ao espa\u00e7o p\u00fablico, convidam para um primeiro contacto com \u201c<strong><em>Portugal \u2013 Um mundo num pa\u00eds\u201d<\/em><\/strong>\u00a0enquanto aguardam com curiosidade a pr\u00f3xima descoberta na \u00e1rea da \u201cExperi\u00eancia\u201d.<\/p>\n<p>\u00c9 no primeiro piso que se inicia a viagem pela \u00e1rea da\u00a0<strong>\u201cExperi\u00eancia\u201d<\/strong>, na qual se desenvolve uma experi\u00eancia contemplativa multi-sensorial centrada na dimens\u00e3o humana, caracter\u00edsticas e valores dos portugueses, destacando a diversidade, inclus\u00e3o e oportunidade. Ap\u00f3s um momento de transi\u00e7\u00e3o o visitante tem acesso a tr\u00eas experi\u00eancias com uma abordagem interativa aos temas Diversidade, onde a Hist\u00f3ria e Cultura e a Hospitalidade e Turismo t\u00eam realce, Oportunidade, onde o Aeroespacial e o Empreendedorismo se destacam, e Sustentabilidade, onde a Economia Azul, Energias Renov\u00e1veis e a Ci\u00eancia t\u00eam palco.<\/p>\n<p>No segundo piso na \u00e1rea da\u00a0<strong>\u201cRela\u00e7\u00e3o\u201d<\/strong>\u00a0promove-se a partilha do \u201clifestyle\u201d portugu\u00eas, numa complementaridade de espa\u00e7os, Rece\u00e7\u00e3o, Sala Multiusos dedicada a \u201cbusiness\u201d f\u00f3runs, exposi\u00e7\u00f5es tempor\u00e1rias e performances culturais, um Restaurante representativo da autenticidade e inova\u00e7\u00e3o que distingue a gastronomia portuguesa, sendo estabelecida a liga\u00e7\u00e3o ao Terra\u00e7o exterior, com uma vista panor\u00e2mica para o recinto da Expo 2020 Dubai e para o \u201cJubilee Park\u201d.[\/vc_column_text][\/vc_column][\/vc_row][vc_row][vc_column][vc_gallery type=&#8221;image_grid&#8221; images=&#8221;3793,3794&#8243; img_size=&#8221;medium&#8221; onclick=&#8221;img_link_large&#8221;][vc_column_text]Arquitetura: Saraiva &amp; Associados | Constru\u00e7\u00e3o: GRUPO CASAIS<\/p>\n<p>&nbsp;<\/p>\n<p>Nos pr\u00f3ximos meses ir\u00e1 decorrer a montagem dos conte\u00fados expositivos e a prepara\u00e7\u00e3o das opera\u00e7\u00f5es, com o objetivo de receber calorosamente os milhares de visitantes, como habitualmente os portugueses sabem fazer.<\/p>\n<p><strong><em>Portugal \u2013 Um mundo num pa\u00eds<\/em><\/strong>.[\/vc_column_text][\/vc_column][\/vc_row]<\/p>\n","protected":false},"excerpt":{"rendered":"<p>No dia em que se assinala um ano para a comemora\u00e7\u00e3o do Dia de Portugal na Expo 2020 Dubai, a 14 de janeiro de 2022, o pavilh\u00e3o portugu\u00eas entra na fase final de acabamentos exteriores, sendo j\u00e1 poss\u00edvel antever a forma final do projeto\u00a0apresentado publicamente h\u00e1 precisamente um ano.<\/p>\n","protected":false},"author":1,"featured_media":3794,"comment_status":"open","ping_status":"open","sticky":false,"template":"","format":"standard","meta":{"_monsterinsights_skip_tracking":false,"_monsterinsights_sitenote_active":false,"_monsterinsights_sitenote_note":"","_monsterinsights_sitenote_category":0,"footnotes":""},"categories":[71],"tags":[],"class_list":["post-4153","post","type-post","status-publish","format-standard","has-post-thumbnail","hentry","category-news-pt-pt"],"yoast_head":"<!-- This site is optimized with the Yoast SEO plugin v27.5 - https:\/\/yoast.com\/product\/yoast-seo-wordpress\/ -->\n<title>Pavilh\u00e3o de Portugal \u2013 A ganhar vida! - Portugal Expo 2020 Dubai<\/title>\n<meta name=\"description\" content=\"No dia em que se assinala um ano para a comemora\u00e7\u00e3o do Dia de Portugal na Expo 2020 Dubai, a 14 de janeiro de 2022, o pavilh\u00e3o portugu\u00eas entra na fase final de acabamentos exteriores, sendo j\u00e1 poss\u00edvel antever a forma final do projeto\u00a0apresentado publicamente h\u00e1 precisamente um ano.\" \/>\n<meta name=\"robots\" content=\"index, follow, max-snippet:-1, max-image-preview:large, max-video-preview:-1\" \/>\n<link rel=\"canonical\" href=\"https:\/\/portugalexpo2020dubai.pt\/index.php\/2021\/01\/14\/pavilhao-de-portugal-a-ganhar-vida\/\" \/>\n<meta property=\"og:locale\" content=\"en_US\" \/>\n<meta property=\"og:type\" content=\"article\" \/>\n<meta property=\"og:title\" content=\"Pavilh\u00e3o de Portugal \u2013 A ganhar vida! - Portugal Expo 2020 Dubai\" \/>\n<meta property=\"og:description\" content=\"No dia em que se assinala um ano para a comemora\u00e7\u00e3o do Dia de Portugal na Expo 2020 Dubai, a 14 de janeiro de 2022, o pavilh\u00e3o portugu\u00eas entra na fase final de acabamentos exteriores, sendo j\u00e1 poss\u00edvel antever a forma final do projeto\u00a0apresentado publicamente h\u00e1 precisamente um ano.\" \/>\n<meta property=\"og:url\" content=\"https:\/\/portugalexpo2020dubai.pt\/index.php\/2021\/01\/14\/pavilhao-de-portugal-a-ganhar-vida\/?lang=pt-pt\" \/>\n<meta property=\"og:site_name\" content=\"Portugal Expo 2020 Dubai\" \/>\n<meta property=\"article:publisher\" content=\"https:\/\/www.facebook.com\/portugalexpo2020\" \/>\n<meta property=\"article:published_time\" content=\"2021-01-14T09:52:58+00:00\" \/>\n<meta property=\"article:modified_time\" content=\"2021-10-15T10:33:54+00:00\" \/>\n<meta property=\"og:image\" content=\"https:\/\/portugalexpo2020dubai.pt\/wp-content\/uploads\/2021\/09\/fachada-exterior-02-1024x596-1.jpg\" \/>\n\t<meta property=\"og:image:width\" content=\"1024\" \/>\n\t<meta property=\"og:image:height\" content=\"596\" \/>\n\t<meta property=\"og:image:type\" content=\"image\/jpeg\" \/>\n<meta name=\"author\" content=\"agency@hypnotic.pt\" \/>\n<meta name=\"twitter:card\" content=\"summary_large_image\" \/>\n<meta name=\"twitter:creator\" content=\"@PTexpo2020\" \/>\n<meta name=\"twitter:site\" content=\"@PTexpo2020\" \/>\n<meta name=\"twitter:label1\" content=\"Written by\" \/>\n\t<meta name=\"twitter:data1\" content=\"agency@hypnotic.pt\" \/>\n\t<meta name=\"twitter:label2\" content=\"Est. reading time\" \/>\n\t<meta name=\"twitter:data2\" content=\"2 minutes\" \/>\n<script type=\"application\/ld+json\" class=\"yoast-schema-graph\">{\"@context\":\"https:\\\/\\\/schema.org\",\"@graph\":[{\"@type\":\"Article\",\"@id\":\"https:\\\/\\\/portugalexpo2020dubai.pt\\\/index.php\\\/2021\\\/01\\\/14\\\/pavilhao-de-portugal-a-ganhar-vida\\\/?lang=pt-pt#article\",\"isPartOf\":{\"@id\":\"https:\\\/\\\/portugalexpo2020dubai.pt\\\/index.php\\\/2021\\\/01\\\/14\\\/pavilhao-de-portugal-a-ganhar-vida\\\/?lang=pt-pt\"},\"author\":{\"name\":\"agency@hypnotic.pt\",\"@id\":\"https:\\\/\\\/portugalexpo2020dubai.pt\\\/#\\\/schema\\\/person\\\/536106064ecb936bf4356ac0968fbf97\"},\"headline\":\"Pavilh\u00e3o de Portugal \u2013 A ganhar vida!\",\"datePublished\":\"2021-01-14T09:52:58+00:00\",\"dateModified\":\"2021-10-15T10:33:54+00:00\",\"mainEntityOfPage\":{\"@id\":\"https:\\\/\\\/portugalexpo2020dubai.pt\\\/index.php\\\/2021\\\/01\\\/14\\\/pavilhao-de-portugal-a-ganhar-vida\\\/?lang=pt-pt\"},\"wordCount\":449,\"commentCount\":0,\"publisher\":{\"@id\":\"https:\\\/\\\/portugalexpo2020dubai.pt\\\/#organization\"},\"image\":{\"@id\":\"https:\\\/\\\/portugalexpo2020dubai.pt\\\/index.php\\\/2021\\\/01\\\/14\\\/pavilhao-de-portugal-a-ganhar-vida\\\/?lang=pt-pt#primaryimage\"},\"thumbnailUrl\":\"https:\\\/\\\/portugalexpo2020dubai.pt\\\/wp-content\\\/uploads\\\/2021\\\/09\\\/fachada-exterior-02-1024x596-1.jpg\",\"articleSection\":[\"Not\u00edcias\"],\"inLanguage\":\"en-US\",\"potentialAction\":[{\"@type\":\"CommentAction\",\"name\":\"Comment\",\"target\":[\"https:\\\/\\\/portugalexpo2020dubai.pt\\\/index.php\\\/2021\\\/01\\\/14\\\/pavilhao-de-portugal-a-ganhar-vida\\\/?lang=pt-pt#respond\"]}]},{\"@type\":\"WebPage\",\"@id\":\"https:\\\/\\\/portugalexpo2020dubai.pt\\\/index.php\\\/2021\\\/01\\\/14\\\/pavilhao-de-portugal-a-ganhar-vida\\\/?lang=pt-pt\",\"url\":\"https:\\\/\\\/portugalexpo2020dubai.pt\\\/index.php\\\/2021\\\/01\\\/14\\\/pavilhao-de-portugal-a-ganhar-vida\\\/?lang=pt-pt\",\"name\":\"Pavilh\u00e3o de Portugal \u2013 A ganhar vida! - Portugal Expo 2020 Dubai\",\"isPartOf\":{\"@id\":\"https:\\\/\\\/portugalexpo2020dubai.pt\\\/#website\"},\"primaryImageOfPage\":{\"@id\":\"https:\\\/\\\/portugalexpo2020dubai.pt\\\/index.php\\\/2021\\\/01\\\/14\\\/pavilhao-de-portugal-a-ganhar-vida\\\/?lang=pt-pt#primaryimage\"},\"image\":{\"@id\":\"https:\\\/\\\/portugalexpo2020dubai.pt\\\/index.php\\\/2021\\\/01\\\/14\\\/pavilhao-de-portugal-a-ganhar-vida\\\/?lang=pt-pt#primaryimage\"},\"thumbnailUrl\":\"https:\\\/\\\/portugalexpo2020dubai.pt\\\/wp-content\\\/uploads\\\/2021\\\/09\\\/fachada-exterior-02-1024x596-1.jpg\",\"datePublished\":\"2021-01-14T09:52:58+00:00\",\"dateModified\":\"2021-10-15T10:33:54+00:00\",\"description\":\"No dia em que se assinala um ano para a comemora\u00e7\u00e3o do Dia de Portugal na Expo 2020 Dubai, a 14 de janeiro de 2022, o pavilh\u00e3o portugu\u00eas entra na fase final de acabamentos exteriores, sendo j\u00e1 poss\u00edvel antever a forma final do projeto\u00a0apresentado publicamente h\u00e1 precisamente um ano.\",\"breadcrumb\":{\"@id\":\"https:\\\/\\\/portugalexpo2020dubai.pt\\\/index.php\\\/2021\\\/01\\\/14\\\/pavilhao-de-portugal-a-ganhar-vida\\\/?lang=pt-pt#breadcrumb\"},\"inLanguage\":\"en-US\",\"potentialAction\":[{\"@type\":\"ReadAction\",\"target\":[\"https:\\\/\\\/portugalexpo2020dubai.pt\\\/index.php\\\/2021\\\/01\\\/14\\\/pavilhao-de-portugal-a-ganhar-vida\\\/?lang=pt-pt\"]}]},{\"@type\":\"ImageObject\",\"inLanguage\":\"en-US\",\"@id\":\"https:\\\/\\\/portugalexpo2020dubai.pt\\\/index.php\\\/2021\\\/01\\\/14\\\/pavilhao-de-portugal-a-ganhar-vida\\\/?lang=pt-pt#primaryimage\",\"url\":\"https:\\\/\\\/portugalexpo2020dubai.pt\\\/wp-content\\\/uploads\\\/2021\\\/09\\\/fachada-exterior-02-1024x596-1.jpg\",\"contentUrl\":\"https:\\\/\\\/portugalexpo2020dubai.pt\\\/wp-content\\\/uploads\\\/2021\\\/09\\\/fachada-exterior-02-1024x596-1.jpg\",\"width\":1024,\"height\":596},{\"@type\":\"BreadcrumbList\",\"@id\":\"https:\\\/\\\/portugalexpo2020dubai.pt\\\/index.php\\\/2021\\\/01\\\/14\\\/pavilhao-de-portugal-a-ganhar-vida\\\/?lang=pt-pt#breadcrumb\",\"itemListElement\":[{\"@type\":\"ListItem\",\"position\":1,\"name\":\"Home\",\"item\":\"https:\\\/\\\/portugalexpo2020dubai.pt\\\/\"},{\"@type\":\"ListItem\",\"position\":2,\"name\":\"Pavilh\u00e3o de Portugal \u2013 A ganhar vida!\"}]},{\"@type\":\"WebSite\",\"@id\":\"https:\\\/\\\/portugalexpo2020dubai.pt\\\/#website\",\"url\":\"https:\\\/\\\/portugalexpo2020dubai.pt\\\/\",\"name\":\"Portugal Expo 2020 Dubai\",\"description\":\"Portugal Expo 2020 Dubai\",\"publisher\":{\"@id\":\"https:\\\/\\\/portugalexpo2020dubai.pt\\\/#organization\"},\"potentialAction\":[{\"@type\":\"SearchAction\",\"target\":{\"@type\":\"EntryPoint\",\"urlTemplate\":\"https:\\\/\\\/portugalexpo2020dubai.pt\\\/?s={search_term_string}\"},\"query-input\":{\"@type\":\"PropertyValueSpecification\",\"valueRequired\":true,\"valueName\":\"search_term_string\"}}],\"inLanguage\":\"en-US\"},{\"@type\":\"Organization\",\"@id\":\"https:\\\/\\\/portugalexpo2020dubai.pt\\\/#organization\",\"name\":\"Portugal Expo 2020 Dubai\",\"url\":\"https:\\\/\\\/portugalexpo2020dubai.pt\\\/\",\"logo\":{\"@type\":\"ImageObject\",\"inLanguage\":\"en-US\",\"@id\":\"https:\\\/\\\/portugalexpo2020dubai.pt\\\/#\\\/schema\\\/logo\\\/image\\\/\",\"url\":\"https:\\\/\\\/portugalexpo2020dubai.pt\\\/wp-content\\\/uploads\\\/2021\\\/09\\\/logo_aicep.png\",\"contentUrl\":\"https:\\\/\\\/portugalexpo2020dubai.pt\\\/wp-content\\\/uploads\\\/2021\\\/09\\\/logo_aicep.png\",\"width\":830,\"height\":200,\"caption\":\"Portugal Expo 2020 Dubai\"},\"image\":{\"@id\":\"https:\\\/\\\/portugalexpo2020dubai.pt\\\/#\\\/schema\\\/logo\\\/image\\\/\"},\"sameAs\":[\"https:\\\/\\\/www.facebook.com\\\/portugalexpo2020\",\"https:\\\/\\\/x.com\\\/PTexpo2020\",\"https:\\\/\\\/www.instagram.com\\\/portugalexpo2020\\\/\"]},{\"@type\":\"Person\",\"@id\":\"https:\\\/\\\/portugalexpo2020dubai.pt\\\/#\\\/schema\\\/person\\\/536106064ecb936bf4356ac0968fbf97\",\"name\":\"agency@hypnotic.pt\",\"image\":{\"@type\":\"ImageObject\",\"inLanguage\":\"en-US\",\"@id\":\"https:\\\/\\\/secure.gravatar.com\\\/avatar\\\/bba145c7c210ec98230c1b1d0e6290b53936f54c49a69c2caa0b60f54f023ae5?s=96&d=mm&r=g\",\"url\":\"https:\\\/\\\/secure.gravatar.com\\\/avatar\\\/bba145c7c210ec98230c1b1d0e6290b53936f54c49a69c2caa0b60f54f023ae5?s=96&d=mm&r=g\",\"contentUrl\":\"https:\\\/\\\/secure.gravatar.com\\\/avatar\\\/bba145c7c210ec98230c1b1d0e6290b53936f54c49a69c2caa0b60f54f023ae5?s=96&d=mm&r=g\",\"caption\":\"agency@hypnotic.pt\"},\"sameAs\":[\"http:\\\/\\\/portugalexpo2020dubai.pt\"],\"url\":\"https:\\\/\\\/portugalexpo2020dubai.pt\\\/index.php\\\/author\\\/agencyhypnotic-pt\\\/\"}]}<\/script>\n<!-- \/ Yoast SEO plugin. -->","yoast_head_json":{"title":"Pavilh\u00e3o de Portugal \u2013 A ganhar vida! - Portugal Expo 2020 Dubai","description":"No dia em que se assinala um ano para a comemora\u00e7\u00e3o do Dia de Portugal na Expo 2020 Dubai, a 14 de janeiro de 2022, o pavilh\u00e3o portugu\u00eas entra na fase final de acabamentos exteriores, sendo j\u00e1 poss\u00edvel antever a forma final do projeto\u00a0apresentado publicamente h\u00e1 precisamente um ano.","robots":{"index":"index","follow":"follow","max-snippet":"max-snippet:-1","max-image-preview":"max-image-preview:large","max-video-preview":"max-video-preview:-1"},"canonical":"https:\/\/portugalexpo2020dubai.pt\/index.php\/2021\/01\/14\/pavilhao-de-portugal-a-ganhar-vida\/","og_locale":"en_US","og_type":"article","og_title":"Pavilh\u00e3o de Portugal \u2013 A ganhar vida! - Portugal Expo 2020 Dubai","og_description":"No dia em que se assinala um ano para a comemora\u00e7\u00e3o do Dia de Portugal na Expo 2020 Dubai, a 14 de janeiro de 2022, o pavilh\u00e3o portugu\u00eas entra na fase final de acabamentos exteriores, sendo j\u00e1 poss\u00edvel antever a forma final do projeto\u00a0apresentado publicamente h\u00e1 precisamente um ano.","og_url":"https:\/\/portugalexpo2020dubai.pt\/index.php\/2021\/01\/14\/pavilhao-de-portugal-a-ganhar-vida\/?lang=pt-pt","og_site_name":"Portugal Expo 2020 Dubai","article_publisher":"https:\/\/www.facebook.com\/portugalexpo2020","article_published_time":"2021-01-14T09:52:58+00:00","article_modified_time":"2021-10-15T10:33:54+00:00","og_image":[{"width":1024,"height":596,"url":"https:\/\/portugalexpo2020dubai.pt\/wp-content\/uploads\/2021\/09\/fachada-exterior-02-1024x596-1.jpg","type":"image\/jpeg"}],"author":"agency@hypnotic.pt","twitter_card":"summary_large_image","twitter_creator":"@PTexpo2020","twitter_site":"@PTexpo2020","twitter_misc":{"Written by":"agency@hypnotic.pt","Est. reading time":"2 minutes"},"schema":{"@context":"https:\/\/schema.org","@graph":[{"@type":"Article","@id":"https:\/\/portugalexpo2020dubai.pt\/index.php\/2021\/01\/14\/pavilhao-de-portugal-a-ganhar-vida\/?lang=pt-pt#article","isPartOf":{"@id":"https:\/\/portugalexpo2020dubai.pt\/index.php\/2021\/01\/14\/pavilhao-de-portugal-a-ganhar-vida\/?lang=pt-pt"},"author":{"name":"agency@hypnotic.pt","@id":"https:\/\/portugalexpo2020dubai.pt\/#\/schema\/person\/536106064ecb936bf4356ac0968fbf97"},"headline":"Pavilh\u00e3o de Portugal \u2013 A ganhar vida!","datePublished":"2021-01-14T09:52:58+00:00","dateModified":"2021-10-15T10:33:54+00:00","mainEntityOfPage":{"@id":"https:\/\/portugalexpo2020dubai.pt\/index.php\/2021\/01\/14\/pavilhao-de-portugal-a-ganhar-vida\/?lang=pt-pt"},"wordCount":449,"commentCount":0,"publisher":{"@id":"https:\/\/portugalexpo2020dubai.pt\/#organization"},"image":{"@id":"https:\/\/portugalexpo2020dubai.pt\/index.php\/2021\/01\/14\/pavilhao-de-portugal-a-ganhar-vida\/?lang=pt-pt#primaryimage"},"thumbnailUrl":"https:\/\/portugalexpo2020dubai.pt\/wp-content\/uploads\/2021\/09\/fachada-exterior-02-1024x596-1.jpg","articleSection":["Not\u00edcias"],"inLanguage":"en-US","potentialAction":[{"@type":"CommentAction","name":"Comment","target":["https:\/\/portugalexpo2020dubai.pt\/index.php\/2021\/01\/14\/pavilhao-de-portugal-a-ganhar-vida\/?lang=pt-pt#respond"]}]},{"@type":"WebPage","@id":"https:\/\/portugalexpo2020dubai.pt\/index.php\/2021\/01\/14\/pavilhao-de-portugal-a-ganhar-vida\/?lang=pt-pt","url":"https:\/\/portugalexpo2020dubai.pt\/index.php\/2021\/01\/14\/pavilhao-de-portugal-a-ganhar-vida\/?lang=pt-pt","name":"Pavilh\u00e3o de Portugal \u2013 A ganhar vida! - Portugal Expo 2020 Dubai","isPartOf":{"@id":"https:\/\/portugalexpo2020dubai.pt\/#website"},"primaryImageOfPage":{"@id":"https:\/\/portugalexpo2020dubai.pt\/index.php\/2021\/01\/14\/pavilhao-de-portugal-a-ganhar-vida\/?lang=pt-pt#primaryimage"},"image":{"@id":"https:\/\/portugalexpo2020dubai.pt\/index.php\/2021\/01\/14\/pavilhao-de-portugal-a-ganhar-vida\/?lang=pt-pt#primaryimage"},"thumbnailUrl":"https:\/\/portugalexpo2020dubai.pt\/wp-content\/uploads\/2021\/09\/fachada-exterior-02-1024x596-1.jpg","datePublished":"2021-01-14T09:52:58+00:00","dateModified":"2021-10-15T10:33:54+00:00","description":"No dia em que se assinala um ano para a comemora\u00e7\u00e3o do Dia de Portugal na Expo 2020 Dubai, a 14 de janeiro de 2022, o pavilh\u00e3o portugu\u00eas entra na fase final de acabamentos exteriores, sendo j\u00e1 poss\u00edvel antever a forma final do projeto\u00a0apresentado publicamente h\u00e1 precisamente um ano.","breadcrumb":{"@id":"https:\/\/portugalexpo2020dubai.pt\/index.php\/2021\/01\/14\/pavilhao-de-portugal-a-ganhar-vida\/?lang=pt-pt#breadcrumb"},"inLanguage":"en-US","potentialAction":[{"@type":"ReadAction","target":["https:\/\/portugalexpo2020dubai.pt\/index.php\/2021\/01\/14\/pavilhao-de-portugal-a-ganhar-vida\/?lang=pt-pt"]}]},{"@type":"ImageObject","inLanguage":"en-US","@id":"https:\/\/portugalexpo2020dubai.pt\/index.php\/2021\/01\/14\/pavilhao-de-portugal-a-ganhar-vida\/?lang=pt-pt#primaryimage","url":"https:\/\/portugalexpo2020dubai.pt\/wp-content\/uploads\/2021\/09\/fachada-exterior-02-1024x596-1.jpg","contentUrl":"https:\/\/portugalexpo2020dubai.pt\/wp-content\/uploads\/2021\/09\/fachada-exterior-02-1024x596-1.jpg","width":1024,"height":596},{"@type":"BreadcrumbList","@id":"https:\/\/portugalexpo2020dubai.pt\/index.php\/2021\/01\/14\/pavilhao-de-portugal-a-ganhar-vida\/?lang=pt-pt#breadcrumb","itemListElement":[{"@type":"ListItem","position":1,"name":"Home","item":"https:\/\/portugalexpo2020dubai.pt\/"},{"@type":"ListItem","position":2,"name":"Pavilh\u00e3o de Portugal \u2013 A ganhar vida!"}]},{"@type":"WebSite","@id":"https:\/\/portugalexpo2020dubai.pt\/#website","url":"https:\/\/portugalexpo2020dubai.pt\/","name":"Portugal Expo 2020 Dubai","description":"Portugal Expo 2020 Dubai","publisher":{"@id":"https:\/\/portugalexpo2020dubai.pt\/#organization"},"potentialAction":[{"@type":"SearchAction","target":{"@type":"EntryPoint","urlTemplate":"https:\/\/portugalexpo2020dubai.pt\/?s={search_term_string}"},"query-input":{"@type":"PropertyValueSpecification","valueRequired":true,"valueName":"search_term_string"}}],"inLanguage":"en-US"},{"@type":"Organization","@id":"https:\/\/portugalexpo2020dubai.pt\/#organization","name":"Portugal Expo 2020 Dubai","url":"https:\/\/portugalexpo2020dubai.pt\/","logo":{"@type":"ImageObject","inLanguage":"en-US","@id":"https:\/\/portugalexpo2020dubai.pt\/#\/schema\/logo\/image\/","url":"https:\/\/portugalexpo2020dubai.pt\/wp-content\/uploads\/2021\/09\/logo_aicep.png","contentUrl":"https:\/\/portugalexpo2020dubai.pt\/wp-content\/uploads\/2021\/09\/logo_aicep.png","width":830,"height":200,"caption":"Portugal Expo 2020 Dubai"},"image":{"@id":"https:\/\/portugalexpo2020dubai.pt\/#\/schema\/logo\/image\/"},"sameAs":["https:\/\/www.facebook.com\/portugalexpo2020","https:\/\/x.com\/PTexpo2020","https:\/\/www.instagram.com\/portugalexpo2020\/"]},{"@type":"Person","@id":"https:\/\/portugalexpo2020dubai.pt\/#\/schema\/person\/536106064ecb936bf4356ac0968fbf97","name":"agency@hypnotic.pt","image":{"@type":"ImageObject","inLanguage":"en-US","@id":"https:\/\/secure.gravatar.com\/avatar\/bba145c7c210ec98230c1b1d0e6290b53936f54c49a69c2caa0b60f54f023ae5?s=96&d=mm&r=g","url":"https:\/\/secure.gravatar.com\/avatar\/bba145c7c210ec98230c1b1d0e6290b53936f54c49a69c2caa0b60f54f023ae5?s=96&d=mm&r=g","contentUrl":"https:\/\/secure.gravatar.com\/avatar\/bba145c7c210ec98230c1b1d0e6290b53936f54c49a69c2caa0b60f54f023ae5?s=96&d=mm&r=g","caption":"agency@hypnotic.pt"},"sameAs":["http:\/\/portugalexpo2020dubai.pt"],"url":"https:\/\/portugalexpo2020dubai.pt\/index.php\/author\/agencyhypnotic-pt\/"}]}},"cc_featured_image_caption":{"caption_text":"","source_text":"","source_url":""},"_links":{"self":[{"href":"https:\/\/portugalexpo2020dubai.pt\/index.php\/wp-json\/wp\/v2\/posts\/4153","targetHints":{"allow":["GET"]}}],"collection":[{"href":"https:\/\/portugalexpo2020dubai.pt\/index.php\/wp-json\/wp\/v2\/posts"}],"about":[{"href":"https:\/\/portugalexpo2020dubai.pt\/index.php\/wp-json\/wp\/v2\/types\/post"}],"author":[{"embeddable":true,"href":"https:\/\/portugalexpo2020dubai.pt\/index.php\/wp-json\/wp\/v2\/users\/1"}],"replies":[{"embeddable":true,"href":"https:\/\/portugalexpo2020dubai.pt\/index.php\/wp-json\/wp\/v2\/comments?post=4153"}],"version-history":[{"count":2,"href":"https:\/\/portugalexpo2020dubai.pt\/index.php\/wp-json\/wp\/v2\/posts\/4153\/revisions"}],"predecessor-version":[{"id":4852,"href":"https:\/\/portugalexpo2020dubai.pt\/index.php\/wp-json\/wp\/v2\/posts\/4153\/revisions\/4852"}],"wp:featuredmedia":[{"embeddable":true,"href":"https:\/\/portugalexpo2020dubai.pt\/index.php\/wp-json\/wp\/v2\/media\/3794"}],"wp:attachment":[{"href":"https:\/\/portugalexpo2020dubai.pt\/index.php\/wp-json\/wp\/v2\/media?parent=4153"}],"wp:term":[{"taxonomy":"category","embeddable":true,"href":"https:\/\/portugalexpo2020dubai.pt\/index.php\/wp-json\/wp\/v2\/categories?post=4153"},{"taxonomy":"post_tag","embeddable":true,"href":"https:\/\/portugalexpo2020dubai.pt\/index.php\/wp-json\/wp\/v2\/tags?post=4153"}],"curies":[{"name":"wp","href":"https:\/\/api.w.org\/{rel}","templated":true}]}}