{"id":4135,"date":"2020-11-23T09:30:25","date_gmt":"2020-11-23T09:30:25","guid":{"rendered":"https:\/\/portugalexpo2020dubai.pt\/index.php\/2021\/09\/26\/call-de-solucoes-para-enfrentar-a-covid-19\/"},"modified":"2021-10-15T10:41:24","modified_gmt":"2021-10-15T10:41:24","slug":"call-de-solucoes-para-enfrentar-a-covid-19","status":"publish","type":"post","link":"https:\/\/portugalexpo2020dubai.pt\/index.php\/2020\/11\/23\/call-de-solucoes-para-enfrentar-a-covid-19\/?lang=pt-pt","title":{"rendered":"\u201cCall\u201d de solu\u00e7\u00f5es para enfrentar a COVID-19"},"content":{"rendered":"<p>[vc_row][vc_column][vc_empty_space height=&#8221;40px&#8221;][vc_column_text]A Expo 2020 Dubai lan\u00e7ou uma edi\u00e7\u00e3o especial do programa\u00a0<strong>Global Best Practices<\/strong>: uma Call para projetos e iniciativas que ofere\u00e7am solu\u00e7\u00f5es robustas e sustent\u00e1veis para enfrentar a pandemia global da COVID-19.<\/p>\n<p>A \u201cCall\u201d \u00e9 dirigida a pessoas, empreendedores sociais e inventores, comunidades, ONGs, startups, profissionais de sa\u00fade, empresas, governos, organiza\u00e7\u00f5es e associa\u00e7\u00f5es p\u00fablicas, universidades e outras institui\u00e7\u00f5es do sistema cient\u00edfico e tecnol\u00f3gico, para submeterem propostas de melhores pr\u00e1ticas que permitam enfrentar a pandemia.<\/p>\n<p>Com esta \u201cCall\u201d pretende-se encontrar solu\u00e7\u00f5es inovadoras, a curto e a longo prazo, nas 5 \u00e1reas seguintes:<\/p>\n<p>\u00b7 Sa\u00fade e bem-estar;<br \/>\n\u00b7 Saneamento, \u00e1gua e higiene (WASH);<br \/>\n\u00b7 Educa\u00e7\u00e3o e desenvolvimento de compet\u00eancias;<br \/>\n\u00b7 Prote\u00e7\u00e3o do emprego e dos meios de subsist\u00eancia;<br \/>\n\u00b7 Solu\u00e7\u00f5es digitais e tecnol\u00f3gicas.<\/p>\n<p><strong>O prazo limite para a apresenta\u00e7\u00e3o de propostas \u00e9 31 de dezembro de 2020. As melhores pr\u00e1ticas selecionadas ser\u00e3o anunciadas em abril de 2021.<\/strong><\/p>\n<p>Poder\u00e3o ser encontradas informa\u00e7\u00f5es mais detalhadas, bem como formul\u00e1rio para submiss\u00e3o das propostas \u201conline\u201d\u00a0<strong><a href=\"https:\/\/www.expo2020dubai.com\/en\/programmes\/best-practice-programme\" target=\"_blank\" rel=\"noreferrer noopener\">nesta liga\u00e7\u00e3o<\/a><\/strong>.[\/vc_column_text][\/vc_column][\/vc_row]<\/p>\n","protected":false},"excerpt":{"rendered":"<p>A Expo 2020 Dubai lan\u00e7ou uma edi\u00e7\u00e3o especial do programa\u00a0Global Best Practices: uma Call para projetos e iniciativas que ofere\u00e7am solu\u00e7\u00f5es robustas e sustent\u00e1veis para enfrentar a pandemia global da COVID-19.<\/p>\n","protected":false},"author":1,"featured_media":3808,"comment_status":"open","ping_status":"open","sticky":false,"template":"","format":"standard","meta":{"_monsterinsights_skip_tracking":false,"_monsterinsights_sitenote_active":false,"_monsterinsights_sitenote_note":"","_monsterinsights_sitenote_category":0,"footnotes":""},"categories":[71],"tags":[],"class_list":["post-4135","post","type-post","status-publish","format-standard","has-post-thumbnail","hentry","category-news-pt-pt"],"yoast_head":"<!-- This site is optimized with the Yoast SEO plugin v27.5 - https:\/\/yoast.com\/product\/yoast-seo-wordpress\/ -->\n<title>\u201cCall\u201d de solu\u00e7\u00f5es para enfrentar a COVID-19 - Portugal Expo 2020 Dubai<\/title>\n<meta name=\"description\" content=\"A Expo 2020 Dubai lan\u00e7ou uma edi\u00e7\u00e3o especial do programa\u00a0Global Best Practices: uma Call para projetos e iniciativas que ofere\u00e7am solu\u00e7\u00f5es robustas e sustent\u00e1veis para enfrentar a pandemia global da COVID-19.\" \/>\n<meta name=\"robots\" content=\"index, follow, max-snippet:-1, max-image-preview:large, max-video-preview:-1\" \/>\n<link rel=\"canonical\" href=\"https:\/\/portugalexpo2020dubai.pt\/index.php\/2020\/11\/23\/call-de-solucoes-para-enfrentar-a-covid-19\/\" \/>\n<meta property=\"og:locale\" content=\"en_US\" \/>\n<meta property=\"og:type\" content=\"article\" \/>\n<meta property=\"og:title\" content=\"\u201cCall\u201d de solu\u00e7\u00f5es para enfrentar a COVID-19 - Portugal Expo 2020 Dubai\" \/>\n<meta property=\"og:description\" content=\"A Expo 2020 Dubai lan\u00e7ou uma edi\u00e7\u00e3o especial do programa\u00a0Global Best Practices: uma Call para projetos e iniciativas que ofere\u00e7am solu\u00e7\u00f5es robustas e sustent\u00e1veis para enfrentar a pandemia global da COVID-19.\" \/>\n<meta property=\"og:url\" content=\"https:\/\/portugalexpo2020dubai.pt\/index.php\/2020\/11\/23\/call-de-solucoes-para-enfrentar-a-covid-19\/?lang=pt-pt\" \/>\n<meta property=\"og:site_name\" content=\"Portugal Expo 2020 Dubai\" \/>\n<meta property=\"article:publisher\" content=\"https:\/\/www.facebook.com\/portugalexpo2020\" \/>\n<meta property=\"article:published_time\" content=\"2020-11-23T09:30:25+00:00\" \/>\n<meta property=\"article:modified_time\" content=\"2021-10-15T10:41:24+00:00\" \/>\n<meta property=\"og:image\" content=\"https:\/\/portugalexpo2020dubai.pt\/wp-content\/uploads\/2020\/10\/cooperation-720x480-1.jpeg\" \/>\n\t<meta property=\"og:image:width\" content=\"720\" \/>\n\t<meta property=\"og:image:height\" content=\"480\" \/>\n\t<meta property=\"og:image:type\" content=\"image\/jpeg\" \/>\n<meta name=\"author\" content=\"agency@hypnotic.pt\" \/>\n<meta name=\"twitter:card\" content=\"summary_large_image\" \/>\n<meta name=\"twitter:creator\" content=\"@PTexpo2020\" \/>\n<meta name=\"twitter:site\" content=\"@PTexpo2020\" \/>\n<meta name=\"twitter:label1\" content=\"Written by\" \/>\n\t<meta name=\"twitter:data1\" content=\"agency@hypnotic.pt\" \/>\n\t<meta name=\"twitter:label2\" content=\"Est. reading time\" \/>\n\t<meta name=\"twitter:data2\" content=\"1 minute\" \/>\n<script type=\"application\/ld+json\" class=\"yoast-schema-graph\">{\"@context\":\"https:\\\/\\\/schema.org\",\"@graph\":[{\"@type\":\"Article\",\"@id\":\"https:\\\/\\\/portugalexpo2020dubai.pt\\\/index.php\\\/2020\\\/11\\\/23\\\/call-de-solucoes-para-enfrentar-a-covid-19\\\/?lang=pt-pt#article\",\"isPartOf\":{\"@id\":\"https:\\\/\\\/portugalexpo2020dubai.pt\\\/index.php\\\/2020\\\/11\\\/23\\\/call-de-solucoes-para-enfrentar-a-covid-19\\\/?lang=pt-pt\"},\"author\":{\"name\":\"agency@hypnotic.pt\",\"@id\":\"https:\\\/\\\/portugalexpo2020dubai.pt\\\/#\\\/schema\\\/person\\\/536106064ecb936bf4356ac0968fbf97\"},\"headline\":\"\u201cCall\u201d de solu\u00e7\u00f5es para enfrentar a COVID-19\",\"datePublished\":\"2020-11-23T09:30:25+00:00\",\"dateModified\":\"2021-10-15T10:41:24+00:00\",\"mainEntityOfPage\":{\"@id\":\"https:\\\/\\\/portugalexpo2020dubai.pt\\\/index.php\\\/2020\\\/11\\\/23\\\/call-de-solucoes-para-enfrentar-a-covid-19\\\/?lang=pt-pt\"},\"wordCount\":205,\"commentCount\":0,\"publisher\":{\"@id\":\"https:\\\/\\\/portugalexpo2020dubai.pt\\\/#organization\"},\"image\":{\"@id\":\"https:\\\/\\\/portugalexpo2020dubai.pt\\\/index.php\\\/2020\\\/11\\\/23\\\/call-de-solucoes-para-enfrentar-a-covid-19\\\/?lang=pt-pt#primaryimage\"},\"thumbnailUrl\":\"https:\\\/\\\/portugalexpo2020dubai.pt\\\/wp-content\\\/uploads\\\/2020\\\/10\\\/cooperation-720x480-1.jpeg\",\"articleSection\":[\"Not\u00edcias\"],\"inLanguage\":\"en-US\",\"potentialAction\":[{\"@type\":\"CommentAction\",\"name\":\"Comment\",\"target\":[\"https:\\\/\\\/portugalexpo2020dubai.pt\\\/index.php\\\/2020\\\/11\\\/23\\\/call-de-solucoes-para-enfrentar-a-covid-19\\\/?lang=pt-pt#respond\"]}]},{\"@type\":\"WebPage\",\"@id\":\"https:\\\/\\\/portugalexpo2020dubai.pt\\\/index.php\\\/2020\\\/11\\\/23\\\/call-de-solucoes-para-enfrentar-a-covid-19\\\/?lang=pt-pt\",\"url\":\"https:\\\/\\\/portugalexpo2020dubai.pt\\\/index.php\\\/2020\\\/11\\\/23\\\/call-de-solucoes-para-enfrentar-a-covid-19\\\/?lang=pt-pt\",\"name\":\"\u201cCall\u201d de solu\u00e7\u00f5es para enfrentar a COVID-19 - Portugal Expo 2020 Dubai\",\"isPartOf\":{\"@id\":\"https:\\\/\\\/portugalexpo2020dubai.pt\\\/#website\"},\"primaryImageOfPage\":{\"@id\":\"https:\\\/\\\/portugalexpo2020dubai.pt\\\/index.php\\\/2020\\\/11\\\/23\\\/call-de-solucoes-para-enfrentar-a-covid-19\\\/?lang=pt-pt#primaryimage\"},\"image\":{\"@id\":\"https:\\\/\\\/portugalexpo2020dubai.pt\\\/index.php\\\/2020\\\/11\\\/23\\\/call-de-solucoes-para-enfrentar-a-covid-19\\\/?lang=pt-pt#primaryimage\"},\"thumbnailUrl\":\"https:\\\/\\\/portugalexpo2020dubai.pt\\\/wp-content\\\/uploads\\\/2020\\\/10\\\/cooperation-720x480-1.jpeg\",\"datePublished\":\"2020-11-23T09:30:25+00:00\",\"dateModified\":\"2021-10-15T10:41:24+00:00\",\"description\":\"A Expo 2020 Dubai lan\u00e7ou uma edi\u00e7\u00e3o especial do programa\u00a0Global Best Practices: uma Call para projetos e iniciativas que ofere\u00e7am solu\u00e7\u00f5es robustas e sustent\u00e1veis para enfrentar a pandemia global da COVID-19.\",\"breadcrumb\":{\"@id\":\"https:\\\/\\\/portugalexpo2020dubai.pt\\\/index.php\\\/2020\\\/11\\\/23\\\/call-de-solucoes-para-enfrentar-a-covid-19\\\/?lang=pt-pt#breadcrumb\"},\"inLanguage\":\"en-US\",\"potentialAction\":[{\"@type\":\"ReadAction\",\"target\":[\"https:\\\/\\\/portugalexpo2020dubai.pt\\\/index.php\\\/2020\\\/11\\\/23\\\/call-de-solucoes-para-enfrentar-a-covid-19\\\/?lang=pt-pt\"]}]},{\"@type\":\"ImageObject\",\"inLanguage\":\"en-US\",\"@id\":\"https:\\\/\\\/portugalexpo2020dubai.pt\\\/index.php\\\/2020\\\/11\\\/23\\\/call-de-solucoes-para-enfrentar-a-covid-19\\\/?lang=pt-pt#primaryimage\",\"url\":\"https:\\\/\\\/portugalexpo2020dubai.pt\\\/wp-content\\\/uploads\\\/2020\\\/10\\\/cooperation-720x480-1.jpeg\",\"contentUrl\":\"https:\\\/\\\/portugalexpo2020dubai.pt\\\/wp-content\\\/uploads\\\/2020\\\/10\\\/cooperation-720x480-1.jpeg\",\"width\":720,\"height\":480},{\"@type\":\"BreadcrumbList\",\"@id\":\"https:\\\/\\\/portugalexpo2020dubai.pt\\\/index.php\\\/2020\\\/11\\\/23\\\/call-de-solucoes-para-enfrentar-a-covid-19\\\/?lang=pt-pt#breadcrumb\",\"itemListElement\":[{\"@type\":\"ListItem\",\"position\":1,\"name\":\"Home\",\"item\":\"https:\\\/\\\/portugalexpo2020dubai.pt\\\/\"},{\"@type\":\"ListItem\",\"position\":2,\"name\":\"\u201cCall\u201d de solu\u00e7\u00f5es para enfrentar a COVID-19\"}]},{\"@type\":\"WebSite\",\"@id\":\"https:\\\/\\\/portugalexpo2020dubai.pt\\\/#website\",\"url\":\"https:\\\/\\\/portugalexpo2020dubai.pt\\\/\",\"name\":\"Portugal Expo 2020 Dubai\",\"description\":\"Portugal Expo 2020 Dubai\",\"publisher\":{\"@id\":\"https:\\\/\\\/portugalexpo2020dubai.pt\\\/#organization\"},\"potentialAction\":[{\"@type\":\"SearchAction\",\"target\":{\"@type\":\"EntryPoint\",\"urlTemplate\":\"https:\\\/\\\/portugalexpo2020dubai.pt\\\/?s={search_term_string}\"},\"query-input\":{\"@type\":\"PropertyValueSpecification\",\"valueRequired\":true,\"valueName\":\"search_term_string\"}}],\"inLanguage\":\"en-US\"},{\"@type\":\"Organization\",\"@id\":\"https:\\\/\\\/portugalexpo2020dubai.pt\\\/#organization\",\"name\":\"Portugal Expo 2020 Dubai\",\"url\":\"https:\\\/\\\/portugalexpo2020dubai.pt\\\/\",\"logo\":{\"@type\":\"ImageObject\",\"inLanguage\":\"en-US\",\"@id\":\"https:\\\/\\\/portugalexpo2020dubai.pt\\\/#\\\/schema\\\/logo\\\/image\\\/\",\"url\":\"https:\\\/\\\/portugalexpo2020dubai.pt\\\/wp-content\\\/uploads\\\/2021\\\/09\\\/logo_aicep.png\",\"contentUrl\":\"https:\\\/\\\/portugalexpo2020dubai.pt\\\/wp-content\\\/uploads\\\/2021\\\/09\\\/logo_aicep.png\",\"width\":830,\"height\":200,\"caption\":\"Portugal Expo 2020 Dubai\"},\"image\":{\"@id\":\"https:\\\/\\\/portugalexpo2020dubai.pt\\\/#\\\/schema\\\/logo\\\/image\\\/\"},\"sameAs\":[\"https:\\\/\\\/www.facebook.com\\\/portugalexpo2020\",\"https:\\\/\\\/x.com\\\/PTexpo2020\",\"https:\\\/\\\/www.instagram.com\\\/portugalexpo2020\\\/\"]},{\"@type\":\"Person\",\"@id\":\"https:\\\/\\\/portugalexpo2020dubai.pt\\\/#\\\/schema\\\/person\\\/536106064ecb936bf4356ac0968fbf97\",\"name\":\"agency@hypnotic.pt\",\"image\":{\"@type\":\"ImageObject\",\"inLanguage\":\"en-US\",\"@id\":\"https:\\\/\\\/secure.gravatar.com\\\/avatar\\\/bba145c7c210ec98230c1b1d0e6290b53936f54c49a69c2caa0b60f54f023ae5?s=96&d=mm&r=g\",\"url\":\"https:\\\/\\\/secure.gravatar.com\\\/avatar\\\/bba145c7c210ec98230c1b1d0e6290b53936f54c49a69c2caa0b60f54f023ae5?s=96&d=mm&r=g\",\"contentUrl\":\"https:\\\/\\\/secure.gravatar.com\\\/avatar\\\/bba145c7c210ec98230c1b1d0e6290b53936f54c49a69c2caa0b60f54f023ae5?s=96&d=mm&r=g\",\"caption\":\"agency@hypnotic.pt\"},\"sameAs\":[\"http:\\\/\\\/portugalexpo2020dubai.pt\"],\"url\":\"https:\\\/\\\/portugalexpo2020dubai.pt\\\/index.php\\\/author\\\/agencyhypnotic-pt\\\/\"}]}<\/script>\n<!-- \/ Yoast SEO plugin. -->","yoast_head_json":{"title":"\u201cCall\u201d de solu\u00e7\u00f5es para enfrentar a COVID-19 - Portugal Expo 2020 Dubai","description":"A Expo 2020 Dubai lan\u00e7ou uma edi\u00e7\u00e3o especial do programa\u00a0Global Best Practices: uma Call para projetos e iniciativas que ofere\u00e7am solu\u00e7\u00f5es robustas e sustent\u00e1veis para enfrentar a pandemia global da COVID-19.","robots":{"index":"index","follow":"follow","max-snippet":"max-snippet:-1","max-image-preview":"max-image-preview:large","max-video-preview":"max-video-preview:-1"},"canonical":"https:\/\/portugalexpo2020dubai.pt\/index.php\/2020\/11\/23\/call-de-solucoes-para-enfrentar-a-covid-19\/","og_locale":"en_US","og_type":"article","og_title":"\u201cCall\u201d de solu\u00e7\u00f5es para enfrentar a COVID-19 - Portugal Expo 2020 Dubai","og_description":"A Expo 2020 Dubai lan\u00e7ou uma edi\u00e7\u00e3o especial do programa\u00a0Global Best Practices: uma Call para projetos e iniciativas que ofere\u00e7am solu\u00e7\u00f5es robustas e sustent\u00e1veis para enfrentar a pandemia global da COVID-19.","og_url":"https:\/\/portugalexpo2020dubai.pt\/index.php\/2020\/11\/23\/call-de-solucoes-para-enfrentar-a-covid-19\/?lang=pt-pt","og_site_name":"Portugal Expo 2020 Dubai","article_publisher":"https:\/\/www.facebook.com\/portugalexpo2020","article_published_time":"2020-11-23T09:30:25+00:00","article_modified_time":"2021-10-15T10:41:24+00:00","og_image":[{"width":720,"height":480,"url":"https:\/\/portugalexpo2020dubai.pt\/wp-content\/uploads\/2020\/10\/cooperation-720x480-1.jpeg","type":"image\/jpeg"}],"author":"agency@hypnotic.pt","twitter_card":"summary_large_image","twitter_creator":"@PTexpo2020","twitter_site":"@PTexpo2020","twitter_misc":{"Written by":"agency@hypnotic.pt","Est. reading time":"1 minute"},"schema":{"@context":"https:\/\/schema.org","@graph":[{"@type":"Article","@id":"https:\/\/portugalexpo2020dubai.pt\/index.php\/2020\/11\/23\/call-de-solucoes-para-enfrentar-a-covid-19\/?lang=pt-pt#article","isPartOf":{"@id":"https:\/\/portugalexpo2020dubai.pt\/index.php\/2020\/11\/23\/call-de-solucoes-para-enfrentar-a-covid-19\/?lang=pt-pt"},"author":{"name":"agency@hypnotic.pt","@id":"https:\/\/portugalexpo2020dubai.pt\/#\/schema\/person\/536106064ecb936bf4356ac0968fbf97"},"headline":"\u201cCall\u201d de solu\u00e7\u00f5es para enfrentar a COVID-19","datePublished":"2020-11-23T09:30:25+00:00","dateModified":"2021-10-15T10:41:24+00:00","mainEntityOfPage":{"@id":"https:\/\/portugalexpo2020dubai.pt\/index.php\/2020\/11\/23\/call-de-solucoes-para-enfrentar-a-covid-19\/?lang=pt-pt"},"wordCount":205,"commentCount":0,"publisher":{"@id":"https:\/\/portugalexpo2020dubai.pt\/#organization"},"image":{"@id":"https:\/\/portugalexpo2020dubai.pt\/index.php\/2020\/11\/23\/call-de-solucoes-para-enfrentar-a-covid-19\/?lang=pt-pt#primaryimage"},"thumbnailUrl":"https:\/\/portugalexpo2020dubai.pt\/wp-content\/uploads\/2020\/10\/cooperation-720x480-1.jpeg","articleSection":["Not\u00edcias"],"inLanguage":"en-US","potentialAction":[{"@type":"CommentAction","name":"Comment","target":["https:\/\/portugalexpo2020dubai.pt\/index.php\/2020\/11\/23\/call-de-solucoes-para-enfrentar-a-covid-19\/?lang=pt-pt#respond"]}]},{"@type":"WebPage","@id":"https:\/\/portugalexpo2020dubai.pt\/index.php\/2020\/11\/23\/call-de-solucoes-para-enfrentar-a-covid-19\/?lang=pt-pt","url":"https:\/\/portugalexpo2020dubai.pt\/index.php\/2020\/11\/23\/call-de-solucoes-para-enfrentar-a-covid-19\/?lang=pt-pt","name":"\u201cCall\u201d de solu\u00e7\u00f5es para enfrentar a COVID-19 - Portugal Expo 2020 Dubai","isPartOf":{"@id":"https:\/\/portugalexpo2020dubai.pt\/#website"},"primaryImageOfPage":{"@id":"https:\/\/portugalexpo2020dubai.pt\/index.php\/2020\/11\/23\/call-de-solucoes-para-enfrentar-a-covid-19\/?lang=pt-pt#primaryimage"},"image":{"@id":"https:\/\/portugalexpo2020dubai.pt\/index.php\/2020\/11\/23\/call-de-solucoes-para-enfrentar-a-covid-19\/?lang=pt-pt#primaryimage"},"thumbnailUrl":"https:\/\/portugalexpo2020dubai.pt\/wp-content\/uploads\/2020\/10\/cooperation-720x480-1.jpeg","datePublished":"2020-11-23T09:30:25+00:00","dateModified":"2021-10-15T10:41:24+00:00","description":"A Expo 2020 Dubai lan\u00e7ou uma edi\u00e7\u00e3o especial do programa\u00a0Global Best Practices: uma Call para projetos e iniciativas que ofere\u00e7am solu\u00e7\u00f5es robustas e sustent\u00e1veis para enfrentar a pandemia global da COVID-19.","breadcrumb":{"@id":"https:\/\/portugalexpo2020dubai.pt\/index.php\/2020\/11\/23\/call-de-solucoes-para-enfrentar-a-covid-19\/?lang=pt-pt#breadcrumb"},"inLanguage":"en-US","potentialAction":[{"@type":"ReadAction","target":["https:\/\/portugalexpo2020dubai.pt\/index.php\/2020\/11\/23\/call-de-solucoes-para-enfrentar-a-covid-19\/?lang=pt-pt"]}]},{"@type":"ImageObject","inLanguage":"en-US","@id":"https:\/\/portugalexpo2020dubai.pt\/index.php\/2020\/11\/23\/call-de-solucoes-para-enfrentar-a-covid-19\/?lang=pt-pt#primaryimage","url":"https:\/\/portugalexpo2020dubai.pt\/wp-content\/uploads\/2020\/10\/cooperation-720x480-1.jpeg","contentUrl":"https:\/\/portugalexpo2020dubai.pt\/wp-content\/uploads\/2020\/10\/cooperation-720x480-1.jpeg","width":720,"height":480},{"@type":"BreadcrumbList","@id":"https:\/\/portugalexpo2020dubai.pt\/index.php\/2020\/11\/23\/call-de-solucoes-para-enfrentar-a-covid-19\/?lang=pt-pt#breadcrumb","itemListElement":[{"@type":"ListItem","position":1,"name":"Home","item":"https:\/\/portugalexpo2020dubai.pt\/"},{"@type":"ListItem","position":2,"name":"\u201cCall\u201d de solu\u00e7\u00f5es para enfrentar a COVID-19"}]},{"@type":"WebSite","@id":"https:\/\/portugalexpo2020dubai.pt\/#website","url":"https:\/\/portugalexpo2020dubai.pt\/","name":"Portugal Expo 2020 Dubai","description":"Portugal Expo 2020 Dubai","publisher":{"@id":"https:\/\/portugalexpo2020dubai.pt\/#organization"},"potentialAction":[{"@type":"SearchAction","target":{"@type":"EntryPoint","urlTemplate":"https:\/\/portugalexpo2020dubai.pt\/?s={search_term_string}"},"query-input":{"@type":"PropertyValueSpecification","valueRequired":true,"valueName":"search_term_string"}}],"inLanguage":"en-US"},{"@type":"Organization","@id":"https:\/\/portugalexpo2020dubai.pt\/#organization","name":"Portugal Expo 2020 Dubai","url":"https:\/\/portugalexpo2020dubai.pt\/","logo":{"@type":"ImageObject","inLanguage":"en-US","@id":"https:\/\/portugalexpo2020dubai.pt\/#\/schema\/logo\/image\/","url":"https:\/\/portugalexpo2020dubai.pt\/wp-content\/uploads\/2021\/09\/logo_aicep.png","contentUrl":"https:\/\/portugalexpo2020dubai.pt\/wp-content\/uploads\/2021\/09\/logo_aicep.png","width":830,"height":200,"caption":"Portugal Expo 2020 Dubai"},"image":{"@id":"https:\/\/portugalexpo2020dubai.pt\/#\/schema\/logo\/image\/"},"sameAs":["https:\/\/www.facebook.com\/portugalexpo2020","https:\/\/x.com\/PTexpo2020","https:\/\/www.instagram.com\/portugalexpo2020\/"]},{"@type":"Person","@id":"https:\/\/portugalexpo2020dubai.pt\/#\/schema\/person\/536106064ecb936bf4356ac0968fbf97","name":"agency@hypnotic.pt","image":{"@type":"ImageObject","inLanguage":"en-US","@id":"https:\/\/secure.gravatar.com\/avatar\/bba145c7c210ec98230c1b1d0e6290b53936f54c49a69c2caa0b60f54f023ae5?s=96&d=mm&r=g","url":"https:\/\/secure.gravatar.com\/avatar\/bba145c7c210ec98230c1b1d0e6290b53936f54c49a69c2caa0b60f54f023ae5?s=96&d=mm&r=g","contentUrl":"https:\/\/secure.gravatar.com\/avatar\/bba145c7c210ec98230c1b1d0e6290b53936f54c49a69c2caa0b60f54f023ae5?s=96&d=mm&r=g","caption":"agency@hypnotic.pt"},"sameAs":["http:\/\/portugalexpo2020dubai.pt"],"url":"https:\/\/portugalexpo2020dubai.pt\/index.php\/author\/agencyhypnotic-pt\/"}]}},"cc_featured_image_caption":{"caption_text":"","source_text":"","source_url":""},"_links":{"self":[{"href":"https:\/\/portugalexpo2020dubai.pt\/index.php\/wp-json\/wp\/v2\/posts\/4135","targetHints":{"allow":["GET"]}}],"collection":[{"href":"https:\/\/portugalexpo2020dubai.pt\/index.php\/wp-json\/wp\/v2\/posts"}],"about":[{"href":"https:\/\/portugalexpo2020dubai.pt\/index.php\/wp-json\/wp\/v2\/types\/post"}],"author":[{"embeddable":true,"href":"https:\/\/portugalexpo2020dubai.pt\/index.php\/wp-json\/wp\/v2\/users\/1"}],"replies":[{"embeddable":true,"href":"https:\/\/portugalexpo2020dubai.pt\/index.php\/wp-json\/wp\/v2\/comments?post=4135"}],"version-history":[{"count":1,"href":"https:\/\/portugalexpo2020dubai.pt\/index.php\/wp-json\/wp\/v2\/posts\/4135\/revisions"}],"predecessor-version":[{"id":4861,"href":"https:\/\/portugalexpo2020dubai.pt\/index.php\/wp-json\/wp\/v2\/posts\/4135\/revisions\/4861"}],"wp:featuredmedia":[{"embeddable":true,"href":"https:\/\/portugalexpo2020dubai.pt\/index.php\/wp-json\/wp\/v2\/media\/3808"}],"wp:attachment":[{"href":"https:\/\/portugalexpo2020dubai.pt\/index.php\/wp-json\/wp\/v2\/media?parent=4135"}],"wp:term":[{"taxonomy":"category","embeddable":true,"href":"https:\/\/portugalexpo2020dubai.pt\/index.php\/wp-json\/wp\/v2\/categories?post=4135"},{"taxonomy":"post_tag","embeddable":true,"href":"https:\/\/portugalexpo2020dubai.pt\/index.php\/wp-json\/wp\/v2\/tags?post=4135"}],"curies":[{"name":"wp","href":"https:\/\/api.w.org\/{rel}","templated":true}]}}